{"id":3689,"date":"2018-10-23T18:40:15","date_gmt":"2018-10-23T16:40:15","guid":{"rendered":"http:\/\/www.uilscuolaemiliaromagna.it\/public\/er\/?p=3689"},"modified":"2018-10-25T09:43:31","modified_gmt":"2018-10-25T07:43:31","slug":"mobilita-del-personale-docente-educativo-ed-ata-la-uil-chiede-il-totale-superamento-della-logica-degli-ambiti","status":"publish","type":"post","link":"https:\/\/www.uilscuolaemiliaromagna.it\/public\/er\/2018\/10\/23\/mobilita-del-personale-docente-educativo-ed-ata-la-uil-chiede-il-totale-superamento-della-logica-degli-ambiti\/","title":{"rendered":"Mobilit\u00e0 del personale docente, educativo ed ATA: La Uil chiede il totale superamento della logica degli ambiti"},"content":{"rendered":"<p style=\"text-align: justify;\">Il 23 ottobre \u00e8 iniziato il confronto tra Miur e sindacati per la definizione del contratto decentrato nazionale sulla mobilit\u00e0 del personale docente, educativo ed ATA.<\/p>\n<p style=\"text-align: justify;\">\nPer la UIL scuola hanno partecipato Antonello Lacchei e Paolo Pizzo.<\/p>\n<p style=\"text-align: justify;\">\nLa discussione si \u00e8 sviluppata soprattutto sulle novit\u00e0 che interessano il personale docente in quanto per il personale ATA le regole dovrebbero rimanere sostanzialmente invariate.<\/p>\n<p style=\"text-align: justify;\">\n<strong>La UIL scuola ha avanzato delle proposte di carattere generale che dovranno essere la base del confronto che si svilupper\u00e0 nelle prossime settimane:<\/strong><\/p>\n<ul>\n<li style=\"text-align: justify;\">specificare con chiarezza che la contrattazione \u00e8 triennale ma la possibilit\u00e0 di mobilit\u00e0 resta annuale;<\/li>\n<li style=\"text-align: justify;\">nessuna limitazione al di fuori di quello stabilito dal Contratto nazionale il quale prevede che il docente che otterr\u00e0 mobilit\u00e0 volontaria su scuola non potr\u00e0 spostarsi per un triennio;<\/li>\n<li style=\"text-align: justify;\">necessario <strong>superare del tutto il concetto di \u201cambito\u201d rendendolo anche inesprimibile ai fini della domanda di mobilit\u00e0 e ripristinare i codici sintetici di comune e distretto oltre a quei gi\u00e0 esistenti di scuola e di provincia.<\/strong><\/li>\n<li style=\"text-align: justify;\"><strong>poter esprimere, all\u2019interno del numero possibile di preferenze, i codici delle scuole e quelli sintetici senza particolari vincoli.<\/strong><\/li>\n<\/ul>\n<p><strong>La UIL scuola per il personale educativo ha chiesto<\/strong> parit\u00e0 di trattamento rispetto ai docenti consentendo anche a tale personale la mobilit\u00e0 professionale.<\/p>\n<p>L\u2019amministrazione nel prendere atto delle posizioni, si \u00e8 riservata di riprendere il confronto dopo gli approfondimenti necessari con gli uffici tecnici e col gestore del sistema.<\/p>\n\n<div class=\"twitter-share\"><a href=\"https:\/\/twitter.com\/intent\/tweet?via=UILScuolaBO_ER\" class=\"twitter-share-button\" data-size=\"large\">Tweet<\/a><\/div>\n","protected":false},"excerpt":{"rendered":"<p>Il 23 ottobre \u00e8 iniziato il confronto tra Miur e sindacati per la definizione del contratto decentrato nazionale sulla mobilit\u00e0 del personale docente, educativo ed &hellip; <\/p>\n","protected":false},"author":1,"featured_media":0,"comment_status":"closed","ping_status":"open","sticky":false,"template":"","format":"standard","meta":{"footnotes":""},"categories":[2,5,12,6,7],"tags":[],"yoast_head":"<!-- This site is optimized with the Yoast SEO plugin v21.7 - https:\/\/yoast.com\/wordpress\/plugins\/seo\/ -->\r\n<title>Mobilit\u00e0 del personale docente, educativo ed ATA: La Uil chiede il totale superamento della logica degli ambiti - Uil Scuola Emilia Romagna<\/title>\r\n<meta name=\"robots\" content=\"index, follow, max-snippet:-1, max-image-preview:large, max-video-preview:-1\" \/>\r\n<link rel=\"canonical\" href=\"https:\/\/www.uilscuolaemiliaromagna.it\/public\/er\/2018\/10\/23\/mobilita-del-personale-docente-educativo-ed-ata-la-uil-chiede-il-totale-superamento-della-logica-degli-ambiti\/\" \/>\r\n<meta property=\"og:locale\" content=\"it_IT\" \/>\r\n<meta property=\"og:type\" content=\"article\" \/>\r\n<meta property=\"og:title\" content=\"Mobilit\u00e0 del personale docente, educativo ed ATA: La Uil chiede il totale superamento della logica degli ambiti - Uil Scuola Emilia Romagna\" \/>\r\n<meta property=\"og:description\" content=\"Il 23 ottobre \u00e8 iniziato il confronto tra Miur e sindacati per la definizione del contratto decentrato nazionale sulla mobilit\u00e0 del personale docente, educativo ed &hellip;\" \/>\r\n<meta property=\"og:url\" content=\"https:\/\/www.uilscuolaemiliaromagna.it\/public\/er\/2018\/10\/23\/mobilita-del-personale-docente-educativo-ed-ata-la-uil-chiede-il-totale-superamento-della-logica-degli-ambiti\/\" \/>\r\n<meta property=\"og:site_name\" content=\"Uil Scuola Emilia Romagna\" \/>\r\n<meta property=\"article:published_time\" content=\"2018-10-23T16:40:15+00:00\" \/>\r\n<meta property=\"article:modified_time\" content=\"2018-10-25T07:43:31+00:00\" \/>\r\n<meta name=\"author\" content=\"admin\" \/>\r\n<meta name=\"twitter:card\" content=\"summary_large_image\" \/>\r\n<meta name=\"twitter:label1\" content=\"Scritto da\" \/>\n\t<meta name=\"twitter:data1\" content=\"admin\" \/>\n\t<meta name=\"twitter:label2\" content=\"Tempo di lettura stimato\" \/>\n\t<meta name=\"twitter:data2\" content=\"1 minuto\" \/>\r\n<script type=\"application\/ld+json\" class=\"yoast-schema-graph\">{\"@context\":\"https:\/\/schema.org\",\"@graph\":[{\"@type\":\"Article\",\"@id\":\"https:\/\/www.uilscuolaemiliaromagna.it\/public\/er\/2018\/10\/23\/mobilita-del-personale-docente-educativo-ed-ata-la-uil-chiede-il-totale-superamento-della-logica-degli-ambiti\/#article\",\"isPartOf\":{\"@id\":\"https:\/\/www.uilscuolaemiliaromagna.it\/public\/er\/2018\/10\/23\/mobilita-del-personale-docente-educativo-ed-ata-la-uil-chiede-il-totale-superamento-della-logica-degli-ambiti\/\"},\"author\":{\"name\":\"admin\",\"@id\":\"https:\/\/www.uilscuolaemiliaromagna.it\/public\/er\/#\/schema\/person\/f42878fd07a4b6ba2b7153d4fad5de5e\"},\"headline\":\"Mobilit\u00e0 del personale docente, educativo ed ATA: La Uil chiede il totale superamento della logica degli ambiti\",\"datePublished\":\"2018-10-23T16:40:15+00:00\",\"dateModified\":\"2018-10-25T07:43:31+00:00\",\"mainEntityOfPage\":{\"@id\":\"https:\/\/www.uilscuolaemiliaromagna.it\/public\/er\/2018\/10\/23\/mobilita-del-personale-docente-educativo-ed-ata-la-uil-chiede-il-totale-superamento-della-logica-degli-ambiti\/\"},\"wordCount\":246,\"publisher\":{\"@id\":\"https:\/\/www.uilscuolaemiliaromagna.it\/public\/er\/#organization\"},\"articleSection\":[\"ATA\",\"Mobilit\u00e0\",\"Notizie\",\"Personale Docente\",\"Personale Educativo\"],\"inLanguage\":\"it-IT\"},{\"@type\":\"WebPage\",\"@id\":\"https:\/\/www.uilscuolaemiliaromagna.it\/public\/er\/2018\/10\/23\/mobilita-del-personale-docente-educativo-ed-ata-la-uil-chiede-il-totale-superamento-della-logica-degli-ambiti\/\",\"url\":\"https:\/\/www.uilscuolaemiliaromagna.it\/public\/er\/2018\/10\/23\/mobilita-del-personale-docente-educativo-ed-ata-la-uil-chiede-il-totale-superamento-della-logica-degli-ambiti\/\",\"name\":\"Mobilit\u00e0 del personale docente, educativo ed ATA: La Uil chiede il totale superamento della logica degli ambiti - Uil Scuola Emilia Romagna\",\"isPartOf\":{\"@id\":\"https:\/\/www.uilscuolaemiliaromagna.it\/public\/er\/#website\"},\"datePublished\":\"2018-10-23T16:40:15+00:00\",\"dateModified\":\"2018-10-25T07:43:31+00:00\",\"breadcrumb\":{\"@id\":\"https:\/\/www.uilscuolaemiliaromagna.it\/public\/er\/2018\/10\/23\/mobilita-del-personale-docente-educativo-ed-ata-la-uil-chiede-il-totale-superamento-della-logica-degli-ambiti\/#breadcrumb\"},\"inLanguage\":\"it-IT\",\"potentialAction\":[{\"@type\":\"ReadAction\",\"target\":[\"https:\/\/www.uilscuolaemiliaromagna.it\/public\/er\/2018\/10\/23\/mobilita-del-personale-docente-educativo-ed-ata-la-uil-chiede-il-totale-superamento-della-logica-degli-ambiti\/\"]}]},{\"@type\":\"BreadcrumbList\",\"@id\":\"https:\/\/www.uilscuolaemiliaromagna.it\/public\/er\/2018\/10\/23\/mobilita-del-personale-docente-educativo-ed-ata-la-uil-chiede-il-totale-superamento-della-logica-degli-ambiti\/#breadcrumb\",\"itemListElement\":[{\"@type\":\"ListItem\",\"position\":1,\"name\":\"Home\",\"item\":\"https:\/\/www.uilscuolaemiliaromagna.it\/public\/er\/\"},{\"@type\":\"ListItem\",\"position\":2,\"name\":\"Mobilit\u00e0 del personale docente, educativo ed ATA: La Uil chiede il totale superamento della logica degli ambiti\"}]},{\"@type\":\"WebSite\",\"@id\":\"https:\/\/www.uilscuolaemiliaromagna.it\/public\/er\/#website\",\"url\":\"https:\/\/www.uilscuolaemiliaromagna.it\/public\/er\/\",\"name\":\"Uil Scuola Emilia Romagna\",\"description\":\"La voce libera della scuola\",\"publisher\":{\"@id\":\"https:\/\/www.uilscuolaemiliaromagna.it\/public\/er\/#organization\"},\"potentialAction\":[{\"@type\":\"SearchAction\",\"target\":{\"@type\":\"EntryPoint\",\"urlTemplate\":\"https:\/\/www.uilscuolaemiliaromagna.it\/public\/er\/?s={search_term_string}\"},\"query-input\":\"required name=search_term_string\"}],\"inLanguage\":\"it-IT\"},{\"@type\":\"Organization\",\"@id\":\"https:\/\/www.uilscuolaemiliaromagna.it\/public\/er\/#organization\",\"name\":\"Uil Scuola Emilia Romagna\",\"url\":\"https:\/\/www.uilscuolaemiliaromagna.it\/public\/er\/\",\"logo\":{\"@type\":\"ImageObject\",\"inLanguage\":\"it-IT\",\"@id\":\"https:\/\/www.uilscuolaemiliaromagna.it\/public\/er\/#\/schema\/logo\/image\/\",\"url\":\"https:\/\/www.uilscuolaemiliaromagna.it\/public\/er\/wp-content\/uploads\/2017\/04\/cropped-header.png\",\"contentUrl\":\"https:\/\/www.uilscuolaemiliaromagna.it\/public\/er\/wp-content\/uploads\/2017\/04\/cropped-header.png\",\"width\":1000,\"height\":150,\"caption\":\"Uil Scuola Emilia Romagna\"},\"image\":{\"@id\":\"https:\/\/www.uilscuolaemiliaromagna.it\/public\/er\/#\/schema\/logo\/image\/\"}},{\"@type\":\"Person\",\"@id\":\"https:\/\/www.uilscuolaemiliaromagna.it\/public\/er\/#\/schema\/person\/f42878fd07a4b6ba2b7153d4fad5de5e\",\"name\":\"admin\",\"image\":{\"@type\":\"ImageObject\",\"inLanguage\":\"it-IT\",\"@id\":\"https:\/\/www.uilscuolaemiliaromagna.it\/public\/er\/#\/schema\/person\/image\/\",\"url\":\"https:\/\/secure.gravatar.com\/avatar\/aebf815ae2f30ffdae8b8c247273d34c?s=96&d=mm&r=g\",\"contentUrl\":\"https:\/\/secure.gravatar.com\/avatar\/aebf815ae2f30ffdae8b8c247273d34c?s=96&d=mm&r=g\",\"caption\":\"admin\"},\"url\":\"https:\/\/www.uilscuolaemiliaromagna.it\/public\/er\/author\/admin\/\"}]}<\/script>\r\n<!-- \/ Yoast SEO plugin. -->","yoast_head_json":{"title":"Mobilit\u00e0 del personale docente, educativo ed ATA: La Uil chiede il totale superamento della logica degli ambiti - Uil Scuola Emilia Romagna","robots":{"index":"index","follow":"follow","max-snippet":"max-snippet:-1","max-image-preview":"max-image-preview:large","max-video-preview":"max-video-preview:-1"},"canonical":"https:\/\/www.uilscuolaemiliaromagna.it\/public\/er\/2018\/10\/23\/mobilita-del-personale-docente-educativo-ed-ata-la-uil-chiede-il-totale-superamento-della-logica-degli-ambiti\/","og_locale":"it_IT","og_type":"article","og_title":"Mobilit\u00e0 del personale docente, educativo ed ATA: La Uil chiede il totale superamento della logica degli ambiti - Uil Scuola Emilia Romagna","og_description":"Il 23 ottobre \u00e8 iniziato il confronto tra Miur e sindacati per la definizione del contratto decentrato nazionale sulla mobilit\u00e0 del personale docente, educativo ed &hellip;","og_url":"https:\/\/www.uilscuolaemiliaromagna.it\/public\/er\/2018\/10\/23\/mobilita-del-personale-docente-educativo-ed-ata-la-uil-chiede-il-totale-superamento-della-logica-degli-ambiti\/","og_site_name":"Uil Scuola Emilia Romagna","article_published_time":"2018-10-23T16:40:15+00:00","article_modified_time":"2018-10-25T07:43:31+00:00","author":"admin","twitter_card":"summary_large_image","twitter_misc":{"Scritto da":"admin","Tempo di lettura stimato":"1 minuto"},"schema":{"@context":"https:\/\/schema.org","@graph":[{"@type":"Article","@id":"https:\/\/www.uilscuolaemiliaromagna.it\/public\/er\/2018\/10\/23\/mobilita-del-personale-docente-educativo-ed-ata-la-uil-chiede-il-totale-superamento-della-logica-degli-ambiti\/#article","isPartOf":{"@id":"https:\/\/www.uilscuolaemiliaromagna.it\/public\/er\/2018\/10\/23\/mobilita-del-personale-docente-educativo-ed-ata-la-uil-chiede-il-totale-superamento-della-logica-degli-ambiti\/"},"author":{"name":"admin","@id":"https:\/\/www.uilscuolaemiliaromagna.it\/public\/er\/#\/schema\/person\/f42878fd07a4b6ba2b7153d4fad5de5e"},"headline":"Mobilit\u00e0 del personale docente, educativo ed ATA: La Uil chiede il totale superamento della logica degli ambiti","datePublished":"2018-10-23T16:40:15+00:00","dateModified":"2018-10-25T07:43:31+00:00","mainEntityOfPage":{"@id":"https:\/\/www.uilscuolaemiliaromagna.it\/public\/er\/2018\/10\/23\/mobilita-del-personale-docente-educativo-ed-ata-la-uil-chiede-il-totale-superamento-della-logica-degli-ambiti\/"},"wordCount":246,"publisher":{"@id":"https:\/\/www.uilscuolaemiliaromagna.it\/public\/er\/#organization"},"articleSection":["ATA","Mobilit\u00e0","Notizie","Personale Docente","Personale Educativo"],"inLanguage":"it-IT"},{"@type":"WebPage","@id":"https:\/\/www.uilscuolaemiliaromagna.it\/public\/er\/2018\/10\/23\/mobilita-del-personale-docente-educativo-ed-ata-la-uil-chiede-il-totale-superamento-della-logica-degli-ambiti\/","url":"https:\/\/www.uilscuolaemiliaromagna.it\/public\/er\/2018\/10\/23\/mobilita-del-personale-docente-educativo-ed-ata-la-uil-chiede-il-totale-superamento-della-logica-degli-ambiti\/","name":"Mobilit\u00e0 del personale docente, educativo ed ATA: La Uil chiede il totale superamento della logica degli ambiti - Uil Scuola Emilia Romagna","isPartOf":{"@id":"https:\/\/www.uilscuolaemiliaromagna.it\/public\/er\/#website"},"datePublished":"2018-10-23T16:40:15+00:00","dateModified":"2018-10-25T07:43:31+00:00","breadcrumb":{"@id":"https:\/\/www.uilscuolaemiliaromagna.it\/public\/er\/2018\/10\/23\/mobilita-del-personale-docente-educativo-ed-ata-la-uil-chiede-il-totale-superamento-della-logica-degli-ambiti\/#breadcrumb"},"inLanguage":"it-IT","potentialAction":[{"@type":"ReadAction","target":["https:\/\/www.uilscuolaemiliaromagna.it\/public\/er\/2018\/10\/23\/mobilita-del-personale-docente-educativo-ed-ata-la-uil-chiede-il-totale-superamento-della-logica-degli-ambiti\/"]}]},{"@type":"BreadcrumbList","@id":"https:\/\/www.uilscuolaemiliaromagna.it\/public\/er\/2018\/10\/23\/mobilita-del-personale-docente-educativo-ed-ata-la-uil-chiede-il-totale-superamento-della-logica-degli-ambiti\/#breadcrumb","itemListElement":[{"@type":"ListItem","position":1,"name":"Home","item":"https:\/\/www.uilscuolaemiliaromagna.it\/public\/er\/"},{"@type":"ListItem","position":2,"name":"Mobilit\u00e0 del personale docente, educativo ed ATA: La Uil chiede il totale superamento della logica degli ambiti"}]},{"@type":"WebSite","@id":"https:\/\/www.uilscuolaemiliaromagna.it\/public\/er\/#website","url":"https:\/\/www.uilscuolaemiliaromagna.it\/public\/er\/","name":"Uil Scuola Emilia Romagna","description":"La voce libera della scuola","publisher":{"@id":"https:\/\/www.uilscuolaemiliaromagna.it\/public\/er\/#organization"},"potentialAction":[{"@type":"SearchAction","target":{"@type":"EntryPoint","urlTemplate":"https:\/\/www.uilscuolaemiliaromagna.it\/public\/er\/?s={search_term_string}"},"query-input":"required name=search_term_string"}],"inLanguage":"it-IT"},{"@type":"Organization","@id":"https:\/\/www.uilscuolaemiliaromagna.it\/public\/er\/#organization","name":"Uil Scuola Emilia Romagna","url":"https:\/\/www.uilscuolaemiliaromagna.it\/public\/er\/","logo":{"@type":"ImageObject","inLanguage":"it-IT","@id":"https:\/\/www.uilscuolaemiliaromagna.it\/public\/er\/#\/schema\/logo\/image\/","url":"https:\/\/www.uilscuolaemiliaromagna.it\/public\/er\/wp-content\/uploads\/2017\/04\/cropped-header.png","contentUrl":"https:\/\/www.uilscuolaemiliaromagna.it\/public\/er\/wp-content\/uploads\/2017\/04\/cropped-header.png","width":1000,"height":150,"caption":"Uil Scuola Emilia Romagna"},"image":{"@id":"https:\/\/www.uilscuolaemiliaromagna.it\/public\/er\/#\/schema\/logo\/image\/"}},{"@type":"Person","@id":"https:\/\/www.uilscuolaemiliaromagna.it\/public\/er\/#\/schema\/person\/f42878fd07a4b6ba2b7153d4fad5de5e","name":"admin","image":{"@type":"ImageObject","inLanguage":"it-IT","@id":"https:\/\/www.uilscuolaemiliaromagna.it\/public\/er\/#\/schema\/person\/image\/","url":"https:\/\/secure.gravatar.com\/avatar\/aebf815ae2f30ffdae8b8c247273d34c?s=96&d=mm&r=g","contentUrl":"https:\/\/secure.gravatar.com\/avatar\/aebf815ae2f30ffdae8b8c247273d34c?s=96&d=mm&r=g","caption":"admin"},"url":"https:\/\/www.uilscuolaemiliaromagna.it\/public\/er\/author\/admin\/"}]}},"views":1114,"_links":{"self":[{"href":"https:\/\/www.uilscuolaemiliaromagna.it\/public\/er\/wp-json\/wp\/v2\/posts\/3689"}],"collection":[{"href":"https:\/\/www.uilscuolaemiliaromagna.it\/public\/er\/wp-json\/wp\/v2\/posts"}],"about":[{"href":"https:\/\/www.uilscuolaemiliaromagna.it\/public\/er\/wp-json\/wp\/v2\/types\/post"}],"author":[{"embeddable":true,"href":"https:\/\/www.uilscuolaemiliaromagna.it\/public\/er\/wp-json\/wp\/v2\/users\/1"}],"replies":[{"embeddable":true,"href":"https:\/\/www.uilscuolaemiliaromagna.it\/public\/er\/wp-json\/wp\/v2\/comments?post=3689"}],"version-history":[{"count":1,"href":"https:\/\/www.uilscuolaemiliaromagna.it\/public\/er\/wp-json\/wp\/v2\/posts\/3689\/revisions"}],"predecessor-version":[{"id":3690,"href":"https:\/\/www.uilscuolaemiliaromagna.it\/public\/er\/wp-json\/wp\/v2\/posts\/3689\/revisions\/3690"}],"wp:attachment":[{"href":"https:\/\/www.uilscuolaemiliaromagna.it\/public\/er\/wp-json\/wp\/v2\/media?parent=3689"}],"wp:term":[{"taxonomy":"category","embeddable":true,"href":"https:\/\/www.uilscuolaemiliaromagna.it\/public\/er\/wp-json\/wp\/v2\/categories?post=3689"},{"taxonomy":"post_tag","embeddable":true,"href":"https:\/\/www.uilscuolaemiliaromagna.it\/public\/er\/wp-json\/wp\/v2\/tags?post=3689"}],"curies":[{"name":"wp","href":"https:\/\/api.w.org\/{rel}","templated":true}]}}