{"id":3691,"date":"2018-10-23T17:43:55","date_gmt":"2018-10-23T15:43:55","guid":{"rendered":"http:\/\/www.uilscuolaemiliaromagna.it\/public\/er\/?p=3691"},"modified":"2018-10-25T09:44:48","modified_gmt":"2018-10-25T07:44:48","slug":"turi-brutto-segnale-ministro-resti-super-partes","status":"publish","type":"post","link":"https:\/\/www.uilscuolaemiliaromagna.it\/public\/er\/2018\/10\/23\/turi-brutto-segnale-ministro-resti-super-partes\/","title":{"rendered":"Turi: brutto segnale. Ministro resti super-partes"},"content":{"rendered":"<p style=\"text-align: justify;\">Un brutto segnale, che richiama tempi tristi di censura, che vuole trasformare, anche la scuola, in terreno di scontro politico con la \u2018p\u2019 minuscola \u2013 \u00e8 la riflessione del segretario generale della Uil scuola, Pino Turi, dopo le polemiche sollevate da un quotidiano nazionale in merito all\u2019adozione dei libri di testo nelle scuole.<\/p>\n<p style=\"text-align: justify;\">\nLa libert\u00e0 di insegnamento, valore assoluto come la libert\u00e0 di pensiero, richiede fiducia e onest\u00e0 intellettuale. I nostri insegnanti sono tra i migliori al mondo per metodo e per conoscenze: anche le peggiori stime internazionali danno atto di questa straordinaria capacit\u00e0 del nostro corpo insegnante.<\/p>\n<p style=\"text-align: justify;\">\nMinor fiducia gli offre la politica e, persino il ministro, che chiamato a dare un giudizio in merito risponde: \u00abIn classe non si deve fare politica. La scuola ha il compito fondamentale di stimolare il pensiero critico, i docenti siano responsabili. Non si pu\u00f2 strumentalizzare i testi n\u00e9 indottrinare studenti o alunni\u00bb.<\/p>\n<p style=\"text-align: justify;\">\nSiamo d\u2019accordo, studio critico e nessun indottrinamento, ma non si pu\u00f2 strumentalizzare ogni notizia, ogni avvenimento del vivere reale delle persone e della scuola per buttarla in pasto alla politica-politicante.<\/p>\n<p style=\"text-align: justify;\">\nLa scuola ha il compito di decondizionare i messaggi, trasformarli in educazione, in spirito critico. Al ministro chiediamo di non fare da sponda a queste pressioni, di essere super partes, di rappresentare la Scuola pubblica statale nell\u2019interesse di tutti i pol\u00edt\u0113s, i cittadini.<\/p>\n<p style=\"text-align: justify;\">\nUna scuola che non sceglie i suoi insegnanti, ma li seleziona per concorso nazionale, che non impone o vieta libri, ma li lascia all\u2019autonomia delle scuole, che crea le condizioni di garanzia per la libert\u00e0 di insegnamento e l\u2019accesso all\u2019istruzione pubblica di qualit\u00e0 per tutti.<\/p>\n<p style=\"text-align: justify;\">\nL\u2019appello \u00e8 alle istituzioni di garanzia affinch\u00e9 preservino la libert\u00e0 della scuola dell\u2019autonomia che si pu\u00f2 realizzare concretamente solo dopo aver ripristinato organi di garanzia, smantellati da una politica miope e da progetti di disgregazione regionale che rendono il paese fragile e diviso anche sui valori di fondo.<\/p>\n\n<div class=\"twitter-share\"><a href=\"https:\/\/twitter.com\/intent\/tweet?via=UILScuolaBO_ER\" class=\"twitter-share-button\" data-size=\"large\">Tweet<\/a><\/div>\n","protected":false},"excerpt":{"rendered":"<p>Un brutto segnale, che richiama tempi tristi di censura, che vuole trasformare, anche la scuola, in terreno di scontro politico con la \u2018p\u2019 minuscola \u2013 &hellip; <\/p>\n","protected":false},"author":1,"featured_media":0,"comment_status":"closed","ping_status":"open","sticky":false,"template":"","format":"standard","meta":{"footnotes":""},"categories":[12],"tags":[],"yoast_head":"<!-- This site is optimized with the Yoast SEO plugin v21.7 - https:\/\/yoast.com\/wordpress\/plugins\/seo\/ -->\r\n<title>Turi: brutto segnale. Ministro resti super-partes - Uil Scuola Emilia Romagna<\/title>\r\n<meta name=\"robots\" content=\"index, follow, max-snippet:-1, max-image-preview:large, max-video-preview:-1\" \/>\r\n<link rel=\"canonical\" href=\"https:\/\/www.uilscuolaemiliaromagna.it\/public\/er\/2018\/10\/23\/turi-brutto-segnale-ministro-resti-super-partes\/\" \/>\r\n<meta property=\"og:locale\" content=\"it_IT\" \/>\r\n<meta property=\"og:type\" content=\"article\" \/>\r\n<meta property=\"og:title\" content=\"Turi: brutto segnale. Ministro resti super-partes - Uil Scuola Emilia Romagna\" \/>\r\n<meta property=\"og:description\" content=\"Un brutto segnale, che richiama tempi tristi di censura, che vuole trasformare, anche la scuola, in terreno di scontro politico con la \u2018p\u2019 minuscola \u2013 &hellip;\" \/>\r\n<meta property=\"og:url\" content=\"https:\/\/www.uilscuolaemiliaromagna.it\/public\/er\/2018\/10\/23\/turi-brutto-segnale-ministro-resti-super-partes\/\" \/>\r\n<meta property=\"og:site_name\" content=\"Uil Scuola Emilia Romagna\" \/>\r\n<meta property=\"article:published_time\" content=\"2018-10-23T15:43:55+00:00\" \/>\r\n<meta property=\"article:modified_time\" content=\"2018-10-25T07:44:48+00:00\" \/>\r\n<meta name=\"author\" content=\"admin\" \/>\r\n<meta name=\"twitter:card\" content=\"summary_large_image\" \/>\r\n<meta name=\"twitter:label1\" content=\"Scritto da\" \/>\n\t<meta name=\"twitter:data1\" content=\"admin\" \/>\n\t<meta name=\"twitter:label2\" content=\"Tempo di lettura stimato\" \/>\n\t<meta name=\"twitter:data2\" content=\"2 minuti\" \/>\r\n<script type=\"application\/ld+json\" class=\"yoast-schema-graph\">{\"@context\":\"https:\/\/schema.org\",\"@graph\":[{\"@type\":\"Article\",\"@id\":\"https:\/\/www.uilscuolaemiliaromagna.it\/public\/er\/2018\/10\/23\/turi-brutto-segnale-ministro-resti-super-partes\/#article\",\"isPartOf\":{\"@id\":\"https:\/\/www.uilscuolaemiliaromagna.it\/public\/er\/2018\/10\/23\/turi-brutto-segnale-ministro-resti-super-partes\/\"},\"author\":{\"name\":\"admin\",\"@id\":\"https:\/\/www.uilscuolaemiliaromagna.it\/public\/er\/#\/schema\/person\/f42878fd07a4b6ba2b7153d4fad5de5e\"},\"headline\":\"Turi: brutto segnale. Ministro resti super-partes\",\"datePublished\":\"2018-10-23T15:43:55+00:00\",\"dateModified\":\"2018-10-25T07:44:48+00:00\",\"mainEntityOfPage\":{\"@id\":\"https:\/\/www.uilscuolaemiliaromagna.it\/public\/er\/2018\/10\/23\/turi-brutto-segnale-ministro-resti-super-partes\/\"},\"wordCount\":329,\"publisher\":{\"@id\":\"https:\/\/www.uilscuolaemiliaromagna.it\/public\/er\/#organization\"},\"articleSection\":[\"Notizie\"],\"inLanguage\":\"it-IT\"},{\"@type\":\"WebPage\",\"@id\":\"https:\/\/www.uilscuolaemiliaromagna.it\/public\/er\/2018\/10\/23\/turi-brutto-segnale-ministro-resti-super-partes\/\",\"url\":\"https:\/\/www.uilscuolaemiliaromagna.it\/public\/er\/2018\/10\/23\/turi-brutto-segnale-ministro-resti-super-partes\/\",\"name\":\"Turi: brutto segnale. Ministro resti super-partes - Uil Scuola Emilia Romagna\",\"isPartOf\":{\"@id\":\"https:\/\/www.uilscuolaemiliaromagna.it\/public\/er\/#website\"},\"datePublished\":\"2018-10-23T15:43:55+00:00\",\"dateModified\":\"2018-10-25T07:44:48+00:00\",\"breadcrumb\":{\"@id\":\"https:\/\/www.uilscuolaemiliaromagna.it\/public\/er\/2018\/10\/23\/turi-brutto-segnale-ministro-resti-super-partes\/#breadcrumb\"},\"inLanguage\":\"it-IT\",\"potentialAction\":[{\"@type\":\"ReadAction\",\"target\":[\"https:\/\/www.uilscuolaemiliaromagna.it\/public\/er\/2018\/10\/23\/turi-brutto-segnale-ministro-resti-super-partes\/\"]}]},{\"@type\":\"BreadcrumbList\",\"@id\":\"https:\/\/www.uilscuolaemiliaromagna.it\/public\/er\/2018\/10\/23\/turi-brutto-segnale-ministro-resti-super-partes\/#breadcrumb\",\"itemListElement\":[{\"@type\":\"ListItem\",\"position\":1,\"name\":\"Home\",\"item\":\"https:\/\/www.uilscuolaemiliaromagna.it\/public\/er\/\"},{\"@type\":\"ListItem\",\"position\":2,\"name\":\"Turi: brutto segnale. Ministro resti super-partes\"}]},{\"@type\":\"WebSite\",\"@id\":\"https:\/\/www.uilscuolaemiliaromagna.it\/public\/er\/#website\",\"url\":\"https:\/\/www.uilscuolaemiliaromagna.it\/public\/er\/\",\"name\":\"Uil Scuola Emilia Romagna\",\"description\":\"La voce libera della scuola\",\"publisher\":{\"@id\":\"https:\/\/www.uilscuolaemiliaromagna.it\/public\/er\/#organization\"},\"potentialAction\":[{\"@type\":\"SearchAction\",\"target\":{\"@type\":\"EntryPoint\",\"urlTemplate\":\"https:\/\/www.uilscuolaemiliaromagna.it\/public\/er\/?s={search_term_string}\"},\"query-input\":\"required name=search_term_string\"}],\"inLanguage\":\"it-IT\"},{\"@type\":\"Organization\",\"@id\":\"https:\/\/www.uilscuolaemiliaromagna.it\/public\/er\/#organization\",\"name\":\"Uil Scuola Emilia Romagna\",\"url\":\"https:\/\/www.uilscuolaemiliaromagna.it\/public\/er\/\",\"logo\":{\"@type\":\"ImageObject\",\"inLanguage\":\"it-IT\",\"@id\":\"https:\/\/www.uilscuolaemiliaromagna.it\/public\/er\/#\/schema\/logo\/image\/\",\"url\":\"https:\/\/www.uilscuolaemiliaromagna.it\/public\/er\/wp-content\/uploads\/2017\/04\/cropped-header.png\",\"contentUrl\":\"https:\/\/www.uilscuolaemiliaromagna.it\/public\/er\/wp-content\/uploads\/2017\/04\/cropped-header.png\",\"width\":1000,\"height\":150,\"caption\":\"Uil Scuola Emilia Romagna\"},\"image\":{\"@id\":\"https:\/\/www.uilscuolaemiliaromagna.it\/public\/er\/#\/schema\/logo\/image\/\"}},{\"@type\":\"Person\",\"@id\":\"https:\/\/www.uilscuolaemiliaromagna.it\/public\/er\/#\/schema\/person\/f42878fd07a4b6ba2b7153d4fad5de5e\",\"name\":\"admin\",\"image\":{\"@type\":\"ImageObject\",\"inLanguage\":\"it-IT\",\"@id\":\"https:\/\/www.uilscuolaemiliaromagna.it\/public\/er\/#\/schema\/person\/image\/\",\"url\":\"https:\/\/secure.gravatar.com\/avatar\/aebf815ae2f30ffdae8b8c247273d34c?s=96&d=mm&r=g\",\"contentUrl\":\"https:\/\/secure.gravatar.com\/avatar\/aebf815ae2f30ffdae8b8c247273d34c?s=96&d=mm&r=g\",\"caption\":\"admin\"},\"url\":\"https:\/\/www.uilscuolaemiliaromagna.it\/public\/er\/author\/admin\/\"}]}<\/script>\r\n<!-- \/ Yoast SEO plugin. -->","yoast_head_json":{"title":"Turi: brutto segnale. Ministro resti super-partes - Uil Scuola Emilia Romagna","robots":{"index":"index","follow":"follow","max-snippet":"max-snippet:-1","max-image-preview":"max-image-preview:large","max-video-preview":"max-video-preview:-1"},"canonical":"https:\/\/www.uilscuolaemiliaromagna.it\/public\/er\/2018\/10\/23\/turi-brutto-segnale-ministro-resti-super-partes\/","og_locale":"it_IT","og_type":"article","og_title":"Turi: brutto segnale. Ministro resti super-partes - Uil Scuola Emilia Romagna","og_description":"Un brutto segnale, che richiama tempi tristi di censura, che vuole trasformare, anche la scuola, in terreno di scontro politico con la \u2018p\u2019 minuscola \u2013 &hellip;","og_url":"https:\/\/www.uilscuolaemiliaromagna.it\/public\/er\/2018\/10\/23\/turi-brutto-segnale-ministro-resti-super-partes\/","og_site_name":"Uil Scuola Emilia Romagna","article_published_time":"2018-10-23T15:43:55+00:00","article_modified_time":"2018-10-25T07:44:48+00:00","author":"admin","twitter_card":"summary_large_image","twitter_misc":{"Scritto da":"admin","Tempo di lettura stimato":"2 minuti"},"schema":{"@context":"https:\/\/schema.org","@graph":[{"@type":"Article","@id":"https:\/\/www.uilscuolaemiliaromagna.it\/public\/er\/2018\/10\/23\/turi-brutto-segnale-ministro-resti-super-partes\/#article","isPartOf":{"@id":"https:\/\/www.uilscuolaemiliaromagna.it\/public\/er\/2018\/10\/23\/turi-brutto-segnale-ministro-resti-super-partes\/"},"author":{"name":"admin","@id":"https:\/\/www.uilscuolaemiliaromagna.it\/public\/er\/#\/schema\/person\/f42878fd07a4b6ba2b7153d4fad5de5e"},"headline":"Turi: brutto segnale. Ministro resti super-partes","datePublished":"2018-10-23T15:43:55+00:00","dateModified":"2018-10-25T07:44:48+00:00","mainEntityOfPage":{"@id":"https:\/\/www.uilscuolaemiliaromagna.it\/public\/er\/2018\/10\/23\/turi-brutto-segnale-ministro-resti-super-partes\/"},"wordCount":329,"publisher":{"@id":"https:\/\/www.uilscuolaemiliaromagna.it\/public\/er\/#organization"},"articleSection":["Notizie"],"inLanguage":"it-IT"},{"@type":"WebPage","@id":"https:\/\/www.uilscuolaemiliaromagna.it\/public\/er\/2018\/10\/23\/turi-brutto-segnale-ministro-resti-super-partes\/","url":"https:\/\/www.uilscuolaemiliaromagna.it\/public\/er\/2018\/10\/23\/turi-brutto-segnale-ministro-resti-super-partes\/","name":"Turi: brutto segnale. Ministro resti super-partes - Uil Scuola Emilia Romagna","isPartOf":{"@id":"https:\/\/www.uilscuolaemiliaromagna.it\/public\/er\/#website"},"datePublished":"2018-10-23T15:43:55+00:00","dateModified":"2018-10-25T07:44:48+00:00","breadcrumb":{"@id":"https:\/\/www.uilscuolaemiliaromagna.it\/public\/er\/2018\/10\/23\/turi-brutto-segnale-ministro-resti-super-partes\/#breadcrumb"},"inLanguage":"it-IT","potentialAction":[{"@type":"ReadAction","target":["https:\/\/www.uilscuolaemiliaromagna.it\/public\/er\/2018\/10\/23\/turi-brutto-segnale-ministro-resti-super-partes\/"]}]},{"@type":"BreadcrumbList","@id":"https:\/\/www.uilscuolaemiliaromagna.it\/public\/er\/2018\/10\/23\/turi-brutto-segnale-ministro-resti-super-partes\/#breadcrumb","itemListElement":[{"@type":"ListItem","position":1,"name":"Home","item":"https:\/\/www.uilscuolaemiliaromagna.it\/public\/er\/"},{"@type":"ListItem","position":2,"name":"Turi: brutto segnale. Ministro resti super-partes"}]},{"@type":"WebSite","@id":"https:\/\/www.uilscuolaemiliaromagna.it\/public\/er\/#website","url":"https:\/\/www.uilscuolaemiliaromagna.it\/public\/er\/","name":"Uil Scuola Emilia Romagna","description":"La voce libera della scuola","publisher":{"@id":"https:\/\/www.uilscuolaemiliaromagna.it\/public\/er\/#organization"},"potentialAction":[{"@type":"SearchAction","target":{"@type":"EntryPoint","urlTemplate":"https:\/\/www.uilscuolaemiliaromagna.it\/public\/er\/?s={search_term_string}"},"query-input":"required name=search_term_string"}],"inLanguage":"it-IT"},{"@type":"Organization","@id":"https:\/\/www.uilscuolaemiliaromagna.it\/public\/er\/#organization","name":"Uil Scuola Emilia Romagna","url":"https:\/\/www.uilscuolaemiliaromagna.it\/public\/er\/","logo":{"@type":"ImageObject","inLanguage":"it-IT","@id":"https:\/\/www.uilscuolaemiliaromagna.it\/public\/er\/#\/schema\/logo\/image\/","url":"https:\/\/www.uilscuolaemiliaromagna.it\/public\/er\/wp-content\/uploads\/2017\/04\/cropped-header.png","contentUrl":"https:\/\/www.uilscuolaemiliaromagna.it\/public\/er\/wp-content\/uploads\/2017\/04\/cropped-header.png","width":1000,"height":150,"caption":"Uil Scuola Emilia Romagna"},"image":{"@id":"https:\/\/www.uilscuolaemiliaromagna.it\/public\/er\/#\/schema\/logo\/image\/"}},{"@type":"Person","@id":"https:\/\/www.uilscuolaemiliaromagna.it\/public\/er\/#\/schema\/person\/f42878fd07a4b6ba2b7153d4fad5de5e","name":"admin","image":{"@type":"ImageObject","inLanguage":"it-IT","@id":"https:\/\/www.uilscuolaemiliaromagna.it\/public\/er\/#\/schema\/person\/image\/","url":"https:\/\/secure.gravatar.com\/avatar\/aebf815ae2f30ffdae8b8c247273d34c?s=96&d=mm&r=g","contentUrl":"https:\/\/secure.gravatar.com\/avatar\/aebf815ae2f30ffdae8b8c247273d34c?s=96&d=mm&r=g","caption":"admin"},"url":"https:\/\/www.uilscuolaemiliaromagna.it\/public\/er\/author\/admin\/"}]}},"views":847,"_links":{"self":[{"href":"https:\/\/www.uilscuolaemiliaromagna.it\/public\/er\/wp-json\/wp\/v2\/posts\/3691"}],"collection":[{"href":"https:\/\/www.uilscuolaemiliaromagna.it\/public\/er\/wp-json\/wp\/v2\/posts"}],"about":[{"href":"https:\/\/www.uilscuolaemiliaromagna.it\/public\/er\/wp-json\/wp\/v2\/types\/post"}],"author":[{"embeddable":true,"href":"https:\/\/www.uilscuolaemiliaromagna.it\/public\/er\/wp-json\/wp\/v2\/users\/1"}],"replies":[{"embeddable":true,"href":"https:\/\/www.uilscuolaemiliaromagna.it\/public\/er\/wp-json\/wp\/v2\/comments?post=3691"}],"version-history":[{"count":1,"href":"https:\/\/www.uilscuolaemiliaromagna.it\/public\/er\/wp-json\/wp\/v2\/posts\/3691\/revisions"}],"predecessor-version":[{"id":3692,"href":"https:\/\/www.uilscuolaemiliaromagna.it\/public\/er\/wp-json\/wp\/v2\/posts\/3691\/revisions\/3692"}],"wp:attachment":[{"href":"https:\/\/www.uilscuolaemiliaromagna.it\/public\/er\/wp-json\/wp\/v2\/media?parent=3691"}],"wp:term":[{"taxonomy":"category","embeddable":true,"href":"https:\/\/www.uilscuolaemiliaromagna.it\/public\/er\/wp-json\/wp\/v2\/categories?post=3691"},{"taxonomy":"post_tag","embeddable":true,"href":"https:\/\/www.uilscuolaemiliaromagna.it\/public\/er\/wp-json\/wp\/v2\/tags?post=3691"}],"curies":[{"name":"wp","href":"https:\/\/api.w.org\/{rel}","templated":true}]}}