{"id":3705,"date":"2018-10-25T18:49:54","date_gmt":"2018-10-25T16:49:54","guid":{"rendered":"http:\/\/www.uilscuolaemiliaromagna.it\/public\/er\/?p=3705"},"modified":"2018-10-29T09:50:39","modified_gmt":"2018-10-29T08:50:39","slug":"turi-preoccupati-e-contrari-a-ogni-ipotesi-di-regionalizzazione","status":"publish","type":"post","link":"https:\/\/www.uilscuolaemiliaromagna.it\/public\/er\/2018\/10\/25\/turi-preoccupati-e-contrari-a-ogni-ipotesi-di-regionalizzazione\/","title":{"rendered":"Turi: preoccupati e contrari a ogni ipotesi di regionalizzazione"},"content":{"rendered":"<p style=\"text-align: justify;\">Siamo preoccupati e contrari, contrari nel modo pi\u00f9 assoluto ad ogni ipotesi di regionalizzazione. Cos\u00ec il segretario generale della Uil Scuola, Pino Turi, alle parole del ministro che giudica \u00abidea virtuosa\u00bb quella di una scuola regionale. La volont\u00e0 di separazione di alcune regioni \u2013 aggiunge Turi \u2013 non pu\u00f2 intaccare la dimensione nazionale della scuola, che rappresenta la base fondante del nostro Paese.<\/p>\n<p style=\"text-align: justify;\">\nProprio il ministro ne dovrebbe essere garante, assicurando qualit\u00e0, continuit\u00e0 e autonomia.<\/p>\n<p style=\"text-align: justify;\">\nIn un quadro di democrazia evoluta e moderna, come quella italiana, la diversit\u00e0 di punti di vista viene messa a confronto nelle sedi deputate. Fare dell\u2019istruzione un terreno di scontro politico \u00e8 un errore, che non pu\u00f2 essere permesso. Pensare di acquistare a prezzi di saldo ci\u00f2 che il paese ha costruito con l\u2019impegno tutto il personale della scuola \u00e8 un fatto che non ci trova proprio d\u2019accordo \u2013 sottolinea Turi.<\/p>\n<p style=\"text-align: justify;\">\nAppare sempre pi\u00f9 urgente un confronto di merito, con le rappresentanze dei lavoratori, per sapere cosa \u00e8 contenuto nella legge di bilancio e quali risorse statali saranno destinate al nostro sistema di istruzione. Questo prima che inizi una vera e propria mobilitazione nelle scuole.<\/p>\n<p style=\"text-align: justify;\">\nL\u2019appello che rivolgiamo alle istituzioni di garanzia \u2013 continua Turi \u2013 \u00e8 di tutelare la scuola-bene comune e superare i progetti regionali, che mirano all\u2019autonomia differenziata e rendono il paese pi\u00f9 fragile e diviso anche sui valori di fondo. La strada giusta \u00e8 quella appena annunciata che punta al rafforzamento degli organici degli uffici scolastici regionali che sostengono il funzionamento della scuola statale.<\/p>\n\n<div class=\"twitter-share\"><a href=\"https:\/\/twitter.com\/intent\/tweet?via=UILScuolaBO_ER\" class=\"twitter-share-button\" data-size=\"large\">Tweet<\/a><\/div>\n","protected":false},"excerpt":{"rendered":"<p>Siamo preoccupati e contrari, contrari nel modo pi\u00f9 assoluto ad ogni ipotesi di regionalizzazione. Cos\u00ec il segretario generale della Uil Scuola, Pino Turi, alle parole &hellip; <\/p>\n","protected":false},"author":1,"featured_media":0,"comment_status":"closed","ping_status":"open","sticky":false,"template":"","format":"standard","meta":{"footnotes":""},"categories":[12],"tags":[],"yoast_head":"<!-- This site is optimized with the Yoast SEO plugin v21.7 - https:\/\/yoast.com\/wordpress\/plugins\/seo\/ -->\r\n<title>Turi: preoccupati e contrari a ogni ipotesi di regionalizzazione - Uil Scuola Emilia Romagna<\/title>\r\n<meta name=\"robots\" content=\"index, follow, max-snippet:-1, max-image-preview:large, max-video-preview:-1\" \/>\r\n<link rel=\"canonical\" href=\"https:\/\/www.uilscuolaemiliaromagna.it\/public\/er\/2018\/10\/25\/turi-preoccupati-e-contrari-a-ogni-ipotesi-di-regionalizzazione\/\" \/>\r\n<meta property=\"og:locale\" content=\"it_IT\" \/>\r\n<meta property=\"og:type\" content=\"article\" \/>\r\n<meta property=\"og:title\" content=\"Turi: preoccupati e contrari a ogni ipotesi di regionalizzazione - Uil Scuola Emilia Romagna\" \/>\r\n<meta property=\"og:description\" content=\"Siamo preoccupati e contrari, contrari nel modo pi\u00f9 assoluto ad ogni ipotesi di regionalizzazione. Cos\u00ec il segretario generale della Uil Scuola, Pino Turi, alle parole &hellip;\" \/>\r\n<meta property=\"og:url\" content=\"https:\/\/www.uilscuolaemiliaromagna.it\/public\/er\/2018\/10\/25\/turi-preoccupati-e-contrari-a-ogni-ipotesi-di-regionalizzazione\/\" \/>\r\n<meta property=\"og:site_name\" content=\"Uil Scuola Emilia Romagna\" \/>\r\n<meta property=\"article:published_time\" content=\"2018-10-25T16:49:54+00:00\" \/>\r\n<meta property=\"article:modified_time\" content=\"2018-10-29T08:50:39+00:00\" \/>\r\n<meta name=\"author\" content=\"admin\" \/>\r\n<meta name=\"twitter:card\" content=\"summary_large_image\" \/>\r\n<meta name=\"twitter:label1\" content=\"Scritto da\" \/>\n\t<meta name=\"twitter:data1\" content=\"admin\" \/>\n\t<meta name=\"twitter:label2\" content=\"Tempo di lettura stimato\" \/>\n\t<meta name=\"twitter:data2\" content=\"1 minuto\" \/>\r\n<script type=\"application\/ld+json\" class=\"yoast-schema-graph\">{\"@context\":\"https:\/\/schema.org\",\"@graph\":[{\"@type\":\"Article\",\"@id\":\"https:\/\/www.uilscuolaemiliaromagna.it\/public\/er\/2018\/10\/25\/turi-preoccupati-e-contrari-a-ogni-ipotesi-di-regionalizzazione\/#article\",\"isPartOf\":{\"@id\":\"https:\/\/www.uilscuolaemiliaromagna.it\/public\/er\/2018\/10\/25\/turi-preoccupati-e-contrari-a-ogni-ipotesi-di-regionalizzazione\/\"},\"author\":{\"name\":\"admin\",\"@id\":\"https:\/\/www.uilscuolaemiliaromagna.it\/public\/er\/#\/schema\/person\/f42878fd07a4b6ba2b7153d4fad5de5e\"},\"headline\":\"Turi: preoccupati e contrari a ogni ipotesi di regionalizzazione\",\"datePublished\":\"2018-10-25T16:49:54+00:00\",\"dateModified\":\"2018-10-29T08:50:39+00:00\",\"mainEntityOfPage\":{\"@id\":\"https:\/\/www.uilscuolaemiliaromagna.it\/public\/er\/2018\/10\/25\/turi-preoccupati-e-contrari-a-ogni-ipotesi-di-regionalizzazione\/\"},\"wordCount\":257,\"publisher\":{\"@id\":\"https:\/\/www.uilscuolaemiliaromagna.it\/public\/er\/#organization\"},\"articleSection\":[\"Notizie\"],\"inLanguage\":\"it-IT\"},{\"@type\":\"WebPage\",\"@id\":\"https:\/\/www.uilscuolaemiliaromagna.it\/public\/er\/2018\/10\/25\/turi-preoccupati-e-contrari-a-ogni-ipotesi-di-regionalizzazione\/\",\"url\":\"https:\/\/www.uilscuolaemiliaromagna.it\/public\/er\/2018\/10\/25\/turi-preoccupati-e-contrari-a-ogni-ipotesi-di-regionalizzazione\/\",\"name\":\"Turi: preoccupati e contrari a ogni ipotesi di regionalizzazione - Uil Scuola Emilia Romagna\",\"isPartOf\":{\"@id\":\"https:\/\/www.uilscuolaemiliaromagna.it\/public\/er\/#website\"},\"datePublished\":\"2018-10-25T16:49:54+00:00\",\"dateModified\":\"2018-10-29T08:50:39+00:00\",\"breadcrumb\":{\"@id\":\"https:\/\/www.uilscuolaemiliaromagna.it\/public\/er\/2018\/10\/25\/turi-preoccupati-e-contrari-a-ogni-ipotesi-di-regionalizzazione\/#breadcrumb\"},\"inLanguage\":\"it-IT\",\"potentialAction\":[{\"@type\":\"ReadAction\",\"target\":[\"https:\/\/www.uilscuolaemiliaromagna.it\/public\/er\/2018\/10\/25\/turi-preoccupati-e-contrari-a-ogni-ipotesi-di-regionalizzazione\/\"]}]},{\"@type\":\"BreadcrumbList\",\"@id\":\"https:\/\/www.uilscuolaemiliaromagna.it\/public\/er\/2018\/10\/25\/turi-preoccupati-e-contrari-a-ogni-ipotesi-di-regionalizzazione\/#breadcrumb\",\"itemListElement\":[{\"@type\":\"ListItem\",\"position\":1,\"name\":\"Home\",\"item\":\"https:\/\/www.uilscuolaemiliaromagna.it\/public\/er\/\"},{\"@type\":\"ListItem\",\"position\":2,\"name\":\"Turi: preoccupati e contrari a ogni ipotesi di regionalizzazione\"}]},{\"@type\":\"WebSite\",\"@id\":\"https:\/\/www.uilscuolaemiliaromagna.it\/public\/er\/#website\",\"url\":\"https:\/\/www.uilscuolaemiliaromagna.it\/public\/er\/\",\"name\":\"Uil Scuola Emilia Romagna\",\"description\":\"La voce libera della scuola\",\"publisher\":{\"@id\":\"https:\/\/www.uilscuolaemiliaromagna.it\/public\/er\/#organization\"},\"potentialAction\":[{\"@type\":\"SearchAction\",\"target\":{\"@type\":\"EntryPoint\",\"urlTemplate\":\"https:\/\/www.uilscuolaemiliaromagna.it\/public\/er\/?s={search_term_string}\"},\"query-input\":\"required name=search_term_string\"}],\"inLanguage\":\"it-IT\"},{\"@type\":\"Organization\",\"@id\":\"https:\/\/www.uilscuolaemiliaromagna.it\/public\/er\/#organization\",\"name\":\"Uil Scuola Emilia Romagna\",\"url\":\"https:\/\/www.uilscuolaemiliaromagna.it\/public\/er\/\",\"logo\":{\"@type\":\"ImageObject\",\"inLanguage\":\"it-IT\",\"@id\":\"https:\/\/www.uilscuolaemiliaromagna.it\/public\/er\/#\/schema\/logo\/image\/\",\"url\":\"https:\/\/www.uilscuolaemiliaromagna.it\/public\/er\/wp-content\/uploads\/2017\/04\/cropped-header.png\",\"contentUrl\":\"https:\/\/www.uilscuolaemiliaromagna.it\/public\/er\/wp-content\/uploads\/2017\/04\/cropped-header.png\",\"width\":1000,\"height\":150,\"caption\":\"Uil Scuola Emilia Romagna\"},\"image\":{\"@id\":\"https:\/\/www.uilscuolaemiliaromagna.it\/public\/er\/#\/schema\/logo\/image\/\"}},{\"@type\":\"Person\",\"@id\":\"https:\/\/www.uilscuolaemiliaromagna.it\/public\/er\/#\/schema\/person\/f42878fd07a4b6ba2b7153d4fad5de5e\",\"name\":\"admin\",\"image\":{\"@type\":\"ImageObject\",\"inLanguage\":\"it-IT\",\"@id\":\"https:\/\/www.uilscuolaemiliaromagna.it\/public\/er\/#\/schema\/person\/image\/\",\"url\":\"https:\/\/secure.gravatar.com\/avatar\/aebf815ae2f30ffdae8b8c247273d34c?s=96&d=mm&r=g\",\"contentUrl\":\"https:\/\/secure.gravatar.com\/avatar\/aebf815ae2f30ffdae8b8c247273d34c?s=96&d=mm&r=g\",\"caption\":\"admin\"},\"url\":\"https:\/\/www.uilscuolaemiliaromagna.it\/public\/er\/author\/admin\/\"}]}<\/script>\r\n<!-- \/ Yoast SEO plugin. -->","yoast_head_json":{"title":"Turi: preoccupati e contrari a ogni ipotesi di regionalizzazione - Uil Scuola Emilia Romagna","robots":{"index":"index","follow":"follow","max-snippet":"max-snippet:-1","max-image-preview":"max-image-preview:large","max-video-preview":"max-video-preview:-1"},"canonical":"https:\/\/www.uilscuolaemiliaromagna.it\/public\/er\/2018\/10\/25\/turi-preoccupati-e-contrari-a-ogni-ipotesi-di-regionalizzazione\/","og_locale":"it_IT","og_type":"article","og_title":"Turi: preoccupati e contrari a ogni ipotesi di regionalizzazione - Uil Scuola Emilia Romagna","og_description":"Siamo preoccupati e contrari, contrari nel modo pi\u00f9 assoluto ad ogni ipotesi di regionalizzazione. Cos\u00ec il segretario generale della Uil Scuola, Pino Turi, alle parole &hellip;","og_url":"https:\/\/www.uilscuolaemiliaromagna.it\/public\/er\/2018\/10\/25\/turi-preoccupati-e-contrari-a-ogni-ipotesi-di-regionalizzazione\/","og_site_name":"Uil Scuola Emilia Romagna","article_published_time":"2018-10-25T16:49:54+00:00","article_modified_time":"2018-10-29T08:50:39+00:00","author":"admin","twitter_card":"summary_large_image","twitter_misc":{"Scritto da":"admin","Tempo di lettura stimato":"1 minuto"},"schema":{"@context":"https:\/\/schema.org","@graph":[{"@type":"Article","@id":"https:\/\/www.uilscuolaemiliaromagna.it\/public\/er\/2018\/10\/25\/turi-preoccupati-e-contrari-a-ogni-ipotesi-di-regionalizzazione\/#article","isPartOf":{"@id":"https:\/\/www.uilscuolaemiliaromagna.it\/public\/er\/2018\/10\/25\/turi-preoccupati-e-contrari-a-ogni-ipotesi-di-regionalizzazione\/"},"author":{"name":"admin","@id":"https:\/\/www.uilscuolaemiliaromagna.it\/public\/er\/#\/schema\/person\/f42878fd07a4b6ba2b7153d4fad5de5e"},"headline":"Turi: preoccupati e contrari a ogni ipotesi di regionalizzazione","datePublished":"2018-10-25T16:49:54+00:00","dateModified":"2018-10-29T08:50:39+00:00","mainEntityOfPage":{"@id":"https:\/\/www.uilscuolaemiliaromagna.it\/public\/er\/2018\/10\/25\/turi-preoccupati-e-contrari-a-ogni-ipotesi-di-regionalizzazione\/"},"wordCount":257,"publisher":{"@id":"https:\/\/www.uilscuolaemiliaromagna.it\/public\/er\/#organization"},"articleSection":["Notizie"],"inLanguage":"it-IT"},{"@type":"WebPage","@id":"https:\/\/www.uilscuolaemiliaromagna.it\/public\/er\/2018\/10\/25\/turi-preoccupati-e-contrari-a-ogni-ipotesi-di-regionalizzazione\/","url":"https:\/\/www.uilscuolaemiliaromagna.it\/public\/er\/2018\/10\/25\/turi-preoccupati-e-contrari-a-ogni-ipotesi-di-regionalizzazione\/","name":"Turi: preoccupati e contrari a ogni ipotesi di regionalizzazione - Uil Scuola Emilia Romagna","isPartOf":{"@id":"https:\/\/www.uilscuolaemiliaromagna.it\/public\/er\/#website"},"datePublished":"2018-10-25T16:49:54+00:00","dateModified":"2018-10-29T08:50:39+00:00","breadcrumb":{"@id":"https:\/\/www.uilscuolaemiliaromagna.it\/public\/er\/2018\/10\/25\/turi-preoccupati-e-contrari-a-ogni-ipotesi-di-regionalizzazione\/#breadcrumb"},"inLanguage":"it-IT","potentialAction":[{"@type":"ReadAction","target":["https:\/\/www.uilscuolaemiliaromagna.it\/public\/er\/2018\/10\/25\/turi-preoccupati-e-contrari-a-ogni-ipotesi-di-regionalizzazione\/"]}]},{"@type":"BreadcrumbList","@id":"https:\/\/www.uilscuolaemiliaromagna.it\/public\/er\/2018\/10\/25\/turi-preoccupati-e-contrari-a-ogni-ipotesi-di-regionalizzazione\/#breadcrumb","itemListElement":[{"@type":"ListItem","position":1,"name":"Home","item":"https:\/\/www.uilscuolaemiliaromagna.it\/public\/er\/"},{"@type":"ListItem","position":2,"name":"Turi: preoccupati e contrari a ogni ipotesi di regionalizzazione"}]},{"@type":"WebSite","@id":"https:\/\/www.uilscuolaemiliaromagna.it\/public\/er\/#website","url":"https:\/\/www.uilscuolaemiliaromagna.it\/public\/er\/","name":"Uil Scuola Emilia Romagna","description":"La voce libera della scuola","publisher":{"@id":"https:\/\/www.uilscuolaemiliaromagna.it\/public\/er\/#organization"},"potentialAction":[{"@type":"SearchAction","target":{"@type":"EntryPoint","urlTemplate":"https:\/\/www.uilscuolaemiliaromagna.it\/public\/er\/?s={search_term_string}"},"query-input":"required name=search_term_string"}],"inLanguage":"it-IT"},{"@type":"Organization","@id":"https:\/\/www.uilscuolaemiliaromagna.it\/public\/er\/#organization","name":"Uil Scuola Emilia Romagna","url":"https:\/\/www.uilscuolaemiliaromagna.it\/public\/er\/","logo":{"@type":"ImageObject","inLanguage":"it-IT","@id":"https:\/\/www.uilscuolaemiliaromagna.it\/public\/er\/#\/schema\/logo\/image\/","url":"https:\/\/www.uilscuolaemiliaromagna.it\/public\/er\/wp-content\/uploads\/2017\/04\/cropped-header.png","contentUrl":"https:\/\/www.uilscuolaemiliaromagna.it\/public\/er\/wp-content\/uploads\/2017\/04\/cropped-header.png","width":1000,"height":150,"caption":"Uil Scuola Emilia Romagna"},"image":{"@id":"https:\/\/www.uilscuolaemiliaromagna.it\/public\/er\/#\/schema\/logo\/image\/"}},{"@type":"Person","@id":"https:\/\/www.uilscuolaemiliaromagna.it\/public\/er\/#\/schema\/person\/f42878fd07a4b6ba2b7153d4fad5de5e","name":"admin","image":{"@type":"ImageObject","inLanguage":"it-IT","@id":"https:\/\/www.uilscuolaemiliaromagna.it\/public\/er\/#\/schema\/person\/image\/","url":"https:\/\/secure.gravatar.com\/avatar\/aebf815ae2f30ffdae8b8c247273d34c?s=96&d=mm&r=g","contentUrl":"https:\/\/secure.gravatar.com\/avatar\/aebf815ae2f30ffdae8b8c247273d34c?s=96&d=mm&r=g","caption":"admin"},"url":"https:\/\/www.uilscuolaemiliaromagna.it\/public\/er\/author\/admin\/"}]}},"views":752,"_links":{"self":[{"href":"https:\/\/www.uilscuolaemiliaromagna.it\/public\/er\/wp-json\/wp\/v2\/posts\/3705"}],"collection":[{"href":"https:\/\/www.uilscuolaemiliaromagna.it\/public\/er\/wp-json\/wp\/v2\/posts"}],"about":[{"href":"https:\/\/www.uilscuolaemiliaromagna.it\/public\/er\/wp-json\/wp\/v2\/types\/post"}],"author":[{"embeddable":true,"href":"https:\/\/www.uilscuolaemiliaromagna.it\/public\/er\/wp-json\/wp\/v2\/users\/1"}],"replies":[{"embeddable":true,"href":"https:\/\/www.uilscuolaemiliaromagna.it\/public\/er\/wp-json\/wp\/v2\/comments?post=3705"}],"version-history":[{"count":1,"href":"https:\/\/www.uilscuolaemiliaromagna.it\/public\/er\/wp-json\/wp\/v2\/posts\/3705\/revisions"}],"predecessor-version":[{"id":3706,"href":"https:\/\/www.uilscuolaemiliaromagna.it\/public\/er\/wp-json\/wp\/v2\/posts\/3705\/revisions\/3706"}],"wp:attachment":[{"href":"https:\/\/www.uilscuolaemiliaromagna.it\/public\/er\/wp-json\/wp\/v2\/media?parent=3705"}],"wp:term":[{"taxonomy":"category","embeddable":true,"href":"https:\/\/www.uilscuolaemiliaromagna.it\/public\/er\/wp-json\/wp\/v2\/categories?post=3705"},{"taxonomy":"post_tag","embeddable":true,"href":"https:\/\/www.uilscuolaemiliaromagna.it\/public\/er\/wp-json\/wp\/v2\/tags?post=3705"}],"curies":[{"name":"wp","href":"https:\/\/api.w.org\/{rel}","templated":true}]}}