{"id":3862,"date":"2018-12-03T18:09:56","date_gmt":"2018-12-03T17:09:56","guid":{"rendered":"http:\/\/www.uilscuolaemiliaromagna.it\/public\/er\/?p=3862"},"modified":"2018-12-05T12:11:36","modified_gmt":"2018-12-05T11:11:36","slug":"nuovo-regolamento-contabile-servono-istruzioni-chiare-per-semplificare-la-vita-delle-scuole","status":"publish","type":"post","link":"https:\/\/www.uilscuolaemiliaromagna.it\/public\/er\/2018\/12\/03\/nuovo-regolamento-contabile-servono-istruzioni-chiare-per-semplificare-la-vita-delle-scuole\/","title":{"rendered":"Nuovo regolamento contabile: servono istruzioni chiare per semplificare la vita delle scuole"},"content":{"rendered":"<p style=\"text-align: justify;\">Dopo la presentazione del testo di riforma del regolamento di contabilit\u00e0, che per gli aspetti contabili entrer\u00e0 in vigore a gennaio 2019, ed in seguito alle rimostranze avanzate in quella occasione dalla UIL e dagli altri sindacati sulle scelte politiche e tecniche effettuate in quel testo, il Miur ha incontrato le organizzazioni sindacali per confrontarsi nello specifico dell\u2019articolo 39, sulla manutenzione degli edifici scolastici.<\/p>\n<p style=\"text-align: justify;\">Per la Uil Scuola hanno partecipato Rosa Cirillo, Mauro Panzieri ed Antonello Lacchei.,<\/p>\n<p style=\"text-align: justify;\">Nel corso dell\u2019incontro sul tema della messa in sicurezza degli edifici, l\u2019amministrazione ha sostenuto che il nuovo regolamento ribadisce quanto gi\u00e0 previsto in materia dall\u2019ordinamento nella norma primaria (L n. 23\/1996 art.3 comma 4).<\/p>\n<p style=\"text-align: justify;\">Secondo la Uil Scuola, al contrario, il nuovo testo, sposta in capo al DS responsabilit\u00e0, anche problemi di manutenzione straordinaria che \u00e8 impropria, anche rispetto alla legge che lo prevede solo per la manutenzione ordinaria e comunque, su base volontaria, senza, peraltro, prevedere strumenti idonei ad affrontare le situazioni legate alla sicurezza nelle scuole. Tutto ci\u00f2 crea una situazione inaccettabile che mette in crisi l\u2019intera gestione dell\u2019Istituzione scolastica: le scuole devono s\u00ec individuare gli interventi da effettuare per garantire lo svolgimento delle attivit\u00e0 didattiche, in sicurezza, ma non possono in alcun modo ordinare lavori, anticipandoli\u00a0 con i soldi del funzionamento, peraltro sempre insufficienti per garantire le normali attivit\u00e0 didattiche.<\/p>\n<p style=\"text-align: justify;\">Le Istituzioni scolastiche, non possiedono al loro interno, n\u00e9 le risorse, n\u00e9 le competenze tecniche che\u00a0 possano svolgere procedure finalizzate alla manutenzione degli edifici, sia ordinaria che straordinaria, senza voler considerare che le risorse finanziarie, difficilmente potranno essere rimborsate, anche a fronte di inevitabili ed immensi\u00a0 contenziosi, per le implicazioni che solo Enti proprietari degli immobili, potrebbero esercitare.<\/p>\n<p style=\"text-align: justify;\">Inoltre, secondo la Uil Scuola, il nuovo testo continua a presentare al suo interno tutte le contraddizioni normative gi\u00e0 segnalate: alla scuola si applicher\u00e0 un regime \u2018speciale\u2019, legato alla attivit\u00e0 di ogni anno scolastico che, come \u00e8 noto, si svolge a cavallo di due anni finanziari, con le conseguenti difficolt\u00e0, specie di natura contabile, che da sempre ha comportato.<\/p>\n<p style=\"text-align: justify;\">Il nuovo regolamento di contabilit\u00e0 che doveva rappresentare\u00a0 lo strumento per ampliare e attuare il ruolo autonomo della scuola, si sta, invece, rivelando una sorta di\u00a0 \u201ccamicia di forza\u201d che amplia le procedure burocratiche senza avere in debito conto dei risultati che l\u2019Istituzione autonoma deve realizzare, Ancora una volta, si \u00e8 deciso di rinnovare il regolamento di contabilit\u00e0, senza adeguare gli Organi di autogoverno della scuola.<\/p>\n<p style=\"text-align: justify;\">All\u2019amministrazione la Uil Scuola ha, ancora una volta,\u00a0 chiesto di definire il ruolo dei revisori dei conti\u00a0 nel rispetto all\u2019autonomia scolastica, della libert\u00e0 di insegnamento dalla quale discende l\u2019elaborazione del PTOF e\u00a0 alle scelte negoziali in materia di contrattazione di scuola che consentirebbero solo una verifica di compatibilit\u00e0 finanziaria.<\/p>\n<p style=\"text-align: justify;\">Il Miur ha garantito che saranno fornite linee operative ai revisori con la chiara indicazione di non invadere la sfera di competenza degli organi collegiali, del collegio dei docenti e del dirigente scolastico.<\/p>\n\n<div class=\"twitter-share\"><a href=\"https:\/\/twitter.com\/intent\/tweet?via=UILScuolaBO_ER\" class=\"twitter-share-button\" data-size=\"large\">Tweet<\/a><\/div>\n","protected":false},"excerpt":{"rendered":"<p>Dopo la presentazione del testo di riforma del regolamento di contabilit\u00e0, che per gli aspetti contabili entrer\u00e0 in vigore a gennaio 2019, ed in seguito &hellip; <\/p>\n","protected":false},"author":1,"featured_media":0,"comment_status":"closed","ping_status":"open","sticky":false,"template":"","format":"standard","meta":{"footnotes":""},"categories":[2,3,12,6],"tags":[],"yoast_head":"<!-- This site is optimized with the Yoast SEO plugin v21.7 - https:\/\/yoast.com\/wordpress\/plugins\/seo\/ -->\r\n<title>Nuovo regolamento contabile: servono istruzioni chiare per semplificare la vita delle scuole - Uil Scuola Emilia Romagna<\/title>\r\n<meta name=\"robots\" content=\"index, follow, max-snippet:-1, max-image-preview:large, max-video-preview:-1\" \/>\r\n<link rel=\"canonical\" href=\"https:\/\/www.uilscuolaemiliaromagna.it\/public\/er\/2018\/12\/03\/nuovo-regolamento-contabile-servono-istruzioni-chiare-per-semplificare-la-vita-delle-scuole\/\" \/>\r\n<meta property=\"og:locale\" content=\"it_IT\" \/>\r\n<meta property=\"og:type\" content=\"article\" \/>\r\n<meta property=\"og:title\" content=\"Nuovo regolamento contabile: servono istruzioni chiare per semplificare la vita delle scuole - Uil Scuola Emilia Romagna\" \/>\r\n<meta property=\"og:description\" content=\"Dopo la presentazione del testo di riforma del regolamento di contabilit\u00e0, che per gli aspetti contabili entrer\u00e0 in vigore a gennaio 2019, ed in seguito &hellip;\" \/>\r\n<meta property=\"og:url\" content=\"https:\/\/www.uilscuolaemiliaromagna.it\/public\/er\/2018\/12\/03\/nuovo-regolamento-contabile-servono-istruzioni-chiare-per-semplificare-la-vita-delle-scuole\/\" \/>\r\n<meta property=\"og:site_name\" content=\"Uil Scuola Emilia Romagna\" \/>\r\n<meta property=\"article:published_time\" content=\"2018-12-03T17:09:56+00:00\" \/>\r\n<meta property=\"article:modified_time\" content=\"2018-12-05T11:11:36+00:00\" \/>\r\n<meta name=\"author\" content=\"admin\" \/>\r\n<meta name=\"twitter:card\" content=\"summary_large_image\" \/>\r\n<meta name=\"twitter:label1\" content=\"Scritto da\" \/>\n\t<meta name=\"twitter:data1\" content=\"admin\" \/>\n\t<meta name=\"twitter:label2\" content=\"Tempo di lettura stimato\" \/>\n\t<meta name=\"twitter:data2\" content=\"2 minuti\" \/>\r\n<script type=\"application\/ld+json\" class=\"yoast-schema-graph\">{\"@context\":\"https:\/\/schema.org\",\"@graph\":[{\"@type\":\"Article\",\"@id\":\"https:\/\/www.uilscuolaemiliaromagna.it\/public\/er\/2018\/12\/03\/nuovo-regolamento-contabile-servono-istruzioni-chiare-per-semplificare-la-vita-delle-scuole\/#article\",\"isPartOf\":{\"@id\":\"https:\/\/www.uilscuolaemiliaromagna.it\/public\/er\/2018\/12\/03\/nuovo-regolamento-contabile-servono-istruzioni-chiare-per-semplificare-la-vita-delle-scuole\/\"},\"author\":{\"name\":\"admin\",\"@id\":\"https:\/\/www.uilscuolaemiliaromagna.it\/public\/er\/#\/schema\/person\/f42878fd07a4b6ba2b7153d4fad5de5e\"},\"headline\":\"Nuovo regolamento contabile: servono istruzioni chiare per semplificare la vita delle scuole\",\"datePublished\":\"2018-12-03T17:09:56+00:00\",\"dateModified\":\"2018-12-05T11:11:36+00:00\",\"mainEntityOfPage\":{\"@id\":\"https:\/\/www.uilscuolaemiliaromagna.it\/public\/er\/2018\/12\/03\/nuovo-regolamento-contabile-servono-istruzioni-chiare-per-semplificare-la-vita-delle-scuole\/\"},\"wordCount\":500,\"publisher\":{\"@id\":\"https:\/\/www.uilscuolaemiliaromagna.it\/public\/er\/#organization\"},\"articleSection\":[\"ATA\",\"Dirigenti\",\"Notizie\",\"Personale Docente\"],\"inLanguage\":\"it-IT\"},{\"@type\":\"WebPage\",\"@id\":\"https:\/\/www.uilscuolaemiliaromagna.it\/public\/er\/2018\/12\/03\/nuovo-regolamento-contabile-servono-istruzioni-chiare-per-semplificare-la-vita-delle-scuole\/\",\"url\":\"https:\/\/www.uilscuolaemiliaromagna.it\/public\/er\/2018\/12\/03\/nuovo-regolamento-contabile-servono-istruzioni-chiare-per-semplificare-la-vita-delle-scuole\/\",\"name\":\"Nuovo regolamento contabile: servono istruzioni chiare per semplificare la vita delle scuole - Uil Scuola Emilia Romagna\",\"isPartOf\":{\"@id\":\"https:\/\/www.uilscuolaemiliaromagna.it\/public\/er\/#website\"},\"datePublished\":\"2018-12-03T17:09:56+00:00\",\"dateModified\":\"2018-12-05T11:11:36+00:00\",\"breadcrumb\":{\"@id\":\"https:\/\/www.uilscuolaemiliaromagna.it\/public\/er\/2018\/12\/03\/nuovo-regolamento-contabile-servono-istruzioni-chiare-per-semplificare-la-vita-delle-scuole\/#breadcrumb\"},\"inLanguage\":\"it-IT\",\"potentialAction\":[{\"@type\":\"ReadAction\",\"target\":[\"https:\/\/www.uilscuolaemiliaromagna.it\/public\/er\/2018\/12\/03\/nuovo-regolamento-contabile-servono-istruzioni-chiare-per-semplificare-la-vita-delle-scuole\/\"]}]},{\"@type\":\"BreadcrumbList\",\"@id\":\"https:\/\/www.uilscuolaemiliaromagna.it\/public\/er\/2018\/12\/03\/nuovo-regolamento-contabile-servono-istruzioni-chiare-per-semplificare-la-vita-delle-scuole\/#breadcrumb\",\"itemListElement\":[{\"@type\":\"ListItem\",\"position\":1,\"name\":\"Home\",\"item\":\"https:\/\/www.uilscuolaemiliaromagna.it\/public\/er\/\"},{\"@type\":\"ListItem\",\"position\":2,\"name\":\"Nuovo regolamento contabile: servono istruzioni chiare per semplificare la vita delle scuole\"}]},{\"@type\":\"WebSite\",\"@id\":\"https:\/\/www.uilscuolaemiliaromagna.it\/public\/er\/#website\",\"url\":\"https:\/\/www.uilscuolaemiliaromagna.it\/public\/er\/\",\"name\":\"Uil Scuola Emilia Romagna\",\"description\":\"La voce libera della scuola\",\"publisher\":{\"@id\":\"https:\/\/www.uilscuolaemiliaromagna.it\/public\/er\/#organization\"},\"potentialAction\":[{\"@type\":\"SearchAction\",\"target\":{\"@type\":\"EntryPoint\",\"urlTemplate\":\"https:\/\/www.uilscuolaemiliaromagna.it\/public\/er\/?s={search_term_string}\"},\"query-input\":\"required name=search_term_string\"}],\"inLanguage\":\"it-IT\"},{\"@type\":\"Organization\",\"@id\":\"https:\/\/www.uilscuolaemiliaromagna.it\/public\/er\/#organization\",\"name\":\"Uil Scuola Emilia Romagna\",\"url\":\"https:\/\/www.uilscuolaemiliaromagna.it\/public\/er\/\",\"logo\":{\"@type\":\"ImageObject\",\"inLanguage\":\"it-IT\",\"@id\":\"https:\/\/www.uilscuolaemiliaromagna.it\/public\/er\/#\/schema\/logo\/image\/\",\"url\":\"https:\/\/www.uilscuolaemiliaromagna.it\/public\/er\/wp-content\/uploads\/2017\/04\/cropped-header.png\",\"contentUrl\":\"https:\/\/www.uilscuolaemiliaromagna.it\/public\/er\/wp-content\/uploads\/2017\/04\/cropped-header.png\",\"width\":1000,\"height\":150,\"caption\":\"Uil Scuola Emilia Romagna\"},\"image\":{\"@id\":\"https:\/\/www.uilscuolaemiliaromagna.it\/public\/er\/#\/schema\/logo\/image\/\"}},{\"@type\":\"Person\",\"@id\":\"https:\/\/www.uilscuolaemiliaromagna.it\/public\/er\/#\/schema\/person\/f42878fd07a4b6ba2b7153d4fad5de5e\",\"name\":\"admin\",\"image\":{\"@type\":\"ImageObject\",\"inLanguage\":\"it-IT\",\"@id\":\"https:\/\/www.uilscuolaemiliaromagna.it\/public\/er\/#\/schema\/person\/image\/\",\"url\":\"https:\/\/secure.gravatar.com\/avatar\/aebf815ae2f30ffdae8b8c247273d34c?s=96&d=mm&r=g\",\"contentUrl\":\"https:\/\/secure.gravatar.com\/avatar\/aebf815ae2f30ffdae8b8c247273d34c?s=96&d=mm&r=g\",\"caption\":\"admin\"},\"url\":\"https:\/\/www.uilscuolaemiliaromagna.it\/public\/er\/author\/admin\/\"}]}<\/script>\r\n<!-- \/ Yoast SEO plugin. -->","yoast_head_json":{"title":"Nuovo regolamento contabile: servono istruzioni chiare per semplificare la vita delle scuole - Uil Scuola Emilia Romagna","robots":{"index":"index","follow":"follow","max-snippet":"max-snippet:-1","max-image-preview":"max-image-preview:large","max-video-preview":"max-video-preview:-1"},"canonical":"https:\/\/www.uilscuolaemiliaromagna.it\/public\/er\/2018\/12\/03\/nuovo-regolamento-contabile-servono-istruzioni-chiare-per-semplificare-la-vita-delle-scuole\/","og_locale":"it_IT","og_type":"article","og_title":"Nuovo regolamento contabile: servono istruzioni chiare per semplificare la vita delle scuole - Uil Scuola Emilia Romagna","og_description":"Dopo la presentazione del testo di riforma del regolamento di contabilit\u00e0, che per gli aspetti contabili entrer\u00e0 in vigore a gennaio 2019, ed in seguito &hellip;","og_url":"https:\/\/www.uilscuolaemiliaromagna.it\/public\/er\/2018\/12\/03\/nuovo-regolamento-contabile-servono-istruzioni-chiare-per-semplificare-la-vita-delle-scuole\/","og_site_name":"Uil Scuola Emilia Romagna","article_published_time":"2018-12-03T17:09:56+00:00","article_modified_time":"2018-12-05T11:11:36+00:00","author":"admin","twitter_card":"summary_large_image","twitter_misc":{"Scritto da":"admin","Tempo di lettura stimato":"2 minuti"},"schema":{"@context":"https:\/\/schema.org","@graph":[{"@type":"Article","@id":"https:\/\/www.uilscuolaemiliaromagna.it\/public\/er\/2018\/12\/03\/nuovo-regolamento-contabile-servono-istruzioni-chiare-per-semplificare-la-vita-delle-scuole\/#article","isPartOf":{"@id":"https:\/\/www.uilscuolaemiliaromagna.it\/public\/er\/2018\/12\/03\/nuovo-regolamento-contabile-servono-istruzioni-chiare-per-semplificare-la-vita-delle-scuole\/"},"author":{"name":"admin","@id":"https:\/\/www.uilscuolaemiliaromagna.it\/public\/er\/#\/schema\/person\/f42878fd07a4b6ba2b7153d4fad5de5e"},"headline":"Nuovo regolamento contabile: servono istruzioni chiare per semplificare la vita delle scuole","datePublished":"2018-12-03T17:09:56+00:00","dateModified":"2018-12-05T11:11:36+00:00","mainEntityOfPage":{"@id":"https:\/\/www.uilscuolaemiliaromagna.it\/public\/er\/2018\/12\/03\/nuovo-regolamento-contabile-servono-istruzioni-chiare-per-semplificare-la-vita-delle-scuole\/"},"wordCount":500,"publisher":{"@id":"https:\/\/www.uilscuolaemiliaromagna.it\/public\/er\/#organization"},"articleSection":["ATA","Dirigenti","Notizie","Personale Docente"],"inLanguage":"it-IT"},{"@type":"WebPage","@id":"https:\/\/www.uilscuolaemiliaromagna.it\/public\/er\/2018\/12\/03\/nuovo-regolamento-contabile-servono-istruzioni-chiare-per-semplificare-la-vita-delle-scuole\/","url":"https:\/\/www.uilscuolaemiliaromagna.it\/public\/er\/2018\/12\/03\/nuovo-regolamento-contabile-servono-istruzioni-chiare-per-semplificare-la-vita-delle-scuole\/","name":"Nuovo regolamento contabile: servono istruzioni chiare per semplificare la vita delle scuole - Uil Scuola Emilia Romagna","isPartOf":{"@id":"https:\/\/www.uilscuolaemiliaromagna.it\/public\/er\/#website"},"datePublished":"2018-12-03T17:09:56+00:00","dateModified":"2018-12-05T11:11:36+00:00","breadcrumb":{"@id":"https:\/\/www.uilscuolaemiliaromagna.it\/public\/er\/2018\/12\/03\/nuovo-regolamento-contabile-servono-istruzioni-chiare-per-semplificare-la-vita-delle-scuole\/#breadcrumb"},"inLanguage":"it-IT","potentialAction":[{"@type":"ReadAction","target":["https:\/\/www.uilscuolaemiliaromagna.it\/public\/er\/2018\/12\/03\/nuovo-regolamento-contabile-servono-istruzioni-chiare-per-semplificare-la-vita-delle-scuole\/"]}]},{"@type":"BreadcrumbList","@id":"https:\/\/www.uilscuolaemiliaromagna.it\/public\/er\/2018\/12\/03\/nuovo-regolamento-contabile-servono-istruzioni-chiare-per-semplificare-la-vita-delle-scuole\/#breadcrumb","itemListElement":[{"@type":"ListItem","position":1,"name":"Home","item":"https:\/\/www.uilscuolaemiliaromagna.it\/public\/er\/"},{"@type":"ListItem","position":2,"name":"Nuovo regolamento contabile: servono istruzioni chiare per semplificare la vita delle scuole"}]},{"@type":"WebSite","@id":"https:\/\/www.uilscuolaemiliaromagna.it\/public\/er\/#website","url":"https:\/\/www.uilscuolaemiliaromagna.it\/public\/er\/","name":"Uil Scuola Emilia Romagna","description":"La voce libera della scuola","publisher":{"@id":"https:\/\/www.uilscuolaemiliaromagna.it\/public\/er\/#organization"},"potentialAction":[{"@type":"SearchAction","target":{"@type":"EntryPoint","urlTemplate":"https:\/\/www.uilscuolaemiliaromagna.it\/public\/er\/?s={search_term_string}"},"query-input":"required name=search_term_string"}],"inLanguage":"it-IT"},{"@type":"Organization","@id":"https:\/\/www.uilscuolaemiliaromagna.it\/public\/er\/#organization","name":"Uil Scuola Emilia Romagna","url":"https:\/\/www.uilscuolaemiliaromagna.it\/public\/er\/","logo":{"@type":"ImageObject","inLanguage":"it-IT","@id":"https:\/\/www.uilscuolaemiliaromagna.it\/public\/er\/#\/schema\/logo\/image\/","url":"https:\/\/www.uilscuolaemiliaromagna.it\/public\/er\/wp-content\/uploads\/2017\/04\/cropped-header.png","contentUrl":"https:\/\/www.uilscuolaemiliaromagna.it\/public\/er\/wp-content\/uploads\/2017\/04\/cropped-header.png","width":1000,"height":150,"caption":"Uil Scuola Emilia Romagna"},"image":{"@id":"https:\/\/www.uilscuolaemiliaromagna.it\/public\/er\/#\/schema\/logo\/image\/"}},{"@type":"Person","@id":"https:\/\/www.uilscuolaemiliaromagna.it\/public\/er\/#\/schema\/person\/f42878fd07a4b6ba2b7153d4fad5de5e","name":"admin","image":{"@type":"ImageObject","inLanguage":"it-IT","@id":"https:\/\/www.uilscuolaemiliaromagna.it\/public\/er\/#\/schema\/person\/image\/","url":"https:\/\/secure.gravatar.com\/avatar\/aebf815ae2f30ffdae8b8c247273d34c?s=96&d=mm&r=g","contentUrl":"https:\/\/secure.gravatar.com\/avatar\/aebf815ae2f30ffdae8b8c247273d34c?s=96&d=mm&r=g","caption":"admin"},"url":"https:\/\/www.uilscuolaemiliaromagna.it\/public\/er\/author\/admin\/"}]}},"views":1010,"_links":{"self":[{"href":"https:\/\/www.uilscuolaemiliaromagna.it\/public\/er\/wp-json\/wp\/v2\/posts\/3862"}],"collection":[{"href":"https:\/\/www.uilscuolaemiliaromagna.it\/public\/er\/wp-json\/wp\/v2\/posts"}],"about":[{"href":"https:\/\/www.uilscuolaemiliaromagna.it\/public\/er\/wp-json\/wp\/v2\/types\/post"}],"author":[{"embeddable":true,"href":"https:\/\/www.uilscuolaemiliaromagna.it\/public\/er\/wp-json\/wp\/v2\/users\/1"}],"replies":[{"embeddable":true,"href":"https:\/\/www.uilscuolaemiliaromagna.it\/public\/er\/wp-json\/wp\/v2\/comments?post=3862"}],"version-history":[{"count":1,"href":"https:\/\/www.uilscuolaemiliaromagna.it\/public\/er\/wp-json\/wp\/v2\/posts\/3862\/revisions"}],"predecessor-version":[{"id":3863,"href":"https:\/\/www.uilscuolaemiliaromagna.it\/public\/er\/wp-json\/wp\/v2\/posts\/3862\/revisions\/3863"}],"wp:attachment":[{"href":"https:\/\/www.uilscuolaemiliaromagna.it\/public\/er\/wp-json\/wp\/v2\/media?parent=3862"}],"wp:term":[{"taxonomy":"category","embeddable":true,"href":"https:\/\/www.uilscuolaemiliaromagna.it\/public\/er\/wp-json\/wp\/v2\/categories?post=3862"},{"taxonomy":"post_tag","embeddable":true,"href":"https:\/\/www.uilscuolaemiliaromagna.it\/public\/er\/wp-json\/wp\/v2\/tags?post=3862"}],"curies":[{"name":"wp","href":"https:\/\/api.w.org\/{rel}","templated":true}]}}