{"id":4015,"date":"2019-01-31T10:49:56","date_gmt":"2019-01-31T09:49:56","guid":{"rendered":"http:\/\/www.uilscuolaemiliaromagna.it\/public\/er\/?p=4015"},"modified":"2020-10-21T23:24:50","modified_gmt":"2020-10-21T21:24:50","slug":"formiamoci-dalla-ricostruzione-di-carriera-allo-stipendio-e-alla-pensione-lunedi-18-febbraio-dalle-14-00-alle-18-00-e-martedi-19-febbraio-dalle-09-30-alle-13-30","status":"publish","type":"post","link":"https:\/\/www.uilscuolaemiliaromagna.it\/public\/er\/2019\/01\/31\/formiamoci-dalla-ricostruzione-di-carriera-allo-stipendio-e-alla-pensione-lunedi-18-febbraio-dalle-14-00-alle-18-00-e-martedi-19-febbraio-dalle-09-30-alle-13-30\/","title":{"rendered":"FORMIAMOCI | \u201cDalla ricostruzione di carriera allo stipendio e alla pensione\u201d &#8211; LUNED\u00cc 18 FEBBRAIO dalle 14.00 alle 18.00 e MARTED\u00cc 19 FEBBRAIO dalle 09.30 alle 13.30"},"content":{"rendered":"<p style=\"text-align: justify;\"><span style=\"margin: 0px; color: #333333; font-family: 'Georgia','serif';\">L\u2019IRASE Nazionale (Ente qualificato per la formazione del personale della Scuola &#8211; decreto MIUR prot. n. 1222 del 05.07.05 \u2013 1 dicembre DIRETTIVA 170\/2016) in collaborazione con la FEDERAZIONE UIL Scuola RUA di Bologna promuove un incontro di formazione sulle seguenti tematiche:<\/span><\/p>\n<p style=\"text-align: justify; line-height: 18pt; padding-left: 30px; word-spacing: 0px; -webkit-text-stroke-width: 0px;\"><span style=\"margin: 0px; color: #333333; font-family: 'Georgia','serif';\">\u00b7\u00a0\u00a0\u00a0\u00a0\u00a0\u00a0\u00a0\u00a0 Ricostruzione di carriera ( passaggi di ruolo \u2013 Istruttorie e calcoli)\u00a0 <\/span><\/p>\n<p style=\"text-align: justify; line-height: 18pt; padding-left: 30px; word-spacing: 0px; -webkit-text-stroke-width: 0px;\"><span style=\"margin: 0px; color: #333333; font-family: 'Georgia','serif';\">\u00b7\u00a0\u00a0\u00a0\u00a0\u00a0\u00a0\u00a0\u00a0 Esempi di ricostruzione di carriera\u00a0 <\/span><\/p>\n<p style=\"text-align: justify; line-height: 18pt; padding-left: 30px; word-spacing: 0px; -webkit-text-stroke-width: 0px;\"><span style=\"margin: 0px; color: #333333; font-family: 'Georgia','serif';\">\u00b7\u00a0\u00a0\u00a0\u00a0\u00a0\u00a0\u00a0\u00a0 Esempi di temporizzazione\u00a0 <\/span><\/p>\n<p style=\"text-align: justify; line-height: 18pt; padding-left: 30px; word-spacing: 0px; -webkit-text-stroke-width: 0px;\"><span style=\"margin: 0px; color: #333333; font-family: 'Georgia','serif';\">\u00b7\u00a0\u00a0\u00a0\u00a0\u00a0\u00a0\u00a0\u00a0 Ricostruzione ai fini previdenziali (computo, riscatto, ricongiunzione\u2026) ed Estratto \u00a0\u00a0\u00a0contributivo<\/span><\/p>\n<p style=\"text-align: justify; line-height: 18pt; padding-left: 30px; word-spacing: 0px; -webkit-text-stroke-width: 0px;\"><span style=\"margin: 0px; color: #333333; font-family: 'Georgia','serif';\">\u00b7\u00a0\u00a0\u00a0\u00a0\u00a0\u00a0\u00a0\u00a0 TFS e TFR<\/span><\/p>\n<p style=\"text-align: justify; line-height: 18pt; padding-left: 30px; word-spacing: 0px; -webkit-text-stroke-width: 0px;\"><span style=\"margin: 0px; color: #333333; font-family: 'Georgia','serif';\">\u00b7\u00a0\u00a0\u00a0\u00a0\u00a0\u00a0\u00a0\u00a0 Pensioni: requisiti e calcolo<\/span><\/p>\n<p><img loading=\"lazy\" decoding=\"async\" class=\"aligncenter size-large wp-image-4016\" src=\"https:\/\/www.uilscuolaemiliaromagna.it\/public\/er\/wp-content\/uploads\/2019\/01\/Formazione-febbraio-aa-724x1024.jpg\" alt=\"\" width=\"724\" height=\"1024\" srcset=\"https:\/\/www.uilscuolaemiliaromagna.it\/public\/er\/wp-content\/uploads\/2019\/01\/Formazione-febbraio-aa-724x1024.jpg 724w, https:\/\/www.uilscuolaemiliaromagna.it\/public\/er\/wp-content\/uploads\/2019\/01\/Formazione-febbraio-aa-212x300.jpg 212w, https:\/\/www.uilscuolaemiliaromagna.it\/public\/er\/wp-content\/uploads\/2019\/01\/Formazione-febbraio-aa-768x1086.jpg 768w, https:\/\/www.uilscuolaemiliaromagna.it\/public\/er\/wp-content\/uploads\/2019\/01\/Formazione-febbraio-aa.jpg 1131w\" sizes=\"(max-width: 724px) 100vw, 724px\" \/><\/p>\n<p style=\"text-align: justify;\"><span style=\"margin: 0px; color: #333333; font-family: 'Georgia','serif';\">Per la partecipazione \u00e8 necessario compilare l\u2019allegato modulo di iscrizione da inviare entro e non oltre il 15\/02\/2019 a mezzo e-mail al seguente indirizzo: <a>bologna@uilscuola.it<\/a> Per ulteriori informazioni \u00e8 possibile contattare i nostri uffici 051523831 oppure Serafino 3282258300 \u2013 \u00a0Marco 3479688040<\/span><\/p>\n<p style=\"text-align: justify;\"><span style=\"margin: 0px; color: #333333; font-family: 'Georgia','serif';\">Il corso \u00e8 a numero chiuso e in caso di eccedenza di domande sar\u00e0 data priorit\u00e0 agli iscritti e iscrivendi alla FEDERAZIONE UIL SCUOLA RUA; di seguito sar\u00e0 data priorit\u00e0 in base all\u2019ordine di arrivo delle domande.<\/span><\/p>\n<p style=\"text-align: justify;\"><span style=\"margin: 0px; color: #333333; line-height: 115%; font-family: 'Georgia','serif'; font-size: 12pt;\">L\u2019ADESIONE ALL\u2019INIZIATIVA \u00c8 GRATUITA E SI CONFIGURA COME ATTIVIT\u00c0 DI AGGIORNAMENTO. \u00c8 PREVISTO L\u2019ESONERO DAL SERVIZIO AI SENSI DEGLI ARTT. 64 E 67 DEL CCNL 2006\/09.<\/span> <span style=\"margin: 0px; color: #333333; line-height: 115%; font-family: 'Georgia','serif'; font-size: 12pt;\">AL TERMINE DELL\u2019INIZIATIVA VERR\u00c0 RILASCIATO ATTESTATO DI PARTECIPAZIONE.<\/span><\/p>\n<ul>\n<li><a href=\"https:\/\/www.uilscuolaemiliaromagna.it\/public\/er\/wp-content\/uploads\/2019\/01\/Formazione_febbraio_2019_1.pdf\" target=\"_blank\" rel=\"noopener noreferrer\">la locandina in formato pdf<\/a><\/li>\n<li><a href=\"https:\/\/www.uilscuolaemiliaromagna.it\/public\/er\/wp-content\/uploads\/2019\/01\/modulo-di-iscrizione-dalla-ricostruzione-di-carriera-allo-stipendio-e-alla-pensione.docx\" target=\"_blank\" rel=\"noopener noreferrer\">il modulo di iscrizione<\/a><\/li>\n<li><a href=\"https:\/\/www.uilscuolaemiliaromagna.it\/public\/er\/wp-content\/uploads\/2019\/01\/richiesta-PERMESSO-x-formazione-ATA.doc\" target=\"_blank\" rel=\"noopener noreferrer\">la richiesta di permesso<\/a><\/li>\n<\/ul>\n\n<div class=\"twitter-share\"><a href=\"https:\/\/twitter.com\/intent\/tweet?via=UILScuolaBO_ER\" class=\"twitter-share-button\" data-size=\"large\">Tweet<\/a><\/div>\n","protected":false},"excerpt":{"rendered":"<p>L\u2019IRASE Nazionale (Ente qualificato per la formazione del personale della Scuola &#8211; decreto MIUR prot. n. 1222 del 05.07.05 \u2013 1 dicembre DIRETTIVA 170\/2016) in &hellip; <\/p>\n","protected":false},"author":1,"featured_media":0,"comment_status":"closed","ping_status":"open","sticky":false,"template":"","format":"standard","meta":{"footnotes":""},"categories":[2,27,12],"tags":[],"yoast_head":"<!-- This site is optimized with the Yoast SEO plugin v21.7 - https:\/\/yoast.com\/wordpress\/plugins\/seo\/ -->\r\n<title>FORMIAMOCI | \u201cDalla ricostruzione di carriera allo stipendio e alla pensione\u201d - LUNED\u00cc 18 FEBBRAIO dalle 14.00 alle 18.00 e MARTED\u00cc 19 FEBBRAIO dalle 09.30 alle 13.30 - Uil Scuola Emilia Romagna<\/title>\r\n<meta name=\"robots\" content=\"index, follow, max-snippet:-1, max-image-preview:large, max-video-preview:-1\" \/>\r\n<link rel=\"canonical\" href=\"https:\/\/www.uilscuolaemiliaromagna.it\/public\/er\/2019\/01\/31\/formiamoci-dalla-ricostruzione-di-carriera-allo-stipendio-e-alla-pensione-lunedi-18-febbraio-dalle-14-00-alle-18-00-e-martedi-19-febbraio-dalle-09-30-alle-13-30\/\" \/>\r\n<meta property=\"og:locale\" content=\"it_IT\" \/>\r\n<meta property=\"og:type\" content=\"article\" \/>\r\n<meta property=\"og:title\" content=\"FORMIAMOCI | \u201cDalla ricostruzione di carriera allo stipendio e alla pensione\u201d - LUNED\u00cc 18 FEBBRAIO dalle 14.00 alle 18.00 e MARTED\u00cc 19 FEBBRAIO dalle 09.30 alle 13.30 - Uil Scuola Emilia Romagna\" \/>\r\n<meta property=\"og:description\" content=\"L\u2019IRASE Nazionale (Ente qualificato per la formazione del personale della Scuola &#8211; decreto MIUR prot. n. 1222 del 05.07.05 \u2013 1 dicembre DIRETTIVA 170\/2016) in &hellip;\" \/>\r\n<meta property=\"og:url\" content=\"https:\/\/www.uilscuolaemiliaromagna.it\/public\/er\/2019\/01\/31\/formiamoci-dalla-ricostruzione-di-carriera-allo-stipendio-e-alla-pensione-lunedi-18-febbraio-dalle-14-00-alle-18-00-e-martedi-19-febbraio-dalle-09-30-alle-13-30\/\" \/>\r\n<meta property=\"og:site_name\" content=\"Uil Scuola Emilia Romagna\" \/>\r\n<meta property=\"article:published_time\" content=\"2019-01-31T09:49:56+00:00\" \/>\r\n<meta property=\"article:modified_time\" content=\"2020-10-21T21:24:50+00:00\" \/>\r\n<meta property=\"og:image\" content=\"http:\/\/www.uilscuolaemiliaromagna.it\/public\/er\/wp-content\/uploads\/2019\/01\/Formazione-febbraio-aa-724x1024.jpg\" \/>\r\n<meta name=\"author\" content=\"admin\" \/>\r\n<meta name=\"twitter:card\" content=\"summary_large_image\" \/>\r\n<meta name=\"twitter:label1\" content=\"Scritto da\" \/>\n\t<meta name=\"twitter:data1\" content=\"admin\" \/>\n\t<meta name=\"twitter:label2\" content=\"Tempo di lettura stimato\" \/>\n\t<meta name=\"twitter:data2\" content=\"1 minuto\" \/>\r\n<script type=\"application\/ld+json\" class=\"yoast-schema-graph\">{\"@context\":\"https:\/\/schema.org\",\"@graph\":[{\"@type\":\"Article\",\"@id\":\"https:\/\/www.uilscuolaemiliaromagna.it\/public\/er\/2019\/01\/31\/formiamoci-dalla-ricostruzione-di-carriera-allo-stipendio-e-alla-pensione-lunedi-18-febbraio-dalle-14-00-alle-18-00-e-martedi-19-febbraio-dalle-09-30-alle-13-30\/#article\",\"isPartOf\":{\"@id\":\"https:\/\/www.uilscuolaemiliaromagna.it\/public\/er\/2019\/01\/31\/formiamoci-dalla-ricostruzione-di-carriera-allo-stipendio-e-alla-pensione-lunedi-18-febbraio-dalle-14-00-alle-18-00-e-martedi-19-febbraio-dalle-09-30-alle-13-30\/\"},\"author\":{\"name\":\"admin\",\"@id\":\"https:\/\/www.uilscuolaemiliaromagna.it\/public\/er\/#\/schema\/person\/f42878fd07a4b6ba2b7153d4fad5de5e\"},\"headline\":\"FORMIAMOCI | \u201cDalla ricostruzione di carriera allo stipendio e alla pensione\u201d &#8211; LUNED\u00cc 18 FEBBRAIO dalle 14.00 alle 18.00 e MARTED\u00cc 19 FEBBRAIO dalle 09.30 alle 13.30\",\"datePublished\":\"2019-01-31T09:49:56+00:00\",\"dateModified\":\"2020-10-21T21:24:50+00:00\",\"mainEntityOfPage\":{\"@id\":\"https:\/\/www.uilscuolaemiliaromagna.it\/public\/er\/2019\/01\/31\/formiamoci-dalla-ricostruzione-di-carriera-allo-stipendio-e-alla-pensione-lunedi-18-febbraio-dalle-14-00-alle-18-00-e-martedi-19-febbraio-dalle-09-30-alle-13-30\/\"},\"wordCount\":212,\"publisher\":{\"@id\":\"https:\/\/www.uilscuolaemiliaromagna.it\/public\/er\/#organization\"},\"articleSection\":[\"ATA\",\"Formazione\",\"Notizie\"],\"inLanguage\":\"it-IT\"},{\"@type\":\"WebPage\",\"@id\":\"https:\/\/www.uilscuolaemiliaromagna.it\/public\/er\/2019\/01\/31\/formiamoci-dalla-ricostruzione-di-carriera-allo-stipendio-e-alla-pensione-lunedi-18-febbraio-dalle-14-00-alle-18-00-e-martedi-19-febbraio-dalle-09-30-alle-13-30\/\",\"url\":\"https:\/\/www.uilscuolaemiliaromagna.it\/public\/er\/2019\/01\/31\/formiamoci-dalla-ricostruzione-di-carriera-allo-stipendio-e-alla-pensione-lunedi-18-febbraio-dalle-14-00-alle-18-00-e-martedi-19-febbraio-dalle-09-30-alle-13-30\/\",\"name\":\"FORMIAMOCI | \u201cDalla ricostruzione di carriera allo stipendio e alla pensione\u201d - LUNED\u00cc 18 FEBBRAIO dalle 14.00 alle 18.00 e MARTED\u00cc 19 FEBBRAIO dalle 09.30 alle 13.30 - Uil Scuola Emilia Romagna\",\"isPartOf\":{\"@id\":\"https:\/\/www.uilscuolaemiliaromagna.it\/public\/er\/#website\"},\"datePublished\":\"2019-01-31T09:49:56+00:00\",\"dateModified\":\"2020-10-21T21:24:50+00:00\",\"breadcrumb\":{\"@id\":\"https:\/\/www.uilscuolaemiliaromagna.it\/public\/er\/2019\/01\/31\/formiamoci-dalla-ricostruzione-di-carriera-allo-stipendio-e-alla-pensione-lunedi-18-febbraio-dalle-14-00-alle-18-00-e-martedi-19-febbraio-dalle-09-30-alle-13-30\/#breadcrumb\"},\"inLanguage\":\"it-IT\",\"potentialAction\":[{\"@type\":\"ReadAction\",\"target\":[\"https:\/\/www.uilscuolaemiliaromagna.it\/public\/er\/2019\/01\/31\/formiamoci-dalla-ricostruzione-di-carriera-allo-stipendio-e-alla-pensione-lunedi-18-febbraio-dalle-14-00-alle-18-00-e-martedi-19-febbraio-dalle-09-30-alle-13-30\/\"]}]},{\"@type\":\"BreadcrumbList\",\"@id\":\"https:\/\/www.uilscuolaemiliaromagna.it\/public\/er\/2019\/01\/31\/formiamoci-dalla-ricostruzione-di-carriera-allo-stipendio-e-alla-pensione-lunedi-18-febbraio-dalle-14-00-alle-18-00-e-martedi-19-febbraio-dalle-09-30-alle-13-30\/#breadcrumb\",\"itemListElement\":[{\"@type\":\"ListItem\",\"position\":1,\"name\":\"Home\",\"item\":\"https:\/\/www.uilscuolaemiliaromagna.it\/public\/er\/\"},{\"@type\":\"ListItem\",\"position\":2,\"name\":\"FORMIAMOCI | \u201cDalla ricostruzione di carriera allo stipendio e alla pensione\u201d &#8211; LUNED\u00cc 18 FEBBRAIO dalle 14.00 alle 18.00 e MARTED\u00cc 19 FEBBRAIO dalle 09.30 alle 13.30\"}]},{\"@type\":\"WebSite\",\"@id\":\"https:\/\/www.uilscuolaemiliaromagna.it\/public\/er\/#website\",\"url\":\"https:\/\/www.uilscuolaemiliaromagna.it\/public\/er\/\",\"name\":\"Uil Scuola Emilia Romagna\",\"description\":\"La voce libera della scuola\",\"publisher\":{\"@id\":\"https:\/\/www.uilscuolaemiliaromagna.it\/public\/er\/#organization\"},\"potentialAction\":[{\"@type\":\"SearchAction\",\"target\":{\"@type\":\"EntryPoint\",\"urlTemplate\":\"https:\/\/www.uilscuolaemiliaromagna.it\/public\/er\/?s={search_term_string}\"},\"query-input\":\"required name=search_term_string\"}],\"inLanguage\":\"it-IT\"},{\"@type\":\"Organization\",\"@id\":\"https:\/\/www.uilscuolaemiliaromagna.it\/public\/er\/#organization\",\"name\":\"Uil Scuola Emilia Romagna\",\"url\":\"https:\/\/www.uilscuolaemiliaromagna.it\/public\/er\/\",\"logo\":{\"@type\":\"ImageObject\",\"inLanguage\":\"it-IT\",\"@id\":\"https:\/\/www.uilscuolaemiliaromagna.it\/public\/er\/#\/schema\/logo\/image\/\",\"url\":\"https:\/\/www.uilscuolaemiliaromagna.it\/public\/er\/wp-content\/uploads\/2017\/04\/cropped-header.png\",\"contentUrl\":\"https:\/\/www.uilscuolaemiliaromagna.it\/public\/er\/wp-content\/uploads\/2017\/04\/cropped-header.png\",\"width\":1000,\"height\":150,\"caption\":\"Uil Scuola Emilia Romagna\"},\"image\":{\"@id\":\"https:\/\/www.uilscuolaemiliaromagna.it\/public\/er\/#\/schema\/logo\/image\/\"}},{\"@type\":\"Person\",\"@id\":\"https:\/\/www.uilscuolaemiliaromagna.it\/public\/er\/#\/schema\/person\/f42878fd07a4b6ba2b7153d4fad5de5e\",\"name\":\"admin\",\"image\":{\"@type\":\"ImageObject\",\"inLanguage\":\"it-IT\",\"@id\":\"https:\/\/www.uilscuolaemiliaromagna.it\/public\/er\/#\/schema\/person\/image\/\",\"url\":\"https:\/\/secure.gravatar.com\/avatar\/aebf815ae2f30ffdae8b8c247273d34c?s=96&d=mm&r=g\",\"contentUrl\":\"https:\/\/secure.gravatar.com\/avatar\/aebf815ae2f30ffdae8b8c247273d34c?s=96&d=mm&r=g\",\"caption\":\"admin\"},\"url\":\"https:\/\/www.uilscuolaemiliaromagna.it\/public\/er\/author\/admin\/\"}]}<\/script>\r\n<!-- \/ Yoast SEO plugin. -->","yoast_head_json":{"title":"FORMIAMOCI | \u201cDalla ricostruzione di carriera allo stipendio e alla pensione\u201d - LUNED\u00cc 18 FEBBRAIO dalle 14.00 alle 18.00 e MARTED\u00cc 19 FEBBRAIO dalle 09.30 alle 13.30 - Uil Scuola Emilia Romagna","robots":{"index":"index","follow":"follow","max-snippet":"max-snippet:-1","max-image-preview":"max-image-preview:large","max-video-preview":"max-video-preview:-1"},"canonical":"https:\/\/www.uilscuolaemiliaromagna.it\/public\/er\/2019\/01\/31\/formiamoci-dalla-ricostruzione-di-carriera-allo-stipendio-e-alla-pensione-lunedi-18-febbraio-dalle-14-00-alle-18-00-e-martedi-19-febbraio-dalle-09-30-alle-13-30\/","og_locale":"it_IT","og_type":"article","og_title":"FORMIAMOCI | \u201cDalla ricostruzione di carriera allo stipendio e alla pensione\u201d - LUNED\u00cc 18 FEBBRAIO dalle 14.00 alle 18.00 e MARTED\u00cc 19 FEBBRAIO dalle 09.30 alle 13.30 - Uil Scuola Emilia Romagna","og_description":"L\u2019IRASE Nazionale (Ente qualificato per la formazione del personale della Scuola &#8211; decreto MIUR prot. n. 1222 del 05.07.05 \u2013 1 dicembre DIRETTIVA 170\/2016) in &hellip;","og_url":"https:\/\/www.uilscuolaemiliaromagna.it\/public\/er\/2019\/01\/31\/formiamoci-dalla-ricostruzione-di-carriera-allo-stipendio-e-alla-pensione-lunedi-18-febbraio-dalle-14-00-alle-18-00-e-martedi-19-febbraio-dalle-09-30-alle-13-30\/","og_site_name":"Uil Scuola Emilia Romagna","article_published_time":"2019-01-31T09:49:56+00:00","article_modified_time":"2020-10-21T21:24:50+00:00","og_image":[{"url":"http:\/\/www.uilscuolaemiliaromagna.it\/public\/er\/wp-content\/uploads\/2019\/01\/Formazione-febbraio-aa-724x1024.jpg"}],"author":"admin","twitter_card":"summary_large_image","twitter_misc":{"Scritto da":"admin","Tempo di lettura stimato":"1 minuto"},"schema":{"@context":"https:\/\/schema.org","@graph":[{"@type":"Article","@id":"https:\/\/www.uilscuolaemiliaromagna.it\/public\/er\/2019\/01\/31\/formiamoci-dalla-ricostruzione-di-carriera-allo-stipendio-e-alla-pensione-lunedi-18-febbraio-dalle-14-00-alle-18-00-e-martedi-19-febbraio-dalle-09-30-alle-13-30\/#article","isPartOf":{"@id":"https:\/\/www.uilscuolaemiliaromagna.it\/public\/er\/2019\/01\/31\/formiamoci-dalla-ricostruzione-di-carriera-allo-stipendio-e-alla-pensione-lunedi-18-febbraio-dalle-14-00-alle-18-00-e-martedi-19-febbraio-dalle-09-30-alle-13-30\/"},"author":{"name":"admin","@id":"https:\/\/www.uilscuolaemiliaromagna.it\/public\/er\/#\/schema\/person\/f42878fd07a4b6ba2b7153d4fad5de5e"},"headline":"FORMIAMOCI | \u201cDalla ricostruzione di carriera allo stipendio e alla pensione\u201d &#8211; LUNED\u00cc 18 FEBBRAIO dalle 14.00 alle 18.00 e MARTED\u00cc 19 FEBBRAIO dalle 09.30 alle 13.30","datePublished":"2019-01-31T09:49:56+00:00","dateModified":"2020-10-21T21:24:50+00:00","mainEntityOfPage":{"@id":"https:\/\/www.uilscuolaemiliaromagna.it\/public\/er\/2019\/01\/31\/formiamoci-dalla-ricostruzione-di-carriera-allo-stipendio-e-alla-pensione-lunedi-18-febbraio-dalle-14-00-alle-18-00-e-martedi-19-febbraio-dalle-09-30-alle-13-30\/"},"wordCount":212,"publisher":{"@id":"https:\/\/www.uilscuolaemiliaromagna.it\/public\/er\/#organization"},"articleSection":["ATA","Formazione","Notizie"],"inLanguage":"it-IT"},{"@type":"WebPage","@id":"https:\/\/www.uilscuolaemiliaromagna.it\/public\/er\/2019\/01\/31\/formiamoci-dalla-ricostruzione-di-carriera-allo-stipendio-e-alla-pensione-lunedi-18-febbraio-dalle-14-00-alle-18-00-e-martedi-19-febbraio-dalle-09-30-alle-13-30\/","url":"https:\/\/www.uilscuolaemiliaromagna.it\/public\/er\/2019\/01\/31\/formiamoci-dalla-ricostruzione-di-carriera-allo-stipendio-e-alla-pensione-lunedi-18-febbraio-dalle-14-00-alle-18-00-e-martedi-19-febbraio-dalle-09-30-alle-13-30\/","name":"FORMIAMOCI | \u201cDalla ricostruzione di carriera allo stipendio e alla pensione\u201d - LUNED\u00cc 18 FEBBRAIO dalle 14.00 alle 18.00 e MARTED\u00cc 19 FEBBRAIO dalle 09.30 alle 13.30 - Uil Scuola Emilia Romagna","isPartOf":{"@id":"https:\/\/www.uilscuolaemiliaromagna.it\/public\/er\/#website"},"datePublished":"2019-01-31T09:49:56+00:00","dateModified":"2020-10-21T21:24:50+00:00","breadcrumb":{"@id":"https:\/\/www.uilscuolaemiliaromagna.it\/public\/er\/2019\/01\/31\/formiamoci-dalla-ricostruzione-di-carriera-allo-stipendio-e-alla-pensione-lunedi-18-febbraio-dalle-14-00-alle-18-00-e-martedi-19-febbraio-dalle-09-30-alle-13-30\/#breadcrumb"},"inLanguage":"it-IT","potentialAction":[{"@type":"ReadAction","target":["https:\/\/www.uilscuolaemiliaromagna.it\/public\/er\/2019\/01\/31\/formiamoci-dalla-ricostruzione-di-carriera-allo-stipendio-e-alla-pensione-lunedi-18-febbraio-dalle-14-00-alle-18-00-e-martedi-19-febbraio-dalle-09-30-alle-13-30\/"]}]},{"@type":"BreadcrumbList","@id":"https:\/\/www.uilscuolaemiliaromagna.it\/public\/er\/2019\/01\/31\/formiamoci-dalla-ricostruzione-di-carriera-allo-stipendio-e-alla-pensione-lunedi-18-febbraio-dalle-14-00-alle-18-00-e-martedi-19-febbraio-dalle-09-30-alle-13-30\/#breadcrumb","itemListElement":[{"@type":"ListItem","position":1,"name":"Home","item":"https:\/\/www.uilscuolaemiliaromagna.it\/public\/er\/"},{"@type":"ListItem","position":2,"name":"FORMIAMOCI | \u201cDalla ricostruzione di carriera allo stipendio e alla pensione\u201d &#8211; LUNED\u00cc 18 FEBBRAIO dalle 14.00 alle 18.00 e MARTED\u00cc 19 FEBBRAIO dalle 09.30 alle 13.30"}]},{"@type":"WebSite","@id":"https:\/\/www.uilscuolaemiliaromagna.it\/public\/er\/#website","url":"https:\/\/www.uilscuolaemiliaromagna.it\/public\/er\/","name":"Uil Scuola Emilia Romagna","description":"La voce libera della scuola","publisher":{"@id":"https:\/\/www.uilscuolaemiliaromagna.it\/public\/er\/#organization"},"potentialAction":[{"@type":"SearchAction","target":{"@type":"EntryPoint","urlTemplate":"https:\/\/www.uilscuolaemiliaromagna.it\/public\/er\/?s={search_term_string}"},"query-input":"required name=search_term_string"}],"inLanguage":"it-IT"},{"@type":"Organization","@id":"https:\/\/www.uilscuolaemiliaromagna.it\/public\/er\/#organization","name":"Uil Scuola Emilia Romagna","url":"https:\/\/www.uilscuolaemiliaromagna.it\/public\/er\/","logo":{"@type":"ImageObject","inLanguage":"it-IT","@id":"https:\/\/www.uilscuolaemiliaromagna.it\/public\/er\/#\/schema\/logo\/image\/","url":"https:\/\/www.uilscuolaemiliaromagna.it\/public\/er\/wp-content\/uploads\/2017\/04\/cropped-header.png","contentUrl":"https:\/\/www.uilscuolaemiliaromagna.it\/public\/er\/wp-content\/uploads\/2017\/04\/cropped-header.png","width":1000,"height":150,"caption":"Uil Scuola Emilia Romagna"},"image":{"@id":"https:\/\/www.uilscuolaemiliaromagna.it\/public\/er\/#\/schema\/logo\/image\/"}},{"@type":"Person","@id":"https:\/\/www.uilscuolaemiliaromagna.it\/public\/er\/#\/schema\/person\/f42878fd07a4b6ba2b7153d4fad5de5e","name":"admin","image":{"@type":"ImageObject","inLanguage":"it-IT","@id":"https:\/\/www.uilscuolaemiliaromagna.it\/public\/er\/#\/schema\/person\/image\/","url":"https:\/\/secure.gravatar.com\/avatar\/aebf815ae2f30ffdae8b8c247273d34c?s=96&d=mm&r=g","contentUrl":"https:\/\/secure.gravatar.com\/avatar\/aebf815ae2f30ffdae8b8c247273d34c?s=96&d=mm&r=g","caption":"admin"},"url":"https:\/\/www.uilscuolaemiliaromagna.it\/public\/er\/author\/admin\/"}]}},"views":1812,"_links":{"self":[{"href":"https:\/\/www.uilscuolaemiliaromagna.it\/public\/er\/wp-json\/wp\/v2\/posts\/4015"}],"collection":[{"href":"https:\/\/www.uilscuolaemiliaromagna.it\/public\/er\/wp-json\/wp\/v2\/posts"}],"about":[{"href":"https:\/\/www.uilscuolaemiliaromagna.it\/public\/er\/wp-json\/wp\/v2\/types\/post"}],"author":[{"embeddable":true,"href":"https:\/\/www.uilscuolaemiliaromagna.it\/public\/er\/wp-json\/wp\/v2\/users\/1"}],"replies":[{"embeddable":true,"href":"https:\/\/www.uilscuolaemiliaromagna.it\/public\/er\/wp-json\/wp\/v2\/comments?post=4015"}],"version-history":[{"count":2,"href":"https:\/\/www.uilscuolaemiliaromagna.it\/public\/er\/wp-json\/wp\/v2\/posts\/4015\/revisions"}],"predecessor-version":[{"id":7065,"href":"https:\/\/www.uilscuolaemiliaromagna.it\/public\/er\/wp-json\/wp\/v2\/posts\/4015\/revisions\/7065"}],"wp:attachment":[{"href":"https:\/\/www.uilscuolaemiliaromagna.it\/public\/er\/wp-json\/wp\/v2\/media?parent=4015"}],"wp:term":[{"taxonomy":"category","embeddable":true,"href":"https:\/\/www.uilscuolaemiliaromagna.it\/public\/er\/wp-json\/wp\/v2\/categories?post=4015"},{"taxonomy":"post_tag","embeddable":true,"href":"https:\/\/www.uilscuolaemiliaromagna.it\/public\/er\/wp-json\/wp\/v2\/tags?post=4015"}],"curies":[{"name":"wp","href":"https:\/\/api.w.org\/{rel}","templated":true}]}}