{"id":4055,"date":"2019-02-09T11:20:04","date_gmt":"2019-02-09T10:20:04","guid":{"rendered":"http:\/\/www.uilscuolaemiliaromagna.it\/public\/er\/?p=4055"},"modified":"2019-02-09T20:47:32","modified_gmt":"2019-02-09T19:47:32","slug":"9-febbraio-manifestazione-nazionale-a-roma","status":"publish","type":"post","link":"https:\/\/www.uilscuolaemiliaromagna.it\/public\/er\/2019\/02\/09\/9-febbraio-manifestazione-nazionale-a-roma\/","title":{"rendered":"9 FEBBRAIO | Manifestazione nazionale a Roma"},"content":{"rendered":"<p style=\"font-weight: 400;\">Turi: le dichiarazioni del ministro da valutare con freddezza<br \/>\n<strong><em>A noi servono risposte concrete a proposte concrete. La piazza di oggi parla da sola.<\/em><\/strong><\/p>\n<p style=\"font-weight: 400;\">Serve fermezza nel giudicare le dichiarazioni del Ministro, ma credo serva anche pacatezza.<br \/>\nIl Ministro \u00e8 semplicemente scivolato con dichiarazioni fuori posto, oppure ha detto quello che realmente pensa? Se dovesse ricorrere questa seconda ipotesi, allora la questione diventerebbe seria, molto seria. Non abbiamo fretta, per il momento gli diciamo che quel pensiero non \u00e8 un pensiero adeguato a chi si \u00e8 assunto la grande responsabilit\u00e0 di rappresentare il mondo della scuola &#8211; cos\u00ec il segretario generale della Uil Scuola, Pino Turi, sulle polemiche, commenti e uscite social di oggi.<\/p>\n<p style=\"font-weight: 400;\">\n<p style=\"font-weight: 400;\">Quella di oggi, a Roma, \u00e8 stata una manifestazione straordinaria, non contro il Governo, ma per ottenere risposte a richieste precise, a esigenze che vengono dalle persone, dal mondo del lavoro. Eppure &#8211; sottolinea Turi &#8211; deve aver scatenato fibrillazioni e reazioni emotive, anche nel Governo, al punto da far scattare l&#8217;inseguimento della guerra di nervi, su basi mediatiche, che ha coinvolto anche chi ha responsabilit\u00e0 sindacali territoriali, che, invece di concentrarsi sulle rivendicazioni di oggi per il delicato settore dell\u2019istruzione, si mette a gettare benzina sul fuoco per enfatizzare una guerra tra Nord e Sud che non ha nessuna ragione, se non quella di creare confusione ed allontanare la soluzione dei problemi.<\/p>\n<p style=\"font-weight: 400;\">\n<p style=\"font-weight: 400;\">La piazza di oggi mette in chiaro la confusione che c\u2019\u00e8 in questo momento, che non sembra avere sbocco, e che viene acuita anche dalla presenza di quell&#8217;elite imprenditoriale e politica che ha\u00a0 determinato la crisi. Se ne esce \u2013 commenta Turi \u2013 soltanto con un confronto con il sindacato.<br \/>\nIl nostro ruolo non \u00e8 quello di chiedere le dimissioni dei ministri, ma risolvere i problemi<br \/>\nServe un confronto serio e serrato nei tempi e nel merito delle rivendicazioni.<\/p>\n<p style=\"font-weight: 400;\">\n<p style=\"font-weight: 400;\">E&#8217; d&#8217;obbligo abbassare i toni, tornare ad analisi fredde e concrete a cui il ministro \u00e8 chiamato a dare le risposte che oggi abbiamo ribadito:\u00a0 risorse adeguate per il rinnovo del contratto; fase transitoria per garantire ai precari la necessaria continuit\u00e0 didattica, con la copertura delle centinaia di migliaia di posti vacanti; garantire il modello della scuola nazionale, in coerenza con i valori ed i principi dalla costituzione.<\/p>\n<p style=\"font-weight: 400;\">\nSono rivendicazioni e progetti che riguardano tutti i cittadini e i lavoratori della scuola, al di l\u00e0 del livello territoriale in cui vivono.<\/p>\n<p style=\"font-weight: 400;\">Non ci faremo intimidire, n\u00e9 ci faremo portare su derive di scontri polemici che hanno solo il compito di non risolvere i problemi e rinviarli. Non c&#8217;\u00e8 tempo, la politica e la maggioranza metta da parte i nervosismi e si confronti con il sindacato e trover\u00e0 proposte credibili e coerenti<\/p>\n<ul>\n<li>\n<h1><a href=\"http:\/\/www.uil.tv\/webtv\/default.asp\" target=\"_blank\" rel=\"noopener\">I MATERIALI SU UIL TV<\/a><\/h1>\n<\/li>\n<\/ul>\n<p><img loading=\"lazy\" decoding=\"async\" class=\"aligncenter size-large wp-image-4088\" src=\"https:\/\/www.uilscuolaemiliaromagna.it\/public\/er\/wp-content\/uploads\/2019\/02\/IMG-20190209-WA0123-1024x768.jpg\" alt=\"\" width=\"1024\" height=\"768\" srcset=\"https:\/\/www.uilscuolaemiliaromagna.it\/public\/er\/wp-content\/uploads\/2019\/02\/IMG-20190209-WA0123-1024x768.jpg 1024w, https:\/\/www.uilscuolaemiliaromagna.it\/public\/er\/wp-content\/uploads\/2019\/02\/IMG-20190209-WA0123-300x225.jpg 300w, https:\/\/www.uilscuolaemiliaromagna.it\/public\/er\/wp-content\/uploads\/2019\/02\/IMG-20190209-WA0123-768x576.jpg 768w, https:\/\/www.uilscuolaemiliaromagna.it\/public\/er\/wp-content\/uploads\/2019\/02\/IMG-20190209-WA0123.jpg 1600w\" sizes=\"(max-width: 1024px) 100vw, 1024px\" \/><\/p>\n<p><img loading=\"lazy\" decoding=\"async\" class=\"aligncenter size-large wp-image-4092\" src=\"https:\/\/www.uilscuolaemiliaromagna.it\/public\/er\/wp-content\/uploads\/2019\/02\/IMG-20190209-WA0121-1024x768.jpg\" alt=\"\" width=\"1024\" height=\"768\" srcset=\"https:\/\/www.uilscuolaemiliaromagna.it\/public\/er\/wp-content\/uploads\/2019\/02\/IMG-20190209-WA0121-1024x768.jpg 1024w, https:\/\/www.uilscuolaemiliaromagna.it\/public\/er\/wp-content\/uploads\/2019\/02\/IMG-20190209-WA0121-300x225.jpg 300w, https:\/\/www.uilscuolaemiliaromagna.it\/public\/er\/wp-content\/uploads\/2019\/02\/IMG-20190209-WA0121-768x576.jpg 768w, https:\/\/www.uilscuolaemiliaromagna.it\/public\/er\/wp-content\/uploads\/2019\/02\/IMG-20190209-WA0121.jpg 1599w\" sizes=\"(max-width: 1024px) 100vw, 1024px\" \/><\/p>\n<p><img loading=\"lazy\" decoding=\"async\" class=\"aligncenter size-large wp-image-4057\" src=\"https:\/\/www.uilscuolaemiliaromagna.it\/public\/er\/wp-content\/uploads\/2019\/02\/IMG-20190209-WA0021-1024x768.jpg\" alt=\"\" width=\"1024\" height=\"768\" srcset=\"https:\/\/www.uilscuolaemiliaromagna.it\/public\/er\/wp-content\/uploads\/2019\/02\/IMG-20190209-WA0021-1024x768.jpg 1024w, https:\/\/www.uilscuolaemiliaromagna.it\/public\/er\/wp-content\/uploads\/2019\/02\/IMG-20190209-WA0021-300x225.jpg 300w, https:\/\/www.uilscuolaemiliaromagna.it\/public\/er\/wp-content\/uploads\/2019\/02\/IMG-20190209-WA0021-768x576.jpg 768w, https:\/\/www.uilscuolaemiliaromagna.it\/public\/er\/wp-content\/uploads\/2019\/02\/IMG-20190209-WA0021.jpg 1600w\" sizes=\"(max-width: 1024px) 100vw, 1024px\" \/><\/p>\n<p><img loading=\"lazy\" decoding=\"async\" class=\"aligncenter size-large wp-image-4059\" src=\"https:\/\/www.uilscuolaemiliaromagna.it\/public\/er\/wp-content\/uploads\/2019\/02\/IMG-20190209-WA0011-1024x768.jpg\" alt=\"\" width=\"1024\" height=\"768\" srcset=\"https:\/\/www.uilscuolaemiliaromagna.it\/public\/er\/wp-content\/uploads\/2019\/02\/IMG-20190209-WA0011-1024x768.jpg 1024w, https:\/\/www.uilscuolaemiliaromagna.it\/public\/er\/wp-content\/uploads\/2019\/02\/IMG-20190209-WA0011-300x225.jpg 300w, https:\/\/www.uilscuolaemiliaromagna.it\/public\/er\/wp-content\/uploads\/2019\/02\/IMG-20190209-WA0011-768x576.jpg 768w, https:\/\/www.uilscuolaemiliaromagna.it\/public\/er\/wp-content\/uploads\/2019\/02\/IMG-20190209-WA0011.jpg 1600w\" sizes=\"(max-width: 1024px) 100vw, 1024px\" \/><\/p>\n<div style=\"width: 640px;\" class=\"wp-video\"><!--[if lt IE 9]><script>document.createElement('video');<\/script><![endif]-->\n<video class=\"wp-video-shortcode\" id=\"video-4055-1\" width=\"640\" height=\"352\" preload=\"metadata\" controls=\"controls\"><source type=\"video\/mp4\" src=\"https:\/\/www.uilscuolaemiliaromagna.it\/public\/er\/wp-content\/uploads\/2019\/02\/VID-20190209-WA0017.mp4?_=1\" \/><a href=\"https:\/\/www.uilscuolaemiliaromagna.it\/public\/er\/wp-content\/uploads\/2019\/02\/VID-20190209-WA0017.mp4\">https:\/\/www.uilscuolaemiliaromagna.it\/public\/er\/wp-content\/uploads\/2019\/02\/VID-20190209-WA0017.mp4<\/a><\/video><\/div>\n<p>&nbsp;<\/p>\n<p><img loading=\"lazy\" decoding=\"async\" class=\"aligncenter size-large wp-image-4065\" src=\"https:\/\/www.uilscuolaemiliaromagna.it\/public\/er\/wp-content\/uploads\/2019\/02\/IMG-20190209-WA0080-1024x768.jpg\" alt=\"\" width=\"1024\" height=\"768\" srcset=\"https:\/\/www.uilscuolaemiliaromagna.it\/public\/er\/wp-content\/uploads\/2019\/02\/IMG-20190209-WA0080-1024x768.jpg 1024w, https:\/\/www.uilscuolaemiliaromagna.it\/public\/er\/wp-content\/uploads\/2019\/02\/IMG-20190209-WA0080-300x225.jpg 300w, https:\/\/www.uilscuolaemiliaromagna.it\/public\/er\/wp-content\/uploads\/2019\/02\/IMG-20190209-WA0080-768x576.jpg 768w, https:\/\/www.uilscuolaemiliaromagna.it\/public\/er\/wp-content\/uploads\/2019\/02\/IMG-20190209-WA0080.jpg 1600w\" sizes=\"(max-width: 1024px) 100vw, 1024px\" \/><\/p>\n<h3 style=\"text-align: left;\"><img loading=\"lazy\" decoding=\"async\" class=\"aligncenter size-large wp-image-4066\" src=\"https:\/\/www.uilscuolaemiliaromagna.it\/public\/er\/wp-content\/uploads\/2019\/02\/IMG-20190209-WA0061-1024x768.jpg\" alt=\"\" width=\"1024\" height=\"768\" srcset=\"https:\/\/www.uilscuolaemiliaromagna.it\/public\/er\/wp-content\/uploads\/2019\/02\/IMG-20190209-WA0061-1024x768.jpg 1024w, https:\/\/www.uilscuolaemiliaromagna.it\/public\/er\/wp-content\/uploads\/2019\/02\/IMG-20190209-WA0061-300x225.jpg 300w, https:\/\/www.uilscuolaemiliaromagna.it\/public\/er\/wp-content\/uploads\/2019\/02\/IMG-20190209-WA0061-768x576.jpg 768w, https:\/\/www.uilscuolaemiliaromagna.it\/public\/er\/wp-content\/uploads\/2019\/02\/IMG-20190209-WA0061.jpg 1600w\" sizes=\"(max-width: 1024px) 100vw, 1024px\" \/><\/h3>\n<p><img loading=\"lazy\" decoding=\"async\" class=\"aligncenter size-large wp-image-4067\" src=\"https:\/\/www.uilscuolaemiliaromagna.it\/public\/er\/wp-content\/uploads\/2019\/02\/IMG-20190209-WA0055-1024x768.jpg\" alt=\"\" width=\"1024\" height=\"768\" srcset=\"https:\/\/www.uilscuolaemiliaromagna.it\/public\/er\/wp-content\/uploads\/2019\/02\/IMG-20190209-WA0055-1024x768.jpg 1024w, https:\/\/www.uilscuolaemiliaromagna.it\/public\/er\/wp-content\/uploads\/2019\/02\/IMG-20190209-WA0055-300x225.jpg 300w, https:\/\/www.uilscuolaemiliaromagna.it\/public\/er\/wp-content\/uploads\/2019\/02\/IMG-20190209-WA0055-768x576.jpg 768w, https:\/\/www.uilscuolaemiliaromagna.it\/public\/er\/wp-content\/uploads\/2019\/02\/IMG-20190209-WA0055.jpg 1600w\" sizes=\"(max-width: 1024px) 100vw, 1024px\" \/><\/p>\n<h3><img loading=\"lazy\" decoding=\"async\" class=\"aligncenter size-large wp-image-4068\" src=\"https:\/\/www.uilscuolaemiliaromagna.it\/public\/er\/wp-content\/uploads\/2019\/02\/IMG-20190209-WA0039-1024x768.jpg\" alt=\"\" width=\"1024\" height=\"768\" srcset=\"https:\/\/www.uilscuolaemiliaromagna.it\/public\/er\/wp-content\/uploads\/2019\/02\/IMG-20190209-WA0039-1024x768.jpg 1024w, https:\/\/www.uilscuolaemiliaromagna.it\/public\/er\/wp-content\/uploads\/2019\/02\/IMG-20190209-WA0039-300x225.jpg 300w, https:\/\/www.uilscuolaemiliaromagna.it\/public\/er\/wp-content\/uploads\/2019\/02\/IMG-20190209-WA0039-768x576.jpg 768w, https:\/\/www.uilscuolaemiliaromagna.it\/public\/er\/wp-content\/uploads\/2019\/02\/IMG-20190209-WA0039.jpg 1600w\" sizes=\"(max-width: 1024px) 100vw, 1024px\" \/><\/h3>\n<h3><img loading=\"lazy\" decoding=\"async\" class=\"aligncenter size-large wp-image-4069\" src=\"https:\/\/www.uilscuolaemiliaromagna.it\/public\/er\/wp-content\/uploads\/2019\/02\/IMG-20190209-WA0029-1024x768.jpg\" alt=\"\" width=\"1024\" height=\"768\" srcset=\"https:\/\/www.uilscuolaemiliaromagna.it\/public\/er\/wp-content\/uploads\/2019\/02\/IMG-20190209-WA0029-1024x768.jpg 1024w, https:\/\/www.uilscuolaemiliaromagna.it\/public\/er\/wp-content\/uploads\/2019\/02\/IMG-20190209-WA0029-300x225.jpg 300w, https:\/\/www.uilscuolaemiliaromagna.it\/public\/er\/wp-content\/uploads\/2019\/02\/IMG-20190209-WA0029-768x576.jpg 768w, https:\/\/www.uilscuolaemiliaromagna.it\/public\/er\/wp-content\/uploads\/2019\/02\/IMG-20190209-WA0029.jpg 1599w\" sizes=\"(max-width: 1024px) 100vw, 1024px\" \/><\/h3>\n<div style=\"width: 640px;\" class=\"wp-video\"><video class=\"wp-video-shortcode\" id=\"video-4055-2\" width=\"640\" height=\"352\" preload=\"metadata\" controls=\"controls\"><source type=\"video\/mp4\" src=\"https:\/\/www.uilscuolaemiliaromagna.it\/public\/er\/wp-content\/uploads\/2019\/02\/VID-20190209-WA0065.mp4?_=2\" \/><a href=\"https:\/\/www.uilscuolaemiliaromagna.it\/public\/er\/wp-content\/uploads\/2019\/02\/VID-20190209-WA0065.mp4\">https:\/\/www.uilscuolaemiliaromagna.it\/public\/er\/wp-content\/uploads\/2019\/02\/VID-20190209-WA0065.mp4<\/a><\/video><\/div>\n<h3><strong>Rinnovare il contratto 2019-2021<\/strong><br \/>\n<strong>No alla regionalizzazione del sistema di istruzione<br \/>\nRendere stabile il lavoro\u00a0<\/strong><\/h3>\n<p><img loading=\"lazy\" decoding=\"async\" class=\" wp-image-5590 alignleft\" src=\"http:\/\/uilscuola.it\/wordpress\/wp-content\/uploads\/2019\/02\/9-FEB-volantino-unitario-scuola--208x300.jpg\" sizes=\"(max-width: 331px) 100vw, 331px\" alt=\"\" width=\"331\" height=\"477\" \/><\/p>\n<p><img loading=\"lazy\" decoding=\"async\" class=\"size-medium wp-image-5584 alignleft\" src=\"http:\/\/uilscuola.it\/wordpress\/wp-content\/uploads\/2019\/02\/locandina_contratto-212x300.jpg\" sizes=\"(max-width: 212px) 100vw, 212px\" alt=\"\" width=\"212\" height=\"300\" \/> <img loading=\"lazy\" decoding=\"async\" class=\"alignnone size-medium wp-image-5586\" src=\"http:\/\/uilscuola.it\/wordpress\/wp-content\/uploads\/2019\/02\/locandina_lascuolaunisce-212x300.jpg\" sizes=\"(max-width: 212px) 100vw, 212px\" alt=\"\" width=\"212\" height=\"300\" \/> <img loading=\"lazy\" decoding=\"async\" class=\"alignnone size-medium wp-image-5588\" src=\"http:\/\/uilscuola.it\/wordpress\/wp-content\/uploads\/2019\/02\/locandina_precariato-212x300.jpg\" sizes=\"(max-width: 212px) 100vw, 212px\" alt=\"\" width=\"212\" height=\"300\" \/><\/p>\n<p>&nbsp;<\/p>\n<ul>\n<li><a href=\"http:\/\/uilscuola.it\/wordpress\/wp-content\/uploads\/2019\/02\/locandina_contratto.jpg\" target=\"_blank\" rel=\"noopener\">RINNOVO DEL CONTRATTO<\/a><\/li>\n<li><a href=\"http:\/\/uilscuola.it\/wordpress\/wp-content\/uploads\/2019\/02\/locandina_lascuolaunisce.jpg\" target=\"_blank\" rel=\"noopener\">NO ALLA REGIONALIZZAZIONE<\/a><\/li>\n<li><a href=\"http:\/\/uilscuola.it\/wordpress\/wp-content\/uploads\/2019\/02\/locandina_precariato.jpg\" target=\"_blank\" rel=\"noopener\">RENDERE STABILE IL LAVORO<\/a><\/li>\n<li><a href=\"http:\/\/uilscuola.it\/wordpress\/wp-content\/uploads\/2019\/02\/PIATTAFORMA-UNITARIA.pdf\" target=\"_blank\" rel=\"noopener\">LA PIATTAFORMA UNITARIA CONFEDERALE<\/a><\/li>\n<li><a href=\"http:\/\/www.uil.it\/NewsSX.asp?ID_NEWS=1223&amp;Provenienza=2\" target=\"_blank\" rel=\"noopener\">LA NOTIZIA E I MATERIALI SUL SITO UIL<\/a><\/li>\n<\/ul>\n\n<div class=\"twitter-share\"><a href=\"https:\/\/twitter.com\/intent\/tweet?via=UILScuolaBO_ER\" class=\"twitter-share-button\" data-size=\"large\">Tweet<\/a><\/div>\n","protected":false},"excerpt":{"rendered":"<p>Turi: le dichiarazioni del ministro da valutare con freddezza A noi servono risposte concrete a proposte concrete. La piazza di oggi parla da sola. Serve &hellip; <\/p>\n","protected":false},"author":1,"featured_media":0,"comment_status":"closed","ping_status":"open","sticky":false,"template":"","format":"standard","meta":{"footnotes":""},"categories":[2,3,4,12,6,7,8,9,10,1,13],"tags":[],"yoast_head":"<!-- This site is optimized with the Yoast SEO plugin v21.7 - https:\/\/yoast.com\/wordpress\/plugins\/seo\/ -->\r\n<title>9 FEBBRAIO | Manifestazione nazionale a Roma - Uil Scuola Emilia Romagna<\/title>\r\n<meta name=\"robots\" content=\"index, follow, max-snippet:-1, max-image-preview:large, max-video-preview:-1\" \/>\r\n<link rel=\"canonical\" href=\"https:\/\/www.uilscuolaemiliaromagna.it\/public\/er\/2019\/02\/09\/9-febbraio-manifestazione-nazionale-a-roma\/\" \/>\r\n<meta property=\"og:locale\" content=\"it_IT\" \/>\r\n<meta property=\"og:type\" content=\"article\" \/>\r\n<meta property=\"og:title\" content=\"9 FEBBRAIO | Manifestazione nazionale a Roma - Uil Scuola Emilia Romagna\" \/>\r\n<meta property=\"og:description\" content=\"Turi: le dichiarazioni del ministro da valutare con freddezza A noi servono risposte concrete a proposte concrete. La piazza di oggi parla da sola. Serve &hellip;\" \/>\r\n<meta property=\"og:url\" content=\"https:\/\/www.uilscuolaemiliaromagna.it\/public\/er\/2019\/02\/09\/9-febbraio-manifestazione-nazionale-a-roma\/\" \/>\r\n<meta property=\"og:site_name\" content=\"Uil Scuola Emilia Romagna\" \/>\r\n<meta property=\"article:published_time\" content=\"2019-02-09T10:20:04+00:00\" \/>\r\n<meta property=\"article:modified_time\" content=\"2019-02-09T19:47:32+00:00\" \/>\r\n<meta property=\"og:image\" content=\"http:\/\/www.uilscuolaemiliaromagna.it\/public\/er\/wp-content\/uploads\/2019\/02\/IMG-20190209-WA0123-1024x768.jpg\" \/>\r\n<meta name=\"author\" content=\"admin\" \/>\r\n<meta name=\"twitter:card\" content=\"summary_large_image\" \/>\r\n<meta name=\"twitter:label1\" content=\"Scritto da\" \/>\n\t<meta name=\"twitter:data1\" content=\"admin\" \/>\n\t<meta name=\"twitter:label2\" content=\"Tempo di lettura stimato\" \/>\n\t<meta name=\"twitter:data2\" content=\"3 minuti\" \/>\r\n<script type=\"application\/ld+json\" class=\"yoast-schema-graph\">{\"@context\":\"https:\/\/schema.org\",\"@graph\":[{\"@type\":\"Article\",\"@id\":\"https:\/\/www.uilscuolaemiliaromagna.it\/public\/er\/2019\/02\/09\/9-febbraio-manifestazione-nazionale-a-roma\/#article\",\"isPartOf\":{\"@id\":\"https:\/\/www.uilscuolaemiliaromagna.it\/public\/er\/2019\/02\/09\/9-febbraio-manifestazione-nazionale-a-roma\/\"},\"author\":{\"name\":\"admin\",\"@id\":\"https:\/\/www.uilscuolaemiliaromagna.it\/public\/er\/#\/schema\/person\/f42878fd07a4b6ba2b7153d4fad5de5e\"},\"headline\":\"9 FEBBRAIO | Manifestazione nazionale a Roma\",\"datePublished\":\"2019-02-09T10:20:04+00:00\",\"dateModified\":\"2019-02-09T19:47:32+00:00\",\"mainEntityOfPage\":{\"@id\":\"https:\/\/www.uilscuolaemiliaromagna.it\/public\/er\/2019\/02\/09\/9-febbraio-manifestazione-nazionale-a-roma\/\"},\"wordCount\":521,\"publisher\":{\"@id\":\"https:\/\/www.uilscuolaemiliaromagna.it\/public\/er\/#organization\"},\"articleSection\":{\"0\":\"ATA\",\"1\":\"Dirigenti\",\"2\":\"Infanzia\",\"3\":\"Notizie\",\"4\":\"Personale Docente\",\"5\":\"Personale Educativo\",\"6\":\"Primaria\",\"7\":\"Sec. Primo Grado\",\"8\":\"Sec. Secondo Grado\",\"10\":\"Strumento Musicale\"},\"inLanguage\":\"it-IT\"},{\"@type\":\"WebPage\",\"@id\":\"https:\/\/www.uilscuolaemiliaromagna.it\/public\/er\/2019\/02\/09\/9-febbraio-manifestazione-nazionale-a-roma\/\",\"url\":\"https:\/\/www.uilscuolaemiliaromagna.it\/public\/er\/2019\/02\/09\/9-febbraio-manifestazione-nazionale-a-roma\/\",\"name\":\"9 FEBBRAIO | Manifestazione nazionale a Roma - Uil Scuola Emilia Romagna\",\"isPartOf\":{\"@id\":\"https:\/\/www.uilscuolaemiliaromagna.it\/public\/er\/#website\"},\"datePublished\":\"2019-02-09T10:20:04+00:00\",\"dateModified\":\"2019-02-09T19:47:32+00:00\",\"breadcrumb\":{\"@id\":\"https:\/\/www.uilscuolaemiliaromagna.it\/public\/er\/2019\/02\/09\/9-febbraio-manifestazione-nazionale-a-roma\/#breadcrumb\"},\"inLanguage\":\"it-IT\",\"potentialAction\":[{\"@type\":\"ReadAction\",\"target\":[\"https:\/\/www.uilscuolaemiliaromagna.it\/public\/er\/2019\/02\/09\/9-febbraio-manifestazione-nazionale-a-roma\/\"]}]},{\"@type\":\"BreadcrumbList\",\"@id\":\"https:\/\/www.uilscuolaemiliaromagna.it\/public\/er\/2019\/02\/09\/9-febbraio-manifestazione-nazionale-a-roma\/#breadcrumb\",\"itemListElement\":[{\"@type\":\"ListItem\",\"position\":1,\"name\":\"Home\",\"item\":\"https:\/\/www.uilscuolaemiliaromagna.it\/public\/er\/\"},{\"@type\":\"ListItem\",\"position\":2,\"name\":\"9 FEBBRAIO | Manifestazione nazionale a Roma\"}]},{\"@type\":\"WebSite\",\"@id\":\"https:\/\/www.uilscuolaemiliaromagna.it\/public\/er\/#website\",\"url\":\"https:\/\/www.uilscuolaemiliaromagna.it\/public\/er\/\",\"name\":\"Uil Scuola Emilia Romagna\",\"description\":\"La voce libera della scuola\",\"publisher\":{\"@id\":\"https:\/\/www.uilscuolaemiliaromagna.it\/public\/er\/#organization\"},\"potentialAction\":[{\"@type\":\"SearchAction\",\"target\":{\"@type\":\"EntryPoint\",\"urlTemplate\":\"https:\/\/www.uilscuolaemiliaromagna.it\/public\/er\/?s={search_term_string}\"},\"query-input\":\"required name=search_term_string\"}],\"inLanguage\":\"it-IT\"},{\"@type\":\"Organization\",\"@id\":\"https:\/\/www.uilscuolaemiliaromagna.it\/public\/er\/#organization\",\"name\":\"Uil Scuola Emilia Romagna\",\"url\":\"https:\/\/www.uilscuolaemiliaromagna.it\/public\/er\/\",\"logo\":{\"@type\":\"ImageObject\",\"inLanguage\":\"it-IT\",\"@id\":\"https:\/\/www.uilscuolaemiliaromagna.it\/public\/er\/#\/schema\/logo\/image\/\",\"url\":\"https:\/\/www.uilscuolaemiliaromagna.it\/public\/er\/wp-content\/uploads\/2017\/04\/cropped-header.png\",\"contentUrl\":\"https:\/\/www.uilscuolaemiliaromagna.it\/public\/er\/wp-content\/uploads\/2017\/04\/cropped-header.png\",\"width\":1000,\"height\":150,\"caption\":\"Uil Scuola Emilia Romagna\"},\"image\":{\"@id\":\"https:\/\/www.uilscuolaemiliaromagna.it\/public\/er\/#\/schema\/logo\/image\/\"}},{\"@type\":\"Person\",\"@id\":\"https:\/\/www.uilscuolaemiliaromagna.it\/public\/er\/#\/schema\/person\/f42878fd07a4b6ba2b7153d4fad5de5e\",\"name\":\"admin\",\"image\":{\"@type\":\"ImageObject\",\"inLanguage\":\"it-IT\",\"@id\":\"https:\/\/www.uilscuolaemiliaromagna.it\/public\/er\/#\/schema\/person\/image\/\",\"url\":\"https:\/\/secure.gravatar.com\/avatar\/aebf815ae2f30ffdae8b8c247273d34c?s=96&d=mm&r=g\",\"contentUrl\":\"https:\/\/secure.gravatar.com\/avatar\/aebf815ae2f30ffdae8b8c247273d34c?s=96&d=mm&r=g\",\"caption\":\"admin\"},\"url\":\"https:\/\/www.uilscuolaemiliaromagna.it\/public\/er\/author\/admin\/\"}]}<\/script>\r\n<!-- \/ Yoast SEO plugin. -->","yoast_head_json":{"title":"9 FEBBRAIO | Manifestazione nazionale a Roma - Uil Scuola Emilia Romagna","robots":{"index":"index","follow":"follow","max-snippet":"max-snippet:-1","max-image-preview":"max-image-preview:large","max-video-preview":"max-video-preview:-1"},"canonical":"https:\/\/www.uilscuolaemiliaromagna.it\/public\/er\/2019\/02\/09\/9-febbraio-manifestazione-nazionale-a-roma\/","og_locale":"it_IT","og_type":"article","og_title":"9 FEBBRAIO | Manifestazione nazionale a Roma - Uil Scuola Emilia Romagna","og_description":"Turi: le dichiarazioni del ministro da valutare con freddezza A noi servono risposte concrete a proposte concrete. La piazza di oggi parla da sola. Serve &hellip;","og_url":"https:\/\/www.uilscuolaemiliaromagna.it\/public\/er\/2019\/02\/09\/9-febbraio-manifestazione-nazionale-a-roma\/","og_site_name":"Uil Scuola Emilia Romagna","article_published_time":"2019-02-09T10:20:04+00:00","article_modified_time":"2019-02-09T19:47:32+00:00","og_image":[{"url":"http:\/\/www.uilscuolaemiliaromagna.it\/public\/er\/wp-content\/uploads\/2019\/02\/IMG-20190209-WA0123-1024x768.jpg"}],"author":"admin","twitter_card":"summary_large_image","twitter_misc":{"Scritto da":"admin","Tempo di lettura stimato":"3 minuti"},"schema":{"@context":"https:\/\/schema.org","@graph":[{"@type":"Article","@id":"https:\/\/www.uilscuolaemiliaromagna.it\/public\/er\/2019\/02\/09\/9-febbraio-manifestazione-nazionale-a-roma\/#article","isPartOf":{"@id":"https:\/\/www.uilscuolaemiliaromagna.it\/public\/er\/2019\/02\/09\/9-febbraio-manifestazione-nazionale-a-roma\/"},"author":{"name":"admin","@id":"https:\/\/www.uilscuolaemiliaromagna.it\/public\/er\/#\/schema\/person\/f42878fd07a4b6ba2b7153d4fad5de5e"},"headline":"9 FEBBRAIO | Manifestazione nazionale a Roma","datePublished":"2019-02-09T10:20:04+00:00","dateModified":"2019-02-09T19:47:32+00:00","mainEntityOfPage":{"@id":"https:\/\/www.uilscuolaemiliaromagna.it\/public\/er\/2019\/02\/09\/9-febbraio-manifestazione-nazionale-a-roma\/"},"wordCount":521,"publisher":{"@id":"https:\/\/www.uilscuolaemiliaromagna.it\/public\/er\/#organization"},"articleSection":{"0":"ATA","1":"Dirigenti","2":"Infanzia","3":"Notizie","4":"Personale Docente","5":"Personale Educativo","6":"Primaria","7":"Sec. Primo Grado","8":"Sec. Secondo Grado","10":"Strumento Musicale"},"inLanguage":"it-IT"},{"@type":"WebPage","@id":"https:\/\/www.uilscuolaemiliaromagna.it\/public\/er\/2019\/02\/09\/9-febbraio-manifestazione-nazionale-a-roma\/","url":"https:\/\/www.uilscuolaemiliaromagna.it\/public\/er\/2019\/02\/09\/9-febbraio-manifestazione-nazionale-a-roma\/","name":"9 FEBBRAIO | Manifestazione nazionale a Roma - Uil Scuola Emilia Romagna","isPartOf":{"@id":"https:\/\/www.uilscuolaemiliaromagna.it\/public\/er\/#website"},"datePublished":"2019-02-09T10:20:04+00:00","dateModified":"2019-02-09T19:47:32+00:00","breadcrumb":{"@id":"https:\/\/www.uilscuolaemiliaromagna.it\/public\/er\/2019\/02\/09\/9-febbraio-manifestazione-nazionale-a-roma\/#breadcrumb"},"inLanguage":"it-IT","potentialAction":[{"@type":"ReadAction","target":["https:\/\/www.uilscuolaemiliaromagna.it\/public\/er\/2019\/02\/09\/9-febbraio-manifestazione-nazionale-a-roma\/"]}]},{"@type":"BreadcrumbList","@id":"https:\/\/www.uilscuolaemiliaromagna.it\/public\/er\/2019\/02\/09\/9-febbraio-manifestazione-nazionale-a-roma\/#breadcrumb","itemListElement":[{"@type":"ListItem","position":1,"name":"Home","item":"https:\/\/www.uilscuolaemiliaromagna.it\/public\/er\/"},{"@type":"ListItem","position":2,"name":"9 FEBBRAIO | Manifestazione nazionale a Roma"}]},{"@type":"WebSite","@id":"https:\/\/www.uilscuolaemiliaromagna.it\/public\/er\/#website","url":"https:\/\/www.uilscuolaemiliaromagna.it\/public\/er\/","name":"Uil Scuola Emilia Romagna","description":"La voce libera della scuola","publisher":{"@id":"https:\/\/www.uilscuolaemiliaromagna.it\/public\/er\/#organization"},"potentialAction":[{"@type":"SearchAction","target":{"@type":"EntryPoint","urlTemplate":"https:\/\/www.uilscuolaemiliaromagna.it\/public\/er\/?s={search_term_string}"},"query-input":"required name=search_term_string"}],"inLanguage":"it-IT"},{"@type":"Organization","@id":"https:\/\/www.uilscuolaemiliaromagna.it\/public\/er\/#organization","name":"Uil Scuola Emilia Romagna","url":"https:\/\/www.uilscuolaemiliaromagna.it\/public\/er\/","logo":{"@type":"ImageObject","inLanguage":"it-IT","@id":"https:\/\/www.uilscuolaemiliaromagna.it\/public\/er\/#\/schema\/logo\/image\/","url":"https:\/\/www.uilscuolaemiliaromagna.it\/public\/er\/wp-content\/uploads\/2017\/04\/cropped-header.png","contentUrl":"https:\/\/www.uilscuolaemiliaromagna.it\/public\/er\/wp-content\/uploads\/2017\/04\/cropped-header.png","width":1000,"height":150,"caption":"Uil Scuola Emilia Romagna"},"image":{"@id":"https:\/\/www.uilscuolaemiliaromagna.it\/public\/er\/#\/schema\/logo\/image\/"}},{"@type":"Person","@id":"https:\/\/www.uilscuolaemiliaromagna.it\/public\/er\/#\/schema\/person\/f42878fd07a4b6ba2b7153d4fad5de5e","name":"admin","image":{"@type":"ImageObject","inLanguage":"it-IT","@id":"https:\/\/www.uilscuolaemiliaromagna.it\/public\/er\/#\/schema\/person\/image\/","url":"https:\/\/secure.gravatar.com\/avatar\/aebf815ae2f30ffdae8b8c247273d34c?s=96&d=mm&r=g","contentUrl":"https:\/\/secure.gravatar.com\/avatar\/aebf815ae2f30ffdae8b8c247273d34c?s=96&d=mm&r=g","caption":"admin"},"url":"https:\/\/www.uilscuolaemiliaromagna.it\/public\/er\/author\/admin\/"}]}},"views":1152,"_links":{"self":[{"href":"https:\/\/www.uilscuolaemiliaromagna.it\/public\/er\/wp-json\/wp\/v2\/posts\/4055"}],"collection":[{"href":"https:\/\/www.uilscuolaemiliaromagna.it\/public\/er\/wp-json\/wp\/v2\/posts"}],"about":[{"href":"https:\/\/www.uilscuolaemiliaromagna.it\/public\/er\/wp-json\/wp\/v2\/types\/post"}],"author":[{"embeddable":true,"href":"https:\/\/www.uilscuolaemiliaromagna.it\/public\/er\/wp-json\/wp\/v2\/users\/1"}],"replies":[{"embeddable":true,"href":"https:\/\/www.uilscuolaemiliaromagna.it\/public\/er\/wp-json\/wp\/v2\/comments?post=4055"}],"version-history":[{"count":12,"href":"https:\/\/www.uilscuolaemiliaromagna.it\/public\/er\/wp-json\/wp\/v2\/posts\/4055\/revisions"}],"predecessor-version":[{"id":4094,"href":"https:\/\/www.uilscuolaemiliaromagna.it\/public\/er\/wp-json\/wp\/v2\/posts\/4055\/revisions\/4094"}],"wp:attachment":[{"href":"https:\/\/www.uilscuolaemiliaromagna.it\/public\/er\/wp-json\/wp\/v2\/media?parent=4055"}],"wp:term":[{"taxonomy":"category","embeddable":true,"href":"https:\/\/www.uilscuolaemiliaromagna.it\/public\/er\/wp-json\/wp\/v2\/categories?post=4055"},{"taxonomy":"post_tag","embeddable":true,"href":"https:\/\/www.uilscuolaemiliaromagna.it\/public\/er\/wp-json\/wp\/v2\/tags?post=4055"}],"curies":[{"name":"wp","href":"https:\/\/api.w.org\/{rel}","templated":true}]}}