{"id":4121,"date":"2019-02-15T18:41:41","date_gmt":"2019-02-15T17:41:41","guid":{"rendered":"http:\/\/www.uilscuolaemiliaromagna.it\/public\/er\/?p=4121"},"modified":"2019-02-15T18:41:41","modified_gmt":"2019-02-15T17:41:41","slug":"rassegna-stampa-orizzontescuola-it-supplenze-a-settembre-sara-boom-daprile-uil-dare-certezza-ai-docenti-con-36-mesi-servizio","status":"publish","type":"post","link":"https:\/\/www.uilscuolaemiliaromagna.it\/public\/er\/2019\/02\/15\/rassegna-stampa-orizzontescuola-it-supplenze-a-settembre-sara-boom-daprile-uil-dare-certezza-ai-docenti-con-36-mesi-servizio\/","title":{"rendered":"Rassegna stampa | OrizzonteScuola.it &#8211; Supplenze, a settembre sar\u00e0 boom. D\u2019Aprile (Uil): dare certezza ai docenti con 36 mesi servizio"},"content":{"rendered":"<p style=\"text-align: justify;\">La questione precari \u00e8 tra i punti principali delle rivendicazioni UIL Scuola.\u00a0 Si \u00e8 svolta a Cagliari una importante assemblea per il personale precario. Continua la mobilitazione per rendere stabile il lavoro.<\/p>\n<div class=\"entry-content\">\n<p style=\"text-align: justify;\">Una vera e propria emergenza che, lo ripetiamo da mesi\u2013 mette in chiaro <strong>Giuseppe D\u2019Aprile, segretario nazionale Federazione Uil Scuola Rua<\/strong>, nel corso dell\u2019assemblea di questa mattina a Cagliari \u2013 rischia di avere conseguenze gravissime sull\u2019avvio del prossimo anno scolastico.<\/p>\n<p><img loading=\"lazy\" decoding=\"async\" class=\"aligncenter size-full wp-image-4122\" src=\"https:\/\/www.uilscuolaemiliaromagna.it\/public\/er\/wp-content\/uploads\/2019\/02\/daprile3-290x232.jpg\" alt=\"\" width=\"290\" height=\"232\" \/><\/p>\n<p style=\"text-align: justify;\">La rivendicazione di una fase transitoria di reclutamento, che deve avvenire nei prossimi mesi, per non disperdere l\u2019esperienza, anche decennale di molti insegnanti, \u00e8 motivata anche da due emergenze che non possono essere dimenticate: la prima \u00e8 il <strong>gran numero di posti disponibili e vacanti per le immissioni in ruolo<\/strong>, la seconda \u00e8 che <strong>reiterando ancora una volta i contratti a termine si viola la norma comunitaria<\/strong> che ha gi\u00e0 sanzionato il governo, quando i precari erano la met\u00e0 di quelli che si avranno gi\u00e0 a settembre. Si tratta di rispondere a questa emergenza con un provvedimento specifico.<\/p>\n<p style=\"text-align: justify;\">Non si pu\u00f2 rispondere all\u2019emergenza con provvedimenti ordinari, n\u00e9 si pu\u00f2 delegare alla magistratura il reclutamento del personale. Il reclutamento \u00e8 di stretta competenza del ministro a cui chiediamo provvedimenti e risposte e non dichiarazioni o studi giuridico\u2013legali.<\/p>\n<p style=\"text-align: justify;\">Sono misure necessarie \u2013 spiega D\u2019aprile \u2013 che potranno garantire la continuit\u00e0 didattica agli alunni e mettere le scuole in condizione di funzionare, al meglio, gi\u00e0 dal prossimo primo settembre.<\/p>\n<p style=\"text-align: justify;\">Abbiamo manifestato la settimana scorsa \u2013 sottolinea D\u2019Aprile \u2013 non per protestare contro il Governo ma in modo propositivo, non solo per la questione precari ma anche per il rinnovo del contratto e per ribadire la nostra ferma opposizione al processo di regionalizzazione della scuola statale.<\/p>\n<p style=\"text-align: justify;\">Motivazioni troppo importanti che non possono essere tralasciate dal Governo.<\/p>\n<p style=\"text-align: justify;\">Continueremo con le azioni sindacali di mobilitazione.<strong> Il prossimo 12 marzo ci saranno sit in di protesta in tutte le citt\u00e0 italiane.<\/strong><\/p>\n<p style=\"text-align: justify;\">Dopo le assemblee di Milano e Firenze \u2013 dice nel suo intervento <strong>Pasquale Vespa, Coordinatore precari UIL Scuola Campania<\/strong> \u2013 siamo oggi a Cagliari per rappresentare il profondo disagio e <strong>malessere dei precari storici di terza fascia<\/strong> dimenticati da una politica che contraddice se stessa.<\/p>\n<p style=\"text-align: justify;\">Siamo a fianco dei precari che, insieme al restante personale che lavora giornalmente a scuola, rappresentano una risorsa da non disperdere, bens\u00ec valorizzare.<\/p>\n<p style=\"text-align: justify;\">La proposta lanciata nell\u2019isola \u2013 spiega <strong>Giuseppe Corrias, Segretario regionale UIL Scuola Sardegna<\/strong> \u2013 \u00e8 quella messa punto dalla Uil Scuola e portata nelle rivendicazioni confederali: una <strong>fase transitoria per la stabilizzazione di chi da anni e comunque da oltre 36 mesi di contratti a tempo determinato deve essere stabilizzato,<\/strong> non solo per dare serenit\u00e0 ai lavoratori ma anche per rispondere a settembre 2019 alle giuste esigenze degli studenti e delle loro famiglie.<\/p>\n<p style=\"text-align: justify;\">Non \u00e8 un caso aver accostato in assemblea <strong>\u201cquota 100\u201d e precari. Due facce della stessa medaglia<\/strong> \u2013 dichiara <strong>Francesco Sciandrone, Responsabile nazionale pensioni e previdenza.<\/strong><\/p>\n<p style=\"text-align: justify;\">Se alle cattedre gi\u00e0 vacanti, aggiungiamo quelle che si libereranno in seguito ai circa 20 mila docenti interessati a quota 100, ci ritroveremo non solo davanti ad \u201cun buco\u201d di organico ma anche a un raddoppio del precariato. Situazione che abbiamo denunciato in tutte le sedi politiche e istituzionali e che richiede risposte urgenti e mirate.<\/p>\n<p style=\"text-align: justify;\">La prossima assemblea <strong>il 26 febbraio, a Roma, al Liceo Tasso<\/strong>.<\/p>\n<p>fonte:\u00a0<a href=\"https:\/\/www.orizzontescuola.it\/supplenze-a-settembre-sara-boom-daprile-uil-dare-certezza-ai-docenti-con-36-mesi-servizio\/\" target=\"_blank\" rel=\"noopener\">www.orizzontescuola.it<\/a><\/p>\n<\/div>\n\n<div class=\"twitter-share\"><a href=\"https:\/\/twitter.com\/intent\/tweet?via=UILScuolaBO_ER\" class=\"twitter-share-button\" data-size=\"large\">Tweet<\/a><\/div>\n","protected":false},"excerpt":{"rendered":"<p>La questione precari \u00e8 tra i punti principali delle rivendicazioni UIL Scuola.\u00a0 Si \u00e8 svolta a Cagliari una importante assemblea per il personale precario. Continua &hellip; <\/p>\n","protected":false},"author":1,"featured_media":0,"comment_status":"closed","ping_status":"open","sticky":false,"template":"","format":"standard","meta":{"footnotes":""},"categories":[2,3,4,12,6,7,8,9,10,13],"tags":[],"yoast_head":"<!-- This site is optimized with the Yoast SEO plugin v21.7 - https:\/\/yoast.com\/wordpress\/plugins\/seo\/ -->\r\n<title>Rassegna stampa | OrizzonteScuola.it - Supplenze, a settembre sar\u00e0 boom. D\u2019Aprile (Uil): dare certezza ai docenti con 36 mesi servizio - Uil Scuola Emilia Romagna<\/title>\r\n<meta name=\"robots\" content=\"index, follow, max-snippet:-1, max-image-preview:large, max-video-preview:-1\" \/>\r\n<link rel=\"canonical\" href=\"https:\/\/www.uilscuolaemiliaromagna.it\/public\/er\/2019\/02\/15\/rassegna-stampa-orizzontescuola-it-supplenze-a-settembre-sara-boom-daprile-uil-dare-certezza-ai-docenti-con-36-mesi-servizio\/\" \/>\r\n<meta property=\"og:locale\" content=\"it_IT\" \/>\r\n<meta property=\"og:type\" content=\"article\" \/>\r\n<meta property=\"og:title\" content=\"Rassegna stampa | OrizzonteScuola.it - Supplenze, a settembre sar\u00e0 boom. D\u2019Aprile (Uil): dare certezza ai docenti con 36 mesi servizio - Uil Scuola Emilia Romagna\" \/>\r\n<meta property=\"og:description\" content=\"La questione precari \u00e8 tra i punti principali delle rivendicazioni UIL Scuola.\u00a0 Si \u00e8 svolta a Cagliari una importante assemblea per il personale precario. Continua &hellip;\" \/>\r\n<meta property=\"og:url\" content=\"https:\/\/www.uilscuolaemiliaromagna.it\/public\/er\/2019\/02\/15\/rassegna-stampa-orizzontescuola-it-supplenze-a-settembre-sara-boom-daprile-uil-dare-certezza-ai-docenti-con-36-mesi-servizio\/\" \/>\r\n<meta property=\"og:site_name\" content=\"Uil Scuola Emilia Romagna\" \/>\r\n<meta property=\"article:published_time\" content=\"2019-02-15T17:41:41+00:00\" \/>\r\n<meta property=\"og:image\" content=\"http:\/\/www.uilscuolaemiliaromagna.it\/public\/er\/wp-content\/uploads\/2019\/02\/daprile3-290x232.jpg\" \/>\r\n<meta name=\"author\" content=\"admin\" \/>\r\n<meta name=\"twitter:card\" content=\"summary_large_image\" \/>\r\n<meta name=\"twitter:label1\" content=\"Scritto da\" \/>\n\t<meta name=\"twitter:data1\" content=\"admin\" \/>\n\t<meta name=\"twitter:label2\" content=\"Tempo di lettura stimato\" \/>\n\t<meta name=\"twitter:data2\" content=\"3 minuti\" \/>\r\n<script type=\"application\/ld+json\" class=\"yoast-schema-graph\">{\"@context\":\"https:\/\/schema.org\",\"@graph\":[{\"@type\":\"Article\",\"@id\":\"https:\/\/www.uilscuolaemiliaromagna.it\/public\/er\/2019\/02\/15\/rassegna-stampa-orizzontescuola-it-supplenze-a-settembre-sara-boom-daprile-uil-dare-certezza-ai-docenti-con-36-mesi-servizio\/#article\",\"isPartOf\":{\"@id\":\"https:\/\/www.uilscuolaemiliaromagna.it\/public\/er\/2019\/02\/15\/rassegna-stampa-orizzontescuola-it-supplenze-a-settembre-sara-boom-daprile-uil-dare-certezza-ai-docenti-con-36-mesi-servizio\/\"},\"author\":{\"name\":\"admin\",\"@id\":\"https:\/\/www.uilscuolaemiliaromagna.it\/public\/er\/#\/schema\/person\/f42878fd07a4b6ba2b7153d4fad5de5e\"},\"headline\":\"Rassegna stampa | OrizzonteScuola.it &#8211; Supplenze, a settembre sar\u00e0 boom. D\u2019Aprile (Uil): dare certezza ai docenti con 36 mesi servizio\",\"datePublished\":\"2019-02-15T17:41:41+00:00\",\"dateModified\":\"2019-02-15T17:41:41+00:00\",\"mainEntityOfPage\":{\"@id\":\"https:\/\/www.uilscuolaemiliaromagna.it\/public\/er\/2019\/02\/15\/rassegna-stampa-orizzontescuola-it-supplenze-a-settembre-sara-boom-daprile-uil-dare-certezza-ai-docenti-con-36-mesi-servizio\/\"},\"wordCount\":558,\"publisher\":{\"@id\":\"https:\/\/www.uilscuolaemiliaromagna.it\/public\/er\/#organization\"},\"articleSection\":[\"ATA\",\"Dirigenti\",\"Infanzia\",\"Notizie\",\"Personale Docente\",\"Personale Educativo\",\"Primaria\",\"Sec. Primo Grado\",\"Sec. Secondo Grado\",\"Strumento Musicale\"],\"inLanguage\":\"it-IT\"},{\"@type\":\"WebPage\",\"@id\":\"https:\/\/www.uilscuolaemiliaromagna.it\/public\/er\/2019\/02\/15\/rassegna-stampa-orizzontescuola-it-supplenze-a-settembre-sara-boom-daprile-uil-dare-certezza-ai-docenti-con-36-mesi-servizio\/\",\"url\":\"https:\/\/www.uilscuolaemiliaromagna.it\/public\/er\/2019\/02\/15\/rassegna-stampa-orizzontescuola-it-supplenze-a-settembre-sara-boom-daprile-uil-dare-certezza-ai-docenti-con-36-mesi-servizio\/\",\"name\":\"Rassegna stampa | OrizzonteScuola.it - Supplenze, a settembre sar\u00e0 boom. D\u2019Aprile (Uil): dare certezza ai docenti con 36 mesi servizio - Uil Scuola Emilia Romagna\",\"isPartOf\":{\"@id\":\"https:\/\/www.uilscuolaemiliaromagna.it\/public\/er\/#website\"},\"datePublished\":\"2019-02-15T17:41:41+00:00\",\"dateModified\":\"2019-02-15T17:41:41+00:00\",\"breadcrumb\":{\"@id\":\"https:\/\/www.uilscuolaemiliaromagna.it\/public\/er\/2019\/02\/15\/rassegna-stampa-orizzontescuola-it-supplenze-a-settembre-sara-boom-daprile-uil-dare-certezza-ai-docenti-con-36-mesi-servizio\/#breadcrumb\"},\"inLanguage\":\"it-IT\",\"potentialAction\":[{\"@type\":\"ReadAction\",\"target\":[\"https:\/\/www.uilscuolaemiliaromagna.it\/public\/er\/2019\/02\/15\/rassegna-stampa-orizzontescuola-it-supplenze-a-settembre-sara-boom-daprile-uil-dare-certezza-ai-docenti-con-36-mesi-servizio\/\"]}]},{\"@type\":\"BreadcrumbList\",\"@id\":\"https:\/\/www.uilscuolaemiliaromagna.it\/public\/er\/2019\/02\/15\/rassegna-stampa-orizzontescuola-it-supplenze-a-settembre-sara-boom-daprile-uil-dare-certezza-ai-docenti-con-36-mesi-servizio\/#breadcrumb\",\"itemListElement\":[{\"@type\":\"ListItem\",\"position\":1,\"name\":\"Home\",\"item\":\"https:\/\/www.uilscuolaemiliaromagna.it\/public\/er\/\"},{\"@type\":\"ListItem\",\"position\":2,\"name\":\"Rassegna stampa | OrizzonteScuola.it &#8211; Supplenze, a settembre sar\u00e0 boom. D\u2019Aprile (Uil): dare certezza ai docenti con 36 mesi servizio\"}]},{\"@type\":\"WebSite\",\"@id\":\"https:\/\/www.uilscuolaemiliaromagna.it\/public\/er\/#website\",\"url\":\"https:\/\/www.uilscuolaemiliaromagna.it\/public\/er\/\",\"name\":\"Uil Scuola Emilia Romagna\",\"description\":\"La voce libera della scuola\",\"publisher\":{\"@id\":\"https:\/\/www.uilscuolaemiliaromagna.it\/public\/er\/#organization\"},\"potentialAction\":[{\"@type\":\"SearchAction\",\"target\":{\"@type\":\"EntryPoint\",\"urlTemplate\":\"https:\/\/www.uilscuolaemiliaromagna.it\/public\/er\/?s={search_term_string}\"},\"query-input\":\"required name=search_term_string\"}],\"inLanguage\":\"it-IT\"},{\"@type\":\"Organization\",\"@id\":\"https:\/\/www.uilscuolaemiliaromagna.it\/public\/er\/#organization\",\"name\":\"Uil Scuola Emilia Romagna\",\"url\":\"https:\/\/www.uilscuolaemiliaromagna.it\/public\/er\/\",\"logo\":{\"@type\":\"ImageObject\",\"inLanguage\":\"it-IT\",\"@id\":\"https:\/\/www.uilscuolaemiliaromagna.it\/public\/er\/#\/schema\/logo\/image\/\",\"url\":\"https:\/\/www.uilscuolaemiliaromagna.it\/public\/er\/wp-content\/uploads\/2017\/04\/cropped-header.png\",\"contentUrl\":\"https:\/\/www.uilscuolaemiliaromagna.it\/public\/er\/wp-content\/uploads\/2017\/04\/cropped-header.png\",\"width\":1000,\"height\":150,\"caption\":\"Uil Scuola Emilia Romagna\"},\"image\":{\"@id\":\"https:\/\/www.uilscuolaemiliaromagna.it\/public\/er\/#\/schema\/logo\/image\/\"}},{\"@type\":\"Person\",\"@id\":\"https:\/\/www.uilscuolaemiliaromagna.it\/public\/er\/#\/schema\/person\/f42878fd07a4b6ba2b7153d4fad5de5e\",\"name\":\"admin\",\"image\":{\"@type\":\"ImageObject\",\"inLanguage\":\"it-IT\",\"@id\":\"https:\/\/www.uilscuolaemiliaromagna.it\/public\/er\/#\/schema\/person\/image\/\",\"url\":\"https:\/\/secure.gravatar.com\/avatar\/aebf815ae2f30ffdae8b8c247273d34c?s=96&d=mm&r=g\",\"contentUrl\":\"https:\/\/secure.gravatar.com\/avatar\/aebf815ae2f30ffdae8b8c247273d34c?s=96&d=mm&r=g\",\"caption\":\"admin\"},\"url\":\"https:\/\/www.uilscuolaemiliaromagna.it\/public\/er\/author\/admin\/\"}]}<\/script>\r\n<!-- \/ Yoast SEO plugin. -->","yoast_head_json":{"title":"Rassegna stampa | OrizzonteScuola.it - Supplenze, a settembre sar\u00e0 boom. D\u2019Aprile (Uil): dare certezza ai docenti con 36 mesi servizio - Uil Scuola Emilia Romagna","robots":{"index":"index","follow":"follow","max-snippet":"max-snippet:-1","max-image-preview":"max-image-preview:large","max-video-preview":"max-video-preview:-1"},"canonical":"https:\/\/www.uilscuolaemiliaromagna.it\/public\/er\/2019\/02\/15\/rassegna-stampa-orizzontescuola-it-supplenze-a-settembre-sara-boom-daprile-uil-dare-certezza-ai-docenti-con-36-mesi-servizio\/","og_locale":"it_IT","og_type":"article","og_title":"Rassegna stampa | OrizzonteScuola.it - Supplenze, a settembre sar\u00e0 boom. D\u2019Aprile (Uil): dare certezza ai docenti con 36 mesi servizio - Uil Scuola Emilia Romagna","og_description":"La questione precari \u00e8 tra i punti principali delle rivendicazioni UIL Scuola.\u00a0 Si \u00e8 svolta a Cagliari una importante assemblea per il personale precario. Continua &hellip;","og_url":"https:\/\/www.uilscuolaemiliaromagna.it\/public\/er\/2019\/02\/15\/rassegna-stampa-orizzontescuola-it-supplenze-a-settembre-sara-boom-daprile-uil-dare-certezza-ai-docenti-con-36-mesi-servizio\/","og_site_name":"Uil Scuola Emilia Romagna","article_published_time":"2019-02-15T17:41:41+00:00","og_image":[{"url":"http:\/\/www.uilscuolaemiliaromagna.it\/public\/er\/wp-content\/uploads\/2019\/02\/daprile3-290x232.jpg"}],"author":"admin","twitter_card":"summary_large_image","twitter_misc":{"Scritto da":"admin","Tempo di lettura stimato":"3 minuti"},"schema":{"@context":"https:\/\/schema.org","@graph":[{"@type":"Article","@id":"https:\/\/www.uilscuolaemiliaromagna.it\/public\/er\/2019\/02\/15\/rassegna-stampa-orizzontescuola-it-supplenze-a-settembre-sara-boom-daprile-uil-dare-certezza-ai-docenti-con-36-mesi-servizio\/#article","isPartOf":{"@id":"https:\/\/www.uilscuolaemiliaromagna.it\/public\/er\/2019\/02\/15\/rassegna-stampa-orizzontescuola-it-supplenze-a-settembre-sara-boom-daprile-uil-dare-certezza-ai-docenti-con-36-mesi-servizio\/"},"author":{"name":"admin","@id":"https:\/\/www.uilscuolaemiliaromagna.it\/public\/er\/#\/schema\/person\/f42878fd07a4b6ba2b7153d4fad5de5e"},"headline":"Rassegna stampa | OrizzonteScuola.it &#8211; Supplenze, a settembre sar\u00e0 boom. D\u2019Aprile (Uil): dare certezza ai docenti con 36 mesi servizio","datePublished":"2019-02-15T17:41:41+00:00","dateModified":"2019-02-15T17:41:41+00:00","mainEntityOfPage":{"@id":"https:\/\/www.uilscuolaemiliaromagna.it\/public\/er\/2019\/02\/15\/rassegna-stampa-orizzontescuola-it-supplenze-a-settembre-sara-boom-daprile-uil-dare-certezza-ai-docenti-con-36-mesi-servizio\/"},"wordCount":558,"publisher":{"@id":"https:\/\/www.uilscuolaemiliaromagna.it\/public\/er\/#organization"},"articleSection":["ATA","Dirigenti","Infanzia","Notizie","Personale Docente","Personale Educativo","Primaria","Sec. Primo Grado","Sec. Secondo Grado","Strumento Musicale"],"inLanguage":"it-IT"},{"@type":"WebPage","@id":"https:\/\/www.uilscuolaemiliaromagna.it\/public\/er\/2019\/02\/15\/rassegna-stampa-orizzontescuola-it-supplenze-a-settembre-sara-boom-daprile-uil-dare-certezza-ai-docenti-con-36-mesi-servizio\/","url":"https:\/\/www.uilscuolaemiliaromagna.it\/public\/er\/2019\/02\/15\/rassegna-stampa-orizzontescuola-it-supplenze-a-settembre-sara-boom-daprile-uil-dare-certezza-ai-docenti-con-36-mesi-servizio\/","name":"Rassegna stampa | OrizzonteScuola.it - Supplenze, a settembre sar\u00e0 boom. D\u2019Aprile (Uil): dare certezza ai docenti con 36 mesi servizio - Uil Scuola Emilia Romagna","isPartOf":{"@id":"https:\/\/www.uilscuolaemiliaromagna.it\/public\/er\/#website"},"datePublished":"2019-02-15T17:41:41+00:00","dateModified":"2019-02-15T17:41:41+00:00","breadcrumb":{"@id":"https:\/\/www.uilscuolaemiliaromagna.it\/public\/er\/2019\/02\/15\/rassegna-stampa-orizzontescuola-it-supplenze-a-settembre-sara-boom-daprile-uil-dare-certezza-ai-docenti-con-36-mesi-servizio\/#breadcrumb"},"inLanguage":"it-IT","potentialAction":[{"@type":"ReadAction","target":["https:\/\/www.uilscuolaemiliaromagna.it\/public\/er\/2019\/02\/15\/rassegna-stampa-orizzontescuola-it-supplenze-a-settembre-sara-boom-daprile-uil-dare-certezza-ai-docenti-con-36-mesi-servizio\/"]}]},{"@type":"BreadcrumbList","@id":"https:\/\/www.uilscuolaemiliaromagna.it\/public\/er\/2019\/02\/15\/rassegna-stampa-orizzontescuola-it-supplenze-a-settembre-sara-boom-daprile-uil-dare-certezza-ai-docenti-con-36-mesi-servizio\/#breadcrumb","itemListElement":[{"@type":"ListItem","position":1,"name":"Home","item":"https:\/\/www.uilscuolaemiliaromagna.it\/public\/er\/"},{"@type":"ListItem","position":2,"name":"Rassegna stampa | OrizzonteScuola.it &#8211; Supplenze, a settembre sar\u00e0 boom. D\u2019Aprile (Uil): dare certezza ai docenti con 36 mesi servizio"}]},{"@type":"WebSite","@id":"https:\/\/www.uilscuolaemiliaromagna.it\/public\/er\/#website","url":"https:\/\/www.uilscuolaemiliaromagna.it\/public\/er\/","name":"Uil Scuola Emilia Romagna","description":"La voce libera della scuola","publisher":{"@id":"https:\/\/www.uilscuolaemiliaromagna.it\/public\/er\/#organization"},"potentialAction":[{"@type":"SearchAction","target":{"@type":"EntryPoint","urlTemplate":"https:\/\/www.uilscuolaemiliaromagna.it\/public\/er\/?s={search_term_string}"},"query-input":"required name=search_term_string"}],"inLanguage":"it-IT"},{"@type":"Organization","@id":"https:\/\/www.uilscuolaemiliaromagna.it\/public\/er\/#organization","name":"Uil Scuola Emilia Romagna","url":"https:\/\/www.uilscuolaemiliaromagna.it\/public\/er\/","logo":{"@type":"ImageObject","inLanguage":"it-IT","@id":"https:\/\/www.uilscuolaemiliaromagna.it\/public\/er\/#\/schema\/logo\/image\/","url":"https:\/\/www.uilscuolaemiliaromagna.it\/public\/er\/wp-content\/uploads\/2017\/04\/cropped-header.png","contentUrl":"https:\/\/www.uilscuolaemiliaromagna.it\/public\/er\/wp-content\/uploads\/2017\/04\/cropped-header.png","width":1000,"height":150,"caption":"Uil Scuola Emilia Romagna"},"image":{"@id":"https:\/\/www.uilscuolaemiliaromagna.it\/public\/er\/#\/schema\/logo\/image\/"}},{"@type":"Person","@id":"https:\/\/www.uilscuolaemiliaromagna.it\/public\/er\/#\/schema\/person\/f42878fd07a4b6ba2b7153d4fad5de5e","name":"admin","image":{"@type":"ImageObject","inLanguage":"it-IT","@id":"https:\/\/www.uilscuolaemiliaromagna.it\/public\/er\/#\/schema\/person\/image\/","url":"https:\/\/secure.gravatar.com\/avatar\/aebf815ae2f30ffdae8b8c247273d34c?s=96&d=mm&r=g","contentUrl":"https:\/\/secure.gravatar.com\/avatar\/aebf815ae2f30ffdae8b8c247273d34c?s=96&d=mm&r=g","caption":"admin"},"url":"https:\/\/www.uilscuolaemiliaromagna.it\/public\/er\/author\/admin\/"}]}},"views":1300,"_links":{"self":[{"href":"https:\/\/www.uilscuolaemiliaromagna.it\/public\/er\/wp-json\/wp\/v2\/posts\/4121"}],"collection":[{"href":"https:\/\/www.uilscuolaemiliaromagna.it\/public\/er\/wp-json\/wp\/v2\/posts"}],"about":[{"href":"https:\/\/www.uilscuolaemiliaromagna.it\/public\/er\/wp-json\/wp\/v2\/types\/post"}],"author":[{"embeddable":true,"href":"https:\/\/www.uilscuolaemiliaromagna.it\/public\/er\/wp-json\/wp\/v2\/users\/1"}],"replies":[{"embeddable":true,"href":"https:\/\/www.uilscuolaemiliaromagna.it\/public\/er\/wp-json\/wp\/v2\/comments?post=4121"}],"version-history":[{"count":1,"href":"https:\/\/www.uilscuolaemiliaromagna.it\/public\/er\/wp-json\/wp\/v2\/posts\/4121\/revisions"}],"predecessor-version":[{"id":4123,"href":"https:\/\/www.uilscuolaemiliaromagna.it\/public\/er\/wp-json\/wp\/v2\/posts\/4121\/revisions\/4123"}],"wp:attachment":[{"href":"https:\/\/www.uilscuolaemiliaromagna.it\/public\/er\/wp-json\/wp\/v2\/media?parent=4121"}],"wp:term":[{"taxonomy":"category","embeddable":true,"href":"https:\/\/www.uilscuolaemiliaromagna.it\/public\/er\/wp-json\/wp\/v2\/categories?post=4121"},{"taxonomy":"post_tag","embeddable":true,"href":"https:\/\/www.uilscuolaemiliaromagna.it\/public\/er\/wp-json\/wp\/v2\/tags?post=4121"}],"curies":[{"name":"wp","href":"https:\/\/api.w.org\/{rel}","templated":true}]}}