{"id":4133,"date":"2019-02-18T19:07:11","date_gmt":"2019-02-18T18:07:11","guid":{"rendered":"http:\/\/www.uilscuolaemiliaromagna.it\/public\/er\/?p=4133"},"modified":"2019-02-19T09:08:00","modified_gmt":"2019-02-19T08:08:00","slug":"no-alla-regionalizzazione-turi-tema-dellautonomia-e-estremamente-serio","status":"publish","type":"post","link":"https:\/\/www.uilscuolaemiliaromagna.it\/public\/er\/2019\/02\/18\/no-alla-regionalizzazione-turi-tema-dellautonomia-e-estremamente-serio\/","title":{"rendered":"NO ALLA REGIONALIZZAZIONE | Turi: tema dell\u2019autonomia \u00e8 estremamente serio"},"content":{"rendered":"<blockquote>\n<h3 style=\"text-align: justify;\"><strong>La situazione in cui potrebbe trovarsi il sistema scolastico con le ipotesi di autonomia \u00e8 di assoluta gravit\u00e0.<br \/>\nPotrebbe rivelarsi necessario un impegno straordinario della scuola e della societ\u00e0 civile.<br \/>\n<\/strong><strong>Uil impegnata per unit\u00e0 delle azioni e massima condivisione e coinvolgimento <\/strong><\/h3>\n<\/blockquote>\n<p style=\"text-align: justify;\">Nel fine settimana appena concluso il mondo della scuola ha vissuto momenti di ansia e preoccupazione.<br \/>\nLa risposta \u00e8 giunta ampia,\u00a0 con un documento sottoscritto dai sindacati e dalle associazioni che svolgono un\u2019azione sociale e culturale importante e che nella scuola incrociano lo spaccato fedele e migliore della societ\u00e0, un documento per dire NO alla disgregazione del sistema di istruzione nazionale, in tanti o pochi recinti regionali.<\/p>\n<p style=\"text-align: justify;\">E\u2019 stato uno sforzo non indifferente \u2013 mette in evidenza il segretario generale della Uil scuola, Pino turi \u2013\u00a0 aver messo in relazione modi di vedere, culture e sensibilit\u00e0 politiche diverse.<br \/>\nIl punto \u00e8 che, di fronte all\u2019ipotesi di un\u2019Italia che perde la sua scuola nazionale, sono diventati pi\u00f9 importanti gli elementi comuni\u00a0 di una scuola che deve essere repubblicana, per autonomia e indipendenza, laica, per accogliere, integrare e svolgere il ruolo di mediazione educativa dei valori di cui la societ\u00e0 moderna vive: multiculturalit\u00e0, multirazzialit\u00e0, multireligiosit\u00e0.<\/p>\n<p style=\"text-align: justify;\">Si tratta di un condizionamento pesante di una scuola inserita in un meccanismo di presunto efficientismo di stampo neo liberista, basato sulle regole di mercato. Regole \u2013 continua Turi \u2013 che per loro natura escludono i pi\u00f9 deboli ed esaltano i pi\u00f9 forti. Sono valori e principi che possono andare bene per l\u2019economia, ma non per la scuola che per sua natura deve fare esattamente il contrario includere tutti e mettere i pi\u00f9 deboli in condizione di potere avere pari opportunit\u00e0.<\/p>\n<p style=\"text-align: justify;\">Sono principi che la societ\u00e0 attuale tende a dimenticare e tralasciare come quello della solidariet\u00e0 che nella scuola \u00e8 l\u2019elemento caratterizzante, proprio per questo sar\u00e0 una battaglia difficile da affrontare, rispetto alle richieste di autonomia che ignorano la solidariet\u00e0 ed esaltano competizione ed esclusioni.<\/p>\n<p style=\"text-align: justify;\">Si tratter\u00e0 di una battaglia lunga e difficile, con avversari agguerriti e con una politica balbettante non sempre in grado di tutelare i valori della costituzione \u2013\u00a0 sottolinea Turi. I sottoscrittori del documento sono chiamati ad una responsabilit\u00e0 che non \u00e8 solo sindacale, ma culturale e civile.<\/p>\n<p style=\"text-align: justify;\">Serve unit\u00e0 di intenti \u2013 aggiunge Turi.\u00a0 Partiamo da noi, per primi. La UIL Scuola Rua non far\u00e0 sconti a nessuno e utilizzer\u00e0 tutte le azioni sindacali utili per raggiungere l\u2019obiettivo di salvaguardare la scuola statale di questo paese. In questo senso ci sentiamo di lanciare un appello a tutti ed in particolare alle forze sindacali.<br \/>\n#restiamouniti, \u00e8\u00a0 l\u2019hastag scelto per connotare il documento anti regionalizzazione.<br \/>\nRestiamo uniti negli intenti e nelle azioni e chiediamo la sottoscrizione del documento a quanti, come noi, hanno a cuore la scuola e il futuro di questo paese.<\/p>\n<p style=\"text-align: justify;\">Dall\u2019inizio dell\u2019anno scolastico ci sono stati otto scioperi, con adesioni dallo\u00a0 0,25% al massimo del \u00a01,2%,\u00a0 e altri due sono programmati nei prossimi giorni. La scuola e il personale non vivono bene questi giorni, per ragioni diverse, intrinseche alla loro funzione.<br \/>\nNon \u00e8 frammentando le proteste che si avvicinano i risultati. Nell\u2019orizzonte temporale dell\u2019iter dell\u2019autonomia differenziata non escludiamo \u2013 commenta Turi \u2013 anche uno sciopero che dovrebbe avere uno spazio di partecipazione pi\u00f9 ampio possibile. Non pensiamo a somme algebriche di rappresentanza e protesta.\u00a0 Siamo convinti che occorra\u00a0 grande responsabilit\u00e0 civile, politica\u00a0 e sindacale.<\/p>\n\n<div class=\"twitter-share\"><a href=\"https:\/\/twitter.com\/intent\/tweet?via=UILScuolaBO_ER\" class=\"twitter-share-button\" data-size=\"large\">Tweet<\/a><\/div>\n","protected":false},"excerpt":{"rendered":"<p>La situazione in cui potrebbe trovarsi il sistema scolastico con le ipotesi di autonomia \u00e8 di assoluta gravit\u00e0. Potrebbe rivelarsi necessario un impegno straordinario della &hellip; <\/p>\n","protected":false},"author":1,"featured_media":0,"comment_status":"closed","ping_status":"open","sticky":false,"template":"","format":"standard","meta":{"footnotes":""},"categories":[2,3,4,12,6,7,8,9,10,13],"tags":[],"yoast_head":"<!-- This site is optimized with the Yoast SEO plugin v21.7 - https:\/\/yoast.com\/wordpress\/plugins\/seo\/ -->\r\n<title>NO ALLA REGIONALIZZAZIONE | Turi: tema dell\u2019autonomia \u00e8 estremamente serio - Uil Scuola Emilia Romagna<\/title>\r\n<meta name=\"robots\" content=\"index, follow, max-snippet:-1, max-image-preview:large, max-video-preview:-1\" \/>\r\n<link rel=\"canonical\" href=\"https:\/\/www.uilscuolaemiliaromagna.it\/public\/er\/2019\/02\/18\/no-alla-regionalizzazione-turi-tema-dellautonomia-e-estremamente-serio\/\" \/>\r\n<meta property=\"og:locale\" content=\"it_IT\" \/>\r\n<meta property=\"og:type\" content=\"article\" \/>\r\n<meta property=\"og:title\" content=\"NO ALLA REGIONALIZZAZIONE | Turi: tema dell\u2019autonomia \u00e8 estremamente serio - Uil Scuola Emilia Romagna\" \/>\r\n<meta property=\"og:description\" content=\"La situazione in cui potrebbe trovarsi il sistema scolastico con le ipotesi di autonomia \u00e8 di assoluta gravit\u00e0. Potrebbe rivelarsi necessario un impegno straordinario della &hellip;\" \/>\r\n<meta property=\"og:url\" content=\"https:\/\/www.uilscuolaemiliaromagna.it\/public\/er\/2019\/02\/18\/no-alla-regionalizzazione-turi-tema-dellautonomia-e-estremamente-serio\/\" \/>\r\n<meta property=\"og:site_name\" content=\"Uil Scuola Emilia Romagna\" \/>\r\n<meta property=\"article:published_time\" content=\"2019-02-18T18:07:11+00:00\" \/>\r\n<meta property=\"article:modified_time\" content=\"2019-02-19T08:08:00+00:00\" \/>\r\n<meta name=\"author\" content=\"admin\" \/>\r\n<meta name=\"twitter:card\" content=\"summary_large_image\" \/>\r\n<meta name=\"twitter:label1\" content=\"Scritto da\" \/>\n\t<meta name=\"twitter:data1\" content=\"admin\" \/>\n\t<meta name=\"twitter:label2\" content=\"Tempo di lettura stimato\" \/>\n\t<meta name=\"twitter:data2\" content=\"3 minuti\" \/>\r\n<script type=\"application\/ld+json\" class=\"yoast-schema-graph\">{\"@context\":\"https:\/\/schema.org\",\"@graph\":[{\"@type\":\"Article\",\"@id\":\"https:\/\/www.uilscuolaemiliaromagna.it\/public\/er\/2019\/02\/18\/no-alla-regionalizzazione-turi-tema-dellautonomia-e-estremamente-serio\/#article\",\"isPartOf\":{\"@id\":\"https:\/\/www.uilscuolaemiliaromagna.it\/public\/er\/2019\/02\/18\/no-alla-regionalizzazione-turi-tema-dellautonomia-e-estremamente-serio\/\"},\"author\":{\"name\":\"admin\",\"@id\":\"https:\/\/www.uilscuolaemiliaromagna.it\/public\/er\/#\/schema\/person\/f42878fd07a4b6ba2b7153d4fad5de5e\"},\"headline\":\"NO ALLA REGIONALIZZAZIONE | Turi: tema dell\u2019autonomia \u00e8 estremamente serio\",\"datePublished\":\"2019-02-18T18:07:11+00:00\",\"dateModified\":\"2019-02-19T08:08:00+00:00\",\"mainEntityOfPage\":{\"@id\":\"https:\/\/www.uilscuolaemiliaromagna.it\/public\/er\/2019\/02\/18\/no-alla-regionalizzazione-turi-tema-dellautonomia-e-estremamente-serio\/\"},\"wordCount\":558,\"publisher\":{\"@id\":\"https:\/\/www.uilscuolaemiliaromagna.it\/public\/er\/#organization\"},\"articleSection\":[\"ATA\",\"Dirigenti\",\"Infanzia\",\"Notizie\",\"Personale Docente\",\"Personale Educativo\",\"Primaria\",\"Sec. Primo Grado\",\"Sec. Secondo Grado\",\"Strumento Musicale\"],\"inLanguage\":\"it-IT\"},{\"@type\":\"WebPage\",\"@id\":\"https:\/\/www.uilscuolaemiliaromagna.it\/public\/er\/2019\/02\/18\/no-alla-regionalizzazione-turi-tema-dellautonomia-e-estremamente-serio\/\",\"url\":\"https:\/\/www.uilscuolaemiliaromagna.it\/public\/er\/2019\/02\/18\/no-alla-regionalizzazione-turi-tema-dellautonomia-e-estremamente-serio\/\",\"name\":\"NO ALLA REGIONALIZZAZIONE | Turi: tema dell\u2019autonomia \u00e8 estremamente serio - Uil Scuola Emilia Romagna\",\"isPartOf\":{\"@id\":\"https:\/\/www.uilscuolaemiliaromagna.it\/public\/er\/#website\"},\"datePublished\":\"2019-02-18T18:07:11+00:00\",\"dateModified\":\"2019-02-19T08:08:00+00:00\",\"breadcrumb\":{\"@id\":\"https:\/\/www.uilscuolaemiliaromagna.it\/public\/er\/2019\/02\/18\/no-alla-regionalizzazione-turi-tema-dellautonomia-e-estremamente-serio\/#breadcrumb\"},\"inLanguage\":\"it-IT\",\"potentialAction\":[{\"@type\":\"ReadAction\",\"target\":[\"https:\/\/www.uilscuolaemiliaromagna.it\/public\/er\/2019\/02\/18\/no-alla-regionalizzazione-turi-tema-dellautonomia-e-estremamente-serio\/\"]}]},{\"@type\":\"BreadcrumbList\",\"@id\":\"https:\/\/www.uilscuolaemiliaromagna.it\/public\/er\/2019\/02\/18\/no-alla-regionalizzazione-turi-tema-dellautonomia-e-estremamente-serio\/#breadcrumb\",\"itemListElement\":[{\"@type\":\"ListItem\",\"position\":1,\"name\":\"Home\",\"item\":\"https:\/\/www.uilscuolaemiliaromagna.it\/public\/er\/\"},{\"@type\":\"ListItem\",\"position\":2,\"name\":\"NO ALLA REGIONALIZZAZIONE | Turi: tema dell\u2019autonomia \u00e8 estremamente serio\"}]},{\"@type\":\"WebSite\",\"@id\":\"https:\/\/www.uilscuolaemiliaromagna.it\/public\/er\/#website\",\"url\":\"https:\/\/www.uilscuolaemiliaromagna.it\/public\/er\/\",\"name\":\"Uil Scuola Emilia Romagna\",\"description\":\"La voce libera della scuola\",\"publisher\":{\"@id\":\"https:\/\/www.uilscuolaemiliaromagna.it\/public\/er\/#organization\"},\"potentialAction\":[{\"@type\":\"SearchAction\",\"target\":{\"@type\":\"EntryPoint\",\"urlTemplate\":\"https:\/\/www.uilscuolaemiliaromagna.it\/public\/er\/?s={search_term_string}\"},\"query-input\":\"required name=search_term_string\"}],\"inLanguage\":\"it-IT\"},{\"@type\":\"Organization\",\"@id\":\"https:\/\/www.uilscuolaemiliaromagna.it\/public\/er\/#organization\",\"name\":\"Uil Scuola Emilia Romagna\",\"url\":\"https:\/\/www.uilscuolaemiliaromagna.it\/public\/er\/\",\"logo\":{\"@type\":\"ImageObject\",\"inLanguage\":\"it-IT\",\"@id\":\"https:\/\/www.uilscuolaemiliaromagna.it\/public\/er\/#\/schema\/logo\/image\/\",\"url\":\"https:\/\/www.uilscuolaemiliaromagna.it\/public\/er\/wp-content\/uploads\/2017\/04\/cropped-header.png\",\"contentUrl\":\"https:\/\/www.uilscuolaemiliaromagna.it\/public\/er\/wp-content\/uploads\/2017\/04\/cropped-header.png\",\"width\":1000,\"height\":150,\"caption\":\"Uil Scuola Emilia Romagna\"},\"image\":{\"@id\":\"https:\/\/www.uilscuolaemiliaromagna.it\/public\/er\/#\/schema\/logo\/image\/\"}},{\"@type\":\"Person\",\"@id\":\"https:\/\/www.uilscuolaemiliaromagna.it\/public\/er\/#\/schema\/person\/f42878fd07a4b6ba2b7153d4fad5de5e\",\"name\":\"admin\",\"image\":{\"@type\":\"ImageObject\",\"inLanguage\":\"it-IT\",\"@id\":\"https:\/\/www.uilscuolaemiliaromagna.it\/public\/er\/#\/schema\/person\/image\/\",\"url\":\"https:\/\/secure.gravatar.com\/avatar\/aebf815ae2f30ffdae8b8c247273d34c?s=96&d=mm&r=g\",\"contentUrl\":\"https:\/\/secure.gravatar.com\/avatar\/aebf815ae2f30ffdae8b8c247273d34c?s=96&d=mm&r=g\",\"caption\":\"admin\"},\"url\":\"https:\/\/www.uilscuolaemiliaromagna.it\/public\/er\/author\/admin\/\"}]}<\/script>\r\n<!-- \/ Yoast SEO plugin. -->","yoast_head_json":{"title":"NO ALLA REGIONALIZZAZIONE | Turi: tema dell\u2019autonomia \u00e8 estremamente serio - Uil Scuola Emilia Romagna","robots":{"index":"index","follow":"follow","max-snippet":"max-snippet:-1","max-image-preview":"max-image-preview:large","max-video-preview":"max-video-preview:-1"},"canonical":"https:\/\/www.uilscuolaemiliaromagna.it\/public\/er\/2019\/02\/18\/no-alla-regionalizzazione-turi-tema-dellautonomia-e-estremamente-serio\/","og_locale":"it_IT","og_type":"article","og_title":"NO ALLA REGIONALIZZAZIONE | Turi: tema dell\u2019autonomia \u00e8 estremamente serio - Uil Scuola Emilia Romagna","og_description":"La situazione in cui potrebbe trovarsi il sistema scolastico con le ipotesi di autonomia \u00e8 di assoluta gravit\u00e0. Potrebbe rivelarsi necessario un impegno straordinario della &hellip;","og_url":"https:\/\/www.uilscuolaemiliaromagna.it\/public\/er\/2019\/02\/18\/no-alla-regionalizzazione-turi-tema-dellautonomia-e-estremamente-serio\/","og_site_name":"Uil Scuola Emilia Romagna","article_published_time":"2019-02-18T18:07:11+00:00","article_modified_time":"2019-02-19T08:08:00+00:00","author":"admin","twitter_card":"summary_large_image","twitter_misc":{"Scritto da":"admin","Tempo di lettura stimato":"3 minuti"},"schema":{"@context":"https:\/\/schema.org","@graph":[{"@type":"Article","@id":"https:\/\/www.uilscuolaemiliaromagna.it\/public\/er\/2019\/02\/18\/no-alla-regionalizzazione-turi-tema-dellautonomia-e-estremamente-serio\/#article","isPartOf":{"@id":"https:\/\/www.uilscuolaemiliaromagna.it\/public\/er\/2019\/02\/18\/no-alla-regionalizzazione-turi-tema-dellautonomia-e-estremamente-serio\/"},"author":{"name":"admin","@id":"https:\/\/www.uilscuolaemiliaromagna.it\/public\/er\/#\/schema\/person\/f42878fd07a4b6ba2b7153d4fad5de5e"},"headline":"NO ALLA REGIONALIZZAZIONE | Turi: tema dell\u2019autonomia \u00e8 estremamente serio","datePublished":"2019-02-18T18:07:11+00:00","dateModified":"2019-02-19T08:08:00+00:00","mainEntityOfPage":{"@id":"https:\/\/www.uilscuolaemiliaromagna.it\/public\/er\/2019\/02\/18\/no-alla-regionalizzazione-turi-tema-dellautonomia-e-estremamente-serio\/"},"wordCount":558,"publisher":{"@id":"https:\/\/www.uilscuolaemiliaromagna.it\/public\/er\/#organization"},"articleSection":["ATA","Dirigenti","Infanzia","Notizie","Personale Docente","Personale Educativo","Primaria","Sec. Primo Grado","Sec. Secondo Grado","Strumento Musicale"],"inLanguage":"it-IT"},{"@type":"WebPage","@id":"https:\/\/www.uilscuolaemiliaromagna.it\/public\/er\/2019\/02\/18\/no-alla-regionalizzazione-turi-tema-dellautonomia-e-estremamente-serio\/","url":"https:\/\/www.uilscuolaemiliaromagna.it\/public\/er\/2019\/02\/18\/no-alla-regionalizzazione-turi-tema-dellautonomia-e-estremamente-serio\/","name":"NO ALLA REGIONALIZZAZIONE | Turi: tema dell\u2019autonomia \u00e8 estremamente serio - Uil Scuola Emilia Romagna","isPartOf":{"@id":"https:\/\/www.uilscuolaemiliaromagna.it\/public\/er\/#website"},"datePublished":"2019-02-18T18:07:11+00:00","dateModified":"2019-02-19T08:08:00+00:00","breadcrumb":{"@id":"https:\/\/www.uilscuolaemiliaromagna.it\/public\/er\/2019\/02\/18\/no-alla-regionalizzazione-turi-tema-dellautonomia-e-estremamente-serio\/#breadcrumb"},"inLanguage":"it-IT","potentialAction":[{"@type":"ReadAction","target":["https:\/\/www.uilscuolaemiliaromagna.it\/public\/er\/2019\/02\/18\/no-alla-regionalizzazione-turi-tema-dellautonomia-e-estremamente-serio\/"]}]},{"@type":"BreadcrumbList","@id":"https:\/\/www.uilscuolaemiliaromagna.it\/public\/er\/2019\/02\/18\/no-alla-regionalizzazione-turi-tema-dellautonomia-e-estremamente-serio\/#breadcrumb","itemListElement":[{"@type":"ListItem","position":1,"name":"Home","item":"https:\/\/www.uilscuolaemiliaromagna.it\/public\/er\/"},{"@type":"ListItem","position":2,"name":"NO ALLA REGIONALIZZAZIONE | Turi: tema dell\u2019autonomia \u00e8 estremamente serio"}]},{"@type":"WebSite","@id":"https:\/\/www.uilscuolaemiliaromagna.it\/public\/er\/#website","url":"https:\/\/www.uilscuolaemiliaromagna.it\/public\/er\/","name":"Uil Scuola Emilia Romagna","description":"La voce libera della scuola","publisher":{"@id":"https:\/\/www.uilscuolaemiliaromagna.it\/public\/er\/#organization"},"potentialAction":[{"@type":"SearchAction","target":{"@type":"EntryPoint","urlTemplate":"https:\/\/www.uilscuolaemiliaromagna.it\/public\/er\/?s={search_term_string}"},"query-input":"required name=search_term_string"}],"inLanguage":"it-IT"},{"@type":"Organization","@id":"https:\/\/www.uilscuolaemiliaromagna.it\/public\/er\/#organization","name":"Uil Scuola Emilia Romagna","url":"https:\/\/www.uilscuolaemiliaromagna.it\/public\/er\/","logo":{"@type":"ImageObject","inLanguage":"it-IT","@id":"https:\/\/www.uilscuolaemiliaromagna.it\/public\/er\/#\/schema\/logo\/image\/","url":"https:\/\/www.uilscuolaemiliaromagna.it\/public\/er\/wp-content\/uploads\/2017\/04\/cropped-header.png","contentUrl":"https:\/\/www.uilscuolaemiliaromagna.it\/public\/er\/wp-content\/uploads\/2017\/04\/cropped-header.png","width":1000,"height":150,"caption":"Uil Scuola Emilia Romagna"},"image":{"@id":"https:\/\/www.uilscuolaemiliaromagna.it\/public\/er\/#\/schema\/logo\/image\/"}},{"@type":"Person","@id":"https:\/\/www.uilscuolaemiliaromagna.it\/public\/er\/#\/schema\/person\/f42878fd07a4b6ba2b7153d4fad5de5e","name":"admin","image":{"@type":"ImageObject","inLanguage":"it-IT","@id":"https:\/\/www.uilscuolaemiliaromagna.it\/public\/er\/#\/schema\/person\/image\/","url":"https:\/\/secure.gravatar.com\/avatar\/aebf815ae2f30ffdae8b8c247273d34c?s=96&d=mm&r=g","contentUrl":"https:\/\/secure.gravatar.com\/avatar\/aebf815ae2f30ffdae8b8c247273d34c?s=96&d=mm&r=g","caption":"admin"},"url":"https:\/\/www.uilscuolaemiliaromagna.it\/public\/er\/author\/admin\/"}]}},"views":1068,"_links":{"self":[{"href":"https:\/\/www.uilscuolaemiliaromagna.it\/public\/er\/wp-json\/wp\/v2\/posts\/4133"}],"collection":[{"href":"https:\/\/www.uilscuolaemiliaromagna.it\/public\/er\/wp-json\/wp\/v2\/posts"}],"about":[{"href":"https:\/\/www.uilscuolaemiliaromagna.it\/public\/er\/wp-json\/wp\/v2\/types\/post"}],"author":[{"embeddable":true,"href":"https:\/\/www.uilscuolaemiliaromagna.it\/public\/er\/wp-json\/wp\/v2\/users\/1"}],"replies":[{"embeddable":true,"href":"https:\/\/www.uilscuolaemiliaromagna.it\/public\/er\/wp-json\/wp\/v2\/comments?post=4133"}],"version-history":[{"count":1,"href":"https:\/\/www.uilscuolaemiliaromagna.it\/public\/er\/wp-json\/wp\/v2\/posts\/4133\/revisions"}],"predecessor-version":[{"id":4134,"href":"https:\/\/www.uilscuolaemiliaromagna.it\/public\/er\/wp-json\/wp\/v2\/posts\/4133\/revisions\/4134"}],"wp:attachment":[{"href":"https:\/\/www.uilscuolaemiliaromagna.it\/public\/er\/wp-json\/wp\/v2\/media?parent=4133"}],"wp:term":[{"taxonomy":"category","embeddable":true,"href":"https:\/\/www.uilscuolaemiliaromagna.it\/public\/er\/wp-json\/wp\/v2\/categories?post=4133"},{"taxonomy":"post_tag","embeddable":true,"href":"https:\/\/www.uilscuolaemiliaromagna.it\/public\/er\/wp-json\/wp\/v2\/tags?post=4133"}],"curies":[{"name":"wp","href":"https:\/\/api.w.org\/{rel}","templated":true}]}}