{"id":4174,"date":"2019-02-27T19:58:49","date_gmt":"2019-02-27T18:58:49","guid":{"rendered":"http:\/\/www.uilscuolaemiliaromagna.it\/public\/er\/?p=4174"},"modified":"2019-02-28T09:01:43","modified_gmt":"2019-02-28T08:01:43","slug":"sostegno-incongruenze-nella-ripartizione-dei-posti-e-troppo-peso-alle-universita","status":"publish","type":"post","link":"https:\/\/www.uilscuolaemiliaromagna.it\/public\/er\/2019\/02\/27\/sostegno-incongruenze-nella-ripartizione-dei-posti-e-troppo-peso-alle-universita\/","title":{"rendered":"Sostegno: incongruenze nella ripartizione dei posti e troppo peso alle Universit\u00e0"},"content":{"rendered":"<p style=\"text-align: justify;\">Ad una prima analisi della ripartizione dei posti tra le diverse regioni per la specializzazione sul sostegno evidenziamo incongruenze e discrasie, poco spiegabili ai pi\u00f9, se non facendo riferimento ad equilibri ed utilit\u00e0 delle universit\u00e0, sparse nel territorio nazionale, che grazie ai costi lasciati alla totale autonomia possono avvantaggiarsene.<\/p>\n<p style=\"text-align: justify;\">I 370 posti del Molise corrispondono a poco pi\u00f9 della met\u00e0 dell\u2019organico di sostegno presente nella regione. Se si fosse applicata \u00a0la stessa proporzione, ad esempio, in Lombardia,\u00a0se ne sarebbero dovuti avviare 8.500 a fronte dei 1.130 reali, e 4.400 in Veneto, rispetto agli 850 reali.<br \/>\nI fattori che incidono sulle scelte sono molteplici: il numero dei bambini in situazione di disabilit\u00e0, il \u00a0rapporto medio alunni classi, quello tra studenti diversamente abili rispetto alla popolazione scolastica ed altro ancora. Le modalit\u00e0 con cui sono \u00a0effettuate lasciano molti dubbi; il primo che sorge \u00e8 che forse si stanno gi\u00e0 ponendo le condizioni per una \u00a0migrazione dal sud al nord di nuovi precari?<\/p>\n<p style=\"text-align: justify;\">Alle organizzazioni sindacali come la UIL sarebbe piaciuto avere una informazione preventiva sulle decisioni da prendere, saremmo stati sicuramente in grado di fornire un utile contributo.<br \/>\nL\u2019istituto del confronto, quale nuova conquista del contratto istruzione e ricerca 2018 \u00a0avrebbe consentito di analizzare la situazione \u00a0ed \u00a0affrontare con lungimiranza ed equilibrio le reali esigenze.<\/p>\n<p style=\"text-align: justify;\">Certamente \u00e8 utile avviare un\u00a0 processo che dia risposta all\u2019annosa difficolt\u00e0 di reperire insegnanti di sostegno qualificati ma \u00a0i 14 mila posti autorizzati non sono certo sufficienti, corrispondono al 10% dell\u2019organico. \u00a0E non lo saranno i promessi 40 mila nel triennio, a fronte di un organico di sostegno in\u00a0 continua espansione.<\/p>\n<p style=\"text-align: justify;\">La UIL resta convinta che la formazione specifica non \u00a0debba essere demandata esclusivamente alle universit\u00e0, il loro lavoro va affiancato dalle scuole in cui operano insegnanti altamente qualificati e competenti, anche per trasferire le \u00a0proprie abilit\u00e0\u00a0ai giovani (e meno giovani)\u00a0che scelgono di svolgere la delicata professione di insegnante e di sostegno.<\/p>\n<p style=\"text-align: justify;\">La UIL\u00a0 esprime contrariet\u00e0 al mancato riconoscimento \u00a0del \u00a0servizio svolto sul sostegno senza titolo per gli aspiranti. \u00a0Infine, \u00a0sarebbe opportuno agire diversamente, se non si ha la voglia o la capacit\u00e0 di mettere in relazione l\u2019offerta delle Universit\u00e0 e la domanda di partecipazione.<\/p>\n<p style=\"text-align: justify;\">Per evitare tale situazione, suggeriamo di fare una prova d\u2019accesso nazionale e sulla base della relativa graduatoria mettere gli aspiranti nelle condizioni di scegliere l\u2019universit\u00e0 dove svolgere l\u2019attivit\u00e0 di formazione.<\/p>\n<p style=\"text-align: justify;\">Con il sistema frantumato delle autonomie che non si parlano e non si coordinano, accade che gli aspiranti siano costretti a fare scelte casuali e non consapevoli, con l\u2019aggravante che coloro che risultassero pi\u00f9 \u2018meritevoli\u2019 in senso assoluto siano penalizzati da graduatorie che valutano solo l\u2019aspetto relativo.<br \/>\nE\u2019 la riprova che l\u2019autonomia differenziata per il sistema di istruzione non pu\u00f2 funzionare e crea barriere e disuguaglianze, altro che merito e competenza.<\/p>\n<ul>\n<li><a href=\"https:\/\/www.uilscuolaemiliaromagna.it\/public\/er\/wp-content\/uploads\/2019\/02\/Avvio-dei-percorsi-di-specializzazione-sul-sostegno_Scheda-di-lettura-UIL-Scuola-RUA_.pdf\" target=\"_blank\" rel=\"noopener\">la scheda di dettaglio della UIL Scuola RUA<\/a><\/li>\n<li><a href=\"https:\/\/www.uilscuolaemiliaromagna.it\/public\/er\/wp-content\/uploads\/2019\/02\/Italia-Oggi-Sostegno-il-paradosso-del-Tfa-260219.pdf\">ITALIA OGGI<\/a><\/li>\n<\/ul>\n\n<div class=\"twitter-share\"><a href=\"https:\/\/twitter.com\/intent\/tweet?via=UILScuolaBO_ER\" class=\"twitter-share-button\" data-size=\"large\">Tweet<\/a><\/div>\n","protected":false},"excerpt":{"rendered":"<p>Ad una prima analisi della ripartizione dei posti tra le diverse regioni per la specializzazione sul sostegno evidenziamo incongruenze e discrasie, poco spiegabili ai pi\u00f9, &hellip; <\/p>\n","protected":false},"author":1,"featured_media":0,"comment_status":"closed","ping_status":"open","sticky":false,"template":"","format":"standard","meta":{"footnotes":""},"categories":[12,6],"tags":[],"yoast_head":"<!-- This site is optimized with the Yoast SEO plugin v21.7 - https:\/\/yoast.com\/wordpress\/plugins\/seo\/ -->\r\n<title>Sostegno: incongruenze nella ripartizione dei posti e troppo peso alle Universit\u00e0 - Uil Scuola Emilia Romagna<\/title>\r\n<meta name=\"robots\" content=\"index, follow, max-snippet:-1, max-image-preview:large, max-video-preview:-1\" \/>\r\n<link rel=\"canonical\" href=\"https:\/\/www.uilscuolaemiliaromagna.it\/public\/er\/2019\/02\/27\/sostegno-incongruenze-nella-ripartizione-dei-posti-e-troppo-peso-alle-universita\/\" \/>\r\n<meta property=\"og:locale\" content=\"it_IT\" \/>\r\n<meta property=\"og:type\" content=\"article\" \/>\r\n<meta property=\"og:title\" content=\"Sostegno: incongruenze nella ripartizione dei posti e troppo peso alle Universit\u00e0 - Uil Scuola Emilia Romagna\" \/>\r\n<meta property=\"og:description\" content=\"Ad una prima analisi della ripartizione dei posti tra le diverse regioni per la specializzazione sul sostegno evidenziamo incongruenze e discrasie, poco spiegabili ai pi\u00f9, &hellip;\" \/>\r\n<meta property=\"og:url\" content=\"https:\/\/www.uilscuolaemiliaromagna.it\/public\/er\/2019\/02\/27\/sostegno-incongruenze-nella-ripartizione-dei-posti-e-troppo-peso-alle-universita\/\" \/>\r\n<meta property=\"og:site_name\" content=\"Uil Scuola Emilia Romagna\" \/>\r\n<meta property=\"article:published_time\" content=\"2019-02-27T18:58:49+00:00\" \/>\r\n<meta property=\"article:modified_time\" content=\"2019-02-28T08:01:43+00:00\" \/>\r\n<meta name=\"author\" content=\"admin\" \/>\r\n<meta name=\"twitter:card\" content=\"summary_large_image\" \/>\r\n<meta name=\"twitter:label1\" content=\"Scritto da\" \/>\n\t<meta name=\"twitter:data1\" content=\"admin\" \/>\n\t<meta name=\"twitter:label2\" content=\"Tempo di lettura stimato\" \/>\n\t<meta name=\"twitter:data2\" content=\"2 minuti\" \/>\r\n<script type=\"application\/ld+json\" class=\"yoast-schema-graph\">{\"@context\":\"https:\/\/schema.org\",\"@graph\":[{\"@type\":\"Article\",\"@id\":\"https:\/\/www.uilscuolaemiliaromagna.it\/public\/er\/2019\/02\/27\/sostegno-incongruenze-nella-ripartizione-dei-posti-e-troppo-peso-alle-universita\/#article\",\"isPartOf\":{\"@id\":\"https:\/\/www.uilscuolaemiliaromagna.it\/public\/er\/2019\/02\/27\/sostegno-incongruenze-nella-ripartizione-dei-posti-e-troppo-peso-alle-universita\/\"},\"author\":{\"name\":\"admin\",\"@id\":\"https:\/\/www.uilscuolaemiliaromagna.it\/public\/er\/#\/schema\/person\/f42878fd07a4b6ba2b7153d4fad5de5e\"},\"headline\":\"Sostegno: incongruenze nella ripartizione dei posti e troppo peso alle Universit\u00e0\",\"datePublished\":\"2019-02-27T18:58:49+00:00\",\"dateModified\":\"2019-02-28T08:01:43+00:00\",\"mainEntityOfPage\":{\"@id\":\"https:\/\/www.uilscuolaemiliaromagna.it\/public\/er\/2019\/02\/27\/sostegno-incongruenze-nella-ripartizione-dei-posti-e-troppo-peso-alle-universita\/\"},\"wordCount\":483,\"publisher\":{\"@id\":\"https:\/\/www.uilscuolaemiliaromagna.it\/public\/er\/#organization\"},\"articleSection\":[\"Notizie\",\"Personale Docente\"],\"inLanguage\":\"it-IT\"},{\"@type\":\"WebPage\",\"@id\":\"https:\/\/www.uilscuolaemiliaromagna.it\/public\/er\/2019\/02\/27\/sostegno-incongruenze-nella-ripartizione-dei-posti-e-troppo-peso-alle-universita\/\",\"url\":\"https:\/\/www.uilscuolaemiliaromagna.it\/public\/er\/2019\/02\/27\/sostegno-incongruenze-nella-ripartizione-dei-posti-e-troppo-peso-alle-universita\/\",\"name\":\"Sostegno: incongruenze nella ripartizione dei posti e troppo peso alle Universit\u00e0 - Uil Scuola Emilia Romagna\",\"isPartOf\":{\"@id\":\"https:\/\/www.uilscuolaemiliaromagna.it\/public\/er\/#website\"},\"datePublished\":\"2019-02-27T18:58:49+00:00\",\"dateModified\":\"2019-02-28T08:01:43+00:00\",\"breadcrumb\":{\"@id\":\"https:\/\/www.uilscuolaemiliaromagna.it\/public\/er\/2019\/02\/27\/sostegno-incongruenze-nella-ripartizione-dei-posti-e-troppo-peso-alle-universita\/#breadcrumb\"},\"inLanguage\":\"it-IT\",\"potentialAction\":[{\"@type\":\"ReadAction\",\"target\":[\"https:\/\/www.uilscuolaemiliaromagna.it\/public\/er\/2019\/02\/27\/sostegno-incongruenze-nella-ripartizione-dei-posti-e-troppo-peso-alle-universita\/\"]}]},{\"@type\":\"BreadcrumbList\",\"@id\":\"https:\/\/www.uilscuolaemiliaromagna.it\/public\/er\/2019\/02\/27\/sostegno-incongruenze-nella-ripartizione-dei-posti-e-troppo-peso-alle-universita\/#breadcrumb\",\"itemListElement\":[{\"@type\":\"ListItem\",\"position\":1,\"name\":\"Home\",\"item\":\"https:\/\/www.uilscuolaemiliaromagna.it\/public\/er\/\"},{\"@type\":\"ListItem\",\"position\":2,\"name\":\"Sostegno: incongruenze nella ripartizione dei posti e troppo peso alle Universit\u00e0\"}]},{\"@type\":\"WebSite\",\"@id\":\"https:\/\/www.uilscuolaemiliaromagna.it\/public\/er\/#website\",\"url\":\"https:\/\/www.uilscuolaemiliaromagna.it\/public\/er\/\",\"name\":\"Uil Scuola Emilia Romagna\",\"description\":\"La voce libera della scuola\",\"publisher\":{\"@id\":\"https:\/\/www.uilscuolaemiliaromagna.it\/public\/er\/#organization\"},\"potentialAction\":[{\"@type\":\"SearchAction\",\"target\":{\"@type\":\"EntryPoint\",\"urlTemplate\":\"https:\/\/www.uilscuolaemiliaromagna.it\/public\/er\/?s={search_term_string}\"},\"query-input\":\"required name=search_term_string\"}],\"inLanguage\":\"it-IT\"},{\"@type\":\"Organization\",\"@id\":\"https:\/\/www.uilscuolaemiliaromagna.it\/public\/er\/#organization\",\"name\":\"Uil Scuola Emilia Romagna\",\"url\":\"https:\/\/www.uilscuolaemiliaromagna.it\/public\/er\/\",\"logo\":{\"@type\":\"ImageObject\",\"inLanguage\":\"it-IT\",\"@id\":\"https:\/\/www.uilscuolaemiliaromagna.it\/public\/er\/#\/schema\/logo\/image\/\",\"url\":\"https:\/\/www.uilscuolaemiliaromagna.it\/public\/er\/wp-content\/uploads\/2017\/04\/cropped-header.png\",\"contentUrl\":\"https:\/\/www.uilscuolaemiliaromagna.it\/public\/er\/wp-content\/uploads\/2017\/04\/cropped-header.png\",\"width\":1000,\"height\":150,\"caption\":\"Uil Scuola Emilia Romagna\"},\"image\":{\"@id\":\"https:\/\/www.uilscuolaemiliaromagna.it\/public\/er\/#\/schema\/logo\/image\/\"}},{\"@type\":\"Person\",\"@id\":\"https:\/\/www.uilscuolaemiliaromagna.it\/public\/er\/#\/schema\/person\/f42878fd07a4b6ba2b7153d4fad5de5e\",\"name\":\"admin\",\"image\":{\"@type\":\"ImageObject\",\"inLanguage\":\"it-IT\",\"@id\":\"https:\/\/www.uilscuolaemiliaromagna.it\/public\/er\/#\/schema\/person\/image\/\",\"url\":\"https:\/\/secure.gravatar.com\/avatar\/aebf815ae2f30ffdae8b8c247273d34c?s=96&d=mm&r=g\",\"contentUrl\":\"https:\/\/secure.gravatar.com\/avatar\/aebf815ae2f30ffdae8b8c247273d34c?s=96&d=mm&r=g\",\"caption\":\"admin\"},\"url\":\"https:\/\/www.uilscuolaemiliaromagna.it\/public\/er\/author\/admin\/\"}]}<\/script>\r\n<!-- \/ Yoast SEO plugin. -->","yoast_head_json":{"title":"Sostegno: incongruenze nella ripartizione dei posti e troppo peso alle Universit\u00e0 - Uil Scuola Emilia Romagna","robots":{"index":"index","follow":"follow","max-snippet":"max-snippet:-1","max-image-preview":"max-image-preview:large","max-video-preview":"max-video-preview:-1"},"canonical":"https:\/\/www.uilscuolaemiliaromagna.it\/public\/er\/2019\/02\/27\/sostegno-incongruenze-nella-ripartizione-dei-posti-e-troppo-peso-alle-universita\/","og_locale":"it_IT","og_type":"article","og_title":"Sostegno: incongruenze nella ripartizione dei posti e troppo peso alle Universit\u00e0 - Uil Scuola Emilia Romagna","og_description":"Ad una prima analisi della ripartizione dei posti tra le diverse regioni per la specializzazione sul sostegno evidenziamo incongruenze e discrasie, poco spiegabili ai pi\u00f9, &hellip;","og_url":"https:\/\/www.uilscuolaemiliaromagna.it\/public\/er\/2019\/02\/27\/sostegno-incongruenze-nella-ripartizione-dei-posti-e-troppo-peso-alle-universita\/","og_site_name":"Uil Scuola Emilia Romagna","article_published_time":"2019-02-27T18:58:49+00:00","article_modified_time":"2019-02-28T08:01:43+00:00","author":"admin","twitter_card":"summary_large_image","twitter_misc":{"Scritto da":"admin","Tempo di lettura stimato":"2 minuti"},"schema":{"@context":"https:\/\/schema.org","@graph":[{"@type":"Article","@id":"https:\/\/www.uilscuolaemiliaromagna.it\/public\/er\/2019\/02\/27\/sostegno-incongruenze-nella-ripartizione-dei-posti-e-troppo-peso-alle-universita\/#article","isPartOf":{"@id":"https:\/\/www.uilscuolaemiliaromagna.it\/public\/er\/2019\/02\/27\/sostegno-incongruenze-nella-ripartizione-dei-posti-e-troppo-peso-alle-universita\/"},"author":{"name":"admin","@id":"https:\/\/www.uilscuolaemiliaromagna.it\/public\/er\/#\/schema\/person\/f42878fd07a4b6ba2b7153d4fad5de5e"},"headline":"Sostegno: incongruenze nella ripartizione dei posti e troppo peso alle Universit\u00e0","datePublished":"2019-02-27T18:58:49+00:00","dateModified":"2019-02-28T08:01:43+00:00","mainEntityOfPage":{"@id":"https:\/\/www.uilscuolaemiliaromagna.it\/public\/er\/2019\/02\/27\/sostegno-incongruenze-nella-ripartizione-dei-posti-e-troppo-peso-alle-universita\/"},"wordCount":483,"publisher":{"@id":"https:\/\/www.uilscuolaemiliaromagna.it\/public\/er\/#organization"},"articleSection":["Notizie","Personale Docente"],"inLanguage":"it-IT"},{"@type":"WebPage","@id":"https:\/\/www.uilscuolaemiliaromagna.it\/public\/er\/2019\/02\/27\/sostegno-incongruenze-nella-ripartizione-dei-posti-e-troppo-peso-alle-universita\/","url":"https:\/\/www.uilscuolaemiliaromagna.it\/public\/er\/2019\/02\/27\/sostegno-incongruenze-nella-ripartizione-dei-posti-e-troppo-peso-alle-universita\/","name":"Sostegno: incongruenze nella ripartizione dei posti e troppo peso alle Universit\u00e0 - Uil Scuola Emilia Romagna","isPartOf":{"@id":"https:\/\/www.uilscuolaemiliaromagna.it\/public\/er\/#website"},"datePublished":"2019-02-27T18:58:49+00:00","dateModified":"2019-02-28T08:01:43+00:00","breadcrumb":{"@id":"https:\/\/www.uilscuolaemiliaromagna.it\/public\/er\/2019\/02\/27\/sostegno-incongruenze-nella-ripartizione-dei-posti-e-troppo-peso-alle-universita\/#breadcrumb"},"inLanguage":"it-IT","potentialAction":[{"@type":"ReadAction","target":["https:\/\/www.uilscuolaemiliaromagna.it\/public\/er\/2019\/02\/27\/sostegno-incongruenze-nella-ripartizione-dei-posti-e-troppo-peso-alle-universita\/"]}]},{"@type":"BreadcrumbList","@id":"https:\/\/www.uilscuolaemiliaromagna.it\/public\/er\/2019\/02\/27\/sostegno-incongruenze-nella-ripartizione-dei-posti-e-troppo-peso-alle-universita\/#breadcrumb","itemListElement":[{"@type":"ListItem","position":1,"name":"Home","item":"https:\/\/www.uilscuolaemiliaromagna.it\/public\/er\/"},{"@type":"ListItem","position":2,"name":"Sostegno: incongruenze nella ripartizione dei posti e troppo peso alle Universit\u00e0"}]},{"@type":"WebSite","@id":"https:\/\/www.uilscuolaemiliaromagna.it\/public\/er\/#website","url":"https:\/\/www.uilscuolaemiliaromagna.it\/public\/er\/","name":"Uil Scuola Emilia Romagna","description":"La voce libera della scuola","publisher":{"@id":"https:\/\/www.uilscuolaemiliaromagna.it\/public\/er\/#organization"},"potentialAction":[{"@type":"SearchAction","target":{"@type":"EntryPoint","urlTemplate":"https:\/\/www.uilscuolaemiliaromagna.it\/public\/er\/?s={search_term_string}"},"query-input":"required name=search_term_string"}],"inLanguage":"it-IT"},{"@type":"Organization","@id":"https:\/\/www.uilscuolaemiliaromagna.it\/public\/er\/#organization","name":"Uil Scuola Emilia Romagna","url":"https:\/\/www.uilscuolaemiliaromagna.it\/public\/er\/","logo":{"@type":"ImageObject","inLanguage":"it-IT","@id":"https:\/\/www.uilscuolaemiliaromagna.it\/public\/er\/#\/schema\/logo\/image\/","url":"https:\/\/www.uilscuolaemiliaromagna.it\/public\/er\/wp-content\/uploads\/2017\/04\/cropped-header.png","contentUrl":"https:\/\/www.uilscuolaemiliaromagna.it\/public\/er\/wp-content\/uploads\/2017\/04\/cropped-header.png","width":1000,"height":150,"caption":"Uil Scuola Emilia Romagna"},"image":{"@id":"https:\/\/www.uilscuolaemiliaromagna.it\/public\/er\/#\/schema\/logo\/image\/"}},{"@type":"Person","@id":"https:\/\/www.uilscuolaemiliaromagna.it\/public\/er\/#\/schema\/person\/f42878fd07a4b6ba2b7153d4fad5de5e","name":"admin","image":{"@type":"ImageObject","inLanguage":"it-IT","@id":"https:\/\/www.uilscuolaemiliaromagna.it\/public\/er\/#\/schema\/person\/image\/","url":"https:\/\/secure.gravatar.com\/avatar\/aebf815ae2f30ffdae8b8c247273d34c?s=96&d=mm&r=g","contentUrl":"https:\/\/secure.gravatar.com\/avatar\/aebf815ae2f30ffdae8b8c247273d34c?s=96&d=mm&r=g","caption":"admin"},"url":"https:\/\/www.uilscuolaemiliaromagna.it\/public\/er\/author\/admin\/"}]}},"views":847,"_links":{"self":[{"href":"https:\/\/www.uilscuolaemiliaromagna.it\/public\/er\/wp-json\/wp\/v2\/posts\/4174"}],"collection":[{"href":"https:\/\/www.uilscuolaemiliaromagna.it\/public\/er\/wp-json\/wp\/v2\/posts"}],"about":[{"href":"https:\/\/www.uilscuolaemiliaromagna.it\/public\/er\/wp-json\/wp\/v2\/types\/post"}],"author":[{"embeddable":true,"href":"https:\/\/www.uilscuolaemiliaromagna.it\/public\/er\/wp-json\/wp\/v2\/users\/1"}],"replies":[{"embeddable":true,"href":"https:\/\/www.uilscuolaemiliaromagna.it\/public\/er\/wp-json\/wp\/v2\/comments?post=4174"}],"version-history":[{"count":1,"href":"https:\/\/www.uilscuolaemiliaromagna.it\/public\/er\/wp-json\/wp\/v2\/posts\/4174\/revisions"}],"predecessor-version":[{"id":4177,"href":"https:\/\/www.uilscuolaemiliaromagna.it\/public\/er\/wp-json\/wp\/v2\/posts\/4174\/revisions\/4177"}],"wp:attachment":[{"href":"https:\/\/www.uilscuolaemiliaromagna.it\/public\/er\/wp-json\/wp\/v2\/media?parent=4174"}],"wp:term":[{"taxonomy":"category","embeddable":true,"href":"https:\/\/www.uilscuolaemiliaromagna.it\/public\/er\/wp-json\/wp\/v2\/categories?post=4174"},{"taxonomy":"post_tag","embeddable":true,"href":"https:\/\/www.uilscuolaemiliaromagna.it\/public\/er\/wp-json\/wp\/v2\/tags?post=4174"}],"curies":[{"name":"wp","href":"https:\/\/api.w.org\/{rel}","templated":true}]}}