{"id":4557,"date":"2019-05-14T13:57:07","date_gmt":"2019-05-14T11:57:07","guid":{"rendered":"http:\/\/www.uilscuolaemiliaromagna.it\/public\/er\/?p=4557"},"modified":"2019-05-14T13:57:07","modified_gmt":"2019-05-14T11:57:07","slug":"uil-scuola-corrette-relazioni-sindacali-presuppongono-senso-di-responsabilita-e-trasparenza","status":"publish","type":"post","link":"https:\/\/www.uilscuolaemiliaromagna.it\/public\/er\/2019\/05\/14\/uil-scuola-corrette-relazioni-sindacali-presuppongono-senso-di-responsabilita-e-trasparenza\/","title":{"rendered":"Uil Scuola: corrette relazioni sindacali presuppongono senso di responsabilit\u00e0 e trasparenza"},"content":{"rendered":"<p style=\"text-align: justify;\">Si \u00e8 svolto, presso il salone dei Ministri del MIUR alla presenza del Capo di Gabinetto, Dott. Chin\u0117, il previsto incontro sulle relazioni sindacali calendarizzato a seguito dell\u2019intesa di Palazzo Chigi del 24 aprile 2019.<br \/>\nUn primo incontro interlocutorio durante il quale son stati affrontati, in modo particolare, gli aspetti che riguardano quelle che sono le corrette relazioni sindacali anche nel rispetto di quanto previsto dal contratto nazionale 2016\/18.<br \/>\nSecondo la Uil Scuola corrette relazioni sindacali presuppongono senso di responsabilit\u00e0 e trasparenza nell\u2019interesse dei lavoratori e anche della stessa Amministrazione.<br \/>\nUno strumento necessario che passa attraverso un dialogo costruttivo e trasparente, la reciproca considerazione dei rispettivi diritti ed obblighi.<br \/>\nLe organizzazioni sindacali invieranno al MIUR formalmente le richieste avanzate durante l\u2019incontro e, sulla base delle stesse, l\u2019Amministrazione, nella prossima riunione, si \u00e8 impegnata a predisporre una bozza di contratto integrativo. All\u2019incontro erano presenti Pasquale Proietti e Giuseppe D\u2019Aprile.<\/p>\n\n<div class=\"twitter-share\"><a href=\"https:\/\/twitter.com\/intent\/tweet?via=UILScuolaBO_ER\" class=\"twitter-share-button\" data-size=\"large\">Tweet<\/a><\/div>\n","protected":false},"excerpt":{"rendered":"<p>Si \u00e8 svolto, presso il salone dei Ministri del MIUR alla presenza del Capo di Gabinetto, Dott. Chin\u0117, il previsto incontro sulle relazioni sindacali calendarizzato &hellip; <\/p>\n","protected":false},"author":1,"featured_media":0,"comment_status":"closed","ping_status":"open","sticky":false,"template":"","format":"standard","meta":{"footnotes":""},"categories":[12],"tags":[],"yoast_head":"<!-- This site is optimized with the Yoast SEO plugin v21.7 - https:\/\/yoast.com\/wordpress\/plugins\/seo\/ -->\r\n<title>Uil Scuola: corrette relazioni sindacali presuppongono senso di responsabilit\u00e0 e trasparenza - Uil Scuola Emilia Romagna<\/title>\r\n<meta name=\"robots\" content=\"index, follow, max-snippet:-1, max-image-preview:large, max-video-preview:-1\" \/>\r\n<link rel=\"canonical\" href=\"https:\/\/www.uilscuolaemiliaromagna.it\/public\/er\/2019\/05\/14\/uil-scuola-corrette-relazioni-sindacali-presuppongono-senso-di-responsabilita-e-trasparenza\/\" \/>\r\n<meta property=\"og:locale\" content=\"it_IT\" \/>\r\n<meta property=\"og:type\" content=\"article\" \/>\r\n<meta property=\"og:title\" content=\"Uil Scuola: corrette relazioni sindacali presuppongono senso di responsabilit\u00e0 e trasparenza - Uil Scuola Emilia Romagna\" \/>\r\n<meta property=\"og:description\" content=\"Si \u00e8 svolto, presso il salone dei Ministri del MIUR alla presenza del Capo di Gabinetto, Dott. Chin\u0117, il previsto incontro sulle relazioni sindacali calendarizzato &hellip;\" \/>\r\n<meta property=\"og:url\" content=\"https:\/\/www.uilscuolaemiliaromagna.it\/public\/er\/2019\/05\/14\/uil-scuola-corrette-relazioni-sindacali-presuppongono-senso-di-responsabilita-e-trasparenza\/\" \/>\r\n<meta property=\"og:site_name\" content=\"Uil Scuola Emilia Romagna\" \/>\r\n<meta property=\"article:published_time\" content=\"2019-05-14T11:57:07+00:00\" \/>\r\n<meta name=\"author\" content=\"admin\" \/>\r\n<meta name=\"twitter:card\" content=\"summary_large_image\" \/>\r\n<meta name=\"twitter:label1\" content=\"Scritto da\" \/>\n\t<meta name=\"twitter:data1\" content=\"admin\" \/>\n\t<meta name=\"twitter:label2\" content=\"Tempo di lettura stimato\" \/>\n\t<meta name=\"twitter:data2\" content=\"1 minuto\" \/>\r\n<script type=\"application\/ld+json\" class=\"yoast-schema-graph\">{\"@context\":\"https:\/\/schema.org\",\"@graph\":[{\"@type\":\"Article\",\"@id\":\"https:\/\/www.uilscuolaemiliaromagna.it\/public\/er\/2019\/05\/14\/uil-scuola-corrette-relazioni-sindacali-presuppongono-senso-di-responsabilita-e-trasparenza\/#article\",\"isPartOf\":{\"@id\":\"https:\/\/www.uilscuolaemiliaromagna.it\/public\/er\/2019\/05\/14\/uil-scuola-corrette-relazioni-sindacali-presuppongono-senso-di-responsabilita-e-trasparenza\/\"},\"author\":{\"name\":\"admin\",\"@id\":\"https:\/\/www.uilscuolaemiliaromagna.it\/public\/er\/#\/schema\/person\/f42878fd07a4b6ba2b7153d4fad5de5e\"},\"headline\":\"Uil Scuola: corrette relazioni sindacali presuppongono senso di responsabilit\u00e0 e trasparenza\",\"datePublished\":\"2019-05-14T11:57:07+00:00\",\"dateModified\":\"2019-05-14T11:57:07+00:00\",\"mainEntityOfPage\":{\"@id\":\"https:\/\/www.uilscuolaemiliaromagna.it\/public\/er\/2019\/05\/14\/uil-scuola-corrette-relazioni-sindacali-presuppongono-senso-di-responsabilita-e-trasparenza\/\"},\"wordCount\":160,\"publisher\":{\"@id\":\"https:\/\/www.uilscuolaemiliaromagna.it\/public\/er\/#organization\"},\"articleSection\":[\"Notizie\"],\"inLanguage\":\"it-IT\"},{\"@type\":\"WebPage\",\"@id\":\"https:\/\/www.uilscuolaemiliaromagna.it\/public\/er\/2019\/05\/14\/uil-scuola-corrette-relazioni-sindacali-presuppongono-senso-di-responsabilita-e-trasparenza\/\",\"url\":\"https:\/\/www.uilscuolaemiliaromagna.it\/public\/er\/2019\/05\/14\/uil-scuola-corrette-relazioni-sindacali-presuppongono-senso-di-responsabilita-e-trasparenza\/\",\"name\":\"Uil Scuola: corrette relazioni sindacali presuppongono senso di responsabilit\u00e0 e trasparenza - Uil Scuola Emilia Romagna\",\"isPartOf\":{\"@id\":\"https:\/\/www.uilscuolaemiliaromagna.it\/public\/er\/#website\"},\"datePublished\":\"2019-05-14T11:57:07+00:00\",\"dateModified\":\"2019-05-14T11:57:07+00:00\",\"breadcrumb\":{\"@id\":\"https:\/\/www.uilscuolaemiliaromagna.it\/public\/er\/2019\/05\/14\/uil-scuola-corrette-relazioni-sindacali-presuppongono-senso-di-responsabilita-e-trasparenza\/#breadcrumb\"},\"inLanguage\":\"it-IT\",\"potentialAction\":[{\"@type\":\"ReadAction\",\"target\":[\"https:\/\/www.uilscuolaemiliaromagna.it\/public\/er\/2019\/05\/14\/uil-scuola-corrette-relazioni-sindacali-presuppongono-senso-di-responsabilita-e-trasparenza\/\"]}]},{\"@type\":\"BreadcrumbList\",\"@id\":\"https:\/\/www.uilscuolaemiliaromagna.it\/public\/er\/2019\/05\/14\/uil-scuola-corrette-relazioni-sindacali-presuppongono-senso-di-responsabilita-e-trasparenza\/#breadcrumb\",\"itemListElement\":[{\"@type\":\"ListItem\",\"position\":1,\"name\":\"Home\",\"item\":\"https:\/\/www.uilscuolaemiliaromagna.it\/public\/er\/\"},{\"@type\":\"ListItem\",\"position\":2,\"name\":\"Uil Scuola: corrette relazioni sindacali presuppongono senso di responsabilit\u00e0 e trasparenza\"}]},{\"@type\":\"WebSite\",\"@id\":\"https:\/\/www.uilscuolaemiliaromagna.it\/public\/er\/#website\",\"url\":\"https:\/\/www.uilscuolaemiliaromagna.it\/public\/er\/\",\"name\":\"Uil Scuola Emilia Romagna\",\"description\":\"La voce libera della scuola\",\"publisher\":{\"@id\":\"https:\/\/www.uilscuolaemiliaromagna.it\/public\/er\/#organization\"},\"potentialAction\":[{\"@type\":\"SearchAction\",\"target\":{\"@type\":\"EntryPoint\",\"urlTemplate\":\"https:\/\/www.uilscuolaemiliaromagna.it\/public\/er\/?s={search_term_string}\"},\"query-input\":\"required name=search_term_string\"}],\"inLanguage\":\"it-IT\"},{\"@type\":\"Organization\",\"@id\":\"https:\/\/www.uilscuolaemiliaromagna.it\/public\/er\/#organization\",\"name\":\"Uil Scuola Emilia Romagna\",\"url\":\"https:\/\/www.uilscuolaemiliaromagna.it\/public\/er\/\",\"logo\":{\"@type\":\"ImageObject\",\"inLanguage\":\"it-IT\",\"@id\":\"https:\/\/www.uilscuolaemiliaromagna.it\/public\/er\/#\/schema\/logo\/image\/\",\"url\":\"https:\/\/www.uilscuolaemiliaromagna.it\/public\/er\/wp-content\/uploads\/2017\/04\/cropped-header.png\",\"contentUrl\":\"https:\/\/www.uilscuolaemiliaromagna.it\/public\/er\/wp-content\/uploads\/2017\/04\/cropped-header.png\",\"width\":1000,\"height\":150,\"caption\":\"Uil Scuola Emilia Romagna\"},\"image\":{\"@id\":\"https:\/\/www.uilscuolaemiliaromagna.it\/public\/er\/#\/schema\/logo\/image\/\"}},{\"@type\":\"Person\",\"@id\":\"https:\/\/www.uilscuolaemiliaromagna.it\/public\/er\/#\/schema\/person\/f42878fd07a4b6ba2b7153d4fad5de5e\",\"name\":\"admin\",\"image\":{\"@type\":\"ImageObject\",\"inLanguage\":\"it-IT\",\"@id\":\"https:\/\/www.uilscuolaemiliaromagna.it\/public\/er\/#\/schema\/person\/image\/\",\"url\":\"https:\/\/secure.gravatar.com\/avatar\/aebf815ae2f30ffdae8b8c247273d34c?s=96&d=mm&r=g\",\"contentUrl\":\"https:\/\/secure.gravatar.com\/avatar\/aebf815ae2f30ffdae8b8c247273d34c?s=96&d=mm&r=g\",\"caption\":\"admin\"},\"url\":\"https:\/\/www.uilscuolaemiliaromagna.it\/public\/er\/author\/admin\/\"}]}<\/script>\r\n<!-- \/ Yoast SEO plugin. -->","yoast_head_json":{"title":"Uil Scuola: corrette relazioni sindacali presuppongono senso di responsabilit\u00e0 e trasparenza - Uil Scuola Emilia Romagna","robots":{"index":"index","follow":"follow","max-snippet":"max-snippet:-1","max-image-preview":"max-image-preview:large","max-video-preview":"max-video-preview:-1"},"canonical":"https:\/\/www.uilscuolaemiliaromagna.it\/public\/er\/2019\/05\/14\/uil-scuola-corrette-relazioni-sindacali-presuppongono-senso-di-responsabilita-e-trasparenza\/","og_locale":"it_IT","og_type":"article","og_title":"Uil Scuola: corrette relazioni sindacali presuppongono senso di responsabilit\u00e0 e trasparenza - Uil Scuola Emilia Romagna","og_description":"Si \u00e8 svolto, presso il salone dei Ministri del MIUR alla presenza del Capo di Gabinetto, Dott. Chin\u0117, il previsto incontro sulle relazioni sindacali calendarizzato &hellip;","og_url":"https:\/\/www.uilscuolaemiliaromagna.it\/public\/er\/2019\/05\/14\/uil-scuola-corrette-relazioni-sindacali-presuppongono-senso-di-responsabilita-e-trasparenza\/","og_site_name":"Uil Scuola Emilia Romagna","article_published_time":"2019-05-14T11:57:07+00:00","author":"admin","twitter_card":"summary_large_image","twitter_misc":{"Scritto da":"admin","Tempo di lettura stimato":"1 minuto"},"schema":{"@context":"https:\/\/schema.org","@graph":[{"@type":"Article","@id":"https:\/\/www.uilscuolaemiliaromagna.it\/public\/er\/2019\/05\/14\/uil-scuola-corrette-relazioni-sindacali-presuppongono-senso-di-responsabilita-e-trasparenza\/#article","isPartOf":{"@id":"https:\/\/www.uilscuolaemiliaromagna.it\/public\/er\/2019\/05\/14\/uil-scuola-corrette-relazioni-sindacali-presuppongono-senso-di-responsabilita-e-trasparenza\/"},"author":{"name":"admin","@id":"https:\/\/www.uilscuolaemiliaromagna.it\/public\/er\/#\/schema\/person\/f42878fd07a4b6ba2b7153d4fad5de5e"},"headline":"Uil Scuola: corrette relazioni sindacali presuppongono senso di responsabilit\u00e0 e trasparenza","datePublished":"2019-05-14T11:57:07+00:00","dateModified":"2019-05-14T11:57:07+00:00","mainEntityOfPage":{"@id":"https:\/\/www.uilscuolaemiliaromagna.it\/public\/er\/2019\/05\/14\/uil-scuola-corrette-relazioni-sindacali-presuppongono-senso-di-responsabilita-e-trasparenza\/"},"wordCount":160,"publisher":{"@id":"https:\/\/www.uilscuolaemiliaromagna.it\/public\/er\/#organization"},"articleSection":["Notizie"],"inLanguage":"it-IT"},{"@type":"WebPage","@id":"https:\/\/www.uilscuolaemiliaromagna.it\/public\/er\/2019\/05\/14\/uil-scuola-corrette-relazioni-sindacali-presuppongono-senso-di-responsabilita-e-trasparenza\/","url":"https:\/\/www.uilscuolaemiliaromagna.it\/public\/er\/2019\/05\/14\/uil-scuola-corrette-relazioni-sindacali-presuppongono-senso-di-responsabilita-e-trasparenza\/","name":"Uil Scuola: corrette relazioni sindacali presuppongono senso di responsabilit\u00e0 e trasparenza - Uil Scuola Emilia Romagna","isPartOf":{"@id":"https:\/\/www.uilscuolaemiliaromagna.it\/public\/er\/#website"},"datePublished":"2019-05-14T11:57:07+00:00","dateModified":"2019-05-14T11:57:07+00:00","breadcrumb":{"@id":"https:\/\/www.uilscuolaemiliaromagna.it\/public\/er\/2019\/05\/14\/uil-scuola-corrette-relazioni-sindacali-presuppongono-senso-di-responsabilita-e-trasparenza\/#breadcrumb"},"inLanguage":"it-IT","potentialAction":[{"@type":"ReadAction","target":["https:\/\/www.uilscuolaemiliaromagna.it\/public\/er\/2019\/05\/14\/uil-scuola-corrette-relazioni-sindacali-presuppongono-senso-di-responsabilita-e-trasparenza\/"]}]},{"@type":"BreadcrumbList","@id":"https:\/\/www.uilscuolaemiliaromagna.it\/public\/er\/2019\/05\/14\/uil-scuola-corrette-relazioni-sindacali-presuppongono-senso-di-responsabilita-e-trasparenza\/#breadcrumb","itemListElement":[{"@type":"ListItem","position":1,"name":"Home","item":"https:\/\/www.uilscuolaemiliaromagna.it\/public\/er\/"},{"@type":"ListItem","position":2,"name":"Uil Scuola: corrette relazioni sindacali presuppongono senso di responsabilit\u00e0 e trasparenza"}]},{"@type":"WebSite","@id":"https:\/\/www.uilscuolaemiliaromagna.it\/public\/er\/#website","url":"https:\/\/www.uilscuolaemiliaromagna.it\/public\/er\/","name":"Uil Scuola Emilia Romagna","description":"La voce libera della scuola","publisher":{"@id":"https:\/\/www.uilscuolaemiliaromagna.it\/public\/er\/#organization"},"potentialAction":[{"@type":"SearchAction","target":{"@type":"EntryPoint","urlTemplate":"https:\/\/www.uilscuolaemiliaromagna.it\/public\/er\/?s={search_term_string}"},"query-input":"required name=search_term_string"}],"inLanguage":"it-IT"},{"@type":"Organization","@id":"https:\/\/www.uilscuolaemiliaromagna.it\/public\/er\/#organization","name":"Uil Scuola Emilia Romagna","url":"https:\/\/www.uilscuolaemiliaromagna.it\/public\/er\/","logo":{"@type":"ImageObject","inLanguage":"it-IT","@id":"https:\/\/www.uilscuolaemiliaromagna.it\/public\/er\/#\/schema\/logo\/image\/","url":"https:\/\/www.uilscuolaemiliaromagna.it\/public\/er\/wp-content\/uploads\/2017\/04\/cropped-header.png","contentUrl":"https:\/\/www.uilscuolaemiliaromagna.it\/public\/er\/wp-content\/uploads\/2017\/04\/cropped-header.png","width":1000,"height":150,"caption":"Uil Scuola Emilia Romagna"},"image":{"@id":"https:\/\/www.uilscuolaemiliaromagna.it\/public\/er\/#\/schema\/logo\/image\/"}},{"@type":"Person","@id":"https:\/\/www.uilscuolaemiliaromagna.it\/public\/er\/#\/schema\/person\/f42878fd07a4b6ba2b7153d4fad5de5e","name":"admin","image":{"@type":"ImageObject","inLanguage":"it-IT","@id":"https:\/\/www.uilscuolaemiliaromagna.it\/public\/er\/#\/schema\/person\/image\/","url":"https:\/\/secure.gravatar.com\/avatar\/aebf815ae2f30ffdae8b8c247273d34c?s=96&d=mm&r=g","contentUrl":"https:\/\/secure.gravatar.com\/avatar\/aebf815ae2f30ffdae8b8c247273d34c?s=96&d=mm&r=g","caption":"admin"},"url":"https:\/\/www.uilscuolaemiliaromagna.it\/public\/er\/author\/admin\/"}]}},"views":690,"_links":{"self":[{"href":"https:\/\/www.uilscuolaemiliaromagna.it\/public\/er\/wp-json\/wp\/v2\/posts\/4557"}],"collection":[{"href":"https:\/\/www.uilscuolaemiliaromagna.it\/public\/er\/wp-json\/wp\/v2\/posts"}],"about":[{"href":"https:\/\/www.uilscuolaemiliaromagna.it\/public\/er\/wp-json\/wp\/v2\/types\/post"}],"author":[{"embeddable":true,"href":"https:\/\/www.uilscuolaemiliaromagna.it\/public\/er\/wp-json\/wp\/v2\/users\/1"}],"replies":[{"embeddable":true,"href":"https:\/\/www.uilscuolaemiliaromagna.it\/public\/er\/wp-json\/wp\/v2\/comments?post=4557"}],"version-history":[{"count":1,"href":"https:\/\/www.uilscuolaemiliaromagna.it\/public\/er\/wp-json\/wp\/v2\/posts\/4557\/revisions"}],"predecessor-version":[{"id":4558,"href":"https:\/\/www.uilscuolaemiliaromagna.it\/public\/er\/wp-json\/wp\/v2\/posts\/4557\/revisions\/4558"}],"wp:attachment":[{"href":"https:\/\/www.uilscuolaemiliaromagna.it\/public\/er\/wp-json\/wp\/v2\/media?parent=4557"}],"wp:term":[{"taxonomy":"category","embeddable":true,"href":"https:\/\/www.uilscuolaemiliaromagna.it\/public\/er\/wp-json\/wp\/v2\/categories?post=4557"},{"taxonomy":"post_tag","embeddable":true,"href":"https:\/\/www.uilscuolaemiliaromagna.it\/public\/er\/wp-json\/wp\/v2\/tags?post=4557"}],"curies":[{"name":"wp","href":"https:\/\/api.w.org\/{rel}","templated":true}]}}