{"id":4574,"date":"2019-05-21T19:30:49","date_gmt":"2019-05-21T17:30:49","guid":{"rendered":"http:\/\/www.uilscuolaemiliaromagna.it\/public\/er\/?p=4574"},"modified":"2019-05-23T09:32:22","modified_gmt":"2019-05-23T07:32:22","slug":"un-contratto-e-un-modello-di-riferimento-non-un-atto-tecnocratico","status":"publish","type":"post","link":"https:\/\/www.uilscuolaemiliaromagna.it\/public\/er\/2019\/05\/21\/un-contratto-e-un-modello-di-riferimento-non-un-atto-tecnocratico\/","title":{"rendered":"Un contratto \u00e8 un modello di riferimento, non un atto tecnocratico."},"content":{"rendered":"<blockquote>\n<p style=\"text-align: justify;\"><strong><em>Un contratto \u00e8 un modello di riferimento, non un atto tecnocratico.<br \/>\nQuello che andremo a definire dovr\u00e0 corrispondere al modello di scuola che intendiamo realizzare, che per noi \u00e8 quello della comunit\u00e0 educante, gi\u00e0 delineata nel contratto attuale.<\/em><em><br \/>\nE\u2019 in quest\u2019ottica che andr\u00e0 letto l\u2019intero negoziato per il rinnovo. La messa a punto di un contratto significa assicurare pienamente la libert\u00e0 di insegnamento, i fatti di questi giorni ce lo ricordano, una volta in pi\u00f9. Garantire autonomia ed indipendenza alle istituzioni scolastiche.<br \/>\n<\/em><em>Ma vanno anche rivitalizzati gli organi collegiali, resi fermi dalle incursioni legislative di questi anni che ne hanno stravolto la visione originaria di scuola funzione dello Stato e rivisto il sistema delle sanzioni. Misure che, insieme alle altre, daranno forma al nuovo impianto contrattuale della scuola, comunit\u00e0 educante.<\/em><\/strong><\/p>\n<\/blockquote>\n<p style=\"text-align: justify;\"><strong>Qui di seguito la nota unitaria di resoconto della riunione che si \u00e8 svolta ieri pomeriggio al Miur.<br \/>\n<\/strong><\/p>\n<p style=\"text-align: justify;\">In attuazione dell\u2019intesa del 24 aprile 2019 si \u00e8 svolto ieri, 20 maggio 2019, il primo di una serie di incontri sul prossimo rinnovo del contratto.<\/p>\n<p style=\"text-align: justify;\">In premessa i sindacati hanno richiesto un puntuale impegno al rispetto dell\u2019intesa di palazzo Chigi relativamente al reperimento, nella prossima legge di bilancio, delle risorse necessarie per il pieno recupero del potere d\u2019acquisto dei salari, nonch\u00e9 per assicurare il riconoscimento della dignit\u00e0 professionale e del ruolo sociale dei lavoratori del comparto istruzione e ricerca.<\/p>\n<p style=\"text-align: justify;\">Altri temi di fondamentale importanza risultano la piena fruibilit\u00e0 degli istituti contrattuali, a partire dalla necessaria semplificazione e sistematizzazione, anche in relazione\u00a0alla complessit\u00e0 generata dalla unificazione in un unico comparto di quattro settori e dei relativi contratti, in precedenza distinti.<\/p>\n<p style=\"text-align: justify;\">Il MIUR\u00a0ha ribadito l\u2019impegno a reperire le necessarie risorse in ottemperanza a quanto contenuto nell\u2019intesa del 24 aprile scorso.\u00a0Le parti hanno concordato di proseguire il confronto su tutte le tematiche affrontate attraverso la redazione, da parte del MIUR, di un indice ragionato dei contenuti del prossimo rinnovo, anche sulla base di un contributo unitario che le Organizzazioni sindacali invieranno nei prossimi giorni. Tale indice sar\u00e0 inviato entro il 3 giugno e si provveder\u00e0 solo successivamente a calendarizzare un nuovo incontro.<\/p>\n<p style=\"text-align: justify;\">Tra i temi che dovranno essere affrontati \u00e8 stato evidenziato dai sindacati, prendendo lo spunto dai fatti di Palermo, quello del ripristino degli organismi di garanzia a tutela della libert\u00e0 di insegnamento e dell\u2019autonomia professionale nella sua dimensione individuale e collegiale.<\/p>\n<p style=\"text-align: justify;\">Roma, 21 maggio 2019<\/p>\n\n<div class=\"twitter-share\"><a href=\"https:\/\/twitter.com\/intent\/tweet?via=UILScuolaBO_ER\" class=\"twitter-share-button\" data-size=\"large\">Tweet<\/a><\/div>\n","protected":false},"excerpt":{"rendered":"<p>Un contratto \u00e8 un modello di riferimento, non un atto tecnocratico. Quello che andremo a definire dovr\u00e0 corrispondere al modello di scuola che intendiamo realizzare, &hellip; <\/p>\n","protected":false},"author":1,"featured_media":0,"comment_status":"closed","ping_status":"open","sticky":false,"template":"","format":"standard","meta":{"footnotes":""},"categories":[2,3,12,6,7],"tags":[],"yoast_head":"<!-- This site is optimized with the Yoast SEO plugin v21.7 - https:\/\/yoast.com\/wordpress\/plugins\/seo\/ -->\r\n<title>Un contratto \u00e8 un modello di riferimento, non un atto tecnocratico. - Uil Scuola Emilia Romagna<\/title>\r\n<meta name=\"robots\" content=\"index, follow, max-snippet:-1, max-image-preview:large, max-video-preview:-1\" \/>\r\n<link rel=\"canonical\" href=\"https:\/\/www.uilscuolaemiliaromagna.it\/public\/er\/2019\/05\/21\/un-contratto-e-un-modello-di-riferimento-non-un-atto-tecnocratico\/\" \/>\r\n<meta property=\"og:locale\" content=\"it_IT\" \/>\r\n<meta property=\"og:type\" content=\"article\" \/>\r\n<meta property=\"og:title\" content=\"Un contratto \u00e8 un modello di riferimento, non un atto tecnocratico. - Uil Scuola Emilia Romagna\" \/>\r\n<meta property=\"og:description\" content=\"Un contratto \u00e8 un modello di riferimento, non un atto tecnocratico. Quello che andremo a definire dovr\u00e0 corrispondere al modello di scuola che intendiamo realizzare, &hellip;\" \/>\r\n<meta property=\"og:url\" content=\"https:\/\/www.uilscuolaemiliaromagna.it\/public\/er\/2019\/05\/21\/un-contratto-e-un-modello-di-riferimento-non-un-atto-tecnocratico\/\" \/>\r\n<meta property=\"og:site_name\" content=\"Uil Scuola Emilia Romagna\" \/>\r\n<meta property=\"article:published_time\" content=\"2019-05-21T17:30:49+00:00\" \/>\r\n<meta property=\"article:modified_time\" content=\"2019-05-23T07:32:22+00:00\" \/>\r\n<meta name=\"author\" content=\"admin\" \/>\r\n<meta name=\"twitter:card\" content=\"summary_large_image\" \/>\r\n<meta name=\"twitter:label1\" content=\"Scritto da\" \/>\n\t<meta name=\"twitter:data1\" content=\"admin\" \/>\n\t<meta name=\"twitter:label2\" content=\"Tempo di lettura stimato\" \/>\n\t<meta name=\"twitter:data2\" content=\"2 minuti\" \/>\r\n<script type=\"application\/ld+json\" class=\"yoast-schema-graph\">{\"@context\":\"https:\/\/schema.org\",\"@graph\":[{\"@type\":\"Article\",\"@id\":\"https:\/\/www.uilscuolaemiliaromagna.it\/public\/er\/2019\/05\/21\/un-contratto-e-un-modello-di-riferimento-non-un-atto-tecnocratico\/#article\",\"isPartOf\":{\"@id\":\"https:\/\/www.uilscuolaemiliaromagna.it\/public\/er\/2019\/05\/21\/un-contratto-e-un-modello-di-riferimento-non-un-atto-tecnocratico\/\"},\"author\":{\"name\":\"admin\",\"@id\":\"https:\/\/www.uilscuolaemiliaromagna.it\/public\/er\/#\/schema\/person\/f42878fd07a4b6ba2b7153d4fad5de5e\"},\"headline\":\"Un contratto \u00e8 un modello di riferimento, non un atto tecnocratico.\",\"datePublished\":\"2019-05-21T17:30:49+00:00\",\"dateModified\":\"2019-05-23T07:32:22+00:00\",\"mainEntityOfPage\":{\"@id\":\"https:\/\/www.uilscuolaemiliaromagna.it\/public\/er\/2019\/05\/21\/un-contratto-e-un-modello-di-riferimento-non-un-atto-tecnocratico\/\"},\"wordCount\":401,\"publisher\":{\"@id\":\"https:\/\/www.uilscuolaemiliaromagna.it\/public\/er\/#organization\"},\"articleSection\":[\"ATA\",\"Dirigenti\",\"Notizie\",\"Personale Docente\",\"Personale Educativo\"],\"inLanguage\":\"it-IT\"},{\"@type\":\"WebPage\",\"@id\":\"https:\/\/www.uilscuolaemiliaromagna.it\/public\/er\/2019\/05\/21\/un-contratto-e-un-modello-di-riferimento-non-un-atto-tecnocratico\/\",\"url\":\"https:\/\/www.uilscuolaemiliaromagna.it\/public\/er\/2019\/05\/21\/un-contratto-e-un-modello-di-riferimento-non-un-atto-tecnocratico\/\",\"name\":\"Un contratto \u00e8 un modello di riferimento, non un atto tecnocratico. - Uil Scuola Emilia Romagna\",\"isPartOf\":{\"@id\":\"https:\/\/www.uilscuolaemiliaromagna.it\/public\/er\/#website\"},\"datePublished\":\"2019-05-21T17:30:49+00:00\",\"dateModified\":\"2019-05-23T07:32:22+00:00\",\"breadcrumb\":{\"@id\":\"https:\/\/www.uilscuolaemiliaromagna.it\/public\/er\/2019\/05\/21\/un-contratto-e-un-modello-di-riferimento-non-un-atto-tecnocratico\/#breadcrumb\"},\"inLanguage\":\"it-IT\",\"potentialAction\":[{\"@type\":\"ReadAction\",\"target\":[\"https:\/\/www.uilscuolaemiliaromagna.it\/public\/er\/2019\/05\/21\/un-contratto-e-un-modello-di-riferimento-non-un-atto-tecnocratico\/\"]}]},{\"@type\":\"BreadcrumbList\",\"@id\":\"https:\/\/www.uilscuolaemiliaromagna.it\/public\/er\/2019\/05\/21\/un-contratto-e-un-modello-di-riferimento-non-un-atto-tecnocratico\/#breadcrumb\",\"itemListElement\":[{\"@type\":\"ListItem\",\"position\":1,\"name\":\"Home\",\"item\":\"https:\/\/www.uilscuolaemiliaromagna.it\/public\/er\/\"},{\"@type\":\"ListItem\",\"position\":2,\"name\":\"Un contratto \u00e8 un modello di riferimento, non un atto tecnocratico.\"}]},{\"@type\":\"WebSite\",\"@id\":\"https:\/\/www.uilscuolaemiliaromagna.it\/public\/er\/#website\",\"url\":\"https:\/\/www.uilscuolaemiliaromagna.it\/public\/er\/\",\"name\":\"Uil Scuola Emilia Romagna\",\"description\":\"La voce libera della scuola\",\"publisher\":{\"@id\":\"https:\/\/www.uilscuolaemiliaromagna.it\/public\/er\/#organization\"},\"potentialAction\":[{\"@type\":\"SearchAction\",\"target\":{\"@type\":\"EntryPoint\",\"urlTemplate\":\"https:\/\/www.uilscuolaemiliaromagna.it\/public\/er\/?s={search_term_string}\"},\"query-input\":\"required name=search_term_string\"}],\"inLanguage\":\"it-IT\"},{\"@type\":\"Organization\",\"@id\":\"https:\/\/www.uilscuolaemiliaromagna.it\/public\/er\/#organization\",\"name\":\"Uil Scuola Emilia Romagna\",\"url\":\"https:\/\/www.uilscuolaemiliaromagna.it\/public\/er\/\",\"logo\":{\"@type\":\"ImageObject\",\"inLanguage\":\"it-IT\",\"@id\":\"https:\/\/www.uilscuolaemiliaromagna.it\/public\/er\/#\/schema\/logo\/image\/\",\"url\":\"https:\/\/www.uilscuolaemiliaromagna.it\/public\/er\/wp-content\/uploads\/2017\/04\/cropped-header.png\",\"contentUrl\":\"https:\/\/www.uilscuolaemiliaromagna.it\/public\/er\/wp-content\/uploads\/2017\/04\/cropped-header.png\",\"width\":1000,\"height\":150,\"caption\":\"Uil Scuola Emilia Romagna\"},\"image\":{\"@id\":\"https:\/\/www.uilscuolaemiliaromagna.it\/public\/er\/#\/schema\/logo\/image\/\"}},{\"@type\":\"Person\",\"@id\":\"https:\/\/www.uilscuolaemiliaromagna.it\/public\/er\/#\/schema\/person\/f42878fd07a4b6ba2b7153d4fad5de5e\",\"name\":\"admin\",\"image\":{\"@type\":\"ImageObject\",\"inLanguage\":\"it-IT\",\"@id\":\"https:\/\/www.uilscuolaemiliaromagna.it\/public\/er\/#\/schema\/person\/image\/\",\"url\":\"https:\/\/secure.gravatar.com\/avatar\/aebf815ae2f30ffdae8b8c247273d34c?s=96&d=mm&r=g\",\"contentUrl\":\"https:\/\/secure.gravatar.com\/avatar\/aebf815ae2f30ffdae8b8c247273d34c?s=96&d=mm&r=g\",\"caption\":\"admin\"},\"url\":\"https:\/\/www.uilscuolaemiliaromagna.it\/public\/er\/author\/admin\/\"}]}<\/script>\r\n<!-- \/ Yoast SEO plugin. -->","yoast_head_json":{"title":"Un contratto \u00e8 un modello di riferimento, non un atto tecnocratico. - Uil Scuola Emilia Romagna","robots":{"index":"index","follow":"follow","max-snippet":"max-snippet:-1","max-image-preview":"max-image-preview:large","max-video-preview":"max-video-preview:-1"},"canonical":"https:\/\/www.uilscuolaemiliaromagna.it\/public\/er\/2019\/05\/21\/un-contratto-e-un-modello-di-riferimento-non-un-atto-tecnocratico\/","og_locale":"it_IT","og_type":"article","og_title":"Un contratto \u00e8 un modello di riferimento, non un atto tecnocratico. - Uil Scuola Emilia Romagna","og_description":"Un contratto \u00e8 un modello di riferimento, non un atto tecnocratico. Quello che andremo a definire dovr\u00e0 corrispondere al modello di scuola che intendiamo realizzare, &hellip;","og_url":"https:\/\/www.uilscuolaemiliaromagna.it\/public\/er\/2019\/05\/21\/un-contratto-e-un-modello-di-riferimento-non-un-atto-tecnocratico\/","og_site_name":"Uil Scuola Emilia Romagna","article_published_time":"2019-05-21T17:30:49+00:00","article_modified_time":"2019-05-23T07:32:22+00:00","author":"admin","twitter_card":"summary_large_image","twitter_misc":{"Scritto da":"admin","Tempo di lettura stimato":"2 minuti"},"schema":{"@context":"https:\/\/schema.org","@graph":[{"@type":"Article","@id":"https:\/\/www.uilscuolaemiliaromagna.it\/public\/er\/2019\/05\/21\/un-contratto-e-un-modello-di-riferimento-non-un-atto-tecnocratico\/#article","isPartOf":{"@id":"https:\/\/www.uilscuolaemiliaromagna.it\/public\/er\/2019\/05\/21\/un-contratto-e-un-modello-di-riferimento-non-un-atto-tecnocratico\/"},"author":{"name":"admin","@id":"https:\/\/www.uilscuolaemiliaromagna.it\/public\/er\/#\/schema\/person\/f42878fd07a4b6ba2b7153d4fad5de5e"},"headline":"Un contratto \u00e8 un modello di riferimento, non un atto tecnocratico.","datePublished":"2019-05-21T17:30:49+00:00","dateModified":"2019-05-23T07:32:22+00:00","mainEntityOfPage":{"@id":"https:\/\/www.uilscuolaemiliaromagna.it\/public\/er\/2019\/05\/21\/un-contratto-e-un-modello-di-riferimento-non-un-atto-tecnocratico\/"},"wordCount":401,"publisher":{"@id":"https:\/\/www.uilscuolaemiliaromagna.it\/public\/er\/#organization"},"articleSection":["ATA","Dirigenti","Notizie","Personale Docente","Personale Educativo"],"inLanguage":"it-IT"},{"@type":"WebPage","@id":"https:\/\/www.uilscuolaemiliaromagna.it\/public\/er\/2019\/05\/21\/un-contratto-e-un-modello-di-riferimento-non-un-atto-tecnocratico\/","url":"https:\/\/www.uilscuolaemiliaromagna.it\/public\/er\/2019\/05\/21\/un-contratto-e-un-modello-di-riferimento-non-un-atto-tecnocratico\/","name":"Un contratto \u00e8 un modello di riferimento, non un atto tecnocratico. - Uil Scuola Emilia Romagna","isPartOf":{"@id":"https:\/\/www.uilscuolaemiliaromagna.it\/public\/er\/#website"},"datePublished":"2019-05-21T17:30:49+00:00","dateModified":"2019-05-23T07:32:22+00:00","breadcrumb":{"@id":"https:\/\/www.uilscuolaemiliaromagna.it\/public\/er\/2019\/05\/21\/un-contratto-e-un-modello-di-riferimento-non-un-atto-tecnocratico\/#breadcrumb"},"inLanguage":"it-IT","potentialAction":[{"@type":"ReadAction","target":["https:\/\/www.uilscuolaemiliaromagna.it\/public\/er\/2019\/05\/21\/un-contratto-e-un-modello-di-riferimento-non-un-atto-tecnocratico\/"]}]},{"@type":"BreadcrumbList","@id":"https:\/\/www.uilscuolaemiliaromagna.it\/public\/er\/2019\/05\/21\/un-contratto-e-un-modello-di-riferimento-non-un-atto-tecnocratico\/#breadcrumb","itemListElement":[{"@type":"ListItem","position":1,"name":"Home","item":"https:\/\/www.uilscuolaemiliaromagna.it\/public\/er\/"},{"@type":"ListItem","position":2,"name":"Un contratto \u00e8 un modello di riferimento, non un atto tecnocratico."}]},{"@type":"WebSite","@id":"https:\/\/www.uilscuolaemiliaromagna.it\/public\/er\/#website","url":"https:\/\/www.uilscuolaemiliaromagna.it\/public\/er\/","name":"Uil Scuola Emilia Romagna","description":"La voce libera della scuola","publisher":{"@id":"https:\/\/www.uilscuolaemiliaromagna.it\/public\/er\/#organization"},"potentialAction":[{"@type":"SearchAction","target":{"@type":"EntryPoint","urlTemplate":"https:\/\/www.uilscuolaemiliaromagna.it\/public\/er\/?s={search_term_string}"},"query-input":"required name=search_term_string"}],"inLanguage":"it-IT"},{"@type":"Organization","@id":"https:\/\/www.uilscuolaemiliaromagna.it\/public\/er\/#organization","name":"Uil Scuola Emilia Romagna","url":"https:\/\/www.uilscuolaemiliaromagna.it\/public\/er\/","logo":{"@type":"ImageObject","inLanguage":"it-IT","@id":"https:\/\/www.uilscuolaemiliaromagna.it\/public\/er\/#\/schema\/logo\/image\/","url":"https:\/\/www.uilscuolaemiliaromagna.it\/public\/er\/wp-content\/uploads\/2017\/04\/cropped-header.png","contentUrl":"https:\/\/www.uilscuolaemiliaromagna.it\/public\/er\/wp-content\/uploads\/2017\/04\/cropped-header.png","width":1000,"height":150,"caption":"Uil Scuola Emilia Romagna"},"image":{"@id":"https:\/\/www.uilscuolaemiliaromagna.it\/public\/er\/#\/schema\/logo\/image\/"}},{"@type":"Person","@id":"https:\/\/www.uilscuolaemiliaromagna.it\/public\/er\/#\/schema\/person\/f42878fd07a4b6ba2b7153d4fad5de5e","name":"admin","image":{"@type":"ImageObject","inLanguage":"it-IT","@id":"https:\/\/www.uilscuolaemiliaromagna.it\/public\/er\/#\/schema\/person\/image\/","url":"https:\/\/secure.gravatar.com\/avatar\/aebf815ae2f30ffdae8b8c247273d34c?s=96&d=mm&r=g","contentUrl":"https:\/\/secure.gravatar.com\/avatar\/aebf815ae2f30ffdae8b8c247273d34c?s=96&d=mm&r=g","caption":"admin"},"url":"https:\/\/www.uilscuolaemiliaromagna.it\/public\/er\/author\/admin\/"}]}},"views":807,"_links":{"self":[{"href":"https:\/\/www.uilscuolaemiliaromagna.it\/public\/er\/wp-json\/wp\/v2\/posts\/4574"}],"collection":[{"href":"https:\/\/www.uilscuolaemiliaromagna.it\/public\/er\/wp-json\/wp\/v2\/posts"}],"about":[{"href":"https:\/\/www.uilscuolaemiliaromagna.it\/public\/er\/wp-json\/wp\/v2\/types\/post"}],"author":[{"embeddable":true,"href":"https:\/\/www.uilscuolaemiliaromagna.it\/public\/er\/wp-json\/wp\/v2\/users\/1"}],"replies":[{"embeddable":true,"href":"https:\/\/www.uilscuolaemiliaromagna.it\/public\/er\/wp-json\/wp\/v2\/comments?post=4574"}],"version-history":[{"count":1,"href":"https:\/\/www.uilscuolaemiliaromagna.it\/public\/er\/wp-json\/wp\/v2\/posts\/4574\/revisions"}],"predecessor-version":[{"id":4575,"href":"https:\/\/www.uilscuolaemiliaromagna.it\/public\/er\/wp-json\/wp\/v2\/posts\/4574\/revisions\/4575"}],"wp:attachment":[{"href":"https:\/\/www.uilscuolaemiliaromagna.it\/public\/er\/wp-json\/wp\/v2\/media?parent=4574"}],"wp:term":[{"taxonomy":"category","embeddable":true,"href":"https:\/\/www.uilscuolaemiliaromagna.it\/public\/er\/wp-json\/wp\/v2\/categories?post=4574"},{"taxonomy":"post_tag","embeddable":true,"href":"https:\/\/www.uilscuolaemiliaromagna.it\/public\/er\/wp-json\/wp\/v2\/tags?post=4574"}],"curies":[{"name":"wp","href":"https:\/\/api.w.org\/{rel}","templated":true}]}}