{"id":4578,"date":"2019-05-21T19:35:23","date_gmt":"2019-05-21T17:35:23","guid":{"rendered":"http:\/\/www.uilscuolaemiliaromagna.it\/public\/er\/?p=4578"},"modified":"2019-05-23T09:36:50","modified_gmt":"2019-05-23T07:36:50","slug":"pubblicata-sul-sito-miur-la-banca-dati-dei-quesiti-per-la-prova-preselettiva-del-concorso-dsga","status":"publish","type":"post","link":"https:\/\/www.uilscuolaemiliaromagna.it\/public\/er\/2019\/05\/21\/pubblicata-sul-sito-miur-la-banca-dati-dei-quesiti-per-la-prova-preselettiva-del-concorso-dsga\/","title":{"rendered":"Pubblicata sul sito MIUR la banca dati dei quesiti per la prova preselettiva del concorso DSGA"},"content":{"rendered":"<p style=\"text-align: justify;\"><span style=\"display: inline !important; float: none; background-color: transparent; color: #555555; font-family: 'Roboto',sans-serif; font-size: 14px; font-style: normal; font-variant: normal; font-weight: bold; letter-spacing: normal; orphans: 2; text-align: left; text-decoration: none; text-indent: 0px; text-shadow: none; text-transform: none; -webkit-text-stroke-width: 0px; white-space: normal; word-spacing: 0px;\">La prova preselettiva si svolger\u00e0 nei giorni 11, 12 e 13 giugno 2019 nelle sedi individuate dagli Uffici Scolastici Regionali. La prova avr\u00e0 una durata massima di 100 minuti e consister\u00e0 nella somministrazione di 100 quesiti a risposta multipla, riguardanti le discipline previste per le prove scritte.<\/span><\/p>\n<ul>\n<li><a href=\"http:\/\/concorso-dsga.ext.istruzione.it\/\" target=\"_blank\" rel=\"noopener\">banca dati quesiti prova preselettiva<\/a><\/li>\n<\/ul>\n\n<div class=\"twitter-share\"><a href=\"https:\/\/twitter.com\/intent\/tweet?via=UILScuolaBO_ER\" class=\"twitter-share-button\" data-size=\"large\">Tweet<\/a><\/div>\n","protected":false},"excerpt":{"rendered":"<p>La prova preselettiva si svolger\u00e0 nei giorni 11, 12 e 13 giugno 2019 nelle sedi individuate dagli Uffici Scolastici Regionali. La prova avr\u00e0 una durata &hellip; <\/p>\n","protected":false},"author":1,"featured_media":0,"comment_status":"closed","ping_status":"open","sticky":false,"template":"","format":"standard","meta":{"footnotes":""},"categories":[2,12],"tags":[],"yoast_head":"<!-- This site is optimized with the Yoast SEO plugin v21.7 - https:\/\/yoast.com\/wordpress\/plugins\/seo\/ -->\r\n<title>Pubblicata sul sito MIUR la banca dati dei quesiti per la prova preselettiva del concorso DSGA - Uil Scuola Emilia Romagna<\/title>\r\n<meta name=\"robots\" content=\"index, follow, max-snippet:-1, max-image-preview:large, max-video-preview:-1\" \/>\r\n<link rel=\"canonical\" href=\"https:\/\/www.uilscuolaemiliaromagna.it\/public\/er\/2019\/05\/21\/pubblicata-sul-sito-miur-la-banca-dati-dei-quesiti-per-la-prova-preselettiva-del-concorso-dsga\/\" \/>\r\n<meta property=\"og:locale\" content=\"it_IT\" \/>\r\n<meta property=\"og:type\" content=\"article\" \/>\r\n<meta property=\"og:title\" content=\"Pubblicata sul sito MIUR la banca dati dei quesiti per la prova preselettiva del concorso DSGA - Uil Scuola Emilia Romagna\" \/>\r\n<meta property=\"og:description\" content=\"La prova preselettiva si svolger\u00e0 nei giorni 11, 12 e 13 giugno 2019 nelle sedi individuate dagli Uffici Scolastici Regionali. La prova avr\u00e0 una durata &hellip;\" \/>\r\n<meta property=\"og:url\" content=\"https:\/\/www.uilscuolaemiliaromagna.it\/public\/er\/2019\/05\/21\/pubblicata-sul-sito-miur-la-banca-dati-dei-quesiti-per-la-prova-preselettiva-del-concorso-dsga\/\" \/>\r\n<meta property=\"og:site_name\" content=\"Uil Scuola Emilia Romagna\" \/>\r\n<meta property=\"article:published_time\" content=\"2019-05-21T17:35:23+00:00\" \/>\r\n<meta property=\"article:modified_time\" content=\"2019-05-23T07:36:50+00:00\" \/>\r\n<meta name=\"author\" content=\"admin\" \/>\r\n<meta name=\"twitter:card\" content=\"summary_large_image\" \/>\r\n<meta name=\"twitter:label1\" content=\"Scritto da\" \/>\n\t<meta name=\"twitter:data1\" content=\"admin\" \/>\r\n<script type=\"application\/ld+json\" class=\"yoast-schema-graph\">{\"@context\":\"https:\/\/schema.org\",\"@graph\":[{\"@type\":\"Article\",\"@id\":\"https:\/\/www.uilscuolaemiliaromagna.it\/public\/er\/2019\/05\/21\/pubblicata-sul-sito-miur-la-banca-dati-dei-quesiti-per-la-prova-preselettiva-del-concorso-dsga\/#article\",\"isPartOf\":{\"@id\":\"https:\/\/www.uilscuolaemiliaromagna.it\/public\/er\/2019\/05\/21\/pubblicata-sul-sito-miur-la-banca-dati-dei-quesiti-per-la-prova-preselettiva-del-concorso-dsga\/\"},\"author\":{\"name\":\"admin\",\"@id\":\"https:\/\/www.uilscuolaemiliaromagna.it\/public\/er\/#\/schema\/person\/f42878fd07a4b6ba2b7153d4fad5de5e\"},\"headline\":\"Pubblicata sul sito MIUR la banca dati dei quesiti per la prova preselettiva del concorso DSGA\",\"datePublished\":\"2019-05-21T17:35:23+00:00\",\"dateModified\":\"2019-05-23T07:36:50+00:00\",\"mainEntityOfPage\":{\"@id\":\"https:\/\/www.uilscuolaemiliaromagna.it\/public\/er\/2019\/05\/21\/pubblicata-sul-sito-miur-la-banca-dati-dei-quesiti-per-la-prova-preselettiva-del-concorso-dsga\/\"},\"wordCount\":62,\"publisher\":{\"@id\":\"https:\/\/www.uilscuolaemiliaromagna.it\/public\/er\/#organization\"},\"articleSection\":[\"ATA\",\"Notizie\"],\"inLanguage\":\"it-IT\"},{\"@type\":\"WebPage\",\"@id\":\"https:\/\/www.uilscuolaemiliaromagna.it\/public\/er\/2019\/05\/21\/pubblicata-sul-sito-miur-la-banca-dati-dei-quesiti-per-la-prova-preselettiva-del-concorso-dsga\/\",\"url\":\"https:\/\/www.uilscuolaemiliaromagna.it\/public\/er\/2019\/05\/21\/pubblicata-sul-sito-miur-la-banca-dati-dei-quesiti-per-la-prova-preselettiva-del-concorso-dsga\/\",\"name\":\"Pubblicata sul sito MIUR la banca dati dei quesiti per la prova preselettiva del concorso DSGA - Uil Scuola Emilia Romagna\",\"isPartOf\":{\"@id\":\"https:\/\/www.uilscuolaemiliaromagna.it\/public\/er\/#website\"},\"datePublished\":\"2019-05-21T17:35:23+00:00\",\"dateModified\":\"2019-05-23T07:36:50+00:00\",\"breadcrumb\":{\"@id\":\"https:\/\/www.uilscuolaemiliaromagna.it\/public\/er\/2019\/05\/21\/pubblicata-sul-sito-miur-la-banca-dati-dei-quesiti-per-la-prova-preselettiva-del-concorso-dsga\/#breadcrumb\"},\"inLanguage\":\"it-IT\",\"potentialAction\":[{\"@type\":\"ReadAction\",\"target\":[\"https:\/\/www.uilscuolaemiliaromagna.it\/public\/er\/2019\/05\/21\/pubblicata-sul-sito-miur-la-banca-dati-dei-quesiti-per-la-prova-preselettiva-del-concorso-dsga\/\"]}]},{\"@type\":\"BreadcrumbList\",\"@id\":\"https:\/\/www.uilscuolaemiliaromagna.it\/public\/er\/2019\/05\/21\/pubblicata-sul-sito-miur-la-banca-dati-dei-quesiti-per-la-prova-preselettiva-del-concorso-dsga\/#breadcrumb\",\"itemListElement\":[{\"@type\":\"ListItem\",\"position\":1,\"name\":\"Home\",\"item\":\"https:\/\/www.uilscuolaemiliaromagna.it\/public\/er\/\"},{\"@type\":\"ListItem\",\"position\":2,\"name\":\"Pubblicata sul sito MIUR la banca dati dei quesiti per la prova preselettiva del concorso DSGA\"}]},{\"@type\":\"WebSite\",\"@id\":\"https:\/\/www.uilscuolaemiliaromagna.it\/public\/er\/#website\",\"url\":\"https:\/\/www.uilscuolaemiliaromagna.it\/public\/er\/\",\"name\":\"Uil Scuola Emilia Romagna\",\"description\":\"La voce libera della scuola\",\"publisher\":{\"@id\":\"https:\/\/www.uilscuolaemiliaromagna.it\/public\/er\/#organization\"},\"potentialAction\":[{\"@type\":\"SearchAction\",\"target\":{\"@type\":\"EntryPoint\",\"urlTemplate\":\"https:\/\/www.uilscuolaemiliaromagna.it\/public\/er\/?s={search_term_string}\"},\"query-input\":\"required name=search_term_string\"}],\"inLanguage\":\"it-IT\"},{\"@type\":\"Organization\",\"@id\":\"https:\/\/www.uilscuolaemiliaromagna.it\/public\/er\/#organization\",\"name\":\"Uil Scuola Emilia Romagna\",\"url\":\"https:\/\/www.uilscuolaemiliaromagna.it\/public\/er\/\",\"logo\":{\"@type\":\"ImageObject\",\"inLanguage\":\"it-IT\",\"@id\":\"https:\/\/www.uilscuolaemiliaromagna.it\/public\/er\/#\/schema\/logo\/image\/\",\"url\":\"https:\/\/www.uilscuolaemiliaromagna.it\/public\/er\/wp-content\/uploads\/2017\/04\/cropped-header.png\",\"contentUrl\":\"https:\/\/www.uilscuolaemiliaromagna.it\/public\/er\/wp-content\/uploads\/2017\/04\/cropped-header.png\",\"width\":1000,\"height\":150,\"caption\":\"Uil Scuola Emilia Romagna\"},\"image\":{\"@id\":\"https:\/\/www.uilscuolaemiliaromagna.it\/public\/er\/#\/schema\/logo\/image\/\"}},{\"@type\":\"Person\",\"@id\":\"https:\/\/www.uilscuolaemiliaromagna.it\/public\/er\/#\/schema\/person\/f42878fd07a4b6ba2b7153d4fad5de5e\",\"name\":\"admin\",\"image\":{\"@type\":\"ImageObject\",\"inLanguage\":\"it-IT\",\"@id\":\"https:\/\/www.uilscuolaemiliaromagna.it\/public\/er\/#\/schema\/person\/image\/\",\"url\":\"https:\/\/secure.gravatar.com\/avatar\/aebf815ae2f30ffdae8b8c247273d34c?s=96&d=mm&r=g\",\"contentUrl\":\"https:\/\/secure.gravatar.com\/avatar\/aebf815ae2f30ffdae8b8c247273d34c?s=96&d=mm&r=g\",\"caption\":\"admin\"},\"url\":\"https:\/\/www.uilscuolaemiliaromagna.it\/public\/er\/author\/admin\/\"}]}<\/script>\r\n<!-- \/ Yoast SEO plugin. -->","yoast_head_json":{"title":"Pubblicata sul sito MIUR la banca dati dei quesiti per la prova preselettiva del concorso DSGA - Uil Scuola Emilia Romagna","robots":{"index":"index","follow":"follow","max-snippet":"max-snippet:-1","max-image-preview":"max-image-preview:large","max-video-preview":"max-video-preview:-1"},"canonical":"https:\/\/www.uilscuolaemiliaromagna.it\/public\/er\/2019\/05\/21\/pubblicata-sul-sito-miur-la-banca-dati-dei-quesiti-per-la-prova-preselettiva-del-concorso-dsga\/","og_locale":"it_IT","og_type":"article","og_title":"Pubblicata sul sito MIUR la banca dati dei quesiti per la prova preselettiva del concorso DSGA - Uil Scuola Emilia Romagna","og_description":"La prova preselettiva si svolger\u00e0 nei giorni 11, 12 e 13 giugno 2019 nelle sedi individuate dagli Uffici Scolastici Regionali. La prova avr\u00e0 una durata &hellip;","og_url":"https:\/\/www.uilscuolaemiliaromagna.it\/public\/er\/2019\/05\/21\/pubblicata-sul-sito-miur-la-banca-dati-dei-quesiti-per-la-prova-preselettiva-del-concorso-dsga\/","og_site_name":"Uil Scuola Emilia Romagna","article_published_time":"2019-05-21T17:35:23+00:00","article_modified_time":"2019-05-23T07:36:50+00:00","author":"admin","twitter_card":"summary_large_image","twitter_misc":{"Scritto da":"admin"},"schema":{"@context":"https:\/\/schema.org","@graph":[{"@type":"Article","@id":"https:\/\/www.uilscuolaemiliaromagna.it\/public\/er\/2019\/05\/21\/pubblicata-sul-sito-miur-la-banca-dati-dei-quesiti-per-la-prova-preselettiva-del-concorso-dsga\/#article","isPartOf":{"@id":"https:\/\/www.uilscuolaemiliaromagna.it\/public\/er\/2019\/05\/21\/pubblicata-sul-sito-miur-la-banca-dati-dei-quesiti-per-la-prova-preselettiva-del-concorso-dsga\/"},"author":{"name":"admin","@id":"https:\/\/www.uilscuolaemiliaromagna.it\/public\/er\/#\/schema\/person\/f42878fd07a4b6ba2b7153d4fad5de5e"},"headline":"Pubblicata sul sito MIUR la banca dati dei quesiti per la prova preselettiva del concorso DSGA","datePublished":"2019-05-21T17:35:23+00:00","dateModified":"2019-05-23T07:36:50+00:00","mainEntityOfPage":{"@id":"https:\/\/www.uilscuolaemiliaromagna.it\/public\/er\/2019\/05\/21\/pubblicata-sul-sito-miur-la-banca-dati-dei-quesiti-per-la-prova-preselettiva-del-concorso-dsga\/"},"wordCount":62,"publisher":{"@id":"https:\/\/www.uilscuolaemiliaromagna.it\/public\/er\/#organization"},"articleSection":["ATA","Notizie"],"inLanguage":"it-IT"},{"@type":"WebPage","@id":"https:\/\/www.uilscuolaemiliaromagna.it\/public\/er\/2019\/05\/21\/pubblicata-sul-sito-miur-la-banca-dati-dei-quesiti-per-la-prova-preselettiva-del-concorso-dsga\/","url":"https:\/\/www.uilscuolaemiliaromagna.it\/public\/er\/2019\/05\/21\/pubblicata-sul-sito-miur-la-banca-dati-dei-quesiti-per-la-prova-preselettiva-del-concorso-dsga\/","name":"Pubblicata sul sito MIUR la banca dati dei quesiti per la prova preselettiva del concorso DSGA - Uil Scuola Emilia Romagna","isPartOf":{"@id":"https:\/\/www.uilscuolaemiliaromagna.it\/public\/er\/#website"},"datePublished":"2019-05-21T17:35:23+00:00","dateModified":"2019-05-23T07:36:50+00:00","breadcrumb":{"@id":"https:\/\/www.uilscuolaemiliaromagna.it\/public\/er\/2019\/05\/21\/pubblicata-sul-sito-miur-la-banca-dati-dei-quesiti-per-la-prova-preselettiva-del-concorso-dsga\/#breadcrumb"},"inLanguage":"it-IT","potentialAction":[{"@type":"ReadAction","target":["https:\/\/www.uilscuolaemiliaromagna.it\/public\/er\/2019\/05\/21\/pubblicata-sul-sito-miur-la-banca-dati-dei-quesiti-per-la-prova-preselettiva-del-concorso-dsga\/"]}]},{"@type":"BreadcrumbList","@id":"https:\/\/www.uilscuolaemiliaromagna.it\/public\/er\/2019\/05\/21\/pubblicata-sul-sito-miur-la-banca-dati-dei-quesiti-per-la-prova-preselettiva-del-concorso-dsga\/#breadcrumb","itemListElement":[{"@type":"ListItem","position":1,"name":"Home","item":"https:\/\/www.uilscuolaemiliaromagna.it\/public\/er\/"},{"@type":"ListItem","position":2,"name":"Pubblicata sul sito MIUR la banca dati dei quesiti per la prova preselettiva del concorso DSGA"}]},{"@type":"WebSite","@id":"https:\/\/www.uilscuolaemiliaromagna.it\/public\/er\/#website","url":"https:\/\/www.uilscuolaemiliaromagna.it\/public\/er\/","name":"Uil Scuola Emilia Romagna","description":"La voce libera della scuola","publisher":{"@id":"https:\/\/www.uilscuolaemiliaromagna.it\/public\/er\/#organization"},"potentialAction":[{"@type":"SearchAction","target":{"@type":"EntryPoint","urlTemplate":"https:\/\/www.uilscuolaemiliaromagna.it\/public\/er\/?s={search_term_string}"},"query-input":"required name=search_term_string"}],"inLanguage":"it-IT"},{"@type":"Organization","@id":"https:\/\/www.uilscuolaemiliaromagna.it\/public\/er\/#organization","name":"Uil Scuola Emilia Romagna","url":"https:\/\/www.uilscuolaemiliaromagna.it\/public\/er\/","logo":{"@type":"ImageObject","inLanguage":"it-IT","@id":"https:\/\/www.uilscuolaemiliaromagna.it\/public\/er\/#\/schema\/logo\/image\/","url":"https:\/\/www.uilscuolaemiliaromagna.it\/public\/er\/wp-content\/uploads\/2017\/04\/cropped-header.png","contentUrl":"https:\/\/www.uilscuolaemiliaromagna.it\/public\/er\/wp-content\/uploads\/2017\/04\/cropped-header.png","width":1000,"height":150,"caption":"Uil Scuola Emilia Romagna"},"image":{"@id":"https:\/\/www.uilscuolaemiliaromagna.it\/public\/er\/#\/schema\/logo\/image\/"}},{"@type":"Person","@id":"https:\/\/www.uilscuolaemiliaromagna.it\/public\/er\/#\/schema\/person\/f42878fd07a4b6ba2b7153d4fad5de5e","name":"admin","image":{"@type":"ImageObject","inLanguage":"it-IT","@id":"https:\/\/www.uilscuolaemiliaromagna.it\/public\/er\/#\/schema\/person\/image\/","url":"https:\/\/secure.gravatar.com\/avatar\/aebf815ae2f30ffdae8b8c247273d34c?s=96&d=mm&r=g","contentUrl":"https:\/\/secure.gravatar.com\/avatar\/aebf815ae2f30ffdae8b8c247273d34c?s=96&d=mm&r=g","caption":"admin"},"url":"https:\/\/www.uilscuolaemiliaromagna.it\/public\/er\/author\/admin\/"}]}},"views":873,"_links":{"self":[{"href":"https:\/\/www.uilscuolaemiliaromagna.it\/public\/er\/wp-json\/wp\/v2\/posts\/4578"}],"collection":[{"href":"https:\/\/www.uilscuolaemiliaromagna.it\/public\/er\/wp-json\/wp\/v2\/posts"}],"about":[{"href":"https:\/\/www.uilscuolaemiliaromagna.it\/public\/er\/wp-json\/wp\/v2\/types\/post"}],"author":[{"embeddable":true,"href":"https:\/\/www.uilscuolaemiliaromagna.it\/public\/er\/wp-json\/wp\/v2\/users\/1"}],"replies":[{"embeddable":true,"href":"https:\/\/www.uilscuolaemiliaromagna.it\/public\/er\/wp-json\/wp\/v2\/comments?post=4578"}],"version-history":[{"count":1,"href":"https:\/\/www.uilscuolaemiliaromagna.it\/public\/er\/wp-json\/wp\/v2\/posts\/4578\/revisions"}],"predecessor-version":[{"id":4579,"href":"https:\/\/www.uilscuolaemiliaromagna.it\/public\/er\/wp-json\/wp\/v2\/posts\/4578\/revisions\/4579"}],"wp:attachment":[{"href":"https:\/\/www.uilscuolaemiliaromagna.it\/public\/er\/wp-json\/wp\/v2\/media?parent=4578"}],"wp:term":[{"taxonomy":"category","embeddable":true,"href":"https:\/\/www.uilscuolaemiliaromagna.it\/public\/er\/wp-json\/wp\/v2\/categories?post=4578"},{"taxonomy":"post_tag","embeddable":true,"href":"https:\/\/www.uilscuolaemiliaromagna.it\/public\/er\/wp-json\/wp\/v2\/tags?post=4578"}],"curies":[{"name":"wp","href":"https:\/\/api.w.org\/{rel}","templated":true}]}}