{"id":4597,"date":"2019-05-25T19:59:06","date_gmt":"2019-05-25T17:59:06","guid":{"rendered":"http:\/\/www.uilscuolaemiliaromagna.it\/public\/er\/?p=4597"},"modified":"2019-05-28T10:00:19","modified_gmt":"2019-05-28T08:00:19","slug":"precari-lazione-sindacale-ha-portato-il-risultato-atteso","status":"publish","type":"post","link":"https:\/\/www.uilscuolaemiliaromagna.it\/public\/er\/2019\/05\/25\/precari-lazione-sindacale-ha-portato-il-risultato-atteso\/","title":{"rendered":"Precari: l\u2019azione sindacale ha portato il risultato atteso"},"content":{"rendered":"<blockquote>\n<p style=\"text-align: justify;\"><strong><em>Bussetti, ok alla proposta unitaria presentata dai sindacati: concreta, di buon senso e in linea con il contratto di governo<\/em><\/strong><\/p>\n<p style=\"text-align: justify;\"><strong><em> L\u2019azione positiva dei corpi intermedi sindacali, combinata con l\u2019azione politica di confronto, anche aspro, ma di confronto su un percorso fortemente voluto, hanno portato alla soluzione di problemi complessi.<\/em><\/strong><\/p>\n<\/blockquote>\n<p><img loading=\"lazy\" decoding=\"async\" class=\"size-medium wp-image-6278 alignleft\" src=\"http:\/\/uilscuola.it\/wordpress\/wp-content\/uploads\/2019\/04\/tavolo-governo-sindacati-palazzo-Chigi-230419-300x226.jpg\" sizes=\"(max-width: 300px) 100vw, 300px\" alt=\"\" width=\"300\" height=\"226\" \/><\/p>\n<p style=\"text-align: justify;\">L\u2019azione sindacale ha portato il risultato atteso.<br \/>\nViene data attuazione all\u2019impegno preso dal Presidente Conte, a nome dell\u2019intero Governo, nell\u2019intesa sottoscritta con i sindacati il 24 aprile scorso, alla quale hanno fatto seguito, nei giorni scorsi, gli incontri di natura tecnico-politica, per dare concreta soluzione all\u2019intesa stessa.<\/p>\n<p style=\"text-align: justify;\"><img loading=\"lazy\" decoding=\"async\" class=\"size-medium wp-image-6386 alignleft\" src=\"http:\/\/uilscuola.it\/wordpress\/wp-content\/uploads\/2019\/05\/IMG-riunione-Miur-160519-300x225.jpg\" sizes=\"(max-width: 300px) 100vw, 300px\" alt=\"\" width=\"300\" height=\"225\" \/><\/p>\n<p style=\"text-align: justify;\">Aver dato priorit\u00e0, tra gli atri \u00a0impegni, al \u00a0precariato \u00e8 un segnale di attenzione al personale della scuola e alla scuola stessa, che da questo ne trae giovamento in termini di continuit\u00e0 didattica e di stabilizzazione \u00a0\u2013 commenta il segretario generale della Uil Scuola, Pino Turi dopo l\u2019annuncio di questa mattina del Ministro Bussetti \u00abdi recepire la proposta unitaria presentata dai sindacati, che troviamo concreta, di buon senso e in linea con il contratto di governo\u00bb.<\/p>\n<p style=\"text-align: justify;\">La proposta dei sindacati, peraltro unitaria, \u00e8 stata messa in piedi con criteri oggettivamente intesi a dare sostanza e soluzione \u2013 \u2013 aggiunge Turi \u2013 ad una situazione di emergenza che si era affacciata gi\u00e0 lo scorso anno, quando oltre 32.000 posti restarono vuoti per mancanza di aspirati alla nomina in ruolo.<br \/>\nUn paradosso, aggravato, quest\u2019anno dall\u2019aumento dei pensionamenti dovuti anche a quota 100.<\/p>\n<p style=\"text-align: justify;\">La proposta dunque di una fase transitoria rivendicata dai sindacati \u2013 mette in rilevo Turi \u2013 \u00e8 la soluzione.<br \/>\nIl resto \u00e8 solo polemica inutile e atteggiamento pregiudiziale di che vede nella scuola il terreno di scontro politico.<\/p>\n<p style=\"text-align: justify;\">Aver allineato domanda ed offerta, aver garantito i concorsi ordinari, \u00a0aver messo in moto la fase transitoria, con doppia valutazione in entrata e in uscita, \u00e8 un risultato \u00a0\u2013 ribadisce Turi, fissando i punti centrali della proposta sindacale \u2013 chiude un perverso sistema in cui si perpetua il meccanismo del precariato, che se \u00e8 un male endemico della societ\u00e0, per il sistema scolastico, \u00e8 un\u00a0 fattore di instabilit\u00e0 dell\u2019intero sistema che va aggredito e sconfitto.<\/p>\n<p style=\"text-align: justify;\">Con questo provvedimento \u2013 aggiunge Turi \u2013 si creano le condizioni per farlo, a patto che i concorsi ordinari siano banditi con regolarit\u00e0.<\/p>\n<p style=\"text-align: justify;\">In questa occasione, inoltre si \u00e8 visto come l\u2019azione positiva dei corpi intermedi sindacali, combinata con l\u2019azione politica di confronto anche aspro, ma di confronto, di un \u00a0percorso fortemente voluto,\u00a0 abbia portato a soluzione problemi complessi, come quello della definizione degli interventi sul sistema scolastico, misure che lo stesso contratto di governo non riusciva a definire.<\/p>\n<p style=\"text-align: justify;\">Ora si vada a completare l\u2019iter per realizzare gli impegni che il Governo ha assunto sugli altri temi del confronto sindacale, coerentemente all\u2019intesa del 24 aprile.<\/p>\n<p style=\"text-align: justify;\">\n<hr \/>\n<p style=\"text-align: justify;\">Qui di seguito la nota unitaria dei sindacati scuola<\/p>\n<p style=\"text-align: justify;\"><strong>Su reclutamento e precariato un passo decisivo<\/strong><\/p>\n<p style=\"text-align: justify;\">Il confronto al MIUR dopo l\u2019intesa di Palazzo Chigi del 24 aprile scorso comincia a dare buoni frutti su uno dei temi centrali dell\u2019agenda sindacale, quello della stabilizzazione del lavoro precario.<\/p>\n<p style=\"text-align: justify;\">La soluzione delineata nel comunicato del Ministro dell\u2019Istruzione, con la volont\u00e0 di recepire la proposta sindacale \u2013 peraltro puntuale e specifica -, pur in attesa di verificare come sar\u00e0 formulato il provvedimento di legge cui si fa cenno \u00e8 sicuramente un passo decisivo in avanti rispetto alle richieste formulate nella piattaforma della mobilitazione unitaria, ai contenuti dell\u2019intesa col Governo e a quanto ribadito in sede di confronto al tavolo tematico su reclutamento e precariato.<\/p>\n<p style=\"text-align: justify;\">Ora in tempi strettissimi attendiamo una nuova convocazione del tavolo per un esame approfondito e dettagliato di tutte le questioni che dovranno essere efficacemente tradotte nel testo da sottoporre all\u2019esame delle Camere.<\/p>\n<p style=\"text-align: justify;\">\u00c8 chiaro che poi la palla passa alle decisioni politiche e alle responsabilit\u00e0 da assumere coerentemente anche in sede parlamentare. Ci attendiamo che il buon lavoro fatto dalle organizzazioni sindacali trovi in tale sede il giusto riscontro, nell\u2019interesse delle tantissime persone che da anni sono in condizione di precariet\u00e0 e della scuola stessa, che ha bisogno di poter contare sulla stabilit\u00e0 del personale per un\u2019efficace programmazione della didattica e un\u2019ottimale gestione del sistema scolastico.<\/p>\n<p>Roma, 24 maggio 2019<\/p>\n<table width=\"672\">\n<tbody>\n<tr>\n<td width=\"22%\">FLC\u00a0 CGIL<em>Francesco Sinopoli<\/em><\/td>\n<td width=\"19%\">CISL\u00a0 FSUR<em>Maddalena Gissi<\/em><\/td>\n<td width=\"19%\">UIL Scuola RUA<em>Giuseppe Turi<\/em><\/td>\n<td width=\"19%\">SNALS\u00a0 Confsal<em>Elvira Serafini<\/em><\/td>\n<td width=\"18%\">\n<h5><strong>GILDA UNAMS<\/strong><\/h5>\n<p><em>Rino Di Meglio<\/em><\/td>\n<\/tr>\n<\/tbody>\n<\/table>\n\n<div class=\"twitter-share\"><a href=\"https:\/\/twitter.com\/intent\/tweet?via=UILScuolaBO_ER\" class=\"twitter-share-button\" data-size=\"large\">Tweet<\/a><\/div>\n","protected":false},"excerpt":{"rendered":"<p>Bussetti, ok alla proposta unitaria presentata dai sindacati: concreta, di buon senso e in linea con il contratto di governo L\u2019azione positiva dei corpi intermedi &hellip; <\/p>\n","protected":false},"author":1,"featured_media":0,"comment_status":"closed","ping_status":"open","sticky":false,"template":"","format":"standard","meta":{"footnotes":""},"categories":[12,6],"tags":[],"yoast_head":"<!-- This site is optimized with the Yoast SEO plugin v21.7 - https:\/\/yoast.com\/wordpress\/plugins\/seo\/ -->\r\n<title>Precari: l\u2019azione sindacale ha portato il risultato atteso - Uil Scuola Emilia Romagna<\/title>\r\n<meta name=\"robots\" content=\"index, follow, max-snippet:-1, max-image-preview:large, max-video-preview:-1\" \/>\r\n<link rel=\"canonical\" href=\"https:\/\/www.uilscuolaemiliaromagna.it\/public\/er\/2019\/05\/25\/precari-lazione-sindacale-ha-portato-il-risultato-atteso\/\" \/>\r\n<meta property=\"og:locale\" content=\"it_IT\" \/>\r\n<meta property=\"og:type\" content=\"article\" \/>\r\n<meta property=\"og:title\" content=\"Precari: l\u2019azione sindacale ha portato il risultato atteso - Uil Scuola Emilia Romagna\" \/>\r\n<meta property=\"og:description\" content=\"Bussetti, ok alla proposta unitaria presentata dai sindacati: concreta, di buon senso e in linea con il contratto di governo L\u2019azione positiva dei corpi intermedi &hellip;\" \/>\r\n<meta property=\"og:url\" content=\"https:\/\/www.uilscuolaemiliaromagna.it\/public\/er\/2019\/05\/25\/precari-lazione-sindacale-ha-portato-il-risultato-atteso\/\" \/>\r\n<meta property=\"og:site_name\" content=\"Uil Scuola Emilia Romagna\" \/>\r\n<meta property=\"article:published_time\" content=\"2019-05-25T17:59:06+00:00\" \/>\r\n<meta property=\"article:modified_time\" content=\"2019-05-28T08:00:19+00:00\" \/>\r\n<meta property=\"og:image\" content=\"http:\/\/uilscuola.it\/wordpress\/wp-content\/uploads\/2019\/04\/tavolo-governo-sindacati-palazzo-Chigi-230419-300x226.jpg\" \/>\r\n<meta name=\"author\" content=\"admin\" \/>\r\n<meta name=\"twitter:card\" content=\"summary_large_image\" \/>\r\n<meta name=\"twitter:label1\" content=\"Scritto da\" \/>\n\t<meta name=\"twitter:data1\" content=\"admin\" \/>\n\t<meta name=\"twitter:label2\" content=\"Tempo di lettura stimato\" \/>\n\t<meta name=\"twitter:data2\" content=\"3 minuti\" \/>\r\n<script type=\"application\/ld+json\" class=\"yoast-schema-graph\">{\"@context\":\"https:\/\/schema.org\",\"@graph\":[{\"@type\":\"Article\",\"@id\":\"https:\/\/www.uilscuolaemiliaromagna.it\/public\/er\/2019\/05\/25\/precari-lazione-sindacale-ha-portato-il-risultato-atteso\/#article\",\"isPartOf\":{\"@id\":\"https:\/\/www.uilscuolaemiliaromagna.it\/public\/er\/2019\/05\/25\/precari-lazione-sindacale-ha-portato-il-risultato-atteso\/\"},\"author\":{\"name\":\"admin\",\"@id\":\"https:\/\/www.uilscuolaemiliaromagna.it\/public\/er\/#\/schema\/person\/f42878fd07a4b6ba2b7153d4fad5de5e\"},\"headline\":\"Precari: l\u2019azione sindacale ha portato il risultato atteso\",\"datePublished\":\"2019-05-25T17:59:06+00:00\",\"dateModified\":\"2019-05-28T08:00:19+00:00\",\"mainEntityOfPage\":{\"@id\":\"https:\/\/www.uilscuolaemiliaromagna.it\/public\/er\/2019\/05\/25\/precari-lazione-sindacale-ha-portato-il-risultato-atteso\/\"},\"wordCount\":707,\"publisher\":{\"@id\":\"https:\/\/www.uilscuolaemiliaromagna.it\/public\/er\/#organization\"},\"articleSection\":[\"Notizie\",\"Personale Docente\"],\"inLanguage\":\"it-IT\"},{\"@type\":\"WebPage\",\"@id\":\"https:\/\/www.uilscuolaemiliaromagna.it\/public\/er\/2019\/05\/25\/precari-lazione-sindacale-ha-portato-il-risultato-atteso\/\",\"url\":\"https:\/\/www.uilscuolaemiliaromagna.it\/public\/er\/2019\/05\/25\/precari-lazione-sindacale-ha-portato-il-risultato-atteso\/\",\"name\":\"Precari: l\u2019azione sindacale ha portato il risultato atteso - Uil Scuola Emilia Romagna\",\"isPartOf\":{\"@id\":\"https:\/\/www.uilscuolaemiliaromagna.it\/public\/er\/#website\"},\"datePublished\":\"2019-05-25T17:59:06+00:00\",\"dateModified\":\"2019-05-28T08:00:19+00:00\",\"breadcrumb\":{\"@id\":\"https:\/\/www.uilscuolaemiliaromagna.it\/public\/er\/2019\/05\/25\/precari-lazione-sindacale-ha-portato-il-risultato-atteso\/#breadcrumb\"},\"inLanguage\":\"it-IT\",\"potentialAction\":[{\"@type\":\"ReadAction\",\"target\":[\"https:\/\/www.uilscuolaemiliaromagna.it\/public\/er\/2019\/05\/25\/precari-lazione-sindacale-ha-portato-il-risultato-atteso\/\"]}]},{\"@type\":\"BreadcrumbList\",\"@id\":\"https:\/\/www.uilscuolaemiliaromagna.it\/public\/er\/2019\/05\/25\/precari-lazione-sindacale-ha-portato-il-risultato-atteso\/#breadcrumb\",\"itemListElement\":[{\"@type\":\"ListItem\",\"position\":1,\"name\":\"Home\",\"item\":\"https:\/\/www.uilscuolaemiliaromagna.it\/public\/er\/\"},{\"@type\":\"ListItem\",\"position\":2,\"name\":\"Precari: l\u2019azione sindacale ha portato il risultato atteso\"}]},{\"@type\":\"WebSite\",\"@id\":\"https:\/\/www.uilscuolaemiliaromagna.it\/public\/er\/#website\",\"url\":\"https:\/\/www.uilscuolaemiliaromagna.it\/public\/er\/\",\"name\":\"Uil Scuola Emilia Romagna\",\"description\":\"La voce libera della scuola\",\"publisher\":{\"@id\":\"https:\/\/www.uilscuolaemiliaromagna.it\/public\/er\/#organization\"},\"potentialAction\":[{\"@type\":\"SearchAction\",\"target\":{\"@type\":\"EntryPoint\",\"urlTemplate\":\"https:\/\/www.uilscuolaemiliaromagna.it\/public\/er\/?s={search_term_string}\"},\"query-input\":\"required name=search_term_string\"}],\"inLanguage\":\"it-IT\"},{\"@type\":\"Organization\",\"@id\":\"https:\/\/www.uilscuolaemiliaromagna.it\/public\/er\/#organization\",\"name\":\"Uil Scuola Emilia Romagna\",\"url\":\"https:\/\/www.uilscuolaemiliaromagna.it\/public\/er\/\",\"logo\":{\"@type\":\"ImageObject\",\"inLanguage\":\"it-IT\",\"@id\":\"https:\/\/www.uilscuolaemiliaromagna.it\/public\/er\/#\/schema\/logo\/image\/\",\"url\":\"https:\/\/www.uilscuolaemiliaromagna.it\/public\/er\/wp-content\/uploads\/2017\/04\/cropped-header.png\",\"contentUrl\":\"https:\/\/www.uilscuolaemiliaromagna.it\/public\/er\/wp-content\/uploads\/2017\/04\/cropped-header.png\",\"width\":1000,\"height\":150,\"caption\":\"Uil Scuola Emilia Romagna\"},\"image\":{\"@id\":\"https:\/\/www.uilscuolaemiliaromagna.it\/public\/er\/#\/schema\/logo\/image\/\"}},{\"@type\":\"Person\",\"@id\":\"https:\/\/www.uilscuolaemiliaromagna.it\/public\/er\/#\/schema\/person\/f42878fd07a4b6ba2b7153d4fad5de5e\",\"name\":\"admin\",\"image\":{\"@type\":\"ImageObject\",\"inLanguage\":\"it-IT\",\"@id\":\"https:\/\/www.uilscuolaemiliaromagna.it\/public\/er\/#\/schema\/person\/image\/\",\"url\":\"https:\/\/secure.gravatar.com\/avatar\/aebf815ae2f30ffdae8b8c247273d34c?s=96&d=mm&r=g\",\"contentUrl\":\"https:\/\/secure.gravatar.com\/avatar\/aebf815ae2f30ffdae8b8c247273d34c?s=96&d=mm&r=g\",\"caption\":\"admin\"},\"url\":\"https:\/\/www.uilscuolaemiliaromagna.it\/public\/er\/author\/admin\/\"}]}<\/script>\r\n<!-- \/ Yoast SEO plugin. -->","yoast_head_json":{"title":"Precari: l\u2019azione sindacale ha portato il risultato atteso - Uil Scuola Emilia Romagna","robots":{"index":"index","follow":"follow","max-snippet":"max-snippet:-1","max-image-preview":"max-image-preview:large","max-video-preview":"max-video-preview:-1"},"canonical":"https:\/\/www.uilscuolaemiliaromagna.it\/public\/er\/2019\/05\/25\/precari-lazione-sindacale-ha-portato-il-risultato-atteso\/","og_locale":"it_IT","og_type":"article","og_title":"Precari: l\u2019azione sindacale ha portato il risultato atteso - Uil Scuola Emilia Romagna","og_description":"Bussetti, ok alla proposta unitaria presentata dai sindacati: concreta, di buon senso e in linea con il contratto di governo L\u2019azione positiva dei corpi intermedi &hellip;","og_url":"https:\/\/www.uilscuolaemiliaromagna.it\/public\/er\/2019\/05\/25\/precari-lazione-sindacale-ha-portato-il-risultato-atteso\/","og_site_name":"Uil Scuola Emilia Romagna","article_published_time":"2019-05-25T17:59:06+00:00","article_modified_time":"2019-05-28T08:00:19+00:00","og_image":[{"url":"http:\/\/uilscuola.it\/wordpress\/wp-content\/uploads\/2019\/04\/tavolo-governo-sindacati-palazzo-Chigi-230419-300x226.jpg"}],"author":"admin","twitter_card":"summary_large_image","twitter_misc":{"Scritto da":"admin","Tempo di lettura stimato":"3 minuti"},"schema":{"@context":"https:\/\/schema.org","@graph":[{"@type":"Article","@id":"https:\/\/www.uilscuolaemiliaromagna.it\/public\/er\/2019\/05\/25\/precari-lazione-sindacale-ha-portato-il-risultato-atteso\/#article","isPartOf":{"@id":"https:\/\/www.uilscuolaemiliaromagna.it\/public\/er\/2019\/05\/25\/precari-lazione-sindacale-ha-portato-il-risultato-atteso\/"},"author":{"name":"admin","@id":"https:\/\/www.uilscuolaemiliaromagna.it\/public\/er\/#\/schema\/person\/f42878fd07a4b6ba2b7153d4fad5de5e"},"headline":"Precari: l\u2019azione sindacale ha portato il risultato atteso","datePublished":"2019-05-25T17:59:06+00:00","dateModified":"2019-05-28T08:00:19+00:00","mainEntityOfPage":{"@id":"https:\/\/www.uilscuolaemiliaromagna.it\/public\/er\/2019\/05\/25\/precari-lazione-sindacale-ha-portato-il-risultato-atteso\/"},"wordCount":707,"publisher":{"@id":"https:\/\/www.uilscuolaemiliaromagna.it\/public\/er\/#organization"},"articleSection":["Notizie","Personale Docente"],"inLanguage":"it-IT"},{"@type":"WebPage","@id":"https:\/\/www.uilscuolaemiliaromagna.it\/public\/er\/2019\/05\/25\/precari-lazione-sindacale-ha-portato-il-risultato-atteso\/","url":"https:\/\/www.uilscuolaemiliaromagna.it\/public\/er\/2019\/05\/25\/precari-lazione-sindacale-ha-portato-il-risultato-atteso\/","name":"Precari: l\u2019azione sindacale ha portato il risultato atteso - Uil Scuola Emilia Romagna","isPartOf":{"@id":"https:\/\/www.uilscuolaemiliaromagna.it\/public\/er\/#website"},"datePublished":"2019-05-25T17:59:06+00:00","dateModified":"2019-05-28T08:00:19+00:00","breadcrumb":{"@id":"https:\/\/www.uilscuolaemiliaromagna.it\/public\/er\/2019\/05\/25\/precari-lazione-sindacale-ha-portato-il-risultato-atteso\/#breadcrumb"},"inLanguage":"it-IT","potentialAction":[{"@type":"ReadAction","target":["https:\/\/www.uilscuolaemiliaromagna.it\/public\/er\/2019\/05\/25\/precari-lazione-sindacale-ha-portato-il-risultato-atteso\/"]}]},{"@type":"BreadcrumbList","@id":"https:\/\/www.uilscuolaemiliaromagna.it\/public\/er\/2019\/05\/25\/precari-lazione-sindacale-ha-portato-il-risultato-atteso\/#breadcrumb","itemListElement":[{"@type":"ListItem","position":1,"name":"Home","item":"https:\/\/www.uilscuolaemiliaromagna.it\/public\/er\/"},{"@type":"ListItem","position":2,"name":"Precari: l\u2019azione sindacale ha portato il risultato atteso"}]},{"@type":"WebSite","@id":"https:\/\/www.uilscuolaemiliaromagna.it\/public\/er\/#website","url":"https:\/\/www.uilscuolaemiliaromagna.it\/public\/er\/","name":"Uil Scuola Emilia Romagna","description":"La voce libera della scuola","publisher":{"@id":"https:\/\/www.uilscuolaemiliaromagna.it\/public\/er\/#organization"},"potentialAction":[{"@type":"SearchAction","target":{"@type":"EntryPoint","urlTemplate":"https:\/\/www.uilscuolaemiliaromagna.it\/public\/er\/?s={search_term_string}"},"query-input":"required name=search_term_string"}],"inLanguage":"it-IT"},{"@type":"Organization","@id":"https:\/\/www.uilscuolaemiliaromagna.it\/public\/er\/#organization","name":"Uil Scuola Emilia Romagna","url":"https:\/\/www.uilscuolaemiliaromagna.it\/public\/er\/","logo":{"@type":"ImageObject","inLanguage":"it-IT","@id":"https:\/\/www.uilscuolaemiliaromagna.it\/public\/er\/#\/schema\/logo\/image\/","url":"https:\/\/www.uilscuolaemiliaromagna.it\/public\/er\/wp-content\/uploads\/2017\/04\/cropped-header.png","contentUrl":"https:\/\/www.uilscuolaemiliaromagna.it\/public\/er\/wp-content\/uploads\/2017\/04\/cropped-header.png","width":1000,"height":150,"caption":"Uil Scuola Emilia Romagna"},"image":{"@id":"https:\/\/www.uilscuolaemiliaromagna.it\/public\/er\/#\/schema\/logo\/image\/"}},{"@type":"Person","@id":"https:\/\/www.uilscuolaemiliaromagna.it\/public\/er\/#\/schema\/person\/f42878fd07a4b6ba2b7153d4fad5de5e","name":"admin","image":{"@type":"ImageObject","inLanguage":"it-IT","@id":"https:\/\/www.uilscuolaemiliaromagna.it\/public\/er\/#\/schema\/person\/image\/","url":"https:\/\/secure.gravatar.com\/avatar\/aebf815ae2f30ffdae8b8c247273d34c?s=96&d=mm&r=g","contentUrl":"https:\/\/secure.gravatar.com\/avatar\/aebf815ae2f30ffdae8b8c247273d34c?s=96&d=mm&r=g","caption":"admin"},"url":"https:\/\/www.uilscuolaemiliaromagna.it\/public\/er\/author\/admin\/"}]}},"views":928,"_links":{"self":[{"href":"https:\/\/www.uilscuolaemiliaromagna.it\/public\/er\/wp-json\/wp\/v2\/posts\/4597"}],"collection":[{"href":"https:\/\/www.uilscuolaemiliaromagna.it\/public\/er\/wp-json\/wp\/v2\/posts"}],"about":[{"href":"https:\/\/www.uilscuolaemiliaromagna.it\/public\/er\/wp-json\/wp\/v2\/types\/post"}],"author":[{"embeddable":true,"href":"https:\/\/www.uilscuolaemiliaromagna.it\/public\/er\/wp-json\/wp\/v2\/users\/1"}],"replies":[{"embeddable":true,"href":"https:\/\/www.uilscuolaemiliaromagna.it\/public\/er\/wp-json\/wp\/v2\/comments?post=4597"}],"version-history":[{"count":1,"href":"https:\/\/www.uilscuolaemiliaromagna.it\/public\/er\/wp-json\/wp\/v2\/posts\/4597\/revisions"}],"predecessor-version":[{"id":4598,"href":"https:\/\/www.uilscuolaemiliaromagna.it\/public\/er\/wp-json\/wp\/v2\/posts\/4597\/revisions\/4598"}],"wp:attachment":[{"href":"https:\/\/www.uilscuolaemiliaromagna.it\/public\/er\/wp-json\/wp\/v2\/media?parent=4597"}],"wp:term":[{"taxonomy":"category","embeddable":true,"href":"https:\/\/www.uilscuolaemiliaromagna.it\/public\/er\/wp-json\/wp\/v2\/categories?post=4597"},{"taxonomy":"post_tag","embeddable":true,"href":"https:\/\/www.uilscuolaemiliaromagna.it\/public\/er\/wp-json\/wp\/v2\/tags?post=4597"}],"curies":[{"name":"wp","href":"https:\/\/api.w.org\/{rel}","templated":true}]}}