{"id":4599,"date":"2019-05-29T19:39:49","date_gmt":"2019-05-29T17:39:49","guid":{"rendered":"http:\/\/www.uilscuolaemiliaromagna.it\/public\/er\/?p=4599"},"modified":"2019-05-30T13:41:34","modified_gmt":"2019-05-30T11:41:34","slug":"utilizzazioni-e-assegnazioni-provvisorie-vanno-trovate-soluzioni-anche-per-docenti-fit","status":"publish","type":"post","link":"https:\/\/www.uilscuolaemiliaromagna.it\/public\/er\/2019\/05\/29\/utilizzazioni-e-assegnazioni-provvisorie-vanno-trovate-soluzioni-anche-per-docenti-fit\/","title":{"rendered":"Utilizzazioni e assegnazioni provvisorie: vanno trovate soluzioni anche per docenti FIT"},"content":{"rendered":"<p style=\"text-align: justify;\"><strong>Per la Uil vanno assolutamente trovate soluzioni anche per i docenti ammessi al 3\u00b0anno del FIT<\/strong><\/p>\n<p style=\"text-align: justify;\">\nE\u2019 ripreso il confronto tra il MIUR e le organizzazioni sindacali per definire il CCNI sulle Utilizzazioni e Assegnazioni provvisorie relative all\u2019anno scolastico 2019\/20.<\/p>\n<p style=\"text-align: justify;\">\nIn apertura \u00e8 stato affrontato il problema dei docenti del terzo anno FIT. L\u2019amministrazione ha comunicato l\u2019impossibilit\u00e0 tecnica di procedere all\u2019assegnazione provvisoria per questo personale.<\/p>\n<p style=\"text-align: justify;\">\nLa UIL Scuola, come gi\u00e0 in sede di contrattazione sulla mobilit\u00e0, ha ribadito che il problema non \u00e8 tecnico ma politico e vanno superate tutte le contraddizioni e le criticit\u00e0 generate da una malaccorta gestione della fase concorsuale relative a questo personale.<\/p>\n<p style=\"text-align: justify;\">\nLa UIL ha rivendicato, preliminarmente, un percorso che consenta la possibilit\u00e0 per tutti i vincitori del concorso 2018, sia quelli individuati entro il 31 agosto 2018 che successivamente, di poter partecipare alle operazioni di assegnazione provvisoria.<\/p>\n<p style=\"text-align: justify;\">\nFermo restando la possibilit\u00e0 di accedere alla fase delle assegnazioni provvisorie, la UIL Scuola, ha inoltre chiesto che alla base di tale possibilit\u00e0 ci sia comunque da parte degli Uffici scolastici regionali la riconvocazione di tali docenti per consentire una puntuale modifica relativa all\u2019 eventuale miglioramento della sede e della provincia per sanare le inaccettabili disparit\u00e0 di trattamento causate dalla diversa tempistica della pubblicazione delle graduatorie dei vincitori.<\/p>\n<p style=\"text-align: justify;\">\nA seguito della nostra richiesta, l\u2019amministrazione ha preso l\u2019impegno ad affrontare le criticit\u00e0 legate alla gestione del concorso 2018 in uno specifico incontro che, ad avviso della UIL Scuola, \u00e8 necessario anche per evitare ingiuste assegnazioni di sede e prevenire un ulteriore raffica di contenziosi di cui la scuola non ha certamente bisogno.<\/p>\n<p style=\"text-align: justify;\">\nLa UIL Scuola ha chiesto inoltre che possano presentare domanda di assegnazione provvisoria, avendone i requisiti, anche i docenti che sono stati soddisfatti sulla mobilit\u00e0 interprovinciale e tra distretti sub-comunali per i comuni suddivisi in pi\u00f9 distretti.<\/p>\n<p style=\"text-align: justify;\">\nL\u2019amministrazione riguardo a quanto sopra esposto si \u00e8 riservata di fare un approfondimento.<\/p>\n<p style=\"text-align: justify;\">\nL\u2019incontro \u00e8 stato aggiornato al prossimo 4 giugno per approfondire ulteriormente i temi ancora in sospeso tra cui le conferme e le utilizzazioni sui licei musicali e le parti relative al personale ATA.<\/p>\n<p style=\"text-align: justify;\">\nPer la Uil scuola hanno partecipato Proietti, Panzieri e Pizzo.<\/p>\n\n<div class=\"twitter-share\"><a href=\"https:\/\/twitter.com\/intent\/tweet?via=UILScuolaBO_ER\" class=\"twitter-share-button\" data-size=\"large\">Tweet<\/a><\/div>\n","protected":false},"excerpt":{"rendered":"<p>Per la Uil vanno assolutamente trovate soluzioni anche per i docenti ammessi al 3\u00b0anno del FIT E\u2019 ripreso il confronto tra il MIUR e le &hellip; <\/p>\n","protected":false},"author":1,"featured_media":0,"comment_status":"closed","ping_status":"open","sticky":false,"template":"","format":"standard","meta":{"footnotes":""},"categories":[2,5,12,6],"tags":[],"yoast_head":"<!-- This site is optimized with the Yoast SEO plugin v21.7 - https:\/\/yoast.com\/wordpress\/plugins\/seo\/ -->\r\n<title>Utilizzazioni e assegnazioni provvisorie: vanno trovate soluzioni anche per docenti FIT - Uil Scuola Emilia Romagna<\/title>\r\n<meta name=\"robots\" content=\"index, follow, max-snippet:-1, max-image-preview:large, max-video-preview:-1\" \/>\r\n<link rel=\"canonical\" href=\"https:\/\/www.uilscuolaemiliaromagna.it\/public\/er\/2019\/05\/29\/utilizzazioni-e-assegnazioni-provvisorie-vanno-trovate-soluzioni-anche-per-docenti-fit\/\" \/>\r\n<meta property=\"og:locale\" content=\"it_IT\" \/>\r\n<meta property=\"og:type\" content=\"article\" \/>\r\n<meta property=\"og:title\" content=\"Utilizzazioni e assegnazioni provvisorie: vanno trovate soluzioni anche per docenti FIT - Uil Scuola Emilia Romagna\" \/>\r\n<meta property=\"og:description\" content=\"Per la Uil vanno assolutamente trovate soluzioni anche per i docenti ammessi al 3\u00b0anno del FIT E\u2019 ripreso il confronto tra il MIUR e le &hellip;\" \/>\r\n<meta property=\"og:url\" content=\"https:\/\/www.uilscuolaemiliaromagna.it\/public\/er\/2019\/05\/29\/utilizzazioni-e-assegnazioni-provvisorie-vanno-trovate-soluzioni-anche-per-docenti-fit\/\" \/>\r\n<meta property=\"og:site_name\" content=\"Uil Scuola Emilia Romagna\" \/>\r\n<meta property=\"article:published_time\" content=\"2019-05-29T17:39:49+00:00\" \/>\r\n<meta property=\"article:modified_time\" content=\"2019-05-30T11:41:34+00:00\" \/>\r\n<meta name=\"author\" content=\"admin\" \/>\r\n<meta name=\"twitter:card\" content=\"summary_large_image\" \/>\r\n<meta name=\"twitter:label1\" content=\"Scritto da\" \/>\n\t<meta name=\"twitter:data1\" content=\"admin\" \/>\n\t<meta name=\"twitter:label2\" content=\"Tempo di lettura stimato\" \/>\n\t<meta name=\"twitter:data2\" content=\"2 minuti\" \/>\r\n<script type=\"application\/ld+json\" class=\"yoast-schema-graph\">{\"@context\":\"https:\/\/schema.org\",\"@graph\":[{\"@type\":\"Article\",\"@id\":\"https:\/\/www.uilscuolaemiliaromagna.it\/public\/er\/2019\/05\/29\/utilizzazioni-e-assegnazioni-provvisorie-vanno-trovate-soluzioni-anche-per-docenti-fit\/#article\",\"isPartOf\":{\"@id\":\"https:\/\/www.uilscuolaemiliaromagna.it\/public\/er\/2019\/05\/29\/utilizzazioni-e-assegnazioni-provvisorie-vanno-trovate-soluzioni-anche-per-docenti-fit\/\"},\"author\":{\"name\":\"admin\",\"@id\":\"https:\/\/www.uilscuolaemiliaromagna.it\/public\/er\/#\/schema\/person\/f42878fd07a4b6ba2b7153d4fad5de5e\"},\"headline\":\"Utilizzazioni e assegnazioni provvisorie: vanno trovate soluzioni anche per docenti FIT\",\"datePublished\":\"2019-05-29T17:39:49+00:00\",\"dateModified\":\"2019-05-30T11:41:34+00:00\",\"mainEntityOfPage\":{\"@id\":\"https:\/\/www.uilscuolaemiliaromagna.it\/public\/er\/2019\/05\/29\/utilizzazioni-e-assegnazioni-provvisorie-vanno-trovate-soluzioni-anche-per-docenti-fit\/\"},\"wordCount\":365,\"publisher\":{\"@id\":\"https:\/\/www.uilscuolaemiliaromagna.it\/public\/er\/#organization\"},\"articleSection\":[\"ATA\",\"Mobilit\u00e0\",\"Notizie\",\"Personale Docente\"],\"inLanguage\":\"it-IT\"},{\"@type\":\"WebPage\",\"@id\":\"https:\/\/www.uilscuolaemiliaromagna.it\/public\/er\/2019\/05\/29\/utilizzazioni-e-assegnazioni-provvisorie-vanno-trovate-soluzioni-anche-per-docenti-fit\/\",\"url\":\"https:\/\/www.uilscuolaemiliaromagna.it\/public\/er\/2019\/05\/29\/utilizzazioni-e-assegnazioni-provvisorie-vanno-trovate-soluzioni-anche-per-docenti-fit\/\",\"name\":\"Utilizzazioni e assegnazioni provvisorie: vanno trovate soluzioni anche per docenti FIT - Uil Scuola Emilia Romagna\",\"isPartOf\":{\"@id\":\"https:\/\/www.uilscuolaemiliaromagna.it\/public\/er\/#website\"},\"datePublished\":\"2019-05-29T17:39:49+00:00\",\"dateModified\":\"2019-05-30T11:41:34+00:00\",\"breadcrumb\":{\"@id\":\"https:\/\/www.uilscuolaemiliaromagna.it\/public\/er\/2019\/05\/29\/utilizzazioni-e-assegnazioni-provvisorie-vanno-trovate-soluzioni-anche-per-docenti-fit\/#breadcrumb\"},\"inLanguage\":\"it-IT\",\"potentialAction\":[{\"@type\":\"ReadAction\",\"target\":[\"https:\/\/www.uilscuolaemiliaromagna.it\/public\/er\/2019\/05\/29\/utilizzazioni-e-assegnazioni-provvisorie-vanno-trovate-soluzioni-anche-per-docenti-fit\/\"]}]},{\"@type\":\"BreadcrumbList\",\"@id\":\"https:\/\/www.uilscuolaemiliaromagna.it\/public\/er\/2019\/05\/29\/utilizzazioni-e-assegnazioni-provvisorie-vanno-trovate-soluzioni-anche-per-docenti-fit\/#breadcrumb\",\"itemListElement\":[{\"@type\":\"ListItem\",\"position\":1,\"name\":\"Home\",\"item\":\"https:\/\/www.uilscuolaemiliaromagna.it\/public\/er\/\"},{\"@type\":\"ListItem\",\"position\":2,\"name\":\"Utilizzazioni e assegnazioni provvisorie: vanno trovate soluzioni anche per docenti FIT\"}]},{\"@type\":\"WebSite\",\"@id\":\"https:\/\/www.uilscuolaemiliaromagna.it\/public\/er\/#website\",\"url\":\"https:\/\/www.uilscuolaemiliaromagna.it\/public\/er\/\",\"name\":\"Uil Scuola Emilia Romagna\",\"description\":\"La voce libera della scuola\",\"publisher\":{\"@id\":\"https:\/\/www.uilscuolaemiliaromagna.it\/public\/er\/#organization\"},\"potentialAction\":[{\"@type\":\"SearchAction\",\"target\":{\"@type\":\"EntryPoint\",\"urlTemplate\":\"https:\/\/www.uilscuolaemiliaromagna.it\/public\/er\/?s={search_term_string}\"},\"query-input\":\"required name=search_term_string\"}],\"inLanguage\":\"it-IT\"},{\"@type\":\"Organization\",\"@id\":\"https:\/\/www.uilscuolaemiliaromagna.it\/public\/er\/#organization\",\"name\":\"Uil Scuola Emilia Romagna\",\"url\":\"https:\/\/www.uilscuolaemiliaromagna.it\/public\/er\/\",\"logo\":{\"@type\":\"ImageObject\",\"inLanguage\":\"it-IT\",\"@id\":\"https:\/\/www.uilscuolaemiliaromagna.it\/public\/er\/#\/schema\/logo\/image\/\",\"url\":\"https:\/\/www.uilscuolaemiliaromagna.it\/public\/er\/wp-content\/uploads\/2017\/04\/cropped-header.png\",\"contentUrl\":\"https:\/\/www.uilscuolaemiliaromagna.it\/public\/er\/wp-content\/uploads\/2017\/04\/cropped-header.png\",\"width\":1000,\"height\":150,\"caption\":\"Uil Scuola Emilia Romagna\"},\"image\":{\"@id\":\"https:\/\/www.uilscuolaemiliaromagna.it\/public\/er\/#\/schema\/logo\/image\/\"}},{\"@type\":\"Person\",\"@id\":\"https:\/\/www.uilscuolaemiliaromagna.it\/public\/er\/#\/schema\/person\/f42878fd07a4b6ba2b7153d4fad5de5e\",\"name\":\"admin\",\"image\":{\"@type\":\"ImageObject\",\"inLanguage\":\"it-IT\",\"@id\":\"https:\/\/www.uilscuolaemiliaromagna.it\/public\/er\/#\/schema\/person\/image\/\",\"url\":\"https:\/\/secure.gravatar.com\/avatar\/aebf815ae2f30ffdae8b8c247273d34c?s=96&d=mm&r=g\",\"contentUrl\":\"https:\/\/secure.gravatar.com\/avatar\/aebf815ae2f30ffdae8b8c247273d34c?s=96&d=mm&r=g\",\"caption\":\"admin\"},\"url\":\"https:\/\/www.uilscuolaemiliaromagna.it\/public\/er\/author\/admin\/\"}]}<\/script>\r\n<!-- \/ Yoast SEO plugin. -->","yoast_head_json":{"title":"Utilizzazioni e assegnazioni provvisorie: vanno trovate soluzioni anche per docenti FIT - Uil Scuola Emilia Romagna","robots":{"index":"index","follow":"follow","max-snippet":"max-snippet:-1","max-image-preview":"max-image-preview:large","max-video-preview":"max-video-preview:-1"},"canonical":"https:\/\/www.uilscuolaemiliaromagna.it\/public\/er\/2019\/05\/29\/utilizzazioni-e-assegnazioni-provvisorie-vanno-trovate-soluzioni-anche-per-docenti-fit\/","og_locale":"it_IT","og_type":"article","og_title":"Utilizzazioni e assegnazioni provvisorie: vanno trovate soluzioni anche per docenti FIT - Uil Scuola Emilia Romagna","og_description":"Per la Uil vanno assolutamente trovate soluzioni anche per i docenti ammessi al 3\u00b0anno del FIT E\u2019 ripreso il confronto tra il MIUR e le &hellip;","og_url":"https:\/\/www.uilscuolaemiliaromagna.it\/public\/er\/2019\/05\/29\/utilizzazioni-e-assegnazioni-provvisorie-vanno-trovate-soluzioni-anche-per-docenti-fit\/","og_site_name":"Uil Scuola Emilia Romagna","article_published_time":"2019-05-29T17:39:49+00:00","article_modified_time":"2019-05-30T11:41:34+00:00","author":"admin","twitter_card":"summary_large_image","twitter_misc":{"Scritto da":"admin","Tempo di lettura stimato":"2 minuti"},"schema":{"@context":"https:\/\/schema.org","@graph":[{"@type":"Article","@id":"https:\/\/www.uilscuolaemiliaromagna.it\/public\/er\/2019\/05\/29\/utilizzazioni-e-assegnazioni-provvisorie-vanno-trovate-soluzioni-anche-per-docenti-fit\/#article","isPartOf":{"@id":"https:\/\/www.uilscuolaemiliaromagna.it\/public\/er\/2019\/05\/29\/utilizzazioni-e-assegnazioni-provvisorie-vanno-trovate-soluzioni-anche-per-docenti-fit\/"},"author":{"name":"admin","@id":"https:\/\/www.uilscuolaemiliaromagna.it\/public\/er\/#\/schema\/person\/f42878fd07a4b6ba2b7153d4fad5de5e"},"headline":"Utilizzazioni e assegnazioni provvisorie: vanno trovate soluzioni anche per docenti FIT","datePublished":"2019-05-29T17:39:49+00:00","dateModified":"2019-05-30T11:41:34+00:00","mainEntityOfPage":{"@id":"https:\/\/www.uilscuolaemiliaromagna.it\/public\/er\/2019\/05\/29\/utilizzazioni-e-assegnazioni-provvisorie-vanno-trovate-soluzioni-anche-per-docenti-fit\/"},"wordCount":365,"publisher":{"@id":"https:\/\/www.uilscuolaemiliaromagna.it\/public\/er\/#organization"},"articleSection":["ATA","Mobilit\u00e0","Notizie","Personale Docente"],"inLanguage":"it-IT"},{"@type":"WebPage","@id":"https:\/\/www.uilscuolaemiliaromagna.it\/public\/er\/2019\/05\/29\/utilizzazioni-e-assegnazioni-provvisorie-vanno-trovate-soluzioni-anche-per-docenti-fit\/","url":"https:\/\/www.uilscuolaemiliaromagna.it\/public\/er\/2019\/05\/29\/utilizzazioni-e-assegnazioni-provvisorie-vanno-trovate-soluzioni-anche-per-docenti-fit\/","name":"Utilizzazioni e assegnazioni provvisorie: vanno trovate soluzioni anche per docenti FIT - Uil Scuola Emilia Romagna","isPartOf":{"@id":"https:\/\/www.uilscuolaemiliaromagna.it\/public\/er\/#website"},"datePublished":"2019-05-29T17:39:49+00:00","dateModified":"2019-05-30T11:41:34+00:00","breadcrumb":{"@id":"https:\/\/www.uilscuolaemiliaromagna.it\/public\/er\/2019\/05\/29\/utilizzazioni-e-assegnazioni-provvisorie-vanno-trovate-soluzioni-anche-per-docenti-fit\/#breadcrumb"},"inLanguage":"it-IT","potentialAction":[{"@type":"ReadAction","target":["https:\/\/www.uilscuolaemiliaromagna.it\/public\/er\/2019\/05\/29\/utilizzazioni-e-assegnazioni-provvisorie-vanno-trovate-soluzioni-anche-per-docenti-fit\/"]}]},{"@type":"BreadcrumbList","@id":"https:\/\/www.uilscuolaemiliaromagna.it\/public\/er\/2019\/05\/29\/utilizzazioni-e-assegnazioni-provvisorie-vanno-trovate-soluzioni-anche-per-docenti-fit\/#breadcrumb","itemListElement":[{"@type":"ListItem","position":1,"name":"Home","item":"https:\/\/www.uilscuolaemiliaromagna.it\/public\/er\/"},{"@type":"ListItem","position":2,"name":"Utilizzazioni e assegnazioni provvisorie: vanno trovate soluzioni anche per docenti FIT"}]},{"@type":"WebSite","@id":"https:\/\/www.uilscuolaemiliaromagna.it\/public\/er\/#website","url":"https:\/\/www.uilscuolaemiliaromagna.it\/public\/er\/","name":"Uil Scuola Emilia Romagna","description":"La voce libera della scuola","publisher":{"@id":"https:\/\/www.uilscuolaemiliaromagna.it\/public\/er\/#organization"},"potentialAction":[{"@type":"SearchAction","target":{"@type":"EntryPoint","urlTemplate":"https:\/\/www.uilscuolaemiliaromagna.it\/public\/er\/?s={search_term_string}"},"query-input":"required name=search_term_string"}],"inLanguage":"it-IT"},{"@type":"Organization","@id":"https:\/\/www.uilscuolaemiliaromagna.it\/public\/er\/#organization","name":"Uil Scuola Emilia Romagna","url":"https:\/\/www.uilscuolaemiliaromagna.it\/public\/er\/","logo":{"@type":"ImageObject","inLanguage":"it-IT","@id":"https:\/\/www.uilscuolaemiliaromagna.it\/public\/er\/#\/schema\/logo\/image\/","url":"https:\/\/www.uilscuolaemiliaromagna.it\/public\/er\/wp-content\/uploads\/2017\/04\/cropped-header.png","contentUrl":"https:\/\/www.uilscuolaemiliaromagna.it\/public\/er\/wp-content\/uploads\/2017\/04\/cropped-header.png","width":1000,"height":150,"caption":"Uil Scuola Emilia Romagna"},"image":{"@id":"https:\/\/www.uilscuolaemiliaromagna.it\/public\/er\/#\/schema\/logo\/image\/"}},{"@type":"Person","@id":"https:\/\/www.uilscuolaemiliaromagna.it\/public\/er\/#\/schema\/person\/f42878fd07a4b6ba2b7153d4fad5de5e","name":"admin","image":{"@type":"ImageObject","inLanguage":"it-IT","@id":"https:\/\/www.uilscuolaemiliaromagna.it\/public\/er\/#\/schema\/person\/image\/","url":"https:\/\/secure.gravatar.com\/avatar\/aebf815ae2f30ffdae8b8c247273d34c?s=96&d=mm&r=g","contentUrl":"https:\/\/secure.gravatar.com\/avatar\/aebf815ae2f30ffdae8b8c247273d34c?s=96&d=mm&r=g","caption":"admin"},"url":"https:\/\/www.uilscuolaemiliaromagna.it\/public\/er\/author\/admin\/"}]}},"views":970,"_links":{"self":[{"href":"https:\/\/www.uilscuolaemiliaromagna.it\/public\/er\/wp-json\/wp\/v2\/posts\/4599"}],"collection":[{"href":"https:\/\/www.uilscuolaemiliaromagna.it\/public\/er\/wp-json\/wp\/v2\/posts"}],"about":[{"href":"https:\/\/www.uilscuolaemiliaromagna.it\/public\/er\/wp-json\/wp\/v2\/types\/post"}],"author":[{"embeddable":true,"href":"https:\/\/www.uilscuolaemiliaromagna.it\/public\/er\/wp-json\/wp\/v2\/users\/1"}],"replies":[{"embeddable":true,"href":"https:\/\/www.uilscuolaemiliaromagna.it\/public\/er\/wp-json\/wp\/v2\/comments?post=4599"}],"version-history":[{"count":1,"href":"https:\/\/www.uilscuolaemiliaromagna.it\/public\/er\/wp-json\/wp\/v2\/posts\/4599\/revisions"}],"predecessor-version":[{"id":4600,"href":"https:\/\/www.uilscuolaemiliaromagna.it\/public\/er\/wp-json\/wp\/v2\/posts\/4599\/revisions\/4600"}],"wp:attachment":[{"href":"https:\/\/www.uilscuolaemiliaromagna.it\/public\/er\/wp-json\/wp\/v2\/media?parent=4599"}],"wp:term":[{"taxonomy":"category","embeddable":true,"href":"https:\/\/www.uilscuolaemiliaromagna.it\/public\/er\/wp-json\/wp\/v2\/categories?post=4599"},{"taxonomy":"post_tag","embeddable":true,"href":"https:\/\/www.uilscuolaemiliaromagna.it\/public\/er\/wp-json\/wp\/v2\/tags?post=4599"}],"curies":[{"name":"wp","href":"https:\/\/api.w.org\/{rel}","templated":true}]}}