{"id":4682,"date":"2019-06-25T19:59:45","date_gmt":"2019-06-25T17:59:45","guid":{"rendered":"http:\/\/www.uilscuolaemiliaromagna.it\/public\/er\/?p=4682"},"modified":"2019-06-26T15:00:31","modified_gmt":"2019-06-26T13:00:31","slug":"turi-vuoi-vedere-che-il-testo-base-della-lega-e-laccordo-del-pd-di-gentiloni-dove-finisce-la-centralita-del-parlamento","status":"publish","type":"post","link":"https:\/\/www.uilscuolaemiliaromagna.it\/public\/er\/2019\/06\/25\/turi-vuoi-vedere-che-il-testo-base-della-lega-e-laccordo-del-pd-di-gentiloni-dove-finisce-la-centralita-del-parlamento\/","title":{"rendered":"Turi: vuoi vedere che il testo base della Lega \u00e8 l\u2019accordo del Pd di Gentiloni. Dove finisce la centralit\u00e0 del Parlamento?"},"content":{"rendered":"<blockquote>\n<p style=\"text-align: justify;\"><em><strong>Autonomia differenziata: se ne discute nel vertice di maggioranza in vista del Cdm di domani<\/strong><\/em><br \/>\n<em><strong>UIL: La scuola deve essere sfilata da ogni ipotesi di regionalizzazione.<br \/>\nTroppe contraddizioni e sospetti in un progetto sbagliato che crea dissensi, divide e disgrega la Comunit\u00e0.<\/strong><\/em><\/p>\n<\/blockquote>\n<p style=\"text-align: justify;\">Nel vertice di maggioranza convocato per stasera si discuter\u00e0 anche di autonomia differenziata \u2013 annota il segretario generale della Uil Scuola, Pino Turi.<br \/>\nUna delle ipotesi annunciate \u00e8 quella di inviare al Consiglio dei Ministri di domani, l\u2019accordo sottoscritto dal governo Gentiloni con le regioni di Lombardia, Veneto ed Emilia Romagna.<br \/>\nSarebbe questo il \u00abtesto base\u00bb annunciato nel pomeriggio dal ministro dell\u2019Interno, Salvini.<br \/>\nEmergono contraddizioni e sospetti che fanno pensare ad un utilizzo di questa procedura per continuare una campagna elettorale, mai interrotta \u2013 sostiene Turi.<\/p>\n<p style=\"text-align: justify;\">Non c\u2019\u00e8 accordo tra Lega e M5s. Se si adotta l\u2019accordo tra le regioni ed il Governo precedente, senza voler considerare che in questo anno di governo, il tema si \u00e8 dimostrato divisivo non solo nel merito, ma anche per un procedimento, che adotta una modalit\u00e0 nella quale l\u2019accordo del Governo con le tre regioni andrebbe a bypassare il Parlamento, che a quel punto, sarebbe chiamato alla ratifica come se si trattasse di un accordo internazionale o trattato tra stato e confessioni religiose.<\/p>\n<p style=\"text-align: justify;\">Si rischia di demolire l\u2019unit\u00e0 del paese \u2013 ammonisce il segretario Uil Scuola \u2013 in maniera subdola ed opaca, senza avere il coraggio di aprire un dibattito in grado di sentire se gli italiani \u2013 e non solo una parte di essi \u2013 sono d\u2019accordo. In questi mesi, sono state raccolte centinaia di migliaia di firme contro ogni ipotesi di regionalizzazione del sistema scolastico nazionale.<\/p>\n<p style=\"text-align: justify;\">Il dissenso su questo tema \u00e8 ampio: l\u2019ultimo esempio in ordine di tempo viene dalla manifestazione di sabato a Reggio Calabria. Migliaia di lavoratori hanno manifestato contro questo proposito di riforma che interviene a gamba tesa sui principi costituzionali.<\/p>\n<p style=\"text-align: justify;\">In questi mesi, in ogni occasione, i sindacati della scuola hanno evidenziato limiti ed errori di una scelta che andrebbe ad operare un controllo politico dell\u2019istruzione da parte delle Giunte regionali.<br \/>\nSi avrebbe di fatto una privatizzazione surrettizia del settore, al pari di ci\u00f2 che \u00e8 avvenuto nella sanit\u00e0: pubbliche le risorse, aumentate a dismisura, privati i profitti delle strutture convenzionate, tutto a scapito del personale che in questi anni ha pagato le conseguenze; \u00e8 il modello che si vuole imporre anche alla scuola, con l\u2019aggravante di minare alle fondamenta l\u2019unit\u00e0 culturale del paese che, inevitabilmente intaccherebbe anche quella istituzionale.<\/p>\n<p style=\"text-align: justify;\">Il movimento sindacale, anche negli anni bui del terrorismo, ha garantito democrazia e l\u2019unit\u00e0 del Paese stringendosi intorno alle istituzioni volute dalla Costituzione. Con lo stesso piglio sar\u00e0 in campo anche questa volta, per contrastare questa strategia di divisione, con ogni strumento democratico \u2013 mette in evidenza Turi \u2013 contando anche sulle Istituzioni di Garanzia di questo Paese, che coinvolgeremo in una battaglia di civilt\u00e0 e di progresso, di tutela dei diritti universali della persona, come quello ad un\u2019istruzione laica e plurale.<\/p>\n\n<div class=\"twitter-share\"><a href=\"https:\/\/twitter.com\/intent\/tweet?via=UILScuolaBO_ER\" class=\"twitter-share-button\" data-size=\"large\">Tweet<\/a><\/div>\n","protected":false},"excerpt":{"rendered":"<p>Autonomia differenziata: se ne discute nel vertice di maggioranza in vista del Cdm di domani UIL: La scuola deve essere sfilata da ogni ipotesi di &hellip; <\/p>\n","protected":false},"author":1,"featured_media":0,"comment_status":"closed","ping_status":"open","sticky":false,"template":"","format":"standard","meta":{"footnotes":""},"categories":[12],"tags":[],"yoast_head":"<!-- This site is optimized with the Yoast SEO plugin v21.7 - https:\/\/yoast.com\/wordpress\/plugins\/seo\/ -->\r\n<title>Turi: vuoi vedere che il testo base della Lega \u00e8 l\u2019accordo del Pd di Gentiloni. Dove finisce la centralit\u00e0 del Parlamento? - Uil Scuola Emilia Romagna<\/title>\r\n<meta name=\"robots\" content=\"index, follow, max-snippet:-1, max-image-preview:large, max-video-preview:-1\" \/>\r\n<link rel=\"canonical\" href=\"https:\/\/www.uilscuolaemiliaromagna.it\/public\/er\/2019\/06\/25\/turi-vuoi-vedere-che-il-testo-base-della-lega-e-laccordo-del-pd-di-gentiloni-dove-finisce-la-centralita-del-parlamento\/\" \/>\r\n<meta property=\"og:locale\" content=\"it_IT\" \/>\r\n<meta property=\"og:type\" content=\"article\" \/>\r\n<meta property=\"og:title\" content=\"Turi: vuoi vedere che il testo base della Lega \u00e8 l\u2019accordo del Pd di Gentiloni. Dove finisce la centralit\u00e0 del Parlamento? - Uil Scuola Emilia Romagna\" \/>\r\n<meta property=\"og:description\" content=\"Autonomia differenziata: se ne discute nel vertice di maggioranza in vista del Cdm di domani UIL: La scuola deve essere sfilata da ogni ipotesi di &hellip;\" \/>\r\n<meta property=\"og:url\" content=\"https:\/\/www.uilscuolaemiliaromagna.it\/public\/er\/2019\/06\/25\/turi-vuoi-vedere-che-il-testo-base-della-lega-e-laccordo-del-pd-di-gentiloni-dove-finisce-la-centralita-del-parlamento\/\" \/>\r\n<meta property=\"og:site_name\" content=\"Uil Scuola Emilia Romagna\" \/>\r\n<meta property=\"article:published_time\" content=\"2019-06-25T17:59:45+00:00\" \/>\r\n<meta property=\"article:modified_time\" content=\"2019-06-26T13:00:31+00:00\" \/>\r\n<meta name=\"author\" content=\"admin\" \/>\r\n<meta name=\"twitter:card\" content=\"summary_large_image\" \/>\r\n<meta name=\"twitter:label1\" content=\"Scritto da\" \/>\n\t<meta name=\"twitter:data1\" content=\"admin\" \/>\n\t<meta name=\"twitter:label2\" content=\"Tempo di lettura stimato\" \/>\n\t<meta name=\"twitter:data2\" content=\"2 minuti\" \/>\r\n<script type=\"application\/ld+json\" class=\"yoast-schema-graph\">{\"@context\":\"https:\/\/schema.org\",\"@graph\":[{\"@type\":\"Article\",\"@id\":\"https:\/\/www.uilscuolaemiliaromagna.it\/public\/er\/2019\/06\/25\/turi-vuoi-vedere-che-il-testo-base-della-lega-e-laccordo-del-pd-di-gentiloni-dove-finisce-la-centralita-del-parlamento\/#article\",\"isPartOf\":{\"@id\":\"https:\/\/www.uilscuolaemiliaromagna.it\/public\/er\/2019\/06\/25\/turi-vuoi-vedere-che-il-testo-base-della-lega-e-laccordo-del-pd-di-gentiloni-dove-finisce-la-centralita-del-parlamento\/\"},\"author\":{\"name\":\"admin\",\"@id\":\"https:\/\/www.uilscuolaemiliaromagna.it\/public\/er\/#\/schema\/person\/f42878fd07a4b6ba2b7153d4fad5de5e\"},\"headline\":\"Turi: vuoi vedere che il testo base della Lega \u00e8 l\u2019accordo del Pd di Gentiloni. Dove finisce la centralit\u00e0 del Parlamento?\",\"datePublished\":\"2019-06-25T17:59:45+00:00\",\"dateModified\":\"2019-06-26T13:00:31+00:00\",\"mainEntityOfPage\":{\"@id\":\"https:\/\/www.uilscuolaemiliaromagna.it\/public\/er\/2019\/06\/25\/turi-vuoi-vedere-che-il-testo-base-della-lega-e-laccordo-del-pd-di-gentiloni-dove-finisce-la-centralita-del-parlamento\/\"},\"wordCount\":518,\"publisher\":{\"@id\":\"https:\/\/www.uilscuolaemiliaromagna.it\/public\/er\/#organization\"},\"articleSection\":[\"Notizie\"],\"inLanguage\":\"it-IT\"},{\"@type\":\"WebPage\",\"@id\":\"https:\/\/www.uilscuolaemiliaromagna.it\/public\/er\/2019\/06\/25\/turi-vuoi-vedere-che-il-testo-base-della-lega-e-laccordo-del-pd-di-gentiloni-dove-finisce-la-centralita-del-parlamento\/\",\"url\":\"https:\/\/www.uilscuolaemiliaromagna.it\/public\/er\/2019\/06\/25\/turi-vuoi-vedere-che-il-testo-base-della-lega-e-laccordo-del-pd-di-gentiloni-dove-finisce-la-centralita-del-parlamento\/\",\"name\":\"Turi: vuoi vedere che il testo base della Lega \u00e8 l\u2019accordo del Pd di Gentiloni. Dove finisce la centralit\u00e0 del Parlamento? - Uil Scuola Emilia Romagna\",\"isPartOf\":{\"@id\":\"https:\/\/www.uilscuolaemiliaromagna.it\/public\/er\/#website\"},\"datePublished\":\"2019-06-25T17:59:45+00:00\",\"dateModified\":\"2019-06-26T13:00:31+00:00\",\"breadcrumb\":{\"@id\":\"https:\/\/www.uilscuolaemiliaromagna.it\/public\/er\/2019\/06\/25\/turi-vuoi-vedere-che-il-testo-base-della-lega-e-laccordo-del-pd-di-gentiloni-dove-finisce-la-centralita-del-parlamento\/#breadcrumb\"},\"inLanguage\":\"it-IT\",\"potentialAction\":[{\"@type\":\"ReadAction\",\"target\":[\"https:\/\/www.uilscuolaemiliaromagna.it\/public\/er\/2019\/06\/25\/turi-vuoi-vedere-che-il-testo-base-della-lega-e-laccordo-del-pd-di-gentiloni-dove-finisce-la-centralita-del-parlamento\/\"]}]},{\"@type\":\"BreadcrumbList\",\"@id\":\"https:\/\/www.uilscuolaemiliaromagna.it\/public\/er\/2019\/06\/25\/turi-vuoi-vedere-che-il-testo-base-della-lega-e-laccordo-del-pd-di-gentiloni-dove-finisce-la-centralita-del-parlamento\/#breadcrumb\",\"itemListElement\":[{\"@type\":\"ListItem\",\"position\":1,\"name\":\"Home\",\"item\":\"https:\/\/www.uilscuolaemiliaromagna.it\/public\/er\/\"},{\"@type\":\"ListItem\",\"position\":2,\"name\":\"Turi: vuoi vedere che il testo base della Lega \u00e8 l\u2019accordo del Pd di Gentiloni. Dove finisce la centralit\u00e0 del Parlamento?\"}]},{\"@type\":\"WebSite\",\"@id\":\"https:\/\/www.uilscuolaemiliaromagna.it\/public\/er\/#website\",\"url\":\"https:\/\/www.uilscuolaemiliaromagna.it\/public\/er\/\",\"name\":\"Uil Scuola Emilia Romagna\",\"description\":\"La voce libera della scuola\",\"publisher\":{\"@id\":\"https:\/\/www.uilscuolaemiliaromagna.it\/public\/er\/#organization\"},\"potentialAction\":[{\"@type\":\"SearchAction\",\"target\":{\"@type\":\"EntryPoint\",\"urlTemplate\":\"https:\/\/www.uilscuolaemiliaromagna.it\/public\/er\/?s={search_term_string}\"},\"query-input\":\"required name=search_term_string\"}],\"inLanguage\":\"it-IT\"},{\"@type\":\"Organization\",\"@id\":\"https:\/\/www.uilscuolaemiliaromagna.it\/public\/er\/#organization\",\"name\":\"Uil Scuola Emilia Romagna\",\"url\":\"https:\/\/www.uilscuolaemiliaromagna.it\/public\/er\/\",\"logo\":{\"@type\":\"ImageObject\",\"inLanguage\":\"it-IT\",\"@id\":\"https:\/\/www.uilscuolaemiliaromagna.it\/public\/er\/#\/schema\/logo\/image\/\",\"url\":\"https:\/\/www.uilscuolaemiliaromagna.it\/public\/er\/wp-content\/uploads\/2017\/04\/cropped-header.png\",\"contentUrl\":\"https:\/\/www.uilscuolaemiliaromagna.it\/public\/er\/wp-content\/uploads\/2017\/04\/cropped-header.png\",\"width\":1000,\"height\":150,\"caption\":\"Uil Scuola Emilia Romagna\"},\"image\":{\"@id\":\"https:\/\/www.uilscuolaemiliaromagna.it\/public\/er\/#\/schema\/logo\/image\/\"}},{\"@type\":\"Person\",\"@id\":\"https:\/\/www.uilscuolaemiliaromagna.it\/public\/er\/#\/schema\/person\/f42878fd07a4b6ba2b7153d4fad5de5e\",\"name\":\"admin\",\"image\":{\"@type\":\"ImageObject\",\"inLanguage\":\"it-IT\",\"@id\":\"https:\/\/www.uilscuolaemiliaromagna.it\/public\/er\/#\/schema\/person\/image\/\",\"url\":\"https:\/\/secure.gravatar.com\/avatar\/aebf815ae2f30ffdae8b8c247273d34c?s=96&d=mm&r=g\",\"contentUrl\":\"https:\/\/secure.gravatar.com\/avatar\/aebf815ae2f30ffdae8b8c247273d34c?s=96&d=mm&r=g\",\"caption\":\"admin\"},\"url\":\"https:\/\/www.uilscuolaemiliaromagna.it\/public\/er\/author\/admin\/\"}]}<\/script>\r\n<!-- \/ Yoast SEO plugin. -->","yoast_head_json":{"title":"Turi: vuoi vedere che il testo base della Lega \u00e8 l\u2019accordo del Pd di Gentiloni. Dove finisce la centralit\u00e0 del Parlamento? - Uil Scuola Emilia Romagna","robots":{"index":"index","follow":"follow","max-snippet":"max-snippet:-1","max-image-preview":"max-image-preview:large","max-video-preview":"max-video-preview:-1"},"canonical":"https:\/\/www.uilscuolaemiliaromagna.it\/public\/er\/2019\/06\/25\/turi-vuoi-vedere-che-il-testo-base-della-lega-e-laccordo-del-pd-di-gentiloni-dove-finisce-la-centralita-del-parlamento\/","og_locale":"it_IT","og_type":"article","og_title":"Turi: vuoi vedere che il testo base della Lega \u00e8 l\u2019accordo del Pd di Gentiloni. Dove finisce la centralit\u00e0 del Parlamento? - Uil Scuola Emilia Romagna","og_description":"Autonomia differenziata: se ne discute nel vertice di maggioranza in vista del Cdm di domani UIL: La scuola deve essere sfilata da ogni ipotesi di &hellip;","og_url":"https:\/\/www.uilscuolaemiliaromagna.it\/public\/er\/2019\/06\/25\/turi-vuoi-vedere-che-il-testo-base-della-lega-e-laccordo-del-pd-di-gentiloni-dove-finisce-la-centralita-del-parlamento\/","og_site_name":"Uil Scuola Emilia Romagna","article_published_time":"2019-06-25T17:59:45+00:00","article_modified_time":"2019-06-26T13:00:31+00:00","author":"admin","twitter_card":"summary_large_image","twitter_misc":{"Scritto da":"admin","Tempo di lettura stimato":"2 minuti"},"schema":{"@context":"https:\/\/schema.org","@graph":[{"@type":"Article","@id":"https:\/\/www.uilscuolaemiliaromagna.it\/public\/er\/2019\/06\/25\/turi-vuoi-vedere-che-il-testo-base-della-lega-e-laccordo-del-pd-di-gentiloni-dove-finisce-la-centralita-del-parlamento\/#article","isPartOf":{"@id":"https:\/\/www.uilscuolaemiliaromagna.it\/public\/er\/2019\/06\/25\/turi-vuoi-vedere-che-il-testo-base-della-lega-e-laccordo-del-pd-di-gentiloni-dove-finisce-la-centralita-del-parlamento\/"},"author":{"name":"admin","@id":"https:\/\/www.uilscuolaemiliaromagna.it\/public\/er\/#\/schema\/person\/f42878fd07a4b6ba2b7153d4fad5de5e"},"headline":"Turi: vuoi vedere che il testo base della Lega \u00e8 l\u2019accordo del Pd di Gentiloni. Dove finisce la centralit\u00e0 del Parlamento?","datePublished":"2019-06-25T17:59:45+00:00","dateModified":"2019-06-26T13:00:31+00:00","mainEntityOfPage":{"@id":"https:\/\/www.uilscuolaemiliaromagna.it\/public\/er\/2019\/06\/25\/turi-vuoi-vedere-che-il-testo-base-della-lega-e-laccordo-del-pd-di-gentiloni-dove-finisce-la-centralita-del-parlamento\/"},"wordCount":518,"publisher":{"@id":"https:\/\/www.uilscuolaemiliaromagna.it\/public\/er\/#organization"},"articleSection":["Notizie"],"inLanguage":"it-IT"},{"@type":"WebPage","@id":"https:\/\/www.uilscuolaemiliaromagna.it\/public\/er\/2019\/06\/25\/turi-vuoi-vedere-che-il-testo-base-della-lega-e-laccordo-del-pd-di-gentiloni-dove-finisce-la-centralita-del-parlamento\/","url":"https:\/\/www.uilscuolaemiliaromagna.it\/public\/er\/2019\/06\/25\/turi-vuoi-vedere-che-il-testo-base-della-lega-e-laccordo-del-pd-di-gentiloni-dove-finisce-la-centralita-del-parlamento\/","name":"Turi: vuoi vedere che il testo base della Lega \u00e8 l\u2019accordo del Pd di Gentiloni. Dove finisce la centralit\u00e0 del Parlamento? - Uil Scuola Emilia Romagna","isPartOf":{"@id":"https:\/\/www.uilscuolaemiliaromagna.it\/public\/er\/#website"},"datePublished":"2019-06-25T17:59:45+00:00","dateModified":"2019-06-26T13:00:31+00:00","breadcrumb":{"@id":"https:\/\/www.uilscuolaemiliaromagna.it\/public\/er\/2019\/06\/25\/turi-vuoi-vedere-che-il-testo-base-della-lega-e-laccordo-del-pd-di-gentiloni-dove-finisce-la-centralita-del-parlamento\/#breadcrumb"},"inLanguage":"it-IT","potentialAction":[{"@type":"ReadAction","target":["https:\/\/www.uilscuolaemiliaromagna.it\/public\/er\/2019\/06\/25\/turi-vuoi-vedere-che-il-testo-base-della-lega-e-laccordo-del-pd-di-gentiloni-dove-finisce-la-centralita-del-parlamento\/"]}]},{"@type":"BreadcrumbList","@id":"https:\/\/www.uilscuolaemiliaromagna.it\/public\/er\/2019\/06\/25\/turi-vuoi-vedere-che-il-testo-base-della-lega-e-laccordo-del-pd-di-gentiloni-dove-finisce-la-centralita-del-parlamento\/#breadcrumb","itemListElement":[{"@type":"ListItem","position":1,"name":"Home","item":"https:\/\/www.uilscuolaemiliaromagna.it\/public\/er\/"},{"@type":"ListItem","position":2,"name":"Turi: vuoi vedere che il testo base della Lega \u00e8 l\u2019accordo del Pd di Gentiloni. Dove finisce la centralit\u00e0 del Parlamento?"}]},{"@type":"WebSite","@id":"https:\/\/www.uilscuolaemiliaromagna.it\/public\/er\/#website","url":"https:\/\/www.uilscuolaemiliaromagna.it\/public\/er\/","name":"Uil Scuola Emilia Romagna","description":"La voce libera della scuola","publisher":{"@id":"https:\/\/www.uilscuolaemiliaromagna.it\/public\/er\/#organization"},"potentialAction":[{"@type":"SearchAction","target":{"@type":"EntryPoint","urlTemplate":"https:\/\/www.uilscuolaemiliaromagna.it\/public\/er\/?s={search_term_string}"},"query-input":"required name=search_term_string"}],"inLanguage":"it-IT"},{"@type":"Organization","@id":"https:\/\/www.uilscuolaemiliaromagna.it\/public\/er\/#organization","name":"Uil Scuola Emilia Romagna","url":"https:\/\/www.uilscuolaemiliaromagna.it\/public\/er\/","logo":{"@type":"ImageObject","inLanguage":"it-IT","@id":"https:\/\/www.uilscuolaemiliaromagna.it\/public\/er\/#\/schema\/logo\/image\/","url":"https:\/\/www.uilscuolaemiliaromagna.it\/public\/er\/wp-content\/uploads\/2017\/04\/cropped-header.png","contentUrl":"https:\/\/www.uilscuolaemiliaromagna.it\/public\/er\/wp-content\/uploads\/2017\/04\/cropped-header.png","width":1000,"height":150,"caption":"Uil Scuola Emilia Romagna"},"image":{"@id":"https:\/\/www.uilscuolaemiliaromagna.it\/public\/er\/#\/schema\/logo\/image\/"}},{"@type":"Person","@id":"https:\/\/www.uilscuolaemiliaromagna.it\/public\/er\/#\/schema\/person\/f42878fd07a4b6ba2b7153d4fad5de5e","name":"admin","image":{"@type":"ImageObject","inLanguage":"it-IT","@id":"https:\/\/www.uilscuolaemiliaromagna.it\/public\/er\/#\/schema\/person\/image\/","url":"https:\/\/secure.gravatar.com\/avatar\/aebf815ae2f30ffdae8b8c247273d34c?s=96&d=mm&r=g","contentUrl":"https:\/\/secure.gravatar.com\/avatar\/aebf815ae2f30ffdae8b8c247273d34c?s=96&d=mm&r=g","caption":"admin"},"url":"https:\/\/www.uilscuolaemiliaromagna.it\/public\/er\/author\/admin\/"}]}},"views":731,"_links":{"self":[{"href":"https:\/\/www.uilscuolaemiliaromagna.it\/public\/er\/wp-json\/wp\/v2\/posts\/4682"}],"collection":[{"href":"https:\/\/www.uilscuolaemiliaromagna.it\/public\/er\/wp-json\/wp\/v2\/posts"}],"about":[{"href":"https:\/\/www.uilscuolaemiliaromagna.it\/public\/er\/wp-json\/wp\/v2\/types\/post"}],"author":[{"embeddable":true,"href":"https:\/\/www.uilscuolaemiliaromagna.it\/public\/er\/wp-json\/wp\/v2\/users\/1"}],"replies":[{"embeddable":true,"href":"https:\/\/www.uilscuolaemiliaromagna.it\/public\/er\/wp-json\/wp\/v2\/comments?post=4682"}],"version-history":[{"count":1,"href":"https:\/\/www.uilscuolaemiliaromagna.it\/public\/er\/wp-json\/wp\/v2\/posts\/4682\/revisions"}],"predecessor-version":[{"id":4683,"href":"https:\/\/www.uilscuolaemiliaromagna.it\/public\/er\/wp-json\/wp\/v2\/posts\/4682\/revisions\/4683"}],"wp:attachment":[{"href":"https:\/\/www.uilscuolaemiliaromagna.it\/public\/er\/wp-json\/wp\/v2\/media?parent=4682"}],"wp:term":[{"taxonomy":"category","embeddable":true,"href":"https:\/\/www.uilscuolaemiliaromagna.it\/public\/er\/wp-json\/wp\/v2\/categories?post=4682"},{"taxonomy":"post_tag","embeddable":true,"href":"https:\/\/www.uilscuolaemiliaromagna.it\/public\/er\/wp-json\/wp\/v2\/tags?post=4682"}],"curies":[{"name":"wp","href":"https:\/\/api.w.org\/{rel}","templated":true}]}}