{"id":4689,"date":"2019-06-28T19:19:28","date_gmt":"2019-06-28T17:19:28","guid":{"rendered":"http:\/\/www.uilscuolaemiliaromagna.it\/public\/er\/?p=4689"},"modified":"2019-07-01T11:25:02","modified_gmt":"2019-07-01T09:25:02","slug":"utilizzazioni-e-assegnazioni-201922-firmato-il-contratto-2","status":"publish","type":"post","link":"https:\/\/www.uilscuolaemiliaromagna.it\/public\/er\/2019\/06\/28\/utilizzazioni-e-assegnazioni-201922-firmato-il-contratto-2\/","title":{"rendered":"Utilizzazioni e assegnazioni 2019\/22: firmato il contratto"},"content":{"rendered":"<blockquote><p><strong><em>Passano le proposte UIL: i docenti FIT possono presentare domanda<\/em><\/strong><\/p><\/blockquote>\n<p style=\"text-align: justify;\">Si \u00e8 concluso con la firma dell\u2019ipotesi di contratto il confronto tra le organizzazioni sindacali e l\u2019amministrazione sulle utilizzazioni e assegnazioni provvisorie per il triennio 2019\/22. Per la Uil scuola hanno partecipato Pasquale Proietti, Antonello Lacchei, Mauro Panzieri e Paolo Pizzo.<\/p>\n<p style=\"text-align: justify;\"><strong>Docenti FIT<br \/>\n<\/strong>Come rivendicato dalla UIL Scuola fin dal primo incontro, anche per i docenti FIT la cui graduatoria \u00e8 stata pubblicata entro il 31 agosto 2018, \u00a0sar\u00e0 consentito presentare domanda di assegnazione provvisoria, sia provinciale che interprovinciale.<br \/>\nPer quanto riguarda i docenti individuati dalle graduatorie pubblicate successivamente a tale data, non ricompresi nelle scelte precedenti, le organizzazioni sindacali attraverso una nota congiunta hanno\u00a0rivendicato un impegno dell\u2019amministrazione per consentire agli Uffici Scolastici Regionali di apportare modifiche puntuali rispetto a situazioni di criticit\u00e0 rappresentate dagli interessati e fare in modo che detto personale non ricada nei vincoli del blocco quinquennale previsto dalla legge di stabilit\u00e0.<br \/>\nSi concretizza cos\u00ec l\u2019impegno assunto dalla UIL Scuola per questo personale.<\/p>\n<p style=\"text-align: justify;\"><strong>Le altre novit\u00e0<br \/>\n<\/strong>Come gi\u00e0 anticipato nei report precedenti saranno ripristinate le preferenze del comune e del distretto cos\u00ec come gi\u00e0 previsto per i trasferimenti.<br \/>\n\u00c8 stata accolta la richiesta della Uil Scuola che rende possibile presentare domanda di assegnazione provvisoria anche dai docenti che sono stati soddisfatti nella mobilit\u00e0 interprovinciale nella provincia di ricongiungimento, eliminando quindi un ulteriore vincolo rispetto all\u2019anno scolastico precedente.<br \/>\nRipristinata la possibilit\u00e0 di partecipare alla mobilit\u00e0 annuale, anche tra distretti sub-comunali per i docenti beneficiari di una delle precedenze previste dall\u2019art. 8 del Contratto.<br \/>\nConfermata la possibilit\u00e0 di presentare domanda di assegnazione provvisoria interprovinciale su posti di sostegno al personale privo di titolo ma che stia per concludere il corso di specializzazione o che abbia almeno un anno di servizio su posto di sostegno.<br \/>\nRelativamente ai licei musicali, l\u2019accordo prevede che l\u2019art. 6 bis, relativo alla gestione delle utilizzazioni per le nuove classi di concorso resti in vigore solo per il prossimo anno scolastico. Dopodich\u00e9 perder\u00e0 di efficacia e anche per queste classi di concorso si applicheranno le norme generali del presente contratto. Su questo aspetto la UIL ha presentato una specifica nota a verbale di contrariet\u00e0.<\/p>\n<p style=\"text-align: justify;\"><strong>Personale ATA<br \/>\n<\/strong>Per il personale ATA non ci sono sostanziali novit\u00e0. Il testo ricalca quello degli anni precedenti, tranne in alcune parti, come per esempio l\u2019espressione delle preferenze per ottenere le precedenze per cui \u00e8 stato necessario adeguarlo a ci\u00f2 che \u00e8 stato previsto per i docenti.<br \/>\nLe date di scadenza per la presentazione delle domande verranno fissate con successiva circolare.<\/p>\n<blockquote>\n<p style=\"text-align: justify;\"><em><strong>Con la sottoscrizione di questo contratto abbiamo affermato l\u2019importanza della contrattazione, che ha mostrato la possibilit\u00e0 di operare modifiche legislative e contrastare prassi burocratiche che, a volte \u2013 come nel caso della lunga ed estenuante trattativa odierna \u2013 tendevano ad indebolire diritti ed aspettative dei lavoratori che, invece, abbiamo condizionato con un\u2019azione determinata, coesa, trasparente e chiara.<\/strong><\/em><br \/>\n<em><strong>Scelte, non certo facili e scontate, che riconoscono la fruizione di quei diritti, che solo il contratto sottoscritto poteva consentire.<\/strong><\/em><\/p>\n<p>&nbsp;<\/p><\/blockquote>\n<hr \/>\n<p style=\"text-align: justify;\"><em>Innovazione didattica e digitale nelle scuole \u2013\u00a0<\/em><em>Selezione docenti<br \/>\n<\/em>A margine dell\u2019incontro la Dott.ssa Montesarchio ha illustrato quanto previsto dalla L. 145\/2018 che, allo scopo di promuovere misure e progetti di innovazione didattica e digitale nelle scuole, negli anni scolastici 2019\/2020 e 2020\/2021, prevede la selezionare di 120 docenti che, esonerati dal servizio, andranno a costituire \u00e9quipe territoriali formative, per garantire la diffusione di azioni legate al Piano per la scuola digitale, promuovere azioni di formazione del personale docente potenziare le competenze degli studenti sulle metodologie didattiche innovative.<\/p>\n<ul>\n<li><a href=\"https:\/\/www.uilscuolaemiliaromagna.it\/public\/er\/wp-content\/uploads\/2019\/07\/SCHEDA-UIL-SCUOLA-Assegnazioni-e-utilizzi-2019.22-s.pdf\" target=\"_blank\" rel=\"noopener\">la scheda di dettaglio della UIL SCUOLA<\/a><\/li>\n<li><a href=\"https:\/\/www.uilscuolaemiliaromagna.it\/public\/er\/wp-content\/uploads\/2019\/07\/NOTA-A-VERBALE-LICEI-MUSICALI-Federazione-UIL-scuola-RUA-2.pdf\" target=\"_blank\" rel=\"noopener\">nota a verbale licei musicali<\/a><\/li>\n<\/ul>\n\n<div class=\"twitter-share\"><a href=\"https:\/\/twitter.com\/intent\/tweet?via=UILScuolaBO_ER\" class=\"twitter-share-button\" data-size=\"large\">Tweet<\/a><\/div>\n","protected":false},"excerpt":{"rendered":"<p>Passano le proposte UIL: i docenti FIT possono presentare domanda Si \u00e8 concluso con la firma dell\u2019ipotesi di contratto il confronto tra le organizzazioni sindacali &hellip; <\/p>\n","protected":false},"author":1,"featured_media":0,"comment_status":"closed","ping_status":"open","sticky":false,"template":"","format":"standard","meta":{"footnotes":""},"categories":[2,5,12,6,7],"tags":[],"yoast_head":"<!-- This site is optimized with the Yoast SEO plugin v21.7 - https:\/\/yoast.com\/wordpress\/plugins\/seo\/ -->\r\n<title>Utilizzazioni e assegnazioni 2019\/22: firmato il contratto - Uil Scuola Emilia Romagna<\/title>\r\n<meta name=\"robots\" content=\"index, follow, max-snippet:-1, max-image-preview:large, max-video-preview:-1\" \/>\r\n<link rel=\"canonical\" href=\"https:\/\/www.uilscuolaemiliaromagna.it\/public\/er\/2019\/06\/28\/utilizzazioni-e-assegnazioni-201922-firmato-il-contratto-2\/\" \/>\r\n<meta property=\"og:locale\" content=\"it_IT\" \/>\r\n<meta property=\"og:type\" content=\"article\" \/>\r\n<meta property=\"og:title\" content=\"Utilizzazioni e assegnazioni 2019\/22: firmato il contratto - Uil Scuola Emilia Romagna\" \/>\r\n<meta property=\"og:description\" content=\"Passano le proposte UIL: i docenti FIT possono presentare domanda Si \u00e8 concluso con la firma dell\u2019ipotesi di contratto il confronto tra le organizzazioni sindacali &hellip;\" \/>\r\n<meta property=\"og:url\" content=\"https:\/\/www.uilscuolaemiliaromagna.it\/public\/er\/2019\/06\/28\/utilizzazioni-e-assegnazioni-201922-firmato-il-contratto-2\/\" \/>\r\n<meta property=\"og:site_name\" content=\"Uil Scuola Emilia Romagna\" \/>\r\n<meta property=\"article:published_time\" content=\"2019-06-28T17:19:28+00:00\" \/>\r\n<meta property=\"article:modified_time\" content=\"2019-07-01T09:25:02+00:00\" \/>\r\n<meta name=\"author\" content=\"admin\" \/>\r\n<meta name=\"twitter:card\" content=\"summary_large_image\" \/>\r\n<meta name=\"twitter:label1\" content=\"Scritto da\" \/>\n\t<meta name=\"twitter:data1\" content=\"admin\" \/>\n\t<meta name=\"twitter:label2\" content=\"Tempo di lettura stimato\" \/>\n\t<meta name=\"twitter:data2\" content=\"3 minuti\" \/>\r\n<script type=\"application\/ld+json\" class=\"yoast-schema-graph\">{\"@context\":\"https:\/\/schema.org\",\"@graph\":[{\"@type\":\"Article\",\"@id\":\"https:\/\/www.uilscuolaemiliaromagna.it\/public\/er\/2019\/06\/28\/utilizzazioni-e-assegnazioni-201922-firmato-il-contratto-2\/#article\",\"isPartOf\":{\"@id\":\"https:\/\/www.uilscuolaemiliaromagna.it\/public\/er\/2019\/06\/28\/utilizzazioni-e-assegnazioni-201922-firmato-il-contratto-2\/\"},\"author\":{\"name\":\"admin\",\"@id\":\"https:\/\/www.uilscuolaemiliaromagna.it\/public\/er\/#\/schema\/person\/f42878fd07a4b6ba2b7153d4fad5de5e\"},\"headline\":\"Utilizzazioni e assegnazioni 2019\/22: firmato il contratto\",\"datePublished\":\"2019-06-28T17:19:28+00:00\",\"dateModified\":\"2019-07-01T09:25:02+00:00\",\"mainEntityOfPage\":{\"@id\":\"https:\/\/www.uilscuolaemiliaromagna.it\/public\/er\/2019\/06\/28\/utilizzazioni-e-assegnazioni-201922-firmato-il-contratto-2\/\"},\"wordCount\":600,\"publisher\":{\"@id\":\"https:\/\/www.uilscuolaemiliaromagna.it\/public\/er\/#organization\"},\"articleSection\":[\"ATA\",\"Mobilit\u00e0\",\"Notizie\",\"Personale Docente\",\"Personale Educativo\"],\"inLanguage\":\"it-IT\"},{\"@type\":\"WebPage\",\"@id\":\"https:\/\/www.uilscuolaemiliaromagna.it\/public\/er\/2019\/06\/28\/utilizzazioni-e-assegnazioni-201922-firmato-il-contratto-2\/\",\"url\":\"https:\/\/www.uilscuolaemiliaromagna.it\/public\/er\/2019\/06\/28\/utilizzazioni-e-assegnazioni-201922-firmato-il-contratto-2\/\",\"name\":\"Utilizzazioni e assegnazioni 2019\/22: firmato il contratto - Uil Scuola Emilia Romagna\",\"isPartOf\":{\"@id\":\"https:\/\/www.uilscuolaemiliaromagna.it\/public\/er\/#website\"},\"datePublished\":\"2019-06-28T17:19:28+00:00\",\"dateModified\":\"2019-07-01T09:25:02+00:00\",\"breadcrumb\":{\"@id\":\"https:\/\/www.uilscuolaemiliaromagna.it\/public\/er\/2019\/06\/28\/utilizzazioni-e-assegnazioni-201922-firmato-il-contratto-2\/#breadcrumb\"},\"inLanguage\":\"it-IT\",\"potentialAction\":[{\"@type\":\"ReadAction\",\"target\":[\"https:\/\/www.uilscuolaemiliaromagna.it\/public\/er\/2019\/06\/28\/utilizzazioni-e-assegnazioni-201922-firmato-il-contratto-2\/\"]}]},{\"@type\":\"BreadcrumbList\",\"@id\":\"https:\/\/www.uilscuolaemiliaromagna.it\/public\/er\/2019\/06\/28\/utilizzazioni-e-assegnazioni-201922-firmato-il-contratto-2\/#breadcrumb\",\"itemListElement\":[{\"@type\":\"ListItem\",\"position\":1,\"name\":\"Home\",\"item\":\"https:\/\/www.uilscuolaemiliaromagna.it\/public\/er\/\"},{\"@type\":\"ListItem\",\"position\":2,\"name\":\"Utilizzazioni e assegnazioni 2019\/22: firmato il contratto\"}]},{\"@type\":\"WebSite\",\"@id\":\"https:\/\/www.uilscuolaemiliaromagna.it\/public\/er\/#website\",\"url\":\"https:\/\/www.uilscuolaemiliaromagna.it\/public\/er\/\",\"name\":\"Uil Scuola Emilia Romagna\",\"description\":\"La voce libera della scuola\",\"publisher\":{\"@id\":\"https:\/\/www.uilscuolaemiliaromagna.it\/public\/er\/#organization\"},\"potentialAction\":[{\"@type\":\"SearchAction\",\"target\":{\"@type\":\"EntryPoint\",\"urlTemplate\":\"https:\/\/www.uilscuolaemiliaromagna.it\/public\/er\/?s={search_term_string}\"},\"query-input\":\"required name=search_term_string\"}],\"inLanguage\":\"it-IT\"},{\"@type\":\"Organization\",\"@id\":\"https:\/\/www.uilscuolaemiliaromagna.it\/public\/er\/#organization\",\"name\":\"Uil Scuola Emilia Romagna\",\"url\":\"https:\/\/www.uilscuolaemiliaromagna.it\/public\/er\/\",\"logo\":{\"@type\":\"ImageObject\",\"inLanguage\":\"it-IT\",\"@id\":\"https:\/\/www.uilscuolaemiliaromagna.it\/public\/er\/#\/schema\/logo\/image\/\",\"url\":\"https:\/\/www.uilscuolaemiliaromagna.it\/public\/er\/wp-content\/uploads\/2017\/04\/cropped-header.png\",\"contentUrl\":\"https:\/\/www.uilscuolaemiliaromagna.it\/public\/er\/wp-content\/uploads\/2017\/04\/cropped-header.png\",\"width\":1000,\"height\":150,\"caption\":\"Uil Scuola Emilia Romagna\"},\"image\":{\"@id\":\"https:\/\/www.uilscuolaemiliaromagna.it\/public\/er\/#\/schema\/logo\/image\/\"}},{\"@type\":\"Person\",\"@id\":\"https:\/\/www.uilscuolaemiliaromagna.it\/public\/er\/#\/schema\/person\/f42878fd07a4b6ba2b7153d4fad5de5e\",\"name\":\"admin\",\"image\":{\"@type\":\"ImageObject\",\"inLanguage\":\"it-IT\",\"@id\":\"https:\/\/www.uilscuolaemiliaromagna.it\/public\/er\/#\/schema\/person\/image\/\",\"url\":\"https:\/\/secure.gravatar.com\/avatar\/aebf815ae2f30ffdae8b8c247273d34c?s=96&d=mm&r=g\",\"contentUrl\":\"https:\/\/secure.gravatar.com\/avatar\/aebf815ae2f30ffdae8b8c247273d34c?s=96&d=mm&r=g\",\"caption\":\"admin\"},\"url\":\"https:\/\/www.uilscuolaemiliaromagna.it\/public\/er\/author\/admin\/\"}]}<\/script>\r\n<!-- \/ Yoast SEO plugin. -->","yoast_head_json":{"title":"Utilizzazioni e assegnazioni 2019\/22: firmato il contratto - Uil Scuola Emilia Romagna","robots":{"index":"index","follow":"follow","max-snippet":"max-snippet:-1","max-image-preview":"max-image-preview:large","max-video-preview":"max-video-preview:-1"},"canonical":"https:\/\/www.uilscuolaemiliaromagna.it\/public\/er\/2019\/06\/28\/utilizzazioni-e-assegnazioni-201922-firmato-il-contratto-2\/","og_locale":"it_IT","og_type":"article","og_title":"Utilizzazioni e assegnazioni 2019\/22: firmato il contratto - Uil Scuola Emilia Romagna","og_description":"Passano le proposte UIL: i docenti FIT possono presentare domanda Si \u00e8 concluso con la firma dell\u2019ipotesi di contratto il confronto tra le organizzazioni sindacali &hellip;","og_url":"https:\/\/www.uilscuolaemiliaromagna.it\/public\/er\/2019\/06\/28\/utilizzazioni-e-assegnazioni-201922-firmato-il-contratto-2\/","og_site_name":"Uil Scuola Emilia Romagna","article_published_time":"2019-06-28T17:19:28+00:00","article_modified_time":"2019-07-01T09:25:02+00:00","author":"admin","twitter_card":"summary_large_image","twitter_misc":{"Scritto da":"admin","Tempo di lettura stimato":"3 minuti"},"schema":{"@context":"https:\/\/schema.org","@graph":[{"@type":"Article","@id":"https:\/\/www.uilscuolaemiliaromagna.it\/public\/er\/2019\/06\/28\/utilizzazioni-e-assegnazioni-201922-firmato-il-contratto-2\/#article","isPartOf":{"@id":"https:\/\/www.uilscuolaemiliaromagna.it\/public\/er\/2019\/06\/28\/utilizzazioni-e-assegnazioni-201922-firmato-il-contratto-2\/"},"author":{"name":"admin","@id":"https:\/\/www.uilscuolaemiliaromagna.it\/public\/er\/#\/schema\/person\/f42878fd07a4b6ba2b7153d4fad5de5e"},"headline":"Utilizzazioni e assegnazioni 2019\/22: firmato il contratto","datePublished":"2019-06-28T17:19:28+00:00","dateModified":"2019-07-01T09:25:02+00:00","mainEntityOfPage":{"@id":"https:\/\/www.uilscuolaemiliaromagna.it\/public\/er\/2019\/06\/28\/utilizzazioni-e-assegnazioni-201922-firmato-il-contratto-2\/"},"wordCount":600,"publisher":{"@id":"https:\/\/www.uilscuolaemiliaromagna.it\/public\/er\/#organization"},"articleSection":["ATA","Mobilit\u00e0","Notizie","Personale Docente","Personale Educativo"],"inLanguage":"it-IT"},{"@type":"WebPage","@id":"https:\/\/www.uilscuolaemiliaromagna.it\/public\/er\/2019\/06\/28\/utilizzazioni-e-assegnazioni-201922-firmato-il-contratto-2\/","url":"https:\/\/www.uilscuolaemiliaromagna.it\/public\/er\/2019\/06\/28\/utilizzazioni-e-assegnazioni-201922-firmato-il-contratto-2\/","name":"Utilizzazioni e assegnazioni 2019\/22: firmato il contratto - Uil Scuola Emilia Romagna","isPartOf":{"@id":"https:\/\/www.uilscuolaemiliaromagna.it\/public\/er\/#website"},"datePublished":"2019-06-28T17:19:28+00:00","dateModified":"2019-07-01T09:25:02+00:00","breadcrumb":{"@id":"https:\/\/www.uilscuolaemiliaromagna.it\/public\/er\/2019\/06\/28\/utilizzazioni-e-assegnazioni-201922-firmato-il-contratto-2\/#breadcrumb"},"inLanguage":"it-IT","potentialAction":[{"@type":"ReadAction","target":["https:\/\/www.uilscuolaemiliaromagna.it\/public\/er\/2019\/06\/28\/utilizzazioni-e-assegnazioni-201922-firmato-il-contratto-2\/"]}]},{"@type":"BreadcrumbList","@id":"https:\/\/www.uilscuolaemiliaromagna.it\/public\/er\/2019\/06\/28\/utilizzazioni-e-assegnazioni-201922-firmato-il-contratto-2\/#breadcrumb","itemListElement":[{"@type":"ListItem","position":1,"name":"Home","item":"https:\/\/www.uilscuolaemiliaromagna.it\/public\/er\/"},{"@type":"ListItem","position":2,"name":"Utilizzazioni e assegnazioni 2019\/22: firmato il contratto"}]},{"@type":"WebSite","@id":"https:\/\/www.uilscuolaemiliaromagna.it\/public\/er\/#website","url":"https:\/\/www.uilscuolaemiliaromagna.it\/public\/er\/","name":"Uil Scuola Emilia Romagna","description":"La voce libera della scuola","publisher":{"@id":"https:\/\/www.uilscuolaemiliaromagna.it\/public\/er\/#organization"},"potentialAction":[{"@type":"SearchAction","target":{"@type":"EntryPoint","urlTemplate":"https:\/\/www.uilscuolaemiliaromagna.it\/public\/er\/?s={search_term_string}"},"query-input":"required name=search_term_string"}],"inLanguage":"it-IT"},{"@type":"Organization","@id":"https:\/\/www.uilscuolaemiliaromagna.it\/public\/er\/#organization","name":"Uil Scuola Emilia Romagna","url":"https:\/\/www.uilscuolaemiliaromagna.it\/public\/er\/","logo":{"@type":"ImageObject","inLanguage":"it-IT","@id":"https:\/\/www.uilscuolaemiliaromagna.it\/public\/er\/#\/schema\/logo\/image\/","url":"https:\/\/www.uilscuolaemiliaromagna.it\/public\/er\/wp-content\/uploads\/2017\/04\/cropped-header.png","contentUrl":"https:\/\/www.uilscuolaemiliaromagna.it\/public\/er\/wp-content\/uploads\/2017\/04\/cropped-header.png","width":1000,"height":150,"caption":"Uil Scuola Emilia Romagna"},"image":{"@id":"https:\/\/www.uilscuolaemiliaromagna.it\/public\/er\/#\/schema\/logo\/image\/"}},{"@type":"Person","@id":"https:\/\/www.uilscuolaemiliaromagna.it\/public\/er\/#\/schema\/person\/f42878fd07a4b6ba2b7153d4fad5de5e","name":"admin","image":{"@type":"ImageObject","inLanguage":"it-IT","@id":"https:\/\/www.uilscuolaemiliaromagna.it\/public\/er\/#\/schema\/person\/image\/","url":"https:\/\/secure.gravatar.com\/avatar\/aebf815ae2f30ffdae8b8c247273d34c?s=96&d=mm&r=g","contentUrl":"https:\/\/secure.gravatar.com\/avatar\/aebf815ae2f30ffdae8b8c247273d34c?s=96&d=mm&r=g","caption":"admin"},"url":"https:\/\/www.uilscuolaemiliaromagna.it\/public\/er\/author\/admin\/"}]}},"views":784,"_links":{"self":[{"href":"https:\/\/www.uilscuolaemiliaromagna.it\/public\/er\/wp-json\/wp\/v2\/posts\/4689"}],"collection":[{"href":"https:\/\/www.uilscuolaemiliaromagna.it\/public\/er\/wp-json\/wp\/v2\/posts"}],"about":[{"href":"https:\/\/www.uilscuolaemiliaromagna.it\/public\/er\/wp-json\/wp\/v2\/types\/post"}],"author":[{"embeddable":true,"href":"https:\/\/www.uilscuolaemiliaromagna.it\/public\/er\/wp-json\/wp\/v2\/users\/1"}],"replies":[{"embeddable":true,"href":"https:\/\/www.uilscuolaemiliaromagna.it\/public\/er\/wp-json\/wp\/v2\/comments?post=4689"}],"version-history":[{"count":1,"href":"https:\/\/www.uilscuolaemiliaromagna.it\/public\/er\/wp-json\/wp\/v2\/posts\/4689\/revisions"}],"predecessor-version":[{"id":4692,"href":"https:\/\/www.uilscuolaemiliaromagna.it\/public\/er\/wp-json\/wp\/v2\/posts\/4689\/revisions\/4692"}],"wp:attachment":[{"href":"https:\/\/www.uilscuolaemiliaromagna.it\/public\/er\/wp-json\/wp\/v2\/media?parent=4689"}],"wp:term":[{"taxonomy":"category","embeddable":true,"href":"https:\/\/www.uilscuolaemiliaromagna.it\/public\/er\/wp-json\/wp\/v2\/categories?post=4689"},{"taxonomy":"post_tag","embeddable":true,"href":"https:\/\/www.uilscuolaemiliaromagna.it\/public\/er\/wp-json\/wp\/v2\/tags?post=4689"}],"curies":[{"name":"wp","href":"https:\/\/api.w.org\/{rel}","templated":true}]}}