{"id":4743,"date":"2019-07-12T18:39:51","date_gmt":"2019-07-12T16:39:51","guid":{"rendered":"http:\/\/www.uilscuolaemiliaromagna.it\/public\/er\/?p=4743"},"modified":"2019-07-15T14:42:23","modified_gmt":"2019-07-15T12:42:23","slug":"concorso-dirigenti-consiglio-di-stato-sospende-la-sentenza-del-tar","status":"publish","type":"post","link":"https:\/\/www.uilscuolaemiliaromagna.it\/public\/er\/2019\/07\/12\/concorso-dirigenti-consiglio-di-stato-sospende-la-sentenza-del-tar\/","title":{"rendered":"Concorso dirigenti: Consiglio di Stato sospende la sentenza del Tar"},"content":{"rendered":"<p style=\"text-align: justify;\">Il Consiglio di Stato, senza entrare nel merito delle ragioni sottese ed indicate nella sentenza del Tar, sospende la sentenza ritenendo preminente l\u2019interesse pubblico .<\/p>\n<p style=\"text-align: justify;\">\nTutto verr\u00e0 discusso nella udienza gi\u00e0 fissata nel merito ove verranno trattati ed analizzati tutti i motivi di presunta illegittimit\u00e0 indicati nei ricorsi.<\/p>\n<p style=\"text-align: justify;\">\nPu\u00f2 andare avanti il concorso per il reclutamento di 2.050 dirigenti scolastici annullato dal Tar del Lazio. Il via libera arriva dal Consiglio di Stato che ha accolto il ricorso del Miur.<\/p>\n<p style=\"text-align: justify;\">\nLa decisione del Tar del 2 luglio scorso aveva accolto il ricorso di alcuni candidati per incompatibilit\u00e0 di tre componenti delle sottocommissioni incaricate della valutazione delle prove scritte. Le ordinanze consentono ora al Miur di espletare la prova orale e completare il reclutamento.<\/p>\n<ul>\n<li><a href=\"https:\/\/www.uilscuolaemiliaromagna.it\/public\/er\/wp-content\/uploads\/2019\/07\/ord.-3514.pdf\" target=\"_blank\" rel=\"noopener\">IL TESTO DELL&#8217;ORDINANZA<\/a><\/li>\n<\/ul>\n\n<div class=\"twitter-share\"><a href=\"https:\/\/twitter.com\/intent\/tweet?via=UILScuolaBO_ER\" class=\"twitter-share-button\" data-size=\"large\">Tweet<\/a><\/div>\n","protected":false},"excerpt":{"rendered":"<p>Il Consiglio di Stato, senza entrare nel merito delle ragioni sottese ed indicate nella sentenza del Tar, sospende la sentenza ritenendo preminente l\u2019interesse pubblico . &hellip; <\/p>\n","protected":false},"author":1,"featured_media":0,"comment_status":"closed","ping_status":"open","sticky":false,"template":"","format":"standard","meta":{"footnotes":""},"categories":[12,6],"tags":[],"yoast_head":"<!-- This site is optimized with the Yoast SEO plugin v21.7 - https:\/\/yoast.com\/wordpress\/plugins\/seo\/ -->\r\n<title>Concorso dirigenti: Consiglio di Stato sospende la sentenza del Tar - Uil Scuola Emilia Romagna<\/title>\r\n<meta name=\"robots\" content=\"index, follow, max-snippet:-1, max-image-preview:large, max-video-preview:-1\" \/>\r\n<link rel=\"canonical\" href=\"https:\/\/www.uilscuolaemiliaromagna.it\/public\/er\/2019\/07\/12\/concorso-dirigenti-consiglio-di-stato-sospende-la-sentenza-del-tar\/\" \/>\r\n<meta property=\"og:locale\" content=\"it_IT\" \/>\r\n<meta property=\"og:type\" content=\"article\" \/>\r\n<meta property=\"og:title\" content=\"Concorso dirigenti: Consiglio di Stato sospende la sentenza del Tar - Uil Scuola Emilia Romagna\" \/>\r\n<meta property=\"og:description\" content=\"Il Consiglio di Stato, senza entrare nel merito delle ragioni sottese ed indicate nella sentenza del Tar, sospende la sentenza ritenendo preminente l\u2019interesse pubblico . &hellip;\" \/>\r\n<meta property=\"og:url\" content=\"https:\/\/www.uilscuolaemiliaromagna.it\/public\/er\/2019\/07\/12\/concorso-dirigenti-consiglio-di-stato-sospende-la-sentenza-del-tar\/\" \/>\r\n<meta property=\"og:site_name\" content=\"Uil Scuola Emilia Romagna\" \/>\r\n<meta property=\"article:published_time\" content=\"2019-07-12T16:39:51+00:00\" \/>\r\n<meta property=\"article:modified_time\" content=\"2019-07-15T12:42:23+00:00\" \/>\r\n<meta name=\"author\" content=\"admin\" \/>\r\n<meta name=\"twitter:card\" content=\"summary_large_image\" \/>\r\n<meta name=\"twitter:label1\" content=\"Scritto da\" \/>\n\t<meta name=\"twitter:data1\" content=\"admin\" \/>\n\t<meta name=\"twitter:label2\" content=\"Tempo di lettura stimato\" \/>\n\t<meta name=\"twitter:data2\" content=\"1 minuto\" \/>\r\n<script type=\"application\/ld+json\" class=\"yoast-schema-graph\">{\"@context\":\"https:\/\/schema.org\",\"@graph\":[{\"@type\":\"Article\",\"@id\":\"https:\/\/www.uilscuolaemiliaromagna.it\/public\/er\/2019\/07\/12\/concorso-dirigenti-consiglio-di-stato-sospende-la-sentenza-del-tar\/#article\",\"isPartOf\":{\"@id\":\"https:\/\/www.uilscuolaemiliaromagna.it\/public\/er\/2019\/07\/12\/concorso-dirigenti-consiglio-di-stato-sospende-la-sentenza-del-tar\/\"},\"author\":{\"name\":\"admin\",\"@id\":\"https:\/\/www.uilscuolaemiliaromagna.it\/public\/er\/#\/schema\/person\/f42878fd07a4b6ba2b7153d4fad5de5e\"},\"headline\":\"Concorso dirigenti: Consiglio di Stato sospende la sentenza del Tar\",\"datePublished\":\"2019-07-12T16:39:51+00:00\",\"dateModified\":\"2019-07-15T12:42:23+00:00\",\"mainEntityOfPage\":{\"@id\":\"https:\/\/www.uilscuolaemiliaromagna.it\/public\/er\/2019\/07\/12\/concorso-dirigenti-consiglio-di-stato-sospende-la-sentenza-del-tar\/\"},\"wordCount\":134,\"publisher\":{\"@id\":\"https:\/\/www.uilscuolaemiliaromagna.it\/public\/er\/#organization\"},\"articleSection\":[\"Notizie\",\"Personale Docente\"],\"inLanguage\":\"it-IT\"},{\"@type\":\"WebPage\",\"@id\":\"https:\/\/www.uilscuolaemiliaromagna.it\/public\/er\/2019\/07\/12\/concorso-dirigenti-consiglio-di-stato-sospende-la-sentenza-del-tar\/\",\"url\":\"https:\/\/www.uilscuolaemiliaromagna.it\/public\/er\/2019\/07\/12\/concorso-dirigenti-consiglio-di-stato-sospende-la-sentenza-del-tar\/\",\"name\":\"Concorso dirigenti: Consiglio di Stato sospende la sentenza del Tar - Uil Scuola Emilia Romagna\",\"isPartOf\":{\"@id\":\"https:\/\/www.uilscuolaemiliaromagna.it\/public\/er\/#website\"},\"datePublished\":\"2019-07-12T16:39:51+00:00\",\"dateModified\":\"2019-07-15T12:42:23+00:00\",\"breadcrumb\":{\"@id\":\"https:\/\/www.uilscuolaemiliaromagna.it\/public\/er\/2019\/07\/12\/concorso-dirigenti-consiglio-di-stato-sospende-la-sentenza-del-tar\/#breadcrumb\"},\"inLanguage\":\"it-IT\",\"potentialAction\":[{\"@type\":\"ReadAction\",\"target\":[\"https:\/\/www.uilscuolaemiliaromagna.it\/public\/er\/2019\/07\/12\/concorso-dirigenti-consiglio-di-stato-sospende-la-sentenza-del-tar\/\"]}]},{\"@type\":\"BreadcrumbList\",\"@id\":\"https:\/\/www.uilscuolaemiliaromagna.it\/public\/er\/2019\/07\/12\/concorso-dirigenti-consiglio-di-stato-sospende-la-sentenza-del-tar\/#breadcrumb\",\"itemListElement\":[{\"@type\":\"ListItem\",\"position\":1,\"name\":\"Home\",\"item\":\"https:\/\/www.uilscuolaemiliaromagna.it\/public\/er\/\"},{\"@type\":\"ListItem\",\"position\":2,\"name\":\"Concorso dirigenti: Consiglio di Stato sospende la sentenza del Tar\"}]},{\"@type\":\"WebSite\",\"@id\":\"https:\/\/www.uilscuolaemiliaromagna.it\/public\/er\/#website\",\"url\":\"https:\/\/www.uilscuolaemiliaromagna.it\/public\/er\/\",\"name\":\"Uil Scuola Emilia Romagna\",\"description\":\"La voce libera della scuola\",\"publisher\":{\"@id\":\"https:\/\/www.uilscuolaemiliaromagna.it\/public\/er\/#organization\"},\"potentialAction\":[{\"@type\":\"SearchAction\",\"target\":{\"@type\":\"EntryPoint\",\"urlTemplate\":\"https:\/\/www.uilscuolaemiliaromagna.it\/public\/er\/?s={search_term_string}\"},\"query-input\":\"required name=search_term_string\"}],\"inLanguage\":\"it-IT\"},{\"@type\":\"Organization\",\"@id\":\"https:\/\/www.uilscuolaemiliaromagna.it\/public\/er\/#organization\",\"name\":\"Uil Scuola Emilia Romagna\",\"url\":\"https:\/\/www.uilscuolaemiliaromagna.it\/public\/er\/\",\"logo\":{\"@type\":\"ImageObject\",\"inLanguage\":\"it-IT\",\"@id\":\"https:\/\/www.uilscuolaemiliaromagna.it\/public\/er\/#\/schema\/logo\/image\/\",\"url\":\"https:\/\/www.uilscuolaemiliaromagna.it\/public\/er\/wp-content\/uploads\/2017\/04\/cropped-header.png\",\"contentUrl\":\"https:\/\/www.uilscuolaemiliaromagna.it\/public\/er\/wp-content\/uploads\/2017\/04\/cropped-header.png\",\"width\":1000,\"height\":150,\"caption\":\"Uil Scuola Emilia Romagna\"},\"image\":{\"@id\":\"https:\/\/www.uilscuolaemiliaromagna.it\/public\/er\/#\/schema\/logo\/image\/\"}},{\"@type\":\"Person\",\"@id\":\"https:\/\/www.uilscuolaemiliaromagna.it\/public\/er\/#\/schema\/person\/f42878fd07a4b6ba2b7153d4fad5de5e\",\"name\":\"admin\",\"image\":{\"@type\":\"ImageObject\",\"inLanguage\":\"it-IT\",\"@id\":\"https:\/\/www.uilscuolaemiliaromagna.it\/public\/er\/#\/schema\/person\/image\/\",\"url\":\"https:\/\/secure.gravatar.com\/avatar\/aebf815ae2f30ffdae8b8c247273d34c?s=96&d=mm&r=g\",\"contentUrl\":\"https:\/\/secure.gravatar.com\/avatar\/aebf815ae2f30ffdae8b8c247273d34c?s=96&d=mm&r=g\",\"caption\":\"admin\"},\"url\":\"https:\/\/www.uilscuolaemiliaromagna.it\/public\/er\/author\/admin\/\"}]}<\/script>\r\n<!-- \/ Yoast SEO plugin. -->","yoast_head_json":{"title":"Concorso dirigenti: Consiglio di Stato sospende la sentenza del Tar - Uil Scuola Emilia Romagna","robots":{"index":"index","follow":"follow","max-snippet":"max-snippet:-1","max-image-preview":"max-image-preview:large","max-video-preview":"max-video-preview:-1"},"canonical":"https:\/\/www.uilscuolaemiliaromagna.it\/public\/er\/2019\/07\/12\/concorso-dirigenti-consiglio-di-stato-sospende-la-sentenza-del-tar\/","og_locale":"it_IT","og_type":"article","og_title":"Concorso dirigenti: Consiglio di Stato sospende la sentenza del Tar - Uil Scuola Emilia Romagna","og_description":"Il Consiglio di Stato, senza entrare nel merito delle ragioni sottese ed indicate nella sentenza del Tar, sospende la sentenza ritenendo preminente l\u2019interesse pubblico . &hellip;","og_url":"https:\/\/www.uilscuolaemiliaromagna.it\/public\/er\/2019\/07\/12\/concorso-dirigenti-consiglio-di-stato-sospende-la-sentenza-del-tar\/","og_site_name":"Uil Scuola Emilia Romagna","article_published_time":"2019-07-12T16:39:51+00:00","article_modified_time":"2019-07-15T12:42:23+00:00","author":"admin","twitter_card":"summary_large_image","twitter_misc":{"Scritto da":"admin","Tempo di lettura stimato":"1 minuto"},"schema":{"@context":"https:\/\/schema.org","@graph":[{"@type":"Article","@id":"https:\/\/www.uilscuolaemiliaromagna.it\/public\/er\/2019\/07\/12\/concorso-dirigenti-consiglio-di-stato-sospende-la-sentenza-del-tar\/#article","isPartOf":{"@id":"https:\/\/www.uilscuolaemiliaromagna.it\/public\/er\/2019\/07\/12\/concorso-dirigenti-consiglio-di-stato-sospende-la-sentenza-del-tar\/"},"author":{"name":"admin","@id":"https:\/\/www.uilscuolaemiliaromagna.it\/public\/er\/#\/schema\/person\/f42878fd07a4b6ba2b7153d4fad5de5e"},"headline":"Concorso dirigenti: Consiglio di Stato sospende la sentenza del Tar","datePublished":"2019-07-12T16:39:51+00:00","dateModified":"2019-07-15T12:42:23+00:00","mainEntityOfPage":{"@id":"https:\/\/www.uilscuolaemiliaromagna.it\/public\/er\/2019\/07\/12\/concorso-dirigenti-consiglio-di-stato-sospende-la-sentenza-del-tar\/"},"wordCount":134,"publisher":{"@id":"https:\/\/www.uilscuolaemiliaromagna.it\/public\/er\/#organization"},"articleSection":["Notizie","Personale Docente"],"inLanguage":"it-IT"},{"@type":"WebPage","@id":"https:\/\/www.uilscuolaemiliaromagna.it\/public\/er\/2019\/07\/12\/concorso-dirigenti-consiglio-di-stato-sospende-la-sentenza-del-tar\/","url":"https:\/\/www.uilscuolaemiliaromagna.it\/public\/er\/2019\/07\/12\/concorso-dirigenti-consiglio-di-stato-sospende-la-sentenza-del-tar\/","name":"Concorso dirigenti: Consiglio di Stato sospende la sentenza del Tar - Uil Scuola Emilia Romagna","isPartOf":{"@id":"https:\/\/www.uilscuolaemiliaromagna.it\/public\/er\/#website"},"datePublished":"2019-07-12T16:39:51+00:00","dateModified":"2019-07-15T12:42:23+00:00","breadcrumb":{"@id":"https:\/\/www.uilscuolaemiliaromagna.it\/public\/er\/2019\/07\/12\/concorso-dirigenti-consiglio-di-stato-sospende-la-sentenza-del-tar\/#breadcrumb"},"inLanguage":"it-IT","potentialAction":[{"@type":"ReadAction","target":["https:\/\/www.uilscuolaemiliaromagna.it\/public\/er\/2019\/07\/12\/concorso-dirigenti-consiglio-di-stato-sospende-la-sentenza-del-tar\/"]}]},{"@type":"BreadcrumbList","@id":"https:\/\/www.uilscuolaemiliaromagna.it\/public\/er\/2019\/07\/12\/concorso-dirigenti-consiglio-di-stato-sospende-la-sentenza-del-tar\/#breadcrumb","itemListElement":[{"@type":"ListItem","position":1,"name":"Home","item":"https:\/\/www.uilscuolaemiliaromagna.it\/public\/er\/"},{"@type":"ListItem","position":2,"name":"Concorso dirigenti: Consiglio di Stato sospende la sentenza del Tar"}]},{"@type":"WebSite","@id":"https:\/\/www.uilscuolaemiliaromagna.it\/public\/er\/#website","url":"https:\/\/www.uilscuolaemiliaromagna.it\/public\/er\/","name":"Uil Scuola Emilia Romagna","description":"La voce libera della scuola","publisher":{"@id":"https:\/\/www.uilscuolaemiliaromagna.it\/public\/er\/#organization"},"potentialAction":[{"@type":"SearchAction","target":{"@type":"EntryPoint","urlTemplate":"https:\/\/www.uilscuolaemiliaromagna.it\/public\/er\/?s={search_term_string}"},"query-input":"required name=search_term_string"}],"inLanguage":"it-IT"},{"@type":"Organization","@id":"https:\/\/www.uilscuolaemiliaromagna.it\/public\/er\/#organization","name":"Uil Scuola Emilia Romagna","url":"https:\/\/www.uilscuolaemiliaromagna.it\/public\/er\/","logo":{"@type":"ImageObject","inLanguage":"it-IT","@id":"https:\/\/www.uilscuolaemiliaromagna.it\/public\/er\/#\/schema\/logo\/image\/","url":"https:\/\/www.uilscuolaemiliaromagna.it\/public\/er\/wp-content\/uploads\/2017\/04\/cropped-header.png","contentUrl":"https:\/\/www.uilscuolaemiliaromagna.it\/public\/er\/wp-content\/uploads\/2017\/04\/cropped-header.png","width":1000,"height":150,"caption":"Uil Scuola Emilia Romagna"},"image":{"@id":"https:\/\/www.uilscuolaemiliaromagna.it\/public\/er\/#\/schema\/logo\/image\/"}},{"@type":"Person","@id":"https:\/\/www.uilscuolaemiliaromagna.it\/public\/er\/#\/schema\/person\/f42878fd07a4b6ba2b7153d4fad5de5e","name":"admin","image":{"@type":"ImageObject","inLanguage":"it-IT","@id":"https:\/\/www.uilscuolaemiliaromagna.it\/public\/er\/#\/schema\/person\/image\/","url":"https:\/\/secure.gravatar.com\/avatar\/aebf815ae2f30ffdae8b8c247273d34c?s=96&d=mm&r=g","contentUrl":"https:\/\/secure.gravatar.com\/avatar\/aebf815ae2f30ffdae8b8c247273d34c?s=96&d=mm&r=g","caption":"admin"},"url":"https:\/\/www.uilscuolaemiliaromagna.it\/public\/er\/author\/admin\/"}]}},"views":1013,"_links":{"self":[{"href":"https:\/\/www.uilscuolaemiliaromagna.it\/public\/er\/wp-json\/wp\/v2\/posts\/4743"}],"collection":[{"href":"https:\/\/www.uilscuolaemiliaromagna.it\/public\/er\/wp-json\/wp\/v2\/posts"}],"about":[{"href":"https:\/\/www.uilscuolaemiliaromagna.it\/public\/er\/wp-json\/wp\/v2\/types\/post"}],"author":[{"embeddable":true,"href":"https:\/\/www.uilscuolaemiliaromagna.it\/public\/er\/wp-json\/wp\/v2\/users\/1"}],"replies":[{"embeddable":true,"href":"https:\/\/www.uilscuolaemiliaromagna.it\/public\/er\/wp-json\/wp\/v2\/comments?post=4743"}],"version-history":[{"count":1,"href":"https:\/\/www.uilscuolaemiliaromagna.it\/public\/er\/wp-json\/wp\/v2\/posts\/4743\/revisions"}],"predecessor-version":[{"id":4745,"href":"https:\/\/www.uilscuolaemiliaromagna.it\/public\/er\/wp-json\/wp\/v2\/posts\/4743\/revisions\/4745"}],"wp:attachment":[{"href":"https:\/\/www.uilscuolaemiliaromagna.it\/public\/er\/wp-json\/wp\/v2\/media?parent=4743"}],"wp:term":[{"taxonomy":"category","embeddable":true,"href":"https:\/\/www.uilscuolaemiliaromagna.it\/public\/er\/wp-json\/wp\/v2\/categories?post=4743"},{"taxonomy":"post_tag","embeddable":true,"href":"https:\/\/www.uilscuolaemiliaromagna.it\/public\/er\/wp-json\/wp\/v2\/tags?post=4743"}],"curies":[{"name":"wp","href":"https:\/\/api.w.org\/{rel}","templated":true}]}}