{"id":4878,"date":"2019-08-06T19:57:38","date_gmt":"2019-08-06T17:57:38","guid":{"rendered":"http:\/\/www.uilscuolaemiliaromagna.it\/public\/er\/?p=4878"},"modified":"2019-08-11T12:52:53","modified_gmt":"2019-08-11T10:52:53","slug":"turi-dare-risposte-ai-precari-e-al-personale-oggi-conferenza-stampa-a-roma","status":"publish","type":"post","link":"https:\/\/www.uilscuolaemiliaromagna.it\/public\/er\/2019\/08\/06\/turi-dare-risposte-ai-precari-e-al-personale-oggi-conferenza-stampa-a-roma\/","title":{"rendered":"Turi: dare risposte ai precari e al personale. Oggi conferenza stampa a Roma"},"content":{"rendered":"<blockquote>\n<p style=\"text-align: justify;\"><em>Riportiamo i lanci dell\u2019agenzia Ansa che, insieme ai giornalisti delle altre testate, ha seguito la conferenza stampa organizzata a Roma dai cinque sindacati scuola per chiedere certezze al Governo in merito al decreto per le nomine in ruolo.<\/em><br \/>\n<em>Una giornata lunghissima iniziata con l\u2019incontro con la stampa e conclusa a tarda serata con l\u2019approvazione da parte del Consiglio dei ministri del decreto.<\/em><\/p>\n<p><img loading=\"lazy\" decoding=\"async\" class=\"alignnone size-medium wp-image-6827\" src=\"http:\/\/uilscuola.it\/wordpress\/wp-content\/uploads\/2019\/08\/conferenza-stampa-300x169.jpg\" sizes=\"(max-width: 300px) 100vw, 300px\" alt=\"\" width=\"300\" height=\"169\" \/> <img loading=\"lazy\" decoding=\"async\" class=\"alignnone size-medium wp-image-6828\" src=\"http:\/\/uilscuola.it\/wordpress\/wp-content\/uploads\/2019\/08\/intervista-radio-24-300x169.jpg\" sizes=\"(max-width: 300px) 100vw, 300px\" alt=\"\" width=\"300\" height=\"169\" \/> <img loading=\"lazy\" decoding=\"async\" class=\"alignnone size-medium wp-image-6829\" src=\"http:\/\/uilscuola.it\/wordpress\/wp-content\/uploads\/2019\/08\/intervista-TG1--300x169.jpg\" sizes=\"(max-width: 300px) 100vw, 300px\" alt=\"\" width=\"300\" height=\"169\" \/> <img loading=\"lazy\" decoding=\"async\" class=\"alignnone size-medium wp-image-6830\" src=\"http:\/\/uilscuola.it\/wordpress\/wp-content\/uploads\/2019\/08\/striscione-montecitorio-300x169.jpg\" sizes=\"(max-width: 300px) 100vw, 300px\" alt=\"\" width=\"300\" height=\"169\" \/><\/p><\/blockquote>\n<hr \/>\n<p style=\"text-align: justify;\"><strong>ANSA-BOX\/ Scuola: sindacati, senza intesa su precari si sciopera<br \/>\n<\/strong><strong>\u2018Recepire accordo 24 aprile con decreto o torneremo a lotta\u2019<br \/>\n<\/strong>(di Nina Fabrizio)<\/p>\n<p style=\"text-align: justify;\">(ANSA) \u2013 ROMA, 06 AGO \u2013 O il Consiglio dei ministri di oggi, l\u2019ultimo prima della pausa estiva, approva l\u2019intesa sui precari della scuola con un decreto urgente o in autunno si sciopera. E\u2019 l\u2019aut aut lanciato al governo dalle cinque sigle sindacali del comparto scuola, Flc Cgil, Cisl Scuola, Uil scuola, Snals e Gilda.<\/p>\n<p style=\"text-align: justify;\">\u201cOggi noi pretendiamo si dia seguito all\u2019accordo del 24 aprile scorso attraverso un decreto di urgenza. Se ci\u00f2 non dovesse accadere torneremo con le azioni di lotta, a partire da uno sciopero generale in autunno\u201d, ha avvertito Francesco Sinopoli, segretario generale Flc Cgil, in una conferenza stampa davanti Montecitorio. I sindacati hanno fatto riferimento all\u2019intesa raggiunta il 24 aprile scorso tra il presidente del Consiglio, Giuseppe Conte, il ministero dell\u2019Istruzione, dell\u2019universita\u2019 e della ricerca, Marco Bussetti, da un lato e le organizzazioni Flc Cgil, Cisl Scuola, Uil scuola, Snals e Gilda, dall\u2019altro. In quell\u2019accordo, spiegano, \u00e8 in gioco il destino di 53mila docenti precari.<\/p>\n<p style=\"text-align: justify;\">Il ministro, intanto, ha firmato oggi i decreti per l\u2019assunzione a tempo indeterminato di 7.759 ATA e di 355 componenti di personale educativo a partire dall\u2019anno scolastico 2019\/2020. Per quanto riguarda il personale Amministrativo, Tecnico e Ausiliario, il contingente \u00e8 composto da 7.646 immissioni in ruolo e dalla trasformazione a tempo pieno di contratti a tempo parziale, corrispondenti a 113 posti interi. Ai 7.759 posti ATA si aggiungeranno, a settembre 2020, le assunzioni dei vincitori del concorso per Direttore dei Servizi Generali e Amministrativi (DSGA), per i quali sono accantonati i primi 760 posti gi\u00e0 da questo anno. I 355 educatori saranno destinati ai convitti e agli educandati. In sede di Legge di bilancio, il Ministro Bussetti ha ottenuto che, alle 65 assunzioni previste, venissero aggiunti altri 290 posti. Arrivando cos\u00ec alle 355 assunzioni deliberate.<\/p>\n<p style=\"text-align: justify;\">\u201cQuest\u2019anno dai dati che abbiamo \u2013 ha spiegato Gianluigi Dotti di Gilda \u2013 sar\u00e0 il pi\u00f9 difficile. Noi abbiamo una situazione ad oggi, di 53 mila precari con 36 mesi ma abbiamo un problema ancora pi\u00f9 grosso che sono i 150mila precari, sono un quinto del personale docente. Noi affidiamo la nostra scuola a questi colleghi e poi vorremo dare a questi colleghi un calcio nel sedere\u201d. \u201cL\u2019idea di una politica che per scontri interni e problemi che nulla hanno a che vedere con le questioni vere della scuola \u2013 ha aggiunto \u2013 ritardi in questi provvedimenti \u00e8 veramente uno sfregio\u201d. Sui concorsi, specifica, quello che hanno proposto i sindacati non \u00e8 \u201cuna sanatoria\u201d, \u00e8 \u201cuna modalit\u00e0 di selezione che semplifica perch\u00e8 c\u2019\u00e8 una situazione di urgenza\u201d, \u201canche la questione dei concorsi \u2013 ha chiesto \u2013 va affrontata. Non possiamo avere concorsi con commissioni raccattate all\u2019ultimo momento, non retribuite e peggio ancora senza esonero dall\u2019insegnamento\u201d, \u201cil primo settembre dobbiamo avere gli insegnanti nel collegio docenti\u201d.<\/p>\n<p style=\"text-align: justify;\"><strong>\u201cIl 24 aprile abbiamo avuto un confronto con il governo per\u00a0<\/strong><strong>far venire meno uno sciopero \u2013 ha ricordato Pino Turi di Uil\u00a0<\/strong><strong>scuola -. Quella protesta \u00e8 venuta meno sulla base di un\u00a0<\/strong><strong>accordo, ora l\u2019accordo deve essere rispettato. Prima di\u00a0<\/strong><strong>quell\u2019intesa, guardate, non c\u2019era il concorso riservato. E\u2019\u00a0<\/strong><strong>stato il frutto di una mediazione, ci \u00e8 stato chiesto di farlo e\u00a0<\/strong><strong>abbiamo detto, va bene, facciamolo ma ora non si ridiscuta\u00a0<\/strong><strong>tutto. Questo sindacato non pu\u00f2 consentire che la scuola sia\u00a0<\/strong><strong>utilizzata come terreno di scontro politico\u201d.<\/strong> (ANSA).<\/p>\n<hr \/>\n<p style=\"text-align: justify;\"><em><strong>In tarda serata<\/strong><\/em><br \/>\n<strong>++ Ok Cdm decreti imprese, scuola e latte, ma salvo intese ++<br \/>\n<\/strong>(ANSA) \u2013 ROMA, 6 AGO \u2013 Il Consiglio dei ministri, a quanto si apprende, ha approvato tutti i decreti all\u2019ordine del giorno \u2013 il dl sulle crisi aziendale, il decreto sul settore lattiero caseario e il <strong>dl sulle assunzioni nella scuola<\/strong> \u2013 \u201csalvo intese\u201d.<br \/>\nL\u2019approvazione \u201csalvo intese\u201d, si apprende ancora, \u00e8 dovuta al fatto che i decreti non possono andare in Gazzetta ufficiale domani. (ANSA).<\/p>\n<ul>\n<li><a href=\"https:\/\/m.facebook.com\/logged_out\/watch\/?video_id=835257893534336&amp;refsrc=http%3A%2F%2Fuilscuola.it%2Fturi-dare-risposte-ai-precari-al-personale-oggi-conferenza-stampa-roma%2F&amp;_rdr\" target=\"_blank\" rel=\"noopener\">UILWEBTV<\/a><\/li>\n<li><a href=\"https:\/\/www.orizzontescuola.it\/aumentare-gli-stipendi-e-assumere-55mila-precari-con-3-anndi-di-servizio-turi-uil-non-e-sanatoria\/\" target=\"_blank\" rel=\"noopener\">OrizzonteScuola | articolo e video<\/a><\/li>\n<\/ul>\n\n<div class=\"twitter-share\"><a href=\"https:\/\/twitter.com\/intent\/tweet?via=UILScuolaBO_ER\" class=\"twitter-share-button\" data-size=\"large\">Tweet<\/a><\/div>\n","protected":false},"excerpt":{"rendered":"<p>Riportiamo i lanci dell\u2019agenzia Ansa che, insieme ai giornalisti delle altre testate, ha seguito la conferenza stampa organizzata a Roma dai cinque sindacati scuola per &hellip; <\/p>\n","protected":false},"author":1,"featured_media":0,"comment_status":"closed","ping_status":"open","sticky":false,"template":"","format":"standard","meta":{"footnotes":""},"categories":[12,6],"tags":[],"yoast_head":"<!-- This site is optimized with the Yoast SEO plugin v21.7 - https:\/\/yoast.com\/wordpress\/plugins\/seo\/ -->\r\n<title>Turi: dare risposte ai precari e al personale. Oggi conferenza stampa a Roma - Uil Scuola Emilia Romagna<\/title>\r\n<meta name=\"robots\" content=\"index, follow, max-snippet:-1, max-image-preview:large, max-video-preview:-1\" \/>\r\n<link rel=\"canonical\" href=\"https:\/\/www.uilscuolaemiliaromagna.it\/public\/er\/2019\/08\/06\/turi-dare-risposte-ai-precari-e-al-personale-oggi-conferenza-stampa-a-roma\/\" \/>\r\n<meta property=\"og:locale\" content=\"it_IT\" \/>\r\n<meta property=\"og:type\" content=\"article\" \/>\r\n<meta property=\"og:title\" content=\"Turi: dare risposte ai precari e al personale. Oggi conferenza stampa a Roma - Uil Scuola Emilia Romagna\" \/>\r\n<meta property=\"og:description\" content=\"Riportiamo i lanci dell\u2019agenzia Ansa che, insieme ai giornalisti delle altre testate, ha seguito la conferenza stampa organizzata a Roma dai cinque sindacati scuola per &hellip;\" \/>\r\n<meta property=\"og:url\" content=\"https:\/\/www.uilscuolaemiliaromagna.it\/public\/er\/2019\/08\/06\/turi-dare-risposte-ai-precari-e-al-personale-oggi-conferenza-stampa-a-roma\/\" \/>\r\n<meta property=\"og:site_name\" content=\"Uil Scuola Emilia Romagna\" \/>\r\n<meta property=\"article:published_time\" content=\"2019-08-06T17:57:38+00:00\" \/>\r\n<meta property=\"article:modified_time\" content=\"2019-08-11T10:52:53+00:00\" \/>\r\n<meta property=\"og:image\" content=\"http:\/\/uilscuola.it\/wordpress\/wp-content\/uploads\/2019\/08\/conferenza-stampa-300x169.jpg\" \/>\r\n<meta name=\"author\" content=\"admin\" \/>\r\n<meta name=\"twitter:card\" content=\"summary_large_image\" \/>\r\n<meta name=\"twitter:label1\" content=\"Scritto da\" \/>\n\t<meta name=\"twitter:data1\" content=\"admin\" \/>\n\t<meta name=\"twitter:label2\" content=\"Tempo di lettura stimato\" \/>\n\t<meta name=\"twitter:data2\" content=\"3 minuti\" \/>\r\n<script type=\"application\/ld+json\" class=\"yoast-schema-graph\">{\"@context\":\"https:\/\/schema.org\",\"@graph\":[{\"@type\":\"Article\",\"@id\":\"https:\/\/www.uilscuolaemiliaromagna.it\/public\/er\/2019\/08\/06\/turi-dare-risposte-ai-precari-e-al-personale-oggi-conferenza-stampa-a-roma\/#article\",\"isPartOf\":{\"@id\":\"https:\/\/www.uilscuolaemiliaromagna.it\/public\/er\/2019\/08\/06\/turi-dare-risposte-ai-precari-e-al-personale-oggi-conferenza-stampa-a-roma\/\"},\"author\":{\"name\":\"admin\",\"@id\":\"https:\/\/www.uilscuolaemiliaromagna.it\/public\/er\/#\/schema\/person\/f42878fd07a4b6ba2b7153d4fad5de5e\"},\"headline\":\"Turi: dare risposte ai precari e al personale. Oggi conferenza stampa a Roma\",\"datePublished\":\"2019-08-06T17:57:38+00:00\",\"dateModified\":\"2019-08-11T10:52:53+00:00\",\"mainEntityOfPage\":{\"@id\":\"https:\/\/www.uilscuolaemiliaromagna.it\/public\/er\/2019\/08\/06\/turi-dare-risposte-ai-precari-e-al-personale-oggi-conferenza-stampa-a-roma\/\"},\"wordCount\":711,\"publisher\":{\"@id\":\"https:\/\/www.uilscuolaemiliaromagna.it\/public\/er\/#organization\"},\"articleSection\":[\"Notizie\",\"Personale Docente\"],\"inLanguage\":\"it-IT\"},{\"@type\":\"WebPage\",\"@id\":\"https:\/\/www.uilscuolaemiliaromagna.it\/public\/er\/2019\/08\/06\/turi-dare-risposte-ai-precari-e-al-personale-oggi-conferenza-stampa-a-roma\/\",\"url\":\"https:\/\/www.uilscuolaemiliaromagna.it\/public\/er\/2019\/08\/06\/turi-dare-risposte-ai-precari-e-al-personale-oggi-conferenza-stampa-a-roma\/\",\"name\":\"Turi: dare risposte ai precari e al personale. Oggi conferenza stampa a Roma - Uil Scuola Emilia Romagna\",\"isPartOf\":{\"@id\":\"https:\/\/www.uilscuolaemiliaromagna.it\/public\/er\/#website\"},\"datePublished\":\"2019-08-06T17:57:38+00:00\",\"dateModified\":\"2019-08-11T10:52:53+00:00\",\"breadcrumb\":{\"@id\":\"https:\/\/www.uilscuolaemiliaromagna.it\/public\/er\/2019\/08\/06\/turi-dare-risposte-ai-precari-e-al-personale-oggi-conferenza-stampa-a-roma\/#breadcrumb\"},\"inLanguage\":\"it-IT\",\"potentialAction\":[{\"@type\":\"ReadAction\",\"target\":[\"https:\/\/www.uilscuolaemiliaromagna.it\/public\/er\/2019\/08\/06\/turi-dare-risposte-ai-precari-e-al-personale-oggi-conferenza-stampa-a-roma\/\"]}]},{\"@type\":\"BreadcrumbList\",\"@id\":\"https:\/\/www.uilscuolaemiliaromagna.it\/public\/er\/2019\/08\/06\/turi-dare-risposte-ai-precari-e-al-personale-oggi-conferenza-stampa-a-roma\/#breadcrumb\",\"itemListElement\":[{\"@type\":\"ListItem\",\"position\":1,\"name\":\"Home\",\"item\":\"https:\/\/www.uilscuolaemiliaromagna.it\/public\/er\/\"},{\"@type\":\"ListItem\",\"position\":2,\"name\":\"Turi: dare risposte ai precari e al personale. Oggi conferenza stampa a Roma\"}]},{\"@type\":\"WebSite\",\"@id\":\"https:\/\/www.uilscuolaemiliaromagna.it\/public\/er\/#website\",\"url\":\"https:\/\/www.uilscuolaemiliaromagna.it\/public\/er\/\",\"name\":\"Uil Scuola Emilia Romagna\",\"description\":\"La voce libera della scuola\",\"publisher\":{\"@id\":\"https:\/\/www.uilscuolaemiliaromagna.it\/public\/er\/#organization\"},\"potentialAction\":[{\"@type\":\"SearchAction\",\"target\":{\"@type\":\"EntryPoint\",\"urlTemplate\":\"https:\/\/www.uilscuolaemiliaromagna.it\/public\/er\/?s={search_term_string}\"},\"query-input\":\"required name=search_term_string\"}],\"inLanguage\":\"it-IT\"},{\"@type\":\"Organization\",\"@id\":\"https:\/\/www.uilscuolaemiliaromagna.it\/public\/er\/#organization\",\"name\":\"Uil Scuola Emilia Romagna\",\"url\":\"https:\/\/www.uilscuolaemiliaromagna.it\/public\/er\/\",\"logo\":{\"@type\":\"ImageObject\",\"inLanguage\":\"it-IT\",\"@id\":\"https:\/\/www.uilscuolaemiliaromagna.it\/public\/er\/#\/schema\/logo\/image\/\",\"url\":\"https:\/\/www.uilscuolaemiliaromagna.it\/public\/er\/wp-content\/uploads\/2017\/04\/cropped-header.png\",\"contentUrl\":\"https:\/\/www.uilscuolaemiliaromagna.it\/public\/er\/wp-content\/uploads\/2017\/04\/cropped-header.png\",\"width\":1000,\"height\":150,\"caption\":\"Uil Scuola Emilia Romagna\"},\"image\":{\"@id\":\"https:\/\/www.uilscuolaemiliaromagna.it\/public\/er\/#\/schema\/logo\/image\/\"}},{\"@type\":\"Person\",\"@id\":\"https:\/\/www.uilscuolaemiliaromagna.it\/public\/er\/#\/schema\/person\/f42878fd07a4b6ba2b7153d4fad5de5e\",\"name\":\"admin\",\"image\":{\"@type\":\"ImageObject\",\"inLanguage\":\"it-IT\",\"@id\":\"https:\/\/www.uilscuolaemiliaromagna.it\/public\/er\/#\/schema\/person\/image\/\",\"url\":\"https:\/\/secure.gravatar.com\/avatar\/aebf815ae2f30ffdae8b8c247273d34c?s=96&d=mm&r=g\",\"contentUrl\":\"https:\/\/secure.gravatar.com\/avatar\/aebf815ae2f30ffdae8b8c247273d34c?s=96&d=mm&r=g\",\"caption\":\"admin\"},\"url\":\"https:\/\/www.uilscuolaemiliaromagna.it\/public\/er\/author\/admin\/\"}]}<\/script>\r\n<!-- \/ Yoast SEO plugin. -->","yoast_head_json":{"title":"Turi: dare risposte ai precari e al personale. Oggi conferenza stampa a Roma - Uil Scuola Emilia Romagna","robots":{"index":"index","follow":"follow","max-snippet":"max-snippet:-1","max-image-preview":"max-image-preview:large","max-video-preview":"max-video-preview:-1"},"canonical":"https:\/\/www.uilscuolaemiliaromagna.it\/public\/er\/2019\/08\/06\/turi-dare-risposte-ai-precari-e-al-personale-oggi-conferenza-stampa-a-roma\/","og_locale":"it_IT","og_type":"article","og_title":"Turi: dare risposte ai precari e al personale. Oggi conferenza stampa a Roma - Uil Scuola Emilia Romagna","og_description":"Riportiamo i lanci dell\u2019agenzia Ansa che, insieme ai giornalisti delle altre testate, ha seguito la conferenza stampa organizzata a Roma dai cinque sindacati scuola per &hellip;","og_url":"https:\/\/www.uilscuolaemiliaromagna.it\/public\/er\/2019\/08\/06\/turi-dare-risposte-ai-precari-e-al-personale-oggi-conferenza-stampa-a-roma\/","og_site_name":"Uil Scuola Emilia Romagna","article_published_time":"2019-08-06T17:57:38+00:00","article_modified_time":"2019-08-11T10:52:53+00:00","og_image":[{"url":"http:\/\/uilscuola.it\/wordpress\/wp-content\/uploads\/2019\/08\/conferenza-stampa-300x169.jpg"}],"author":"admin","twitter_card":"summary_large_image","twitter_misc":{"Scritto da":"admin","Tempo di lettura stimato":"3 minuti"},"schema":{"@context":"https:\/\/schema.org","@graph":[{"@type":"Article","@id":"https:\/\/www.uilscuolaemiliaromagna.it\/public\/er\/2019\/08\/06\/turi-dare-risposte-ai-precari-e-al-personale-oggi-conferenza-stampa-a-roma\/#article","isPartOf":{"@id":"https:\/\/www.uilscuolaemiliaromagna.it\/public\/er\/2019\/08\/06\/turi-dare-risposte-ai-precari-e-al-personale-oggi-conferenza-stampa-a-roma\/"},"author":{"name":"admin","@id":"https:\/\/www.uilscuolaemiliaromagna.it\/public\/er\/#\/schema\/person\/f42878fd07a4b6ba2b7153d4fad5de5e"},"headline":"Turi: dare risposte ai precari e al personale. Oggi conferenza stampa a Roma","datePublished":"2019-08-06T17:57:38+00:00","dateModified":"2019-08-11T10:52:53+00:00","mainEntityOfPage":{"@id":"https:\/\/www.uilscuolaemiliaromagna.it\/public\/er\/2019\/08\/06\/turi-dare-risposte-ai-precari-e-al-personale-oggi-conferenza-stampa-a-roma\/"},"wordCount":711,"publisher":{"@id":"https:\/\/www.uilscuolaemiliaromagna.it\/public\/er\/#organization"},"articleSection":["Notizie","Personale Docente"],"inLanguage":"it-IT"},{"@type":"WebPage","@id":"https:\/\/www.uilscuolaemiliaromagna.it\/public\/er\/2019\/08\/06\/turi-dare-risposte-ai-precari-e-al-personale-oggi-conferenza-stampa-a-roma\/","url":"https:\/\/www.uilscuolaemiliaromagna.it\/public\/er\/2019\/08\/06\/turi-dare-risposte-ai-precari-e-al-personale-oggi-conferenza-stampa-a-roma\/","name":"Turi: dare risposte ai precari e al personale. Oggi conferenza stampa a Roma - Uil Scuola Emilia Romagna","isPartOf":{"@id":"https:\/\/www.uilscuolaemiliaromagna.it\/public\/er\/#website"},"datePublished":"2019-08-06T17:57:38+00:00","dateModified":"2019-08-11T10:52:53+00:00","breadcrumb":{"@id":"https:\/\/www.uilscuolaemiliaromagna.it\/public\/er\/2019\/08\/06\/turi-dare-risposte-ai-precari-e-al-personale-oggi-conferenza-stampa-a-roma\/#breadcrumb"},"inLanguage":"it-IT","potentialAction":[{"@type":"ReadAction","target":["https:\/\/www.uilscuolaemiliaromagna.it\/public\/er\/2019\/08\/06\/turi-dare-risposte-ai-precari-e-al-personale-oggi-conferenza-stampa-a-roma\/"]}]},{"@type":"BreadcrumbList","@id":"https:\/\/www.uilscuolaemiliaromagna.it\/public\/er\/2019\/08\/06\/turi-dare-risposte-ai-precari-e-al-personale-oggi-conferenza-stampa-a-roma\/#breadcrumb","itemListElement":[{"@type":"ListItem","position":1,"name":"Home","item":"https:\/\/www.uilscuolaemiliaromagna.it\/public\/er\/"},{"@type":"ListItem","position":2,"name":"Turi: dare risposte ai precari e al personale. Oggi conferenza stampa a Roma"}]},{"@type":"WebSite","@id":"https:\/\/www.uilscuolaemiliaromagna.it\/public\/er\/#website","url":"https:\/\/www.uilscuolaemiliaromagna.it\/public\/er\/","name":"Uil Scuola Emilia Romagna","description":"La voce libera della scuola","publisher":{"@id":"https:\/\/www.uilscuolaemiliaromagna.it\/public\/er\/#organization"},"potentialAction":[{"@type":"SearchAction","target":{"@type":"EntryPoint","urlTemplate":"https:\/\/www.uilscuolaemiliaromagna.it\/public\/er\/?s={search_term_string}"},"query-input":"required name=search_term_string"}],"inLanguage":"it-IT"},{"@type":"Organization","@id":"https:\/\/www.uilscuolaemiliaromagna.it\/public\/er\/#organization","name":"Uil Scuola Emilia Romagna","url":"https:\/\/www.uilscuolaemiliaromagna.it\/public\/er\/","logo":{"@type":"ImageObject","inLanguage":"it-IT","@id":"https:\/\/www.uilscuolaemiliaromagna.it\/public\/er\/#\/schema\/logo\/image\/","url":"https:\/\/www.uilscuolaemiliaromagna.it\/public\/er\/wp-content\/uploads\/2017\/04\/cropped-header.png","contentUrl":"https:\/\/www.uilscuolaemiliaromagna.it\/public\/er\/wp-content\/uploads\/2017\/04\/cropped-header.png","width":1000,"height":150,"caption":"Uil Scuola Emilia Romagna"},"image":{"@id":"https:\/\/www.uilscuolaemiliaromagna.it\/public\/er\/#\/schema\/logo\/image\/"}},{"@type":"Person","@id":"https:\/\/www.uilscuolaemiliaromagna.it\/public\/er\/#\/schema\/person\/f42878fd07a4b6ba2b7153d4fad5de5e","name":"admin","image":{"@type":"ImageObject","inLanguage":"it-IT","@id":"https:\/\/www.uilscuolaemiliaromagna.it\/public\/er\/#\/schema\/person\/image\/","url":"https:\/\/secure.gravatar.com\/avatar\/aebf815ae2f30ffdae8b8c247273d34c?s=96&d=mm&r=g","contentUrl":"https:\/\/secure.gravatar.com\/avatar\/aebf815ae2f30ffdae8b8c247273d34c?s=96&d=mm&r=g","caption":"admin"},"url":"https:\/\/www.uilscuolaemiliaromagna.it\/public\/er\/author\/admin\/"}]}},"views":1136,"_links":{"self":[{"href":"https:\/\/www.uilscuolaemiliaromagna.it\/public\/er\/wp-json\/wp\/v2\/posts\/4878"}],"collection":[{"href":"https:\/\/www.uilscuolaemiliaromagna.it\/public\/er\/wp-json\/wp\/v2\/posts"}],"about":[{"href":"https:\/\/www.uilscuolaemiliaromagna.it\/public\/er\/wp-json\/wp\/v2\/types\/post"}],"author":[{"embeddable":true,"href":"https:\/\/www.uilscuolaemiliaromagna.it\/public\/er\/wp-json\/wp\/v2\/users\/1"}],"replies":[{"embeddable":true,"href":"https:\/\/www.uilscuolaemiliaromagna.it\/public\/er\/wp-json\/wp\/v2\/comments?post=4878"}],"version-history":[{"count":1,"href":"https:\/\/www.uilscuolaemiliaromagna.it\/public\/er\/wp-json\/wp\/v2\/posts\/4878\/revisions"}],"predecessor-version":[{"id":4879,"href":"https:\/\/www.uilscuolaemiliaromagna.it\/public\/er\/wp-json\/wp\/v2\/posts\/4878\/revisions\/4879"}],"wp:attachment":[{"href":"https:\/\/www.uilscuolaemiliaromagna.it\/public\/er\/wp-json\/wp\/v2\/media?parent=4878"}],"wp:term":[{"taxonomy":"category","embeddable":true,"href":"https:\/\/www.uilscuolaemiliaromagna.it\/public\/er\/wp-json\/wp\/v2\/categories?post=4878"},{"taxonomy":"post_tag","embeddable":true,"href":"https:\/\/www.uilscuolaemiliaromagna.it\/public\/er\/wp-json\/wp\/v2\/tags?post=4878"}],"curies":[{"name":"wp","href":"https:\/\/api.w.org\/{rel}","templated":true}]}}