{"id":4884,"date":"2019-08-07T19:32:01","date_gmt":"2019-08-07T17:32:01","guid":{"rendered":"http:\/\/www.uilscuolaemiliaromagna.it\/public\/er\/?p=4884"},"modified":"2019-08-09T09:32:56","modified_gmt":"2019-08-09T07:32:56","slug":"decreto-precari-un-primo-passo-avanti-importante","status":"publish","type":"post","link":"https:\/\/www.uilscuolaemiliaromagna.it\/public\/er\/2019\/08\/07\/decreto-precari-un-primo-passo-avanti-importante\/","title":{"rendered":"Decreto precari, un primo passo avanti importante"},"content":{"rendered":"<blockquote><p><strong><em>Ora la politica assuma la sua responsabilit\u00e0<\/em><\/strong><\/p><\/blockquote>\n<p style=\"text-align: justify;\">L\u2019approvazione del decreto che d\u00e0 attuazione all\u2019intesa su reclutamento e precariato \u00e8 un fatto importante, nonostante le riserve che ancora permangono in una parte della maggioranza e che spiegano la formula (\u201csalvo intese\u201d) con cui il Consiglio dei Ministri ha licenziato il provvedimento. Un concreto passo avanti \u00e8 stato fatto, ora \u00e8 necessario che il decreto venga pubblicato e approvato in tempi brevi, senza cambiamenti sostanziali, e includendo anche la previsione di un concorso riservato ai facenti funzioni DSGA, in coerenza con i contenuti dell\u2019intesa. Difficile comprendere le ragioni per cui si insiste, da parte di esponenti di maggioranza, sull\u2019introduzione di <em>step<\/em> selettivi pi\u00f9 rigidi rispetto a quelli comunque gi\u00e0 previsti per tutte le procedure, sia per quelle concorsuali che per i PAS, molto impegnativi e soggetti a valutazione. \u00c8 una posizione che appare connotata in senso ideologico e che trascura un fatto sostanziale: i destinatari delle misure scaturite dal confronto sindacati MIUR sono persone che hanno gi\u00e0 maturato nelle nostre scuole una consistente esperienza di lavoro, \u00e8 grazie a loro se si sono potute svolgere le attivit\u00e0 didattiche in decine di migliaia di classi, il che avrebbe reso possibile anche il riscontro di eventuali impreparazioni o incompetenze.<\/p>\n<p style=\"text-align: justify;\">Non \u00e8 accettabile che il sistema scolastico utilizzi in modo ricorrente quote abnormi di lavoro precario, in spregio alle norme europee, senza riconoscere in alcun modo l\u2019esperienza maturata: una lacuna che l\u2019intesa sindacati MIUR ha voluto colmare, coniugando i diritti dei precari e l\u2019interesse al buon andamento del sistema scolastico, in particolare con la copertura stabile dei posti disponibili in are territoriali nelle quali le graduatorie a esaurimento e quelle di merito sono da tempo esaurite e non sarebbero possibili assunzioni a tempo indeterminato.<\/p>\n<p style=\"text-align: justify;\">In tale contesto, vanno assicurate le priorit\u00e0 di scorrimento dei Concorsi 2016 e 2018, con l\u2019obiettivo di coprire tutti i posti disponibili e vacanti nel rispetto delle aspettative dei candidati.<\/p>\n<p style=\"text-align: justify;\">L\u2019approvazione del decreto senza stravolgimenti rappresenta in questo momento una precisa priorit\u00e0, fermo restando che una valutazione di merito complessiva sar\u00e0 possibile solo leggendo il decreto in G.U. il 28 agosto, cos\u00ec come sar\u00e0 anche necessario incrementare e attivare ogni ulteriore confronto con il MIUR e con le Commissioni Parlamentari a cui chiederemo di essere ascoltati. Il nostro impegno comunque prosegue perch\u00e9 sia data piena attuazione a tutto ci\u00f2 che prevede l\u2019intesa del 24 aprile a Palazzo Chigi e a quelle definite ai tavoli tematici di confronto cui \u00e8 stata affidata la puntuale declinazione dei suoi contenuti, tra cui quelli riguardanti una diversa politica degli organici e delle assunzioni del personale ATA.<\/p>\n<p style=\"text-align: justify;\">Pi\u00f9 in generale, chiediamo al Governo di rispettare, nella prossima legge di stabilit\u00e0, l\u2019impegno di assicurare le risorse aggiuntive necessarie per un rinnovo contrattuale che riconosca in modo adeguato il valore di tutte le professionalit\u00e0 operanti nel comparto dell\u2019istruzione e della ricerca.<\/p>\n<p>Roma, 7 agosto 2019<\/p>\n<table width=\"699\">\n<tbody>\n<tr>\n<td width=\"22%\">Flc\u00a0 CGIL<em>Francesco Sinopoli<\/em><\/td>\n<td width=\"20%\">CISL FSUR<em>Maddalena Gissi<\/em><\/td>\n<td width=\"21%\">UIL Scuola Rua<em>Giuseppe Turi<\/em><\/td>\n<td width=\"14%\">SNALS\u00a0 Confsal<em>Elvira Serafini<\/em><\/td>\n<td width=\"20%\">\n<h5><strong>GILDA Unams<\/strong><\/h5>\n<p><em>Rino Di Meglio<\/em><\/td>\n<\/tr>\n<\/tbody>\n<\/table>\n\n<div class=\"twitter-share\"><a href=\"https:\/\/twitter.com\/intent\/tweet?via=UILScuolaBO_ER\" class=\"twitter-share-button\" data-size=\"large\">Tweet<\/a><\/div>\n","protected":false},"excerpt":{"rendered":"<p>Ora la politica assuma la sua responsabilit\u00e0 L\u2019approvazione del decreto che d\u00e0 attuazione all\u2019intesa su reclutamento e precariato \u00e8 un fatto importante, nonostante le riserve &hellip; <\/p>\n","protected":false},"author":1,"featured_media":0,"comment_status":"closed","ping_status":"open","sticky":false,"template":"","format":"standard","meta":{"footnotes":""},"categories":[2,12,6],"tags":[],"yoast_head":"<!-- This site is optimized with the Yoast SEO plugin v21.7 - https:\/\/yoast.com\/wordpress\/plugins\/seo\/ -->\r\n<title>Decreto precari, un primo passo avanti importante - Uil Scuola Emilia Romagna<\/title>\r\n<meta name=\"robots\" content=\"index, follow, max-snippet:-1, max-image-preview:large, max-video-preview:-1\" \/>\r\n<link rel=\"canonical\" href=\"https:\/\/www.uilscuolaemiliaromagna.it\/public\/er\/2019\/08\/07\/decreto-precari-un-primo-passo-avanti-importante\/\" \/>\r\n<meta property=\"og:locale\" content=\"it_IT\" \/>\r\n<meta property=\"og:type\" content=\"article\" \/>\r\n<meta property=\"og:title\" content=\"Decreto precari, un primo passo avanti importante - Uil Scuola Emilia Romagna\" \/>\r\n<meta property=\"og:description\" content=\"Ora la politica assuma la sua responsabilit\u00e0 L\u2019approvazione del decreto che d\u00e0 attuazione all\u2019intesa su reclutamento e precariato \u00e8 un fatto importante, nonostante le riserve &hellip;\" \/>\r\n<meta property=\"og:url\" content=\"https:\/\/www.uilscuolaemiliaromagna.it\/public\/er\/2019\/08\/07\/decreto-precari-un-primo-passo-avanti-importante\/\" \/>\r\n<meta property=\"og:site_name\" content=\"Uil Scuola Emilia Romagna\" \/>\r\n<meta property=\"article:published_time\" content=\"2019-08-07T17:32:01+00:00\" \/>\r\n<meta property=\"article:modified_time\" content=\"2019-08-09T07:32:56+00:00\" \/>\r\n<meta name=\"author\" content=\"admin\" \/>\r\n<meta name=\"twitter:card\" content=\"summary_large_image\" \/>\r\n<meta name=\"twitter:label1\" content=\"Scritto da\" \/>\n\t<meta name=\"twitter:data1\" content=\"admin\" \/>\n\t<meta name=\"twitter:label2\" content=\"Tempo di lettura stimato\" \/>\n\t<meta name=\"twitter:data2\" content=\"2 minuti\" \/>\r\n<script type=\"application\/ld+json\" class=\"yoast-schema-graph\">{\"@context\":\"https:\/\/schema.org\",\"@graph\":[{\"@type\":\"Article\",\"@id\":\"https:\/\/www.uilscuolaemiliaromagna.it\/public\/er\/2019\/08\/07\/decreto-precari-un-primo-passo-avanti-importante\/#article\",\"isPartOf\":{\"@id\":\"https:\/\/www.uilscuolaemiliaromagna.it\/public\/er\/2019\/08\/07\/decreto-precari-un-primo-passo-avanti-importante\/\"},\"author\":{\"name\":\"admin\",\"@id\":\"https:\/\/www.uilscuolaemiliaromagna.it\/public\/er\/#\/schema\/person\/f42878fd07a4b6ba2b7153d4fad5de5e\"},\"headline\":\"Decreto precari, un primo passo avanti importante\",\"datePublished\":\"2019-08-07T17:32:01+00:00\",\"dateModified\":\"2019-08-09T07:32:56+00:00\",\"mainEntityOfPage\":{\"@id\":\"https:\/\/www.uilscuolaemiliaromagna.it\/public\/er\/2019\/08\/07\/decreto-precari-un-primo-passo-avanti-importante\/\"},\"wordCount\":502,\"publisher\":{\"@id\":\"https:\/\/www.uilscuolaemiliaromagna.it\/public\/er\/#organization\"},\"articleSection\":[\"ATA\",\"Notizie\",\"Personale Docente\"],\"inLanguage\":\"it-IT\"},{\"@type\":\"WebPage\",\"@id\":\"https:\/\/www.uilscuolaemiliaromagna.it\/public\/er\/2019\/08\/07\/decreto-precari-un-primo-passo-avanti-importante\/\",\"url\":\"https:\/\/www.uilscuolaemiliaromagna.it\/public\/er\/2019\/08\/07\/decreto-precari-un-primo-passo-avanti-importante\/\",\"name\":\"Decreto precari, un primo passo avanti importante - Uil Scuola Emilia Romagna\",\"isPartOf\":{\"@id\":\"https:\/\/www.uilscuolaemiliaromagna.it\/public\/er\/#website\"},\"datePublished\":\"2019-08-07T17:32:01+00:00\",\"dateModified\":\"2019-08-09T07:32:56+00:00\",\"breadcrumb\":{\"@id\":\"https:\/\/www.uilscuolaemiliaromagna.it\/public\/er\/2019\/08\/07\/decreto-precari-un-primo-passo-avanti-importante\/#breadcrumb\"},\"inLanguage\":\"it-IT\",\"potentialAction\":[{\"@type\":\"ReadAction\",\"target\":[\"https:\/\/www.uilscuolaemiliaromagna.it\/public\/er\/2019\/08\/07\/decreto-precari-un-primo-passo-avanti-importante\/\"]}]},{\"@type\":\"BreadcrumbList\",\"@id\":\"https:\/\/www.uilscuolaemiliaromagna.it\/public\/er\/2019\/08\/07\/decreto-precari-un-primo-passo-avanti-importante\/#breadcrumb\",\"itemListElement\":[{\"@type\":\"ListItem\",\"position\":1,\"name\":\"Home\",\"item\":\"https:\/\/www.uilscuolaemiliaromagna.it\/public\/er\/\"},{\"@type\":\"ListItem\",\"position\":2,\"name\":\"Decreto precari, un primo passo avanti importante\"}]},{\"@type\":\"WebSite\",\"@id\":\"https:\/\/www.uilscuolaemiliaromagna.it\/public\/er\/#website\",\"url\":\"https:\/\/www.uilscuolaemiliaromagna.it\/public\/er\/\",\"name\":\"Uil Scuola Emilia Romagna\",\"description\":\"La voce libera della scuola\",\"publisher\":{\"@id\":\"https:\/\/www.uilscuolaemiliaromagna.it\/public\/er\/#organization\"},\"potentialAction\":[{\"@type\":\"SearchAction\",\"target\":{\"@type\":\"EntryPoint\",\"urlTemplate\":\"https:\/\/www.uilscuolaemiliaromagna.it\/public\/er\/?s={search_term_string}\"},\"query-input\":\"required name=search_term_string\"}],\"inLanguage\":\"it-IT\"},{\"@type\":\"Organization\",\"@id\":\"https:\/\/www.uilscuolaemiliaromagna.it\/public\/er\/#organization\",\"name\":\"Uil Scuola Emilia Romagna\",\"url\":\"https:\/\/www.uilscuolaemiliaromagna.it\/public\/er\/\",\"logo\":{\"@type\":\"ImageObject\",\"inLanguage\":\"it-IT\",\"@id\":\"https:\/\/www.uilscuolaemiliaromagna.it\/public\/er\/#\/schema\/logo\/image\/\",\"url\":\"https:\/\/www.uilscuolaemiliaromagna.it\/public\/er\/wp-content\/uploads\/2017\/04\/cropped-header.png\",\"contentUrl\":\"https:\/\/www.uilscuolaemiliaromagna.it\/public\/er\/wp-content\/uploads\/2017\/04\/cropped-header.png\",\"width\":1000,\"height\":150,\"caption\":\"Uil Scuola Emilia Romagna\"},\"image\":{\"@id\":\"https:\/\/www.uilscuolaemiliaromagna.it\/public\/er\/#\/schema\/logo\/image\/\"}},{\"@type\":\"Person\",\"@id\":\"https:\/\/www.uilscuolaemiliaromagna.it\/public\/er\/#\/schema\/person\/f42878fd07a4b6ba2b7153d4fad5de5e\",\"name\":\"admin\",\"image\":{\"@type\":\"ImageObject\",\"inLanguage\":\"it-IT\",\"@id\":\"https:\/\/www.uilscuolaemiliaromagna.it\/public\/er\/#\/schema\/person\/image\/\",\"url\":\"https:\/\/secure.gravatar.com\/avatar\/aebf815ae2f30ffdae8b8c247273d34c?s=96&d=mm&r=g\",\"contentUrl\":\"https:\/\/secure.gravatar.com\/avatar\/aebf815ae2f30ffdae8b8c247273d34c?s=96&d=mm&r=g\",\"caption\":\"admin\"},\"url\":\"https:\/\/www.uilscuolaemiliaromagna.it\/public\/er\/author\/admin\/\"}]}<\/script>\r\n<!-- \/ Yoast SEO plugin. -->","yoast_head_json":{"title":"Decreto precari, un primo passo avanti importante - Uil Scuola Emilia Romagna","robots":{"index":"index","follow":"follow","max-snippet":"max-snippet:-1","max-image-preview":"max-image-preview:large","max-video-preview":"max-video-preview:-1"},"canonical":"https:\/\/www.uilscuolaemiliaromagna.it\/public\/er\/2019\/08\/07\/decreto-precari-un-primo-passo-avanti-importante\/","og_locale":"it_IT","og_type":"article","og_title":"Decreto precari, un primo passo avanti importante - Uil Scuola Emilia Romagna","og_description":"Ora la politica assuma la sua responsabilit\u00e0 L\u2019approvazione del decreto che d\u00e0 attuazione all\u2019intesa su reclutamento e precariato \u00e8 un fatto importante, nonostante le riserve &hellip;","og_url":"https:\/\/www.uilscuolaemiliaromagna.it\/public\/er\/2019\/08\/07\/decreto-precari-un-primo-passo-avanti-importante\/","og_site_name":"Uil Scuola Emilia Romagna","article_published_time":"2019-08-07T17:32:01+00:00","article_modified_time":"2019-08-09T07:32:56+00:00","author":"admin","twitter_card":"summary_large_image","twitter_misc":{"Scritto da":"admin","Tempo di lettura stimato":"2 minuti"},"schema":{"@context":"https:\/\/schema.org","@graph":[{"@type":"Article","@id":"https:\/\/www.uilscuolaemiliaromagna.it\/public\/er\/2019\/08\/07\/decreto-precari-un-primo-passo-avanti-importante\/#article","isPartOf":{"@id":"https:\/\/www.uilscuolaemiliaromagna.it\/public\/er\/2019\/08\/07\/decreto-precari-un-primo-passo-avanti-importante\/"},"author":{"name":"admin","@id":"https:\/\/www.uilscuolaemiliaromagna.it\/public\/er\/#\/schema\/person\/f42878fd07a4b6ba2b7153d4fad5de5e"},"headline":"Decreto precari, un primo passo avanti importante","datePublished":"2019-08-07T17:32:01+00:00","dateModified":"2019-08-09T07:32:56+00:00","mainEntityOfPage":{"@id":"https:\/\/www.uilscuolaemiliaromagna.it\/public\/er\/2019\/08\/07\/decreto-precari-un-primo-passo-avanti-importante\/"},"wordCount":502,"publisher":{"@id":"https:\/\/www.uilscuolaemiliaromagna.it\/public\/er\/#organization"},"articleSection":["ATA","Notizie","Personale Docente"],"inLanguage":"it-IT"},{"@type":"WebPage","@id":"https:\/\/www.uilscuolaemiliaromagna.it\/public\/er\/2019\/08\/07\/decreto-precari-un-primo-passo-avanti-importante\/","url":"https:\/\/www.uilscuolaemiliaromagna.it\/public\/er\/2019\/08\/07\/decreto-precari-un-primo-passo-avanti-importante\/","name":"Decreto precari, un primo passo avanti importante - Uil Scuola Emilia Romagna","isPartOf":{"@id":"https:\/\/www.uilscuolaemiliaromagna.it\/public\/er\/#website"},"datePublished":"2019-08-07T17:32:01+00:00","dateModified":"2019-08-09T07:32:56+00:00","breadcrumb":{"@id":"https:\/\/www.uilscuolaemiliaromagna.it\/public\/er\/2019\/08\/07\/decreto-precari-un-primo-passo-avanti-importante\/#breadcrumb"},"inLanguage":"it-IT","potentialAction":[{"@type":"ReadAction","target":["https:\/\/www.uilscuolaemiliaromagna.it\/public\/er\/2019\/08\/07\/decreto-precari-un-primo-passo-avanti-importante\/"]}]},{"@type":"BreadcrumbList","@id":"https:\/\/www.uilscuolaemiliaromagna.it\/public\/er\/2019\/08\/07\/decreto-precari-un-primo-passo-avanti-importante\/#breadcrumb","itemListElement":[{"@type":"ListItem","position":1,"name":"Home","item":"https:\/\/www.uilscuolaemiliaromagna.it\/public\/er\/"},{"@type":"ListItem","position":2,"name":"Decreto precari, un primo passo avanti importante"}]},{"@type":"WebSite","@id":"https:\/\/www.uilscuolaemiliaromagna.it\/public\/er\/#website","url":"https:\/\/www.uilscuolaemiliaromagna.it\/public\/er\/","name":"Uil Scuola Emilia Romagna","description":"La voce libera della scuola","publisher":{"@id":"https:\/\/www.uilscuolaemiliaromagna.it\/public\/er\/#organization"},"potentialAction":[{"@type":"SearchAction","target":{"@type":"EntryPoint","urlTemplate":"https:\/\/www.uilscuolaemiliaromagna.it\/public\/er\/?s={search_term_string}"},"query-input":"required name=search_term_string"}],"inLanguage":"it-IT"},{"@type":"Organization","@id":"https:\/\/www.uilscuolaemiliaromagna.it\/public\/er\/#organization","name":"Uil Scuola Emilia Romagna","url":"https:\/\/www.uilscuolaemiliaromagna.it\/public\/er\/","logo":{"@type":"ImageObject","inLanguage":"it-IT","@id":"https:\/\/www.uilscuolaemiliaromagna.it\/public\/er\/#\/schema\/logo\/image\/","url":"https:\/\/www.uilscuolaemiliaromagna.it\/public\/er\/wp-content\/uploads\/2017\/04\/cropped-header.png","contentUrl":"https:\/\/www.uilscuolaemiliaromagna.it\/public\/er\/wp-content\/uploads\/2017\/04\/cropped-header.png","width":1000,"height":150,"caption":"Uil Scuola Emilia Romagna"},"image":{"@id":"https:\/\/www.uilscuolaemiliaromagna.it\/public\/er\/#\/schema\/logo\/image\/"}},{"@type":"Person","@id":"https:\/\/www.uilscuolaemiliaromagna.it\/public\/er\/#\/schema\/person\/f42878fd07a4b6ba2b7153d4fad5de5e","name":"admin","image":{"@type":"ImageObject","inLanguage":"it-IT","@id":"https:\/\/www.uilscuolaemiliaromagna.it\/public\/er\/#\/schema\/person\/image\/","url":"https:\/\/secure.gravatar.com\/avatar\/aebf815ae2f30ffdae8b8c247273d34c?s=96&d=mm&r=g","contentUrl":"https:\/\/secure.gravatar.com\/avatar\/aebf815ae2f30ffdae8b8c247273d34c?s=96&d=mm&r=g","caption":"admin"},"url":"https:\/\/www.uilscuolaemiliaromagna.it\/public\/er\/author\/admin\/"}]}},"views":740,"_links":{"self":[{"href":"https:\/\/www.uilscuolaemiliaromagna.it\/public\/er\/wp-json\/wp\/v2\/posts\/4884"}],"collection":[{"href":"https:\/\/www.uilscuolaemiliaromagna.it\/public\/er\/wp-json\/wp\/v2\/posts"}],"about":[{"href":"https:\/\/www.uilscuolaemiliaromagna.it\/public\/er\/wp-json\/wp\/v2\/types\/post"}],"author":[{"embeddable":true,"href":"https:\/\/www.uilscuolaemiliaromagna.it\/public\/er\/wp-json\/wp\/v2\/users\/1"}],"replies":[{"embeddable":true,"href":"https:\/\/www.uilscuolaemiliaromagna.it\/public\/er\/wp-json\/wp\/v2\/comments?post=4884"}],"version-history":[{"count":1,"href":"https:\/\/www.uilscuolaemiliaromagna.it\/public\/er\/wp-json\/wp\/v2\/posts\/4884\/revisions"}],"predecessor-version":[{"id":4885,"href":"https:\/\/www.uilscuolaemiliaromagna.it\/public\/er\/wp-json\/wp\/v2\/posts\/4884\/revisions\/4885"}],"wp:attachment":[{"href":"https:\/\/www.uilscuolaemiliaromagna.it\/public\/er\/wp-json\/wp\/v2\/media?parent=4884"}],"wp:term":[{"taxonomy":"category","embeddable":true,"href":"https:\/\/www.uilscuolaemiliaromagna.it\/public\/er\/wp-json\/wp\/v2\/categories?post=4884"},{"taxonomy":"post_tag","embeddable":true,"href":"https:\/\/www.uilscuolaemiliaromagna.it\/public\/er\/wp-json\/wp\/v2\/tags?post=4884"}],"curies":[{"name":"wp","href":"https:\/\/api.w.org\/{rel}","templated":true}]}}