{"id":5241,"date":"2019-10-29T17:09:01","date_gmt":"2019-10-29T16:09:01","guid":{"rendered":"http:\/\/www.uilscuolaemiliaromagna.it\/public\/er\/?p=5241"},"modified":"2019-10-29T18:10:37","modified_gmt":"2019-10-29T17:10:37","slug":"web-radio-parte-uil-scuola-on-air-trasmissione-web-radiofonica-della-uil-scuola-er","status":"publish","type":"post","link":"https:\/\/www.uilscuolaemiliaromagna.it\/public\/er\/2019\/10\/29\/web-radio-parte-uil-scuola-on-air-trasmissione-web-radiofonica-della-uil-scuola-er\/","title":{"rendered":"Web Radio \u2013 Parte \u201cUil Scuola On Air\u201d, trasmissione web radiofonica della Uil Scuola ER"},"content":{"rendered":"<p style=\"text-align: justify;\"><img loading=\"lazy\" decoding=\"async\" class=\"alignleft wp-image-5244 size-medium\" src=\"https:\/\/www.uilscuolaemiliaromagna.it\/public\/er\/wp-content\/uploads\/2019\/10\/IMG-20191019-WA0028-300x238.jpg\" alt=\"\" width=\"300\" height=\"238\" srcset=\"https:\/\/www.uilscuolaemiliaromagna.it\/public\/er\/wp-content\/uploads\/2019\/10\/IMG-20191019-WA0028-300x238.jpg 300w, https:\/\/www.uilscuolaemiliaromagna.it\/public\/er\/wp-content\/uploads\/2019\/10\/IMG-20191019-WA0028-768x610.jpg 768w, https:\/\/www.uilscuolaemiliaromagna.it\/public\/er\/wp-content\/uploads\/2019\/10\/IMG-20191019-WA0028-1024x813.jpg 1024w, https:\/\/www.uilscuolaemiliaromagna.it\/public\/er\/wp-content\/uploads\/2019\/10\/IMG-20191019-WA0028.jpg 1360w\" sizes=\"(max-width: 300px) 100vw, 300px\" \/>\u00c8 tutto pronto, manca davvero poco. Il tempo di sistemare gli ultimi dettagli e tra qualche settimana (giorno pi\u00f9 giorno meno) partir\u00e0 <strong>\u201cUil Scuola On Air\u201d<\/strong>, programma web radiofonico curato dalla segreteria della <strong>Uil Scuola Emilia Romagna<\/strong>.<\/p>\n<p style=\"text-align: justify;\">La trasmissione andr\u00e0 in onda tutti i gioved\u00ec dalle 18.30 su <strong>FirstRadioWeb<\/strong> e sulla pagina Facebook della <strong>Uil Scuola Bologna &#8211; Emilia Romagna<\/strong>. Quindi, oltre a metterci la voce gli ospiti in studio ci metteranno anche la faccia (cosa rara negli ultimi tempi!).<\/p>\n<p>&nbsp;<\/p>\n<p>&nbsp;<\/p>\n<p style=\"text-align: justify;\"><strong>IL PROGRAMMA &#8211; <\/strong>L\u2019idea \u00e8 quella di affrontare e approfondire settimanalmente alcuni temi legati al mondo della scuola attraverso una vera e propria <strong>interazione <\/strong>tra gli ospiti presenti in studio (sindacalisti, giornalisti, dirigenti e lavoratori della scuola) e gli ascoltatori. In che modo? Baster\u00e0 fare una semplice telefonata al numero <strong>333.2129734<\/strong> o inviare un <strong>whatsapp<\/strong> allo stesso numero. Ovviamente, nei limiti del possibile, saranno letti anche tutti i commenti e le domande che gli utenti lasceranno sotto la diretta Facebook.<\/p>\n<p style=\"text-align: justify;\"><strong>Attraverso un comunicato<\/strong>, che sar\u00e0 pubblicato qualche giorno prima della trasmissione sul sito della Uil Scuola Emilia Romagna, gli ascoltatori avranno la possibilit\u00e0 di conoscere in anticipo gli argomenti che saranno trattati nel corso della puntata e i nomi degli ospiti che interverranno. In questo modo, tutti gli interessati potranno inviare al numero whatsapp indicato le loro domande o segnalazioni con qualche giorno di anticipo. Ai quesiti posti dagli ascoltatori si cercher\u00e0 di dare una risposta in diretta.<\/p>\n<p style=\"text-align: justify;\"><strong>COME FARE PER SEGUIRE LA DIRETTA?<\/strong> \u2013 Per la diretta radiofonica, \u201cUil Scuola On Air\u201d potr\u00e0 essere seguita collegandosi al canale spreaker di \u201cFirstRadioweb\u201d (<a href=\"https:\/\/www.spreaker.com\/user\/forzazzurri\" target=\"_blank\" rel=\"noopener\">clicca qui per essere indirizzato alla pagina del programma<\/a>) oppure cliccando sul player della trasmissione presente sul sito della Uil Scuola Emilia Romagna (<a href=\"https:\/\/www.uilscuolaemiliaromagna.it\/public\/er\/\" target=\"_blank\" rel=\"noopener\">clicca qui per il sito<\/a>). Per la diretta video baster\u00e0 iscriversi alla pagina Facebook della Uil Scuola Bologna &#8211; Emilia Romagna mettendo un semplice \u201cmi piace\u201d (<a href=\"https:\/\/www.facebook.com\/UilScuola-Bologna-Emilia-Romagna-1018421174916785\/\" target=\"_blank\" rel=\"noopener\">clicca qui per mettere \u201cmi piace\u201d alla pagina<\/a>).<\/p>\n<p style=\"text-align: justify;\"><strong>COME FARE PER RIASCOLTARE IL PROGRAMMA?<\/strong> Nel caso in cui non si riuscisse a seguire il programma in diretta, <a href=\"https:\/\/www.spreaker.com\/show\/uil-scuola-on-air\" target=\"_blank\" rel=\"noopener\">cliccando qui<\/a> si avr\u00e0 la possibilit\u00e0 di trovare tutti i <strong>podcast<\/strong> in ordine cronologico che potranno essere riascoltati comodamene sia da PC che da dispositivo mobile. Inoltre, sul sito della Uil Scuola Emilia Romagna \u00e8 possibile trovare sempre il player dell\u2019ultima puntata.<\/p>\n<p style=\"text-align: justify;\">La registrazione video, invece, potr\u00e0 essere recuperata navigando nella <strong>pagina Facebook<\/strong> della Uil Scuola Bologna &#8211; Emilia Romagna.<\/p>\n<p style=\"text-align: justify;\">Insomma, se siete dei docenti, ATA, dirigenti o genitori non potete assolutamente perdere l\u2019appuntamento settimanale con <strong>\u201cUil Scuola On Air\u201d.<\/strong><\/p>\n<p style=\"text-align: justify;\">Vi aspettiamo numerosi<\/p>\n<p>&nbsp;<\/p>\n\n<div class=\"twitter-share\"><a href=\"https:\/\/twitter.com\/intent\/tweet?via=UILScuolaBO_ER\" class=\"twitter-share-button\" data-size=\"large\">Tweet<\/a><\/div>\n","protected":false},"excerpt":{"rendered":"<p>\u00c8 tutto pronto, manca davvero poco. Il tempo di sistemare gli ultimi dettagli e tra qualche settimana (giorno pi\u00f9 giorno meno) partir\u00e0 \u201cUil Scuola On &hellip; <\/p>\n","protected":false},"author":1,"featured_media":0,"comment_status":"closed","ping_status":"open","sticky":false,"template":"","format":"standard","meta":{"footnotes":""},"categories":[2,3,4,12,6,7,8,9,10,13],"tags":[],"yoast_head":"<!-- This site is optimized with the Yoast SEO plugin v21.7 - https:\/\/yoast.com\/wordpress\/plugins\/seo\/ -->\r\n<title>Web Radio \u2013 Parte \u201cUil Scuola On Air\u201d, trasmissione web radiofonica della Uil Scuola ER - Uil Scuola Emilia Romagna<\/title>\r\n<meta name=\"robots\" content=\"index, follow, max-snippet:-1, max-image-preview:large, max-video-preview:-1\" \/>\r\n<link rel=\"canonical\" href=\"https:\/\/www.uilscuolaemiliaromagna.it\/public\/er\/2019\/10\/29\/web-radio-parte-uil-scuola-on-air-trasmissione-web-radiofonica-della-uil-scuola-er\/\" \/>\r\n<meta property=\"og:locale\" content=\"it_IT\" \/>\r\n<meta property=\"og:type\" content=\"article\" \/>\r\n<meta property=\"og:title\" content=\"Web Radio \u2013 Parte \u201cUil Scuola On Air\u201d, trasmissione web radiofonica della Uil Scuola ER - Uil Scuola Emilia Romagna\" \/>\r\n<meta property=\"og:description\" content=\"\u00c8 tutto pronto, manca davvero poco. Il tempo di sistemare gli ultimi dettagli e tra qualche settimana (giorno pi\u00f9 giorno meno) partir\u00e0 \u201cUil Scuola On &hellip;\" \/>\r\n<meta property=\"og:url\" content=\"https:\/\/www.uilscuolaemiliaromagna.it\/public\/er\/2019\/10\/29\/web-radio-parte-uil-scuola-on-air-trasmissione-web-radiofonica-della-uil-scuola-er\/\" \/>\r\n<meta property=\"og:site_name\" content=\"Uil Scuola Emilia Romagna\" \/>\r\n<meta property=\"article:published_time\" content=\"2019-10-29T16:09:01+00:00\" \/>\r\n<meta property=\"article:modified_time\" content=\"2019-10-29T17:10:37+00:00\" \/>\r\n<meta property=\"og:image\" content=\"http:\/\/www.uilscuolaemiliaromagna.it\/public\/er\/wp-content\/uploads\/2019\/10\/IMG-20191019-WA0028-300x238.jpg\" \/>\r\n<meta name=\"author\" content=\"admin\" \/>\r\n<meta name=\"twitter:card\" content=\"summary_large_image\" \/>\r\n<meta name=\"twitter:label1\" content=\"Scritto da\" \/>\n\t<meta name=\"twitter:data1\" content=\"admin\" \/>\n\t<meta name=\"twitter:label2\" content=\"Tempo di lettura stimato\" \/>\n\t<meta name=\"twitter:data2\" content=\"2 minuti\" \/>\r\n<script type=\"application\/ld+json\" class=\"yoast-schema-graph\">{\"@context\":\"https:\/\/schema.org\",\"@graph\":[{\"@type\":\"Article\",\"@id\":\"https:\/\/www.uilscuolaemiliaromagna.it\/public\/er\/2019\/10\/29\/web-radio-parte-uil-scuola-on-air-trasmissione-web-radiofonica-della-uil-scuola-er\/#article\",\"isPartOf\":{\"@id\":\"https:\/\/www.uilscuolaemiliaromagna.it\/public\/er\/2019\/10\/29\/web-radio-parte-uil-scuola-on-air-trasmissione-web-radiofonica-della-uil-scuola-er\/\"},\"author\":{\"name\":\"admin\",\"@id\":\"https:\/\/www.uilscuolaemiliaromagna.it\/public\/er\/#\/schema\/person\/f42878fd07a4b6ba2b7153d4fad5de5e\"},\"headline\":\"Web Radio \u2013 Parte \u201cUil Scuola On Air\u201d, trasmissione web radiofonica della Uil Scuola ER\",\"datePublished\":\"2019-10-29T16:09:01+00:00\",\"dateModified\":\"2019-10-29T17:10:37+00:00\",\"mainEntityOfPage\":{\"@id\":\"https:\/\/www.uilscuolaemiliaromagna.it\/public\/er\/2019\/10\/29\/web-radio-parte-uil-scuola-on-air-trasmissione-web-radiofonica-della-uil-scuola-er\/\"},\"wordCount\":435,\"publisher\":{\"@id\":\"https:\/\/www.uilscuolaemiliaromagna.it\/public\/er\/#organization\"},\"articleSection\":[\"ATA\",\"Dirigenti\",\"Infanzia\",\"Notizie\",\"Personale Docente\",\"Personale Educativo\",\"Primaria\",\"Sec. Primo Grado\",\"Sec. Secondo Grado\",\"Strumento Musicale\"],\"inLanguage\":\"it-IT\"},{\"@type\":\"WebPage\",\"@id\":\"https:\/\/www.uilscuolaemiliaromagna.it\/public\/er\/2019\/10\/29\/web-radio-parte-uil-scuola-on-air-trasmissione-web-radiofonica-della-uil-scuola-er\/\",\"url\":\"https:\/\/www.uilscuolaemiliaromagna.it\/public\/er\/2019\/10\/29\/web-radio-parte-uil-scuola-on-air-trasmissione-web-radiofonica-della-uil-scuola-er\/\",\"name\":\"Web Radio \u2013 Parte \u201cUil Scuola On Air\u201d, trasmissione web radiofonica della Uil Scuola ER - Uil Scuola Emilia Romagna\",\"isPartOf\":{\"@id\":\"https:\/\/www.uilscuolaemiliaromagna.it\/public\/er\/#website\"},\"datePublished\":\"2019-10-29T16:09:01+00:00\",\"dateModified\":\"2019-10-29T17:10:37+00:00\",\"breadcrumb\":{\"@id\":\"https:\/\/www.uilscuolaemiliaromagna.it\/public\/er\/2019\/10\/29\/web-radio-parte-uil-scuola-on-air-trasmissione-web-radiofonica-della-uil-scuola-er\/#breadcrumb\"},\"inLanguage\":\"it-IT\",\"potentialAction\":[{\"@type\":\"ReadAction\",\"target\":[\"https:\/\/www.uilscuolaemiliaromagna.it\/public\/er\/2019\/10\/29\/web-radio-parte-uil-scuola-on-air-trasmissione-web-radiofonica-della-uil-scuola-er\/\"]}]},{\"@type\":\"BreadcrumbList\",\"@id\":\"https:\/\/www.uilscuolaemiliaromagna.it\/public\/er\/2019\/10\/29\/web-radio-parte-uil-scuola-on-air-trasmissione-web-radiofonica-della-uil-scuola-er\/#breadcrumb\",\"itemListElement\":[{\"@type\":\"ListItem\",\"position\":1,\"name\":\"Home\",\"item\":\"https:\/\/www.uilscuolaemiliaromagna.it\/public\/er\/\"},{\"@type\":\"ListItem\",\"position\":2,\"name\":\"Web Radio \u2013 Parte \u201cUil Scuola On Air\u201d, trasmissione web radiofonica della Uil Scuola ER\"}]},{\"@type\":\"WebSite\",\"@id\":\"https:\/\/www.uilscuolaemiliaromagna.it\/public\/er\/#website\",\"url\":\"https:\/\/www.uilscuolaemiliaromagna.it\/public\/er\/\",\"name\":\"Uil Scuola Emilia Romagna\",\"description\":\"La voce libera della scuola\",\"publisher\":{\"@id\":\"https:\/\/www.uilscuolaemiliaromagna.it\/public\/er\/#organization\"},\"potentialAction\":[{\"@type\":\"SearchAction\",\"target\":{\"@type\":\"EntryPoint\",\"urlTemplate\":\"https:\/\/www.uilscuolaemiliaromagna.it\/public\/er\/?s={search_term_string}\"},\"query-input\":\"required name=search_term_string\"}],\"inLanguage\":\"it-IT\"},{\"@type\":\"Organization\",\"@id\":\"https:\/\/www.uilscuolaemiliaromagna.it\/public\/er\/#organization\",\"name\":\"Uil Scuola Emilia Romagna\",\"url\":\"https:\/\/www.uilscuolaemiliaromagna.it\/public\/er\/\",\"logo\":{\"@type\":\"ImageObject\",\"inLanguage\":\"it-IT\",\"@id\":\"https:\/\/www.uilscuolaemiliaromagna.it\/public\/er\/#\/schema\/logo\/image\/\",\"url\":\"https:\/\/www.uilscuolaemiliaromagna.it\/public\/er\/wp-content\/uploads\/2017\/04\/cropped-header.png\",\"contentUrl\":\"https:\/\/www.uilscuolaemiliaromagna.it\/public\/er\/wp-content\/uploads\/2017\/04\/cropped-header.png\",\"width\":1000,\"height\":150,\"caption\":\"Uil Scuola Emilia Romagna\"},\"image\":{\"@id\":\"https:\/\/www.uilscuolaemiliaromagna.it\/public\/er\/#\/schema\/logo\/image\/\"}},{\"@type\":\"Person\",\"@id\":\"https:\/\/www.uilscuolaemiliaromagna.it\/public\/er\/#\/schema\/person\/f42878fd07a4b6ba2b7153d4fad5de5e\",\"name\":\"admin\",\"image\":{\"@type\":\"ImageObject\",\"inLanguage\":\"it-IT\",\"@id\":\"https:\/\/www.uilscuolaemiliaromagna.it\/public\/er\/#\/schema\/person\/image\/\",\"url\":\"https:\/\/secure.gravatar.com\/avatar\/aebf815ae2f30ffdae8b8c247273d34c?s=96&d=mm&r=g\",\"contentUrl\":\"https:\/\/secure.gravatar.com\/avatar\/aebf815ae2f30ffdae8b8c247273d34c?s=96&d=mm&r=g\",\"caption\":\"admin\"},\"url\":\"https:\/\/www.uilscuolaemiliaromagna.it\/public\/er\/author\/admin\/\"}]}<\/script>\r\n<!-- \/ Yoast SEO plugin. -->","yoast_head_json":{"title":"Web Radio \u2013 Parte \u201cUil Scuola On Air\u201d, trasmissione web radiofonica della Uil Scuola ER - Uil Scuola Emilia Romagna","robots":{"index":"index","follow":"follow","max-snippet":"max-snippet:-1","max-image-preview":"max-image-preview:large","max-video-preview":"max-video-preview:-1"},"canonical":"https:\/\/www.uilscuolaemiliaromagna.it\/public\/er\/2019\/10\/29\/web-radio-parte-uil-scuola-on-air-trasmissione-web-radiofonica-della-uil-scuola-er\/","og_locale":"it_IT","og_type":"article","og_title":"Web Radio \u2013 Parte \u201cUil Scuola On Air\u201d, trasmissione web radiofonica della Uil Scuola ER - Uil Scuola Emilia Romagna","og_description":"\u00c8 tutto pronto, manca davvero poco. Il tempo di sistemare gli ultimi dettagli e tra qualche settimana (giorno pi\u00f9 giorno meno) partir\u00e0 \u201cUil Scuola On &hellip;","og_url":"https:\/\/www.uilscuolaemiliaromagna.it\/public\/er\/2019\/10\/29\/web-radio-parte-uil-scuola-on-air-trasmissione-web-radiofonica-della-uil-scuola-er\/","og_site_name":"Uil Scuola Emilia Romagna","article_published_time":"2019-10-29T16:09:01+00:00","article_modified_time":"2019-10-29T17:10:37+00:00","og_image":[{"url":"http:\/\/www.uilscuolaemiliaromagna.it\/public\/er\/wp-content\/uploads\/2019\/10\/IMG-20191019-WA0028-300x238.jpg"}],"author":"admin","twitter_card":"summary_large_image","twitter_misc":{"Scritto da":"admin","Tempo di lettura stimato":"2 minuti"},"schema":{"@context":"https:\/\/schema.org","@graph":[{"@type":"Article","@id":"https:\/\/www.uilscuolaemiliaromagna.it\/public\/er\/2019\/10\/29\/web-radio-parte-uil-scuola-on-air-trasmissione-web-radiofonica-della-uil-scuola-er\/#article","isPartOf":{"@id":"https:\/\/www.uilscuolaemiliaromagna.it\/public\/er\/2019\/10\/29\/web-radio-parte-uil-scuola-on-air-trasmissione-web-radiofonica-della-uil-scuola-er\/"},"author":{"name":"admin","@id":"https:\/\/www.uilscuolaemiliaromagna.it\/public\/er\/#\/schema\/person\/f42878fd07a4b6ba2b7153d4fad5de5e"},"headline":"Web Radio \u2013 Parte \u201cUil Scuola On Air\u201d, trasmissione web radiofonica della Uil Scuola ER","datePublished":"2019-10-29T16:09:01+00:00","dateModified":"2019-10-29T17:10:37+00:00","mainEntityOfPage":{"@id":"https:\/\/www.uilscuolaemiliaromagna.it\/public\/er\/2019\/10\/29\/web-radio-parte-uil-scuola-on-air-trasmissione-web-radiofonica-della-uil-scuola-er\/"},"wordCount":435,"publisher":{"@id":"https:\/\/www.uilscuolaemiliaromagna.it\/public\/er\/#organization"},"articleSection":["ATA","Dirigenti","Infanzia","Notizie","Personale Docente","Personale Educativo","Primaria","Sec. Primo Grado","Sec. Secondo Grado","Strumento Musicale"],"inLanguage":"it-IT"},{"@type":"WebPage","@id":"https:\/\/www.uilscuolaemiliaromagna.it\/public\/er\/2019\/10\/29\/web-radio-parte-uil-scuola-on-air-trasmissione-web-radiofonica-della-uil-scuola-er\/","url":"https:\/\/www.uilscuolaemiliaromagna.it\/public\/er\/2019\/10\/29\/web-radio-parte-uil-scuola-on-air-trasmissione-web-radiofonica-della-uil-scuola-er\/","name":"Web Radio \u2013 Parte \u201cUil Scuola On Air\u201d, trasmissione web radiofonica della Uil Scuola ER - Uil Scuola Emilia Romagna","isPartOf":{"@id":"https:\/\/www.uilscuolaemiliaromagna.it\/public\/er\/#website"},"datePublished":"2019-10-29T16:09:01+00:00","dateModified":"2019-10-29T17:10:37+00:00","breadcrumb":{"@id":"https:\/\/www.uilscuolaemiliaromagna.it\/public\/er\/2019\/10\/29\/web-radio-parte-uil-scuola-on-air-trasmissione-web-radiofonica-della-uil-scuola-er\/#breadcrumb"},"inLanguage":"it-IT","potentialAction":[{"@type":"ReadAction","target":["https:\/\/www.uilscuolaemiliaromagna.it\/public\/er\/2019\/10\/29\/web-radio-parte-uil-scuola-on-air-trasmissione-web-radiofonica-della-uil-scuola-er\/"]}]},{"@type":"BreadcrumbList","@id":"https:\/\/www.uilscuolaemiliaromagna.it\/public\/er\/2019\/10\/29\/web-radio-parte-uil-scuola-on-air-trasmissione-web-radiofonica-della-uil-scuola-er\/#breadcrumb","itemListElement":[{"@type":"ListItem","position":1,"name":"Home","item":"https:\/\/www.uilscuolaemiliaromagna.it\/public\/er\/"},{"@type":"ListItem","position":2,"name":"Web Radio \u2013 Parte \u201cUil Scuola On Air\u201d, trasmissione web radiofonica della Uil Scuola ER"}]},{"@type":"WebSite","@id":"https:\/\/www.uilscuolaemiliaromagna.it\/public\/er\/#website","url":"https:\/\/www.uilscuolaemiliaromagna.it\/public\/er\/","name":"Uil Scuola Emilia Romagna","description":"La voce libera della scuola","publisher":{"@id":"https:\/\/www.uilscuolaemiliaromagna.it\/public\/er\/#organization"},"potentialAction":[{"@type":"SearchAction","target":{"@type":"EntryPoint","urlTemplate":"https:\/\/www.uilscuolaemiliaromagna.it\/public\/er\/?s={search_term_string}"},"query-input":"required name=search_term_string"}],"inLanguage":"it-IT"},{"@type":"Organization","@id":"https:\/\/www.uilscuolaemiliaromagna.it\/public\/er\/#organization","name":"Uil Scuola Emilia Romagna","url":"https:\/\/www.uilscuolaemiliaromagna.it\/public\/er\/","logo":{"@type":"ImageObject","inLanguage":"it-IT","@id":"https:\/\/www.uilscuolaemiliaromagna.it\/public\/er\/#\/schema\/logo\/image\/","url":"https:\/\/www.uilscuolaemiliaromagna.it\/public\/er\/wp-content\/uploads\/2017\/04\/cropped-header.png","contentUrl":"https:\/\/www.uilscuolaemiliaromagna.it\/public\/er\/wp-content\/uploads\/2017\/04\/cropped-header.png","width":1000,"height":150,"caption":"Uil Scuola Emilia Romagna"},"image":{"@id":"https:\/\/www.uilscuolaemiliaromagna.it\/public\/er\/#\/schema\/logo\/image\/"}},{"@type":"Person","@id":"https:\/\/www.uilscuolaemiliaromagna.it\/public\/er\/#\/schema\/person\/f42878fd07a4b6ba2b7153d4fad5de5e","name":"admin","image":{"@type":"ImageObject","inLanguage":"it-IT","@id":"https:\/\/www.uilscuolaemiliaromagna.it\/public\/er\/#\/schema\/person\/image\/","url":"https:\/\/secure.gravatar.com\/avatar\/aebf815ae2f30ffdae8b8c247273d34c?s=96&d=mm&r=g","contentUrl":"https:\/\/secure.gravatar.com\/avatar\/aebf815ae2f30ffdae8b8c247273d34c?s=96&d=mm&r=g","caption":"admin"},"url":"https:\/\/www.uilscuolaemiliaromagna.it\/public\/er\/author\/admin\/"}]}},"views":1141,"_links":{"self":[{"href":"https:\/\/www.uilscuolaemiliaromagna.it\/public\/er\/wp-json\/wp\/v2\/posts\/5241"}],"collection":[{"href":"https:\/\/www.uilscuolaemiliaromagna.it\/public\/er\/wp-json\/wp\/v2\/posts"}],"about":[{"href":"https:\/\/www.uilscuolaemiliaromagna.it\/public\/er\/wp-json\/wp\/v2\/types\/post"}],"author":[{"embeddable":true,"href":"https:\/\/www.uilscuolaemiliaromagna.it\/public\/er\/wp-json\/wp\/v2\/users\/1"}],"replies":[{"embeddable":true,"href":"https:\/\/www.uilscuolaemiliaromagna.it\/public\/er\/wp-json\/wp\/v2\/comments?post=5241"}],"version-history":[{"count":7,"href":"https:\/\/www.uilscuolaemiliaromagna.it\/public\/er\/wp-json\/wp\/v2\/posts\/5241\/revisions"}],"predecessor-version":[{"id":5256,"href":"https:\/\/www.uilscuolaemiliaromagna.it\/public\/er\/wp-json\/wp\/v2\/posts\/5241\/revisions\/5256"}],"wp:attachment":[{"href":"https:\/\/www.uilscuolaemiliaromagna.it\/public\/er\/wp-json\/wp\/v2\/media?parent=5241"}],"wp:term":[{"taxonomy":"category","embeddable":true,"href":"https:\/\/www.uilscuolaemiliaromagna.it\/public\/er\/wp-json\/wp\/v2\/categories?post=5241"},{"taxonomy":"post_tag","embeddable":true,"href":"https:\/\/www.uilscuolaemiliaromagna.it\/public\/er\/wp-json\/wp\/v2\/tags?post=5241"}],"curies":[{"name":"wp","href":"https:\/\/api.w.org\/{rel}","templated":true}]}}