{"id":5455,"date":"2020-01-02T18:13:19","date_gmt":"2020-01-02T17:13:19","guid":{"rendered":"http:\/\/www.uilscuolaemiliaromagna.it\/public\/er\/?p=5455"},"modified":"2020-01-09T10:15:58","modified_gmt":"2020-01-09T09:15:58","slug":"turi-concorso-docenti-non-e-lascia-o-raddoppia-si-a-batteria-domande-bandi-al-piu-presto","status":"publish","type":"post","link":"https:\/\/www.uilscuolaemiliaromagna.it\/public\/er\/2020\/01\/02\/turi-concorso-docenti-non-e-lascia-o-raddoppia-si-a-batteria-domande-bandi-al-piu-presto\/","title":{"rendered":"Turi: concorso docenti non \u00e8 \u201cLascia o raddoppia\u201d, s\u00ec a batteria domande. Bandi al pi\u00f9 presto."},"content":{"rendered":"<div class=\"entry-summary\">\n<blockquote>\n<p style=\"text-align: justify;\"><strong>La divisione del Miur, le emergenze della scuola, dai bandi dei concorsi straordinario e ordinario al rinnovo del contratto. Ne parla Pino Turi, Segretario generale della Uil Scuola, in un\u2019intervista su Orizzontescuola.<\/strong><\/p>\n<\/blockquote>\n<\/div>\n<p style=\"text-align: justify;\"><strong>Un Miur suddiviso tra Ministro della Scuola, Lucia Azzolina, e Ministro dell\u2019Universit\u00e0, Gaetano Manfredi. Sar\u00e0 positiva questa divisione<br \/>\n<\/strong>La divisione pu\u00f2 essere positiva se si rispettano le competenze dei due Ministeri. L\u2019Universit\u00e0 e la Ricerca \u00e8 il tetto di una struttura che ha bisogno di basi solide che \u00e8 la Scuola. Se si parlano e quindi c\u2019\u00e8 coordinamento sar\u00e0 un elemento positivo, se invece non ci sar\u00e0 comunicazione tra loro non sar\u00e0 una buona cosa. Il problema principale \u00e8 che si tratta di due mondi diversi che devono dialogare tra loro.<\/p>\n<p style=\"text-align: justify;\"><strong>Cosa dovr\u00e0 affrontare innanzitutto il prossimo Ministro della Scuola?<br \/>\n<\/strong>Vedremo quale sar\u00e0 il suo progetto, sapendo che la via \u00e8 gi\u00e0 tracciata. Abbiamo gi\u00e0 avuto confronti con i precedenti ministri, non si pu\u00f2 cambiare linea a ogni cambio di ministro, altrimenti la scuola rischia di andare in tilt. Bisogna affrontare i problemi in maniera concreta: ci sono obiettivi da raggiungere, i tempi e le risorse. Senza questi tre elementi difficilmente si riesce a risolvere le difficolt\u00e0, sapendo che molte volte il meglio \u00e8 nemico del bene. Noi pensiamo che il Ministro debba fare bene non meglio. Non c\u2019\u00e8 da fare un paragone con altri, ci sono semmai i problemi da risolvere.<br \/>\nCon l\u2019ormai ex Ministro Fioramonti abbiamo gi\u00e0 instaurato un programma di incontri e tavoli. Bisogna far partire l\u2019anno scolastico e uscire dalle emergenze. Abbiamo tutto il tempo per mettere in pratica i concorsi e mettere in cattedra i docenti. Oggi pi\u00f9 che capire come il Ministro si approccia dobbiamo comprendere quali sono gli elementi pi\u00f9 veloci per risolvere i problemi: bisogna dare una soluzione.<\/p>\n<p style=\"text-align: justify;\"><strong>Il 19 dicembre c\u2019\u00e8 stata una conciliazione con il Miur, tra le questioni principali il rinnovo del contratto e la situazione dei facente funzione di Dsga<br \/>\n<\/strong>Abbiamo tre emergenze che erano alla base della mobilitazione che i cinque sindacati avevano iniziato ad attuare. La mobilitazione si \u00e8 fermata perch\u00e9 ci sono stati accordi con l\u2019ex Ministro Fioramonti: un tavolo per avviare i concorsi straordinario e ordinario e dare quindi una soluzione al precariato, un tavolo sulla mobilit\u00e0 perch\u00e9 ci sar\u00e0 da rivederla anche in vista degli ingressi da marzo degli ex Lsu, bisogner\u00e0 affrontare la questione dei facente funzione di Dsga che sono rimasti fuori dal decreto scuola.<br \/>\nIn prospettiva c\u2019\u00e8 poi il rinnovo del contratto, elemento importantissimo perch\u00e9 riguarda circa un milione di persone. Bisogna trovare il giusto riconoscimento economico per chi svolge un lavoro che sta diventando sempre pi\u00f9 difficile.<\/p>\n<p style=\"text-align: justify;\"><strong>Per ci\u00f2 che riguarda i bandi dei prossimi concorsi docenti, si proceder\u00e0 senza difficolt\u00e0?<br \/>\n<\/strong>Abbiamo stabilito per il giorno 7 gennaio l\u2019apertura di un tavolo per concertare i decreti attuativi sia per il concorso ordinario che per quello straordinario. La legge c\u2019\u00e8 ma bisogna attuarla attraverso i bandi. Questo \u00e8 urgente, noi attendiamo la convocazione al pi\u00f9 presto, altrimenti i tempi si allungano e si rischia di arrivare a inizio anno scolastico impreparati. Per la scuola il tempo \u00e8 una variabile dipendente: ogni anno scolastico si apre a settembre e si chiude ad agosto, c\u2019\u00e8 da mettere insieme 800 mila docenti di ruolo, 200 mila precari, pi\u00f9 il personale Ata, pi\u00f9 le famiglie e gli studenti non \u00e8 un lavoro facile.<br \/>\nI tempi sono gi\u00e0 stretti, non si pu\u00f2 assolutamente rimandare, si \u00e8 preso gi\u00e0 abbastanza tempo per approvare il decreto, siamo sulla linea di emergenza e bisogna agire rapidamente per consentire l\u2019avvio dell\u2019anno scolastico in maniera regolare.<br \/>\nNon dimentichiamo poi che i posti lasciati liberi da Quota 100, i quali il prossimo anno saranno ancora di pi\u00f9. Come si pu\u00f2 vedere il problema \u00e8 complesso: \u00e8 necessario perci\u00f2 agire sulle emergenze, ma avere anche una prospettiva di quadro.<\/p>\n<p style=\"text-align: justify;\"><strong>Ha recentemente fatto riferimento a una batteria di domande per il concorso straordinario<br \/>\n<\/strong>Il concorso non deve essere un \u201cLascia o raddoppia\u201d, bisogna essere preparati e perci\u00f2 capire quali sono le domande su cui ci sar\u00e0 l\u2019esame. Si deve giocare a carte scoperte non coperte. Entrare nella scuola non pu\u00f2 essere un terno al lotto. Gi\u00e0 \u00e8 un terno al lotto un concorso di per s\u00e9, ma almeno avere una batteria di domande, da cui poi si estrapolano quelle che saranno oggetto dell\u2019esame, \u00e8 un\u2019opportunit\u00e0 per far crescere culturalmente la preparazione dei candidati.<\/p>\n<p style=\"text-align: justify;\"><strong>Per concludere, quali saranno le tematiche principali che affronterete in questo nuovo anno?<br \/>\n<\/strong>Oltre alle emergenze delineate sopra, ci dovrebbe essere un ragionamento di quadro che vada a intersecarsi con il rinnovo del contratto. Va inoltre garantita la libert\u00e0 di insegnamento che \u00e8 alla base della Costituzione, vanno riviste le sanzioni disciplinari per i docenti. Basta pensare ai casi recenti, come quello della professoressa Dell\u2019Aria, fatti che non devono pi\u00f9 accadere.<br \/>\nAl Ministro auguriamo buon lavoro, ma con le prospettive di confronto per trovare le giuste soluzioni in un comparto che \u00e8 centrale nella vita di questo Paese sia oggi che in futuro.<\/p>\n<ul>\n<li><a href=\"https:\/\/www.orizzontescuola.it\/turi-uil-concorso-docenti-non-e-lascia-o-raddoppia-si-a-batteria-domande-bandi-al-piu-presto-intervista\/?fbclid=IwAR1Y6voOswnnR11YF_s-8AkxuZDl4YLz247UvCr7qBe8WUjqH-BKz4BJ6zg#.Xg20U4qs9xE.facebook\" target=\"_blank\" rel=\"noopener\">il testo dell&#8217;intervista su OrizzonteScuola<\/a><\/li>\n<\/ul>\n\n<div class=\"twitter-share\"><a href=\"https:\/\/twitter.com\/intent\/tweet?via=UILScuolaBO_ER\" class=\"twitter-share-button\" data-size=\"large\">Tweet<\/a><\/div>\n","protected":false},"excerpt":{"rendered":"<p>La divisione del Miur, le emergenze della scuola, dai bandi dei concorsi straordinario e ordinario al rinnovo del contratto. Ne parla Pino Turi, Segretario generale &hellip; <\/p>\n","protected":false},"author":1,"featured_media":0,"comment_status":"closed","ping_status":"open","sticky":false,"template":"","format":"standard","meta":{"footnotes":""},"categories":[12,6],"tags":[],"yoast_head":"<!-- This site is optimized with the Yoast SEO plugin v21.7 - https:\/\/yoast.com\/wordpress\/plugins\/seo\/ -->\r\n<title>Turi: concorso docenti non \u00e8 \u201cLascia o raddoppia\u201d, s\u00ec a batteria domande. Bandi al pi\u00f9 presto. - Uil Scuola Emilia Romagna<\/title>\r\n<meta name=\"robots\" content=\"index, follow, max-snippet:-1, max-image-preview:large, max-video-preview:-1\" \/>\r\n<link rel=\"canonical\" href=\"https:\/\/www.uilscuolaemiliaromagna.it\/public\/er\/2020\/01\/02\/turi-concorso-docenti-non-e-lascia-o-raddoppia-si-a-batteria-domande-bandi-al-piu-presto\/\" \/>\r\n<meta property=\"og:locale\" content=\"it_IT\" \/>\r\n<meta property=\"og:type\" content=\"article\" \/>\r\n<meta property=\"og:title\" content=\"Turi: concorso docenti non \u00e8 \u201cLascia o raddoppia\u201d, s\u00ec a batteria domande. Bandi al pi\u00f9 presto. - Uil Scuola Emilia Romagna\" \/>\r\n<meta property=\"og:description\" content=\"La divisione del Miur, le emergenze della scuola, dai bandi dei concorsi straordinario e ordinario al rinnovo del contratto. Ne parla Pino Turi, Segretario generale &hellip;\" \/>\r\n<meta property=\"og:url\" content=\"https:\/\/www.uilscuolaemiliaromagna.it\/public\/er\/2020\/01\/02\/turi-concorso-docenti-non-e-lascia-o-raddoppia-si-a-batteria-domande-bandi-al-piu-presto\/\" \/>\r\n<meta property=\"og:site_name\" content=\"Uil Scuola Emilia Romagna\" \/>\r\n<meta property=\"article:published_time\" content=\"2020-01-02T17:13:19+00:00\" \/>\r\n<meta property=\"article:modified_time\" content=\"2020-01-09T09:15:58+00:00\" \/>\r\n<meta name=\"author\" content=\"admin\" \/>\r\n<meta name=\"twitter:card\" content=\"summary_large_image\" \/>\r\n<meta name=\"twitter:label1\" content=\"Scritto da\" \/>\n\t<meta name=\"twitter:data1\" content=\"admin\" \/>\n\t<meta name=\"twitter:label2\" content=\"Tempo di lettura stimato\" \/>\n\t<meta name=\"twitter:data2\" content=\"4 minuti\" \/>\r\n<script type=\"application\/ld+json\" class=\"yoast-schema-graph\">{\"@context\":\"https:\/\/schema.org\",\"@graph\":[{\"@type\":\"Article\",\"@id\":\"https:\/\/www.uilscuolaemiliaromagna.it\/public\/er\/2020\/01\/02\/turi-concorso-docenti-non-e-lascia-o-raddoppia-si-a-batteria-domande-bandi-al-piu-presto\/#article\",\"isPartOf\":{\"@id\":\"https:\/\/www.uilscuolaemiliaromagna.it\/public\/er\/2020\/01\/02\/turi-concorso-docenti-non-e-lascia-o-raddoppia-si-a-batteria-domande-bandi-al-piu-presto\/\"},\"author\":{\"name\":\"admin\",\"@id\":\"https:\/\/www.uilscuolaemiliaromagna.it\/public\/er\/#\/schema\/person\/f42878fd07a4b6ba2b7153d4fad5de5e\"},\"headline\":\"Turi: concorso docenti non \u00e8 \u201cLascia o raddoppia\u201d, s\u00ec a batteria domande. Bandi al pi\u00f9 presto.\",\"datePublished\":\"2020-01-02T17:13:19+00:00\",\"dateModified\":\"2020-01-09T09:15:58+00:00\",\"mainEntityOfPage\":{\"@id\":\"https:\/\/www.uilscuolaemiliaromagna.it\/public\/er\/2020\/01\/02\/turi-concorso-docenti-non-e-lascia-o-raddoppia-si-a-batteria-domande-bandi-al-piu-presto\/\"},\"wordCount\":847,\"publisher\":{\"@id\":\"https:\/\/www.uilscuolaemiliaromagna.it\/public\/er\/#organization\"},\"articleSection\":[\"Notizie\",\"Personale Docente\"],\"inLanguage\":\"it-IT\"},{\"@type\":\"WebPage\",\"@id\":\"https:\/\/www.uilscuolaemiliaromagna.it\/public\/er\/2020\/01\/02\/turi-concorso-docenti-non-e-lascia-o-raddoppia-si-a-batteria-domande-bandi-al-piu-presto\/\",\"url\":\"https:\/\/www.uilscuolaemiliaromagna.it\/public\/er\/2020\/01\/02\/turi-concorso-docenti-non-e-lascia-o-raddoppia-si-a-batteria-domande-bandi-al-piu-presto\/\",\"name\":\"Turi: concorso docenti non \u00e8 \u201cLascia o raddoppia\u201d, s\u00ec a batteria domande. Bandi al pi\u00f9 presto. - Uil Scuola Emilia Romagna\",\"isPartOf\":{\"@id\":\"https:\/\/www.uilscuolaemiliaromagna.it\/public\/er\/#website\"},\"datePublished\":\"2020-01-02T17:13:19+00:00\",\"dateModified\":\"2020-01-09T09:15:58+00:00\",\"breadcrumb\":{\"@id\":\"https:\/\/www.uilscuolaemiliaromagna.it\/public\/er\/2020\/01\/02\/turi-concorso-docenti-non-e-lascia-o-raddoppia-si-a-batteria-domande-bandi-al-piu-presto\/#breadcrumb\"},\"inLanguage\":\"it-IT\",\"potentialAction\":[{\"@type\":\"ReadAction\",\"target\":[\"https:\/\/www.uilscuolaemiliaromagna.it\/public\/er\/2020\/01\/02\/turi-concorso-docenti-non-e-lascia-o-raddoppia-si-a-batteria-domande-bandi-al-piu-presto\/\"]}]},{\"@type\":\"BreadcrumbList\",\"@id\":\"https:\/\/www.uilscuolaemiliaromagna.it\/public\/er\/2020\/01\/02\/turi-concorso-docenti-non-e-lascia-o-raddoppia-si-a-batteria-domande-bandi-al-piu-presto\/#breadcrumb\",\"itemListElement\":[{\"@type\":\"ListItem\",\"position\":1,\"name\":\"Home\",\"item\":\"https:\/\/www.uilscuolaemiliaromagna.it\/public\/er\/\"},{\"@type\":\"ListItem\",\"position\":2,\"name\":\"Turi: concorso docenti non \u00e8 \u201cLascia o raddoppia\u201d, s\u00ec a batteria domande. Bandi al pi\u00f9 presto.\"}]},{\"@type\":\"WebSite\",\"@id\":\"https:\/\/www.uilscuolaemiliaromagna.it\/public\/er\/#website\",\"url\":\"https:\/\/www.uilscuolaemiliaromagna.it\/public\/er\/\",\"name\":\"Uil Scuola Emilia Romagna\",\"description\":\"La voce libera della scuola\",\"publisher\":{\"@id\":\"https:\/\/www.uilscuolaemiliaromagna.it\/public\/er\/#organization\"},\"potentialAction\":[{\"@type\":\"SearchAction\",\"target\":{\"@type\":\"EntryPoint\",\"urlTemplate\":\"https:\/\/www.uilscuolaemiliaromagna.it\/public\/er\/?s={search_term_string}\"},\"query-input\":\"required name=search_term_string\"}],\"inLanguage\":\"it-IT\"},{\"@type\":\"Organization\",\"@id\":\"https:\/\/www.uilscuolaemiliaromagna.it\/public\/er\/#organization\",\"name\":\"Uil Scuola Emilia Romagna\",\"url\":\"https:\/\/www.uilscuolaemiliaromagna.it\/public\/er\/\",\"logo\":{\"@type\":\"ImageObject\",\"inLanguage\":\"it-IT\",\"@id\":\"https:\/\/www.uilscuolaemiliaromagna.it\/public\/er\/#\/schema\/logo\/image\/\",\"url\":\"https:\/\/www.uilscuolaemiliaromagna.it\/public\/er\/wp-content\/uploads\/2017\/04\/cropped-header.png\",\"contentUrl\":\"https:\/\/www.uilscuolaemiliaromagna.it\/public\/er\/wp-content\/uploads\/2017\/04\/cropped-header.png\",\"width\":1000,\"height\":150,\"caption\":\"Uil Scuola Emilia Romagna\"},\"image\":{\"@id\":\"https:\/\/www.uilscuolaemiliaromagna.it\/public\/er\/#\/schema\/logo\/image\/\"}},{\"@type\":\"Person\",\"@id\":\"https:\/\/www.uilscuolaemiliaromagna.it\/public\/er\/#\/schema\/person\/f42878fd07a4b6ba2b7153d4fad5de5e\",\"name\":\"admin\",\"image\":{\"@type\":\"ImageObject\",\"inLanguage\":\"it-IT\",\"@id\":\"https:\/\/www.uilscuolaemiliaromagna.it\/public\/er\/#\/schema\/person\/image\/\",\"url\":\"https:\/\/secure.gravatar.com\/avatar\/aebf815ae2f30ffdae8b8c247273d34c?s=96&d=mm&r=g\",\"contentUrl\":\"https:\/\/secure.gravatar.com\/avatar\/aebf815ae2f30ffdae8b8c247273d34c?s=96&d=mm&r=g\",\"caption\":\"admin\"},\"url\":\"https:\/\/www.uilscuolaemiliaromagna.it\/public\/er\/author\/admin\/\"}]}<\/script>\r\n<!-- \/ Yoast SEO plugin. -->","yoast_head_json":{"title":"Turi: concorso docenti non \u00e8 \u201cLascia o raddoppia\u201d, s\u00ec a batteria domande. Bandi al pi\u00f9 presto. - Uil Scuola Emilia Romagna","robots":{"index":"index","follow":"follow","max-snippet":"max-snippet:-1","max-image-preview":"max-image-preview:large","max-video-preview":"max-video-preview:-1"},"canonical":"https:\/\/www.uilscuolaemiliaromagna.it\/public\/er\/2020\/01\/02\/turi-concorso-docenti-non-e-lascia-o-raddoppia-si-a-batteria-domande-bandi-al-piu-presto\/","og_locale":"it_IT","og_type":"article","og_title":"Turi: concorso docenti non \u00e8 \u201cLascia o raddoppia\u201d, s\u00ec a batteria domande. Bandi al pi\u00f9 presto. - Uil Scuola Emilia Romagna","og_description":"La divisione del Miur, le emergenze della scuola, dai bandi dei concorsi straordinario e ordinario al rinnovo del contratto. Ne parla Pino Turi, Segretario generale &hellip;","og_url":"https:\/\/www.uilscuolaemiliaromagna.it\/public\/er\/2020\/01\/02\/turi-concorso-docenti-non-e-lascia-o-raddoppia-si-a-batteria-domande-bandi-al-piu-presto\/","og_site_name":"Uil Scuola Emilia Romagna","article_published_time":"2020-01-02T17:13:19+00:00","article_modified_time":"2020-01-09T09:15:58+00:00","author":"admin","twitter_card":"summary_large_image","twitter_misc":{"Scritto da":"admin","Tempo di lettura stimato":"4 minuti"},"schema":{"@context":"https:\/\/schema.org","@graph":[{"@type":"Article","@id":"https:\/\/www.uilscuolaemiliaromagna.it\/public\/er\/2020\/01\/02\/turi-concorso-docenti-non-e-lascia-o-raddoppia-si-a-batteria-domande-bandi-al-piu-presto\/#article","isPartOf":{"@id":"https:\/\/www.uilscuolaemiliaromagna.it\/public\/er\/2020\/01\/02\/turi-concorso-docenti-non-e-lascia-o-raddoppia-si-a-batteria-domande-bandi-al-piu-presto\/"},"author":{"name":"admin","@id":"https:\/\/www.uilscuolaemiliaromagna.it\/public\/er\/#\/schema\/person\/f42878fd07a4b6ba2b7153d4fad5de5e"},"headline":"Turi: concorso docenti non \u00e8 \u201cLascia o raddoppia\u201d, s\u00ec a batteria domande. Bandi al pi\u00f9 presto.","datePublished":"2020-01-02T17:13:19+00:00","dateModified":"2020-01-09T09:15:58+00:00","mainEntityOfPage":{"@id":"https:\/\/www.uilscuolaemiliaromagna.it\/public\/er\/2020\/01\/02\/turi-concorso-docenti-non-e-lascia-o-raddoppia-si-a-batteria-domande-bandi-al-piu-presto\/"},"wordCount":847,"publisher":{"@id":"https:\/\/www.uilscuolaemiliaromagna.it\/public\/er\/#organization"},"articleSection":["Notizie","Personale Docente"],"inLanguage":"it-IT"},{"@type":"WebPage","@id":"https:\/\/www.uilscuolaemiliaromagna.it\/public\/er\/2020\/01\/02\/turi-concorso-docenti-non-e-lascia-o-raddoppia-si-a-batteria-domande-bandi-al-piu-presto\/","url":"https:\/\/www.uilscuolaemiliaromagna.it\/public\/er\/2020\/01\/02\/turi-concorso-docenti-non-e-lascia-o-raddoppia-si-a-batteria-domande-bandi-al-piu-presto\/","name":"Turi: concorso docenti non \u00e8 \u201cLascia o raddoppia\u201d, s\u00ec a batteria domande. Bandi al pi\u00f9 presto. - Uil Scuola Emilia Romagna","isPartOf":{"@id":"https:\/\/www.uilscuolaemiliaromagna.it\/public\/er\/#website"},"datePublished":"2020-01-02T17:13:19+00:00","dateModified":"2020-01-09T09:15:58+00:00","breadcrumb":{"@id":"https:\/\/www.uilscuolaemiliaromagna.it\/public\/er\/2020\/01\/02\/turi-concorso-docenti-non-e-lascia-o-raddoppia-si-a-batteria-domande-bandi-al-piu-presto\/#breadcrumb"},"inLanguage":"it-IT","potentialAction":[{"@type":"ReadAction","target":["https:\/\/www.uilscuolaemiliaromagna.it\/public\/er\/2020\/01\/02\/turi-concorso-docenti-non-e-lascia-o-raddoppia-si-a-batteria-domande-bandi-al-piu-presto\/"]}]},{"@type":"BreadcrumbList","@id":"https:\/\/www.uilscuolaemiliaromagna.it\/public\/er\/2020\/01\/02\/turi-concorso-docenti-non-e-lascia-o-raddoppia-si-a-batteria-domande-bandi-al-piu-presto\/#breadcrumb","itemListElement":[{"@type":"ListItem","position":1,"name":"Home","item":"https:\/\/www.uilscuolaemiliaromagna.it\/public\/er\/"},{"@type":"ListItem","position":2,"name":"Turi: concorso docenti non \u00e8 \u201cLascia o raddoppia\u201d, s\u00ec a batteria domande. Bandi al pi\u00f9 presto."}]},{"@type":"WebSite","@id":"https:\/\/www.uilscuolaemiliaromagna.it\/public\/er\/#website","url":"https:\/\/www.uilscuolaemiliaromagna.it\/public\/er\/","name":"Uil Scuola Emilia Romagna","description":"La voce libera della scuola","publisher":{"@id":"https:\/\/www.uilscuolaemiliaromagna.it\/public\/er\/#organization"},"potentialAction":[{"@type":"SearchAction","target":{"@type":"EntryPoint","urlTemplate":"https:\/\/www.uilscuolaemiliaromagna.it\/public\/er\/?s={search_term_string}"},"query-input":"required name=search_term_string"}],"inLanguage":"it-IT"},{"@type":"Organization","@id":"https:\/\/www.uilscuolaemiliaromagna.it\/public\/er\/#organization","name":"Uil Scuola Emilia Romagna","url":"https:\/\/www.uilscuolaemiliaromagna.it\/public\/er\/","logo":{"@type":"ImageObject","inLanguage":"it-IT","@id":"https:\/\/www.uilscuolaemiliaromagna.it\/public\/er\/#\/schema\/logo\/image\/","url":"https:\/\/www.uilscuolaemiliaromagna.it\/public\/er\/wp-content\/uploads\/2017\/04\/cropped-header.png","contentUrl":"https:\/\/www.uilscuolaemiliaromagna.it\/public\/er\/wp-content\/uploads\/2017\/04\/cropped-header.png","width":1000,"height":150,"caption":"Uil Scuola Emilia Romagna"},"image":{"@id":"https:\/\/www.uilscuolaemiliaromagna.it\/public\/er\/#\/schema\/logo\/image\/"}},{"@type":"Person","@id":"https:\/\/www.uilscuolaemiliaromagna.it\/public\/er\/#\/schema\/person\/f42878fd07a4b6ba2b7153d4fad5de5e","name":"admin","image":{"@type":"ImageObject","inLanguage":"it-IT","@id":"https:\/\/www.uilscuolaemiliaromagna.it\/public\/er\/#\/schema\/person\/image\/","url":"https:\/\/secure.gravatar.com\/avatar\/aebf815ae2f30ffdae8b8c247273d34c?s=96&d=mm&r=g","contentUrl":"https:\/\/secure.gravatar.com\/avatar\/aebf815ae2f30ffdae8b8c247273d34c?s=96&d=mm&r=g","caption":"admin"},"url":"https:\/\/www.uilscuolaemiliaromagna.it\/public\/er\/author\/admin\/"}]}},"views":739,"_links":{"self":[{"href":"https:\/\/www.uilscuolaemiliaromagna.it\/public\/er\/wp-json\/wp\/v2\/posts\/5455"}],"collection":[{"href":"https:\/\/www.uilscuolaemiliaromagna.it\/public\/er\/wp-json\/wp\/v2\/posts"}],"about":[{"href":"https:\/\/www.uilscuolaemiliaromagna.it\/public\/er\/wp-json\/wp\/v2\/types\/post"}],"author":[{"embeddable":true,"href":"https:\/\/www.uilscuolaemiliaromagna.it\/public\/er\/wp-json\/wp\/v2\/users\/1"}],"replies":[{"embeddable":true,"href":"https:\/\/www.uilscuolaemiliaromagna.it\/public\/er\/wp-json\/wp\/v2\/comments?post=5455"}],"version-history":[{"count":1,"href":"https:\/\/www.uilscuolaemiliaromagna.it\/public\/er\/wp-json\/wp\/v2\/posts\/5455\/revisions"}],"predecessor-version":[{"id":5456,"href":"https:\/\/www.uilscuolaemiliaromagna.it\/public\/er\/wp-json\/wp\/v2\/posts\/5455\/revisions\/5456"}],"wp:attachment":[{"href":"https:\/\/www.uilscuolaemiliaromagna.it\/public\/er\/wp-json\/wp\/v2\/media?parent=5455"}],"wp:term":[{"taxonomy":"category","embeddable":true,"href":"https:\/\/www.uilscuolaemiliaromagna.it\/public\/er\/wp-json\/wp\/v2\/categories?post=5455"},{"taxonomy":"post_tag","embeddable":true,"href":"https:\/\/www.uilscuolaemiliaromagna.it\/public\/er\/wp-json\/wp\/v2\/tags?post=5455"}],"curies":[{"name":"wp","href":"https:\/\/api.w.org\/{rel}","templated":true}]}}