{"id":5481,"date":"2020-01-21T22:04:20","date_gmt":"2020-01-21T21:04:20","guid":{"rendered":"http:\/\/www.uilscuolaemiliaromagna.it\/public\/er\/?p=5481"},"modified":"2020-10-21T23:21:17","modified_gmt":"2020-10-21T21:21:17","slug":"formiamoci-sabato-25-gennaio-2020-presentazione-del-corso-la-scuola-di-oggi-inclusiva-cooperativa-e-metacognitiva-corso-di-formazione-per-la-preparazione-ai-concorsi-st","status":"publish","type":"post","link":"https:\/\/www.uilscuolaemiliaromagna.it\/public\/er\/2020\/01\/21\/formiamoci-sabato-25-gennaio-2020-presentazione-del-corso-la-scuola-di-oggi-inclusiva-cooperativa-e-metacognitiva-corso-di-formazione-per-la-preparazione-ai-concorsi-st\/","title":{"rendered":"FORMIAMOCI | sabato 25 gennaio 2020 \u2013 Presentazione del corso \u201cLa Scuola di oggi: inclusiva, cooperativa e metacognitiva\u201d Corso di formazione per la preparazione ai concorsi straordinari (secondaria e sostegno) e ordinari (infanzia, primaria, secondaria e sostegno)"},"content":{"rendered":"<p style=\"text-align: justify;\">La FEDERAZIONE UIL Scuola RUA di Bologna in collaborazione con IRASE Regionale Emilia Romagna (Ente qualificato per la formazione del personale della Scuola) ha organizzato un corso di formazione per la preparazione ai concorsi straordinari (secondaria e sostegno) e ordinari (infanzia, primaria, secondaria e sostegno).<\/p>\n<p><img loading=\"lazy\" decoding=\"async\" class=\"aligncenter size-large wp-image-5502\" src=\"https:\/\/www.uilscuolaemiliaromagna.it\/public\/er\/wp-content\/uploads\/2020\/01\/Concorsi-2020_gennaio-724x1024.jpg\" alt=\"\" width=\"724\" height=\"1024\" srcset=\"https:\/\/www.uilscuolaemiliaromagna.it\/public\/er\/wp-content\/uploads\/2020\/01\/Concorsi-2020_gennaio-724x1024.jpg 724w, https:\/\/www.uilscuolaemiliaromagna.it\/public\/er\/wp-content\/uploads\/2020\/01\/Concorsi-2020_gennaio-212x300.jpg 212w, https:\/\/www.uilscuolaemiliaromagna.it\/public\/er\/wp-content\/uploads\/2020\/01\/Concorsi-2020_gennaio-768x1086.jpg 768w, https:\/\/www.uilscuolaemiliaromagna.it\/public\/er\/wp-content\/uploads\/2020\/01\/Concorsi-2020_gennaio.jpg 1754w\" sizes=\"(max-width: 724px) 100vw, 724px\" \/><\/p>\n<p style=\"text-align: justify;\">La presentazione, non vincolante ai fini dell\u2019iscrizione, \u00e8 prevista per\u00a0il giorno 25 gennaio dalle ore 15.00 alle ore 17.00 (partecipazione libera senza prenotazione) presso\u00a0la sala riunioni della UIL di via Serena 2\/2 \u00a0e <strong>vedr\u00e0 la partecipazione di Felice Signoretti Presidente IRASE Regionale Emilia Romagna<\/strong>.<\/p>\n<p style=\"text-align: justify;\">Sono previsti <strong>11 incontri in presenza per un totale di 40 ore<\/strong> che prevedono i seguenti moduli:<\/p>\n<ul style=\"text-align: justify;\">\n<li>\u00a0La normativa (competenze giuridiche);<\/li>\n<li>\u00a0L&#8217;inclusione scolastica;<\/li>\n<li>\u00a0Funzione docente e competenze trasversali;<\/li>\n<li>\u00a0Innovazione, conoscenze e competenze;<\/li>\n<li>\u00a0Documenti scolastici della progettazione e della valutazione;<\/li>\n<li>\u00a0Sicurezza e salute nei luoghi di lavoro;<\/li>\n<li>\u00a0Privacy e trasparenza.<\/li>\n<\/ul>\n<p style=\"text-align: justify;\">In aggiunta ai moduli in presenza ed <strong>in collaborazione con IRASE Nazionale, \u00e8 possibile usufruire di una Piattaforma online <\/strong>opzionale.<\/p>\n<p style=\"text-align: justify;\">A seguito di protocollo di intesa tra IRASE Regionale Emilia Romagna e UIL Scuola RUA di Bologna, gli iscritti e iscrivendi\u00a0 alla UIL Scuola usufruiranno di una tariffa agevolata per l&#8217;iscrizione al corso ed alla piattaforma.<\/p>\n<p style=\"text-align: justify;\">Il corso \u00e8 a numero chiuso e in caso di eccedenza di domande sar\u00e0 data priorit\u00e0 agli iscritti e iscrivendi alla FEDERAZIONE UIL SCUOLA RUA; di seguito sar\u00e0 data priorit\u00e0 in base all\u2019ordine di arrivo delle domande.<\/p>\n<p style=\"text-align: justify;\"><strong>A partire dal 27 gennaio sar\u00e0 possibile scaricare da questa pagina il modulo di iscrizione.<\/strong><\/p>\n<p style=\"text-align: justify;\"><strong>Per ulteriori informazioni \u00e8 possibile contattare i nostri uffici 051523831 oppure Serafino 3282258300 \u2013 \u00a0Marco 3479688040.<\/strong><\/p>\n<ul>\n<li><a href=\"https:\/\/www.uilscuolaemiliaromagna.it\/public\/er\/wp-content\/uploads\/2020\/01\/Presentazione-corso-IRASE-Regionale-Emilia-Romagna.pdf\" target=\"_blank\" rel=\"noopener noreferrer\">la locandina in formato pdf<\/a><\/li>\n<\/ul>\n\n<div class=\"twitter-share\"><a href=\"https:\/\/twitter.com\/intent\/tweet?via=UILScuolaBO_ER\" class=\"twitter-share-button\" data-size=\"large\">Tweet<\/a><\/div>\n","protected":false},"excerpt":{"rendered":"<p>La FEDERAZIONE UIL Scuola RUA di Bologna in collaborazione con IRASE Regionale Emilia Romagna (Ente qualificato per la formazione del personale della Scuola) ha organizzato &hellip; <\/p>\n","protected":false},"author":1,"featured_media":0,"comment_status":"closed","ping_status":"open","sticky":false,"template":"","format":"standard","meta":{"footnotes":""},"categories":[27,12,6],"tags":[],"yoast_head":"<!-- This site is optimized with the Yoast SEO plugin v21.7 - https:\/\/yoast.com\/wordpress\/plugins\/seo\/ -->\r\n<title>FORMIAMOCI | sabato 25 gennaio 2020 \u2013 Presentazione del corso \u201cLa Scuola di oggi: inclusiva, cooperativa e metacognitiva\u201d Corso di formazione per la preparazione ai concorsi straordinari (secondaria e sostegno) e ordinari (infanzia, primaria, secondaria e sostegno) - Uil Scuola Emilia Romagna<\/title>\r\n<meta name=\"robots\" content=\"index, follow, max-snippet:-1, max-image-preview:large, max-video-preview:-1\" \/>\r\n<link rel=\"canonical\" href=\"https:\/\/www.uilscuolaemiliaromagna.it\/public\/er\/2020\/01\/21\/formiamoci-sabato-25-gennaio-2020-presentazione-del-corso-la-scuola-di-oggi-inclusiva-cooperativa-e-metacognitiva-corso-di-formazione-per-la-preparazione-ai-concorsi-st\/\" \/>\r\n<meta property=\"og:locale\" content=\"it_IT\" \/>\r\n<meta property=\"og:type\" content=\"article\" \/>\r\n<meta property=\"og:title\" content=\"FORMIAMOCI | sabato 25 gennaio 2020 \u2013 Presentazione del corso \u201cLa Scuola di oggi: inclusiva, cooperativa e metacognitiva\u201d Corso di formazione per la preparazione ai concorsi straordinari (secondaria e sostegno) e ordinari (infanzia, primaria, secondaria e sostegno) - Uil Scuola Emilia Romagna\" \/>\r\n<meta property=\"og:description\" content=\"La FEDERAZIONE UIL Scuola RUA di Bologna in collaborazione con IRASE Regionale Emilia Romagna (Ente qualificato per la formazione del personale della Scuola) ha organizzato &hellip;\" \/>\r\n<meta property=\"og:url\" content=\"https:\/\/www.uilscuolaemiliaromagna.it\/public\/er\/2020\/01\/21\/formiamoci-sabato-25-gennaio-2020-presentazione-del-corso-la-scuola-di-oggi-inclusiva-cooperativa-e-metacognitiva-corso-di-formazione-per-la-preparazione-ai-concorsi-st\/\" \/>\r\n<meta property=\"og:site_name\" content=\"Uil Scuola Emilia Romagna\" \/>\r\n<meta property=\"article:published_time\" content=\"2020-01-21T21:04:20+00:00\" \/>\r\n<meta property=\"article:modified_time\" content=\"2020-10-21T21:21:17+00:00\" \/>\r\n<meta property=\"og:image\" content=\"http:\/\/www.uilscuolaemiliaromagna.it\/public\/er\/wp-content\/uploads\/2020\/01\/Concorsi-2020_gennaio-724x1024.jpg\" \/>\r\n<meta name=\"author\" content=\"admin\" \/>\r\n<meta name=\"twitter:card\" content=\"summary_large_image\" \/>\r\n<meta name=\"twitter:label1\" content=\"Scritto da\" \/>\n\t<meta name=\"twitter:data1\" content=\"admin\" \/>\n\t<meta name=\"twitter:label2\" content=\"Tempo di lettura stimato\" \/>\n\t<meta name=\"twitter:data2\" content=\"1 minuto\" \/>\r\n<script type=\"application\/ld+json\" class=\"yoast-schema-graph\">{\"@context\":\"https:\/\/schema.org\",\"@graph\":[{\"@type\":\"Article\",\"@id\":\"https:\/\/www.uilscuolaemiliaromagna.it\/public\/er\/2020\/01\/21\/formiamoci-sabato-25-gennaio-2020-presentazione-del-corso-la-scuola-di-oggi-inclusiva-cooperativa-e-metacognitiva-corso-di-formazione-per-la-preparazione-ai-concorsi-st\/#article\",\"isPartOf\":{\"@id\":\"https:\/\/www.uilscuolaemiliaromagna.it\/public\/er\/2020\/01\/21\/formiamoci-sabato-25-gennaio-2020-presentazione-del-corso-la-scuola-di-oggi-inclusiva-cooperativa-e-metacognitiva-corso-di-formazione-per-la-preparazione-ai-concorsi-st\/\"},\"author\":{\"name\":\"admin\",\"@id\":\"https:\/\/www.uilscuolaemiliaromagna.it\/public\/er\/#\/schema\/person\/f42878fd07a4b6ba2b7153d4fad5de5e\"},\"headline\":\"FORMIAMOCI | sabato 25 gennaio 2020 \u2013 Presentazione del corso \u201cLa Scuola di oggi: inclusiva, cooperativa e metacognitiva\u201d Corso di formazione per la preparazione ai concorsi straordinari (secondaria e sostegno) e ordinari (infanzia, primaria, secondaria e sostegno)\",\"datePublished\":\"2020-01-21T21:04:20+00:00\",\"dateModified\":\"2020-10-21T21:21:17+00:00\",\"mainEntityOfPage\":{\"@id\":\"https:\/\/www.uilscuolaemiliaromagna.it\/public\/er\/2020\/01\/21\/formiamoci-sabato-25-gennaio-2020-presentazione-del-corso-la-scuola-di-oggi-inclusiva-cooperativa-e-metacognitiva-corso-di-formazione-per-la-preparazione-ai-concorsi-st\/\"},\"wordCount\":289,\"publisher\":{\"@id\":\"https:\/\/www.uilscuolaemiliaromagna.it\/public\/er\/#organization\"},\"articleSection\":[\"Formazione\",\"Notizie\",\"Personale Docente\"],\"inLanguage\":\"it-IT\"},{\"@type\":\"WebPage\",\"@id\":\"https:\/\/www.uilscuolaemiliaromagna.it\/public\/er\/2020\/01\/21\/formiamoci-sabato-25-gennaio-2020-presentazione-del-corso-la-scuola-di-oggi-inclusiva-cooperativa-e-metacognitiva-corso-di-formazione-per-la-preparazione-ai-concorsi-st\/\",\"url\":\"https:\/\/www.uilscuolaemiliaromagna.it\/public\/er\/2020\/01\/21\/formiamoci-sabato-25-gennaio-2020-presentazione-del-corso-la-scuola-di-oggi-inclusiva-cooperativa-e-metacognitiva-corso-di-formazione-per-la-preparazione-ai-concorsi-st\/\",\"name\":\"FORMIAMOCI | sabato 25 gennaio 2020 \u2013 Presentazione del corso \u201cLa Scuola di oggi: inclusiva, cooperativa e metacognitiva\u201d Corso di formazione per la preparazione ai concorsi straordinari (secondaria e sostegno) e ordinari (infanzia, primaria, secondaria e sostegno) - Uil Scuola Emilia Romagna\",\"isPartOf\":{\"@id\":\"https:\/\/www.uilscuolaemiliaromagna.it\/public\/er\/#website\"},\"datePublished\":\"2020-01-21T21:04:20+00:00\",\"dateModified\":\"2020-10-21T21:21:17+00:00\",\"breadcrumb\":{\"@id\":\"https:\/\/www.uilscuolaemiliaromagna.it\/public\/er\/2020\/01\/21\/formiamoci-sabato-25-gennaio-2020-presentazione-del-corso-la-scuola-di-oggi-inclusiva-cooperativa-e-metacognitiva-corso-di-formazione-per-la-preparazione-ai-concorsi-st\/#breadcrumb\"},\"inLanguage\":\"it-IT\",\"potentialAction\":[{\"@type\":\"ReadAction\",\"target\":[\"https:\/\/www.uilscuolaemiliaromagna.it\/public\/er\/2020\/01\/21\/formiamoci-sabato-25-gennaio-2020-presentazione-del-corso-la-scuola-di-oggi-inclusiva-cooperativa-e-metacognitiva-corso-di-formazione-per-la-preparazione-ai-concorsi-st\/\"]}]},{\"@type\":\"BreadcrumbList\",\"@id\":\"https:\/\/www.uilscuolaemiliaromagna.it\/public\/er\/2020\/01\/21\/formiamoci-sabato-25-gennaio-2020-presentazione-del-corso-la-scuola-di-oggi-inclusiva-cooperativa-e-metacognitiva-corso-di-formazione-per-la-preparazione-ai-concorsi-st\/#breadcrumb\",\"itemListElement\":[{\"@type\":\"ListItem\",\"position\":1,\"name\":\"Home\",\"item\":\"https:\/\/www.uilscuolaemiliaromagna.it\/public\/er\/\"},{\"@type\":\"ListItem\",\"position\":2,\"name\":\"FORMIAMOCI | sabato 25 gennaio 2020 \u2013 Presentazione del corso \u201cLa Scuola di oggi: inclusiva, cooperativa e metacognitiva\u201d Corso di formazione per la preparazione ai concorsi straordinari (secondaria e sostegno) e ordinari (infanzia, primaria, secondaria e sostegno)\"}]},{\"@type\":\"WebSite\",\"@id\":\"https:\/\/www.uilscuolaemiliaromagna.it\/public\/er\/#website\",\"url\":\"https:\/\/www.uilscuolaemiliaromagna.it\/public\/er\/\",\"name\":\"Uil Scuola Emilia Romagna\",\"description\":\"La voce libera della scuola\",\"publisher\":{\"@id\":\"https:\/\/www.uilscuolaemiliaromagna.it\/public\/er\/#organization\"},\"potentialAction\":[{\"@type\":\"SearchAction\",\"target\":{\"@type\":\"EntryPoint\",\"urlTemplate\":\"https:\/\/www.uilscuolaemiliaromagna.it\/public\/er\/?s={search_term_string}\"},\"query-input\":\"required name=search_term_string\"}],\"inLanguage\":\"it-IT\"},{\"@type\":\"Organization\",\"@id\":\"https:\/\/www.uilscuolaemiliaromagna.it\/public\/er\/#organization\",\"name\":\"Uil Scuola Emilia Romagna\",\"url\":\"https:\/\/www.uilscuolaemiliaromagna.it\/public\/er\/\",\"logo\":{\"@type\":\"ImageObject\",\"inLanguage\":\"it-IT\",\"@id\":\"https:\/\/www.uilscuolaemiliaromagna.it\/public\/er\/#\/schema\/logo\/image\/\",\"url\":\"https:\/\/www.uilscuolaemiliaromagna.it\/public\/er\/wp-content\/uploads\/2017\/04\/cropped-header.png\",\"contentUrl\":\"https:\/\/www.uilscuolaemiliaromagna.it\/public\/er\/wp-content\/uploads\/2017\/04\/cropped-header.png\",\"width\":1000,\"height\":150,\"caption\":\"Uil Scuola Emilia Romagna\"},\"image\":{\"@id\":\"https:\/\/www.uilscuolaemiliaromagna.it\/public\/er\/#\/schema\/logo\/image\/\"}},{\"@type\":\"Person\",\"@id\":\"https:\/\/www.uilscuolaemiliaromagna.it\/public\/er\/#\/schema\/person\/f42878fd07a4b6ba2b7153d4fad5de5e\",\"name\":\"admin\",\"image\":{\"@type\":\"ImageObject\",\"inLanguage\":\"it-IT\",\"@id\":\"https:\/\/www.uilscuolaemiliaromagna.it\/public\/er\/#\/schema\/person\/image\/\",\"url\":\"https:\/\/secure.gravatar.com\/avatar\/aebf815ae2f30ffdae8b8c247273d34c?s=96&d=mm&r=g\",\"contentUrl\":\"https:\/\/secure.gravatar.com\/avatar\/aebf815ae2f30ffdae8b8c247273d34c?s=96&d=mm&r=g\",\"caption\":\"admin\"},\"url\":\"https:\/\/www.uilscuolaemiliaromagna.it\/public\/er\/author\/admin\/\"}]}<\/script>\r\n<!-- \/ Yoast SEO plugin. -->","yoast_head_json":{"title":"FORMIAMOCI | sabato 25 gennaio 2020 \u2013 Presentazione del corso \u201cLa Scuola di oggi: inclusiva, cooperativa e metacognitiva\u201d Corso di formazione per la preparazione ai concorsi straordinari (secondaria e sostegno) e ordinari (infanzia, primaria, secondaria e sostegno) - Uil Scuola Emilia Romagna","robots":{"index":"index","follow":"follow","max-snippet":"max-snippet:-1","max-image-preview":"max-image-preview:large","max-video-preview":"max-video-preview:-1"},"canonical":"https:\/\/www.uilscuolaemiliaromagna.it\/public\/er\/2020\/01\/21\/formiamoci-sabato-25-gennaio-2020-presentazione-del-corso-la-scuola-di-oggi-inclusiva-cooperativa-e-metacognitiva-corso-di-formazione-per-la-preparazione-ai-concorsi-st\/","og_locale":"it_IT","og_type":"article","og_title":"FORMIAMOCI | sabato 25 gennaio 2020 \u2013 Presentazione del corso \u201cLa Scuola di oggi: inclusiva, cooperativa e metacognitiva\u201d Corso di formazione per la preparazione ai concorsi straordinari (secondaria e sostegno) e ordinari (infanzia, primaria, secondaria e sostegno) - Uil Scuola Emilia Romagna","og_description":"La FEDERAZIONE UIL Scuola RUA di Bologna in collaborazione con IRASE Regionale Emilia Romagna (Ente qualificato per la formazione del personale della Scuola) ha organizzato &hellip;","og_url":"https:\/\/www.uilscuolaemiliaromagna.it\/public\/er\/2020\/01\/21\/formiamoci-sabato-25-gennaio-2020-presentazione-del-corso-la-scuola-di-oggi-inclusiva-cooperativa-e-metacognitiva-corso-di-formazione-per-la-preparazione-ai-concorsi-st\/","og_site_name":"Uil Scuola Emilia Romagna","article_published_time":"2020-01-21T21:04:20+00:00","article_modified_time":"2020-10-21T21:21:17+00:00","og_image":[{"url":"http:\/\/www.uilscuolaemiliaromagna.it\/public\/er\/wp-content\/uploads\/2020\/01\/Concorsi-2020_gennaio-724x1024.jpg"}],"author":"admin","twitter_card":"summary_large_image","twitter_misc":{"Scritto da":"admin","Tempo di lettura stimato":"1 minuto"},"schema":{"@context":"https:\/\/schema.org","@graph":[{"@type":"Article","@id":"https:\/\/www.uilscuolaemiliaromagna.it\/public\/er\/2020\/01\/21\/formiamoci-sabato-25-gennaio-2020-presentazione-del-corso-la-scuola-di-oggi-inclusiva-cooperativa-e-metacognitiva-corso-di-formazione-per-la-preparazione-ai-concorsi-st\/#article","isPartOf":{"@id":"https:\/\/www.uilscuolaemiliaromagna.it\/public\/er\/2020\/01\/21\/formiamoci-sabato-25-gennaio-2020-presentazione-del-corso-la-scuola-di-oggi-inclusiva-cooperativa-e-metacognitiva-corso-di-formazione-per-la-preparazione-ai-concorsi-st\/"},"author":{"name":"admin","@id":"https:\/\/www.uilscuolaemiliaromagna.it\/public\/er\/#\/schema\/person\/f42878fd07a4b6ba2b7153d4fad5de5e"},"headline":"FORMIAMOCI | sabato 25 gennaio 2020 \u2013 Presentazione del corso \u201cLa Scuola di oggi: inclusiva, cooperativa e metacognitiva\u201d Corso di formazione per la preparazione ai concorsi straordinari (secondaria e sostegno) e ordinari (infanzia, primaria, secondaria e sostegno)","datePublished":"2020-01-21T21:04:20+00:00","dateModified":"2020-10-21T21:21:17+00:00","mainEntityOfPage":{"@id":"https:\/\/www.uilscuolaemiliaromagna.it\/public\/er\/2020\/01\/21\/formiamoci-sabato-25-gennaio-2020-presentazione-del-corso-la-scuola-di-oggi-inclusiva-cooperativa-e-metacognitiva-corso-di-formazione-per-la-preparazione-ai-concorsi-st\/"},"wordCount":289,"publisher":{"@id":"https:\/\/www.uilscuolaemiliaromagna.it\/public\/er\/#organization"},"articleSection":["Formazione","Notizie","Personale Docente"],"inLanguage":"it-IT"},{"@type":"WebPage","@id":"https:\/\/www.uilscuolaemiliaromagna.it\/public\/er\/2020\/01\/21\/formiamoci-sabato-25-gennaio-2020-presentazione-del-corso-la-scuola-di-oggi-inclusiva-cooperativa-e-metacognitiva-corso-di-formazione-per-la-preparazione-ai-concorsi-st\/","url":"https:\/\/www.uilscuolaemiliaromagna.it\/public\/er\/2020\/01\/21\/formiamoci-sabato-25-gennaio-2020-presentazione-del-corso-la-scuola-di-oggi-inclusiva-cooperativa-e-metacognitiva-corso-di-formazione-per-la-preparazione-ai-concorsi-st\/","name":"FORMIAMOCI | sabato 25 gennaio 2020 \u2013 Presentazione del corso \u201cLa Scuola di oggi: inclusiva, cooperativa e metacognitiva\u201d Corso di formazione per la preparazione ai concorsi straordinari (secondaria e sostegno) e ordinari (infanzia, primaria, secondaria e sostegno) - Uil Scuola Emilia Romagna","isPartOf":{"@id":"https:\/\/www.uilscuolaemiliaromagna.it\/public\/er\/#website"},"datePublished":"2020-01-21T21:04:20+00:00","dateModified":"2020-10-21T21:21:17+00:00","breadcrumb":{"@id":"https:\/\/www.uilscuolaemiliaromagna.it\/public\/er\/2020\/01\/21\/formiamoci-sabato-25-gennaio-2020-presentazione-del-corso-la-scuola-di-oggi-inclusiva-cooperativa-e-metacognitiva-corso-di-formazione-per-la-preparazione-ai-concorsi-st\/#breadcrumb"},"inLanguage":"it-IT","potentialAction":[{"@type":"ReadAction","target":["https:\/\/www.uilscuolaemiliaromagna.it\/public\/er\/2020\/01\/21\/formiamoci-sabato-25-gennaio-2020-presentazione-del-corso-la-scuola-di-oggi-inclusiva-cooperativa-e-metacognitiva-corso-di-formazione-per-la-preparazione-ai-concorsi-st\/"]}]},{"@type":"BreadcrumbList","@id":"https:\/\/www.uilscuolaemiliaromagna.it\/public\/er\/2020\/01\/21\/formiamoci-sabato-25-gennaio-2020-presentazione-del-corso-la-scuola-di-oggi-inclusiva-cooperativa-e-metacognitiva-corso-di-formazione-per-la-preparazione-ai-concorsi-st\/#breadcrumb","itemListElement":[{"@type":"ListItem","position":1,"name":"Home","item":"https:\/\/www.uilscuolaemiliaromagna.it\/public\/er\/"},{"@type":"ListItem","position":2,"name":"FORMIAMOCI | sabato 25 gennaio 2020 \u2013 Presentazione del corso \u201cLa Scuola di oggi: inclusiva, cooperativa e metacognitiva\u201d Corso di formazione per la preparazione ai concorsi straordinari (secondaria e sostegno) e ordinari (infanzia, primaria, secondaria e sostegno)"}]},{"@type":"WebSite","@id":"https:\/\/www.uilscuolaemiliaromagna.it\/public\/er\/#website","url":"https:\/\/www.uilscuolaemiliaromagna.it\/public\/er\/","name":"Uil Scuola Emilia Romagna","description":"La voce libera della scuola","publisher":{"@id":"https:\/\/www.uilscuolaemiliaromagna.it\/public\/er\/#organization"},"potentialAction":[{"@type":"SearchAction","target":{"@type":"EntryPoint","urlTemplate":"https:\/\/www.uilscuolaemiliaromagna.it\/public\/er\/?s={search_term_string}"},"query-input":"required name=search_term_string"}],"inLanguage":"it-IT"},{"@type":"Organization","@id":"https:\/\/www.uilscuolaemiliaromagna.it\/public\/er\/#organization","name":"Uil Scuola Emilia Romagna","url":"https:\/\/www.uilscuolaemiliaromagna.it\/public\/er\/","logo":{"@type":"ImageObject","inLanguage":"it-IT","@id":"https:\/\/www.uilscuolaemiliaromagna.it\/public\/er\/#\/schema\/logo\/image\/","url":"https:\/\/www.uilscuolaemiliaromagna.it\/public\/er\/wp-content\/uploads\/2017\/04\/cropped-header.png","contentUrl":"https:\/\/www.uilscuolaemiliaromagna.it\/public\/er\/wp-content\/uploads\/2017\/04\/cropped-header.png","width":1000,"height":150,"caption":"Uil Scuola Emilia Romagna"},"image":{"@id":"https:\/\/www.uilscuolaemiliaromagna.it\/public\/er\/#\/schema\/logo\/image\/"}},{"@type":"Person","@id":"https:\/\/www.uilscuolaemiliaromagna.it\/public\/er\/#\/schema\/person\/f42878fd07a4b6ba2b7153d4fad5de5e","name":"admin","image":{"@type":"ImageObject","inLanguage":"it-IT","@id":"https:\/\/www.uilscuolaemiliaromagna.it\/public\/er\/#\/schema\/person\/image\/","url":"https:\/\/secure.gravatar.com\/avatar\/aebf815ae2f30ffdae8b8c247273d34c?s=96&d=mm&r=g","contentUrl":"https:\/\/secure.gravatar.com\/avatar\/aebf815ae2f30ffdae8b8c247273d34c?s=96&d=mm&r=g","caption":"admin"},"url":"https:\/\/www.uilscuolaemiliaromagna.it\/public\/er\/author\/admin\/"}]}},"views":1096,"_links":{"self":[{"href":"https:\/\/www.uilscuolaemiliaromagna.it\/public\/er\/wp-json\/wp\/v2\/posts\/5481"}],"collection":[{"href":"https:\/\/www.uilscuolaemiliaromagna.it\/public\/er\/wp-json\/wp\/v2\/posts"}],"about":[{"href":"https:\/\/www.uilscuolaemiliaromagna.it\/public\/er\/wp-json\/wp\/v2\/types\/post"}],"author":[{"embeddable":true,"href":"https:\/\/www.uilscuolaemiliaromagna.it\/public\/er\/wp-json\/wp\/v2\/users\/1"}],"replies":[{"embeddable":true,"href":"https:\/\/www.uilscuolaemiliaromagna.it\/public\/er\/wp-json\/wp\/v2\/comments?post=5481"}],"version-history":[{"count":13,"href":"https:\/\/www.uilscuolaemiliaromagna.it\/public\/er\/wp-json\/wp\/v2\/posts\/5481\/revisions"}],"predecessor-version":[{"id":7058,"href":"https:\/\/www.uilscuolaemiliaromagna.it\/public\/er\/wp-json\/wp\/v2\/posts\/5481\/revisions\/7058"}],"wp:attachment":[{"href":"https:\/\/www.uilscuolaemiliaromagna.it\/public\/er\/wp-json\/wp\/v2\/media?parent=5481"}],"wp:term":[{"taxonomy":"category","embeddable":true,"href":"https:\/\/www.uilscuolaemiliaromagna.it\/public\/er\/wp-json\/wp\/v2\/categories?post=5481"},{"taxonomy":"post_tag","embeddable":true,"href":"https:\/\/www.uilscuolaemiliaromagna.it\/public\/er\/wp-json\/wp\/v2\/tags?post=5481"}],"curies":[{"name":"wp","href":"https:\/\/api.w.org\/{rel}","templated":true}]}}