{"id":5575,"date":"2020-02-09T19:44:51","date_gmt":"2020-02-09T18:44:51","guid":{"rendered":"http:\/\/www.uilscuolaemiliaromagna.it\/public\/er\/?p=5575"},"modified":"2020-02-11T09:45:43","modified_gmt":"2020-02-11T08:45:43","slug":"precari-concorso-straordinario-i-test-della-discordia","status":"publish","type":"post","link":"https:\/\/www.uilscuolaemiliaromagna.it\/public\/er\/2020\/02\/09\/precari-concorso-straordinario-i-test-della-discordia\/","title":{"rendered":"PRECARI | Concorso straordinario: i test della discordia"},"content":{"rendered":"<blockquote><p><strong>Ci\u00f2 che \u00e8 negato dal ministero \u00e8 garantito dal mercato<\/strong><\/p><\/blockquote>\n<p style=\"text-align: justify;\"><strong>Andate su Google e digitate \u2018concorso straordinario docenti\u2019.<br \/>\n<\/strong>Si aprir\u00e0 un mondo\u2026 Offerte commerciali di ogni genere, ammalianti assicurazioni propagandistiche.<br \/>\nSi reclamizzano \u2018opere\u2019 che raccolgono test specifici a risposta multipla su tutte le tematiche richieste sia nella parte generale del programma di concorso che per quelli particolari: pedagogici, didattici, disciplinari. Tutto insomma e tutto aggiornato all\u2019attualit\u00e0.<br \/>\nC\u2019\u00e8 anche l\u2019immancabile software online per la preparazione alle prove di selezione e la verifica delle competenze acquisite che attinge da un data base di quesiti costantemente aggiornato alle ultime novit\u00e0 normative.<\/p>\n<p style=\"text-align: justify;\"><strong>In pratica ci\u00f2 che \u00e8 negato dal ministero \u00e8 garantito dal mercato.<br \/>\n<\/strong>Ci chiediamo se questo fa diventare serio il concorso o porta ad alimentare il mercato, ovvero crea un\u2019ansia tale da alimentarlo.<br \/>\nCi chiediamo se sia elemento di seriet\u00e0 definire una prova al buio, per accertare le competenze di docenti che svolgono la professione da anni: sono precari i contratti, non le persone.<br \/>\nUn docente va in classe senza considerare il trattamento giuridico, per svolgere quello che non \u00e8 un semplice lavoro ma una funzione particolare che annette responsabilit\u00e0 personali che esulano del rapporto d\u2019impiego.<br \/>\nNoi siamo certi della buonafede del ministro ma non possiamo non rappresentare le preoccupazioni di contesto. Le inevitabili strumentalizzazioni e polemiche che potrebbero inquinare la procedura e creare sospetti sul concorso. Circostanze che apriranno la strada ai ricorsi che qualche associazione sindacale sta gi\u00e0 preparando.<\/p>\n<p style=\"text-align: justify;\"><strong>Insomma non avremo la batteria dei test, ma quella dei ricorsi<\/strong>.<br \/>\nSe l\u2019obiettivo \u00e8 quello della stabilizzazione, la selezione proposta va vista nella sua dimensione che non \u00e8 quella di accertare il merito e la competenza che sono, invece, rinviati alla fine di un intero anno scolastico. Verifica che inizia con la formazione il tutoraggio e finisce con la verifica finale.<br \/>\nCi auguriamo che la ragione prevalga sulla propaganda della quale la scuola non ha assolutamente bisogno. Ha bisogno di trasparenza, fiducia ed affidabilit\u00e0 delle istituzioni. Contesto che non si realizza con percorsi ad ostacoli ma con processi chiari e trasparenti.<br \/>\nNoi vogliamo che il 1\u00b0settembre siano assunti 24.000 docenti, senza polemiche, senza risvolti giurisdizionali Ci auguriamo che sia intenzione comune.<\/p>\n\n<div class=\"twitter-share\"><a href=\"https:\/\/twitter.com\/intent\/tweet?via=UILScuolaBO_ER\" class=\"twitter-share-button\" data-size=\"large\">Tweet<\/a><\/div>\n","protected":false},"excerpt":{"rendered":"<p>Ci\u00f2 che \u00e8 negato dal ministero \u00e8 garantito dal mercato Andate su Google e digitate \u2018concorso straordinario docenti\u2019. Si aprir\u00e0 un mondo\u2026 Offerte commerciali di &hellip; <\/p>\n","protected":false},"author":1,"featured_media":0,"comment_status":"closed","ping_status":"open","sticky":false,"template":"","format":"standard","meta":{"footnotes":""},"categories":[12,6],"tags":[],"yoast_head":"<!-- This site is optimized with the Yoast SEO plugin v21.7 - https:\/\/yoast.com\/wordpress\/plugins\/seo\/ -->\r\n<title>PRECARI | Concorso straordinario: i test della discordia - Uil Scuola Emilia Romagna<\/title>\r\n<meta name=\"robots\" content=\"index, follow, max-snippet:-1, max-image-preview:large, max-video-preview:-1\" \/>\r\n<link rel=\"canonical\" href=\"https:\/\/www.uilscuolaemiliaromagna.it\/public\/er\/2020\/02\/09\/precari-concorso-straordinario-i-test-della-discordia\/\" \/>\r\n<meta property=\"og:locale\" content=\"it_IT\" \/>\r\n<meta property=\"og:type\" content=\"article\" \/>\r\n<meta property=\"og:title\" content=\"PRECARI | Concorso straordinario: i test della discordia - Uil Scuola Emilia Romagna\" \/>\r\n<meta property=\"og:description\" content=\"Ci\u00f2 che \u00e8 negato dal ministero \u00e8 garantito dal mercato Andate su Google e digitate \u2018concorso straordinario docenti\u2019. Si aprir\u00e0 un mondo\u2026 Offerte commerciali di &hellip;\" \/>\r\n<meta property=\"og:url\" content=\"https:\/\/www.uilscuolaemiliaromagna.it\/public\/er\/2020\/02\/09\/precari-concorso-straordinario-i-test-della-discordia\/\" \/>\r\n<meta property=\"og:site_name\" content=\"Uil Scuola Emilia Romagna\" \/>\r\n<meta property=\"article:published_time\" content=\"2020-02-09T18:44:51+00:00\" \/>\r\n<meta property=\"article:modified_time\" content=\"2020-02-11T08:45:43+00:00\" \/>\r\n<meta name=\"author\" content=\"admin\" \/>\r\n<meta name=\"twitter:card\" content=\"summary_large_image\" \/>\r\n<meta name=\"twitter:label1\" content=\"Scritto da\" \/>\n\t<meta name=\"twitter:data1\" content=\"admin\" \/>\n\t<meta name=\"twitter:label2\" content=\"Tempo di lettura stimato\" \/>\n\t<meta name=\"twitter:data2\" content=\"2 minuti\" \/>\r\n<script type=\"application\/ld+json\" class=\"yoast-schema-graph\">{\"@context\":\"https:\/\/schema.org\",\"@graph\":[{\"@type\":\"Article\",\"@id\":\"https:\/\/www.uilscuolaemiliaromagna.it\/public\/er\/2020\/02\/09\/precari-concorso-straordinario-i-test-della-discordia\/#article\",\"isPartOf\":{\"@id\":\"https:\/\/www.uilscuolaemiliaromagna.it\/public\/er\/2020\/02\/09\/precari-concorso-straordinario-i-test-della-discordia\/\"},\"author\":{\"name\":\"admin\",\"@id\":\"https:\/\/www.uilscuolaemiliaromagna.it\/public\/er\/#\/schema\/person\/f42878fd07a4b6ba2b7153d4fad5de5e\"},\"headline\":\"PRECARI | Concorso straordinario: i test della discordia\",\"datePublished\":\"2020-02-09T18:44:51+00:00\",\"dateModified\":\"2020-02-11T08:45:43+00:00\",\"mainEntityOfPage\":{\"@id\":\"https:\/\/www.uilscuolaemiliaromagna.it\/public\/er\/2020\/02\/09\/precari-concorso-straordinario-i-test-della-discordia\/\"},\"wordCount\":364,\"publisher\":{\"@id\":\"https:\/\/www.uilscuolaemiliaromagna.it\/public\/er\/#organization\"},\"articleSection\":[\"Notizie\",\"Personale Docente\"],\"inLanguage\":\"it-IT\"},{\"@type\":\"WebPage\",\"@id\":\"https:\/\/www.uilscuolaemiliaromagna.it\/public\/er\/2020\/02\/09\/precari-concorso-straordinario-i-test-della-discordia\/\",\"url\":\"https:\/\/www.uilscuolaemiliaromagna.it\/public\/er\/2020\/02\/09\/precari-concorso-straordinario-i-test-della-discordia\/\",\"name\":\"PRECARI | Concorso straordinario: i test della discordia - Uil Scuola Emilia Romagna\",\"isPartOf\":{\"@id\":\"https:\/\/www.uilscuolaemiliaromagna.it\/public\/er\/#website\"},\"datePublished\":\"2020-02-09T18:44:51+00:00\",\"dateModified\":\"2020-02-11T08:45:43+00:00\",\"breadcrumb\":{\"@id\":\"https:\/\/www.uilscuolaemiliaromagna.it\/public\/er\/2020\/02\/09\/precari-concorso-straordinario-i-test-della-discordia\/#breadcrumb\"},\"inLanguage\":\"it-IT\",\"potentialAction\":[{\"@type\":\"ReadAction\",\"target\":[\"https:\/\/www.uilscuolaemiliaromagna.it\/public\/er\/2020\/02\/09\/precari-concorso-straordinario-i-test-della-discordia\/\"]}]},{\"@type\":\"BreadcrumbList\",\"@id\":\"https:\/\/www.uilscuolaemiliaromagna.it\/public\/er\/2020\/02\/09\/precari-concorso-straordinario-i-test-della-discordia\/#breadcrumb\",\"itemListElement\":[{\"@type\":\"ListItem\",\"position\":1,\"name\":\"Home\",\"item\":\"https:\/\/www.uilscuolaemiliaromagna.it\/public\/er\/\"},{\"@type\":\"ListItem\",\"position\":2,\"name\":\"PRECARI | Concorso straordinario: i test della discordia\"}]},{\"@type\":\"WebSite\",\"@id\":\"https:\/\/www.uilscuolaemiliaromagna.it\/public\/er\/#website\",\"url\":\"https:\/\/www.uilscuolaemiliaromagna.it\/public\/er\/\",\"name\":\"Uil Scuola Emilia Romagna\",\"description\":\"La voce libera della scuola\",\"publisher\":{\"@id\":\"https:\/\/www.uilscuolaemiliaromagna.it\/public\/er\/#organization\"},\"potentialAction\":[{\"@type\":\"SearchAction\",\"target\":{\"@type\":\"EntryPoint\",\"urlTemplate\":\"https:\/\/www.uilscuolaemiliaromagna.it\/public\/er\/?s={search_term_string}\"},\"query-input\":\"required name=search_term_string\"}],\"inLanguage\":\"it-IT\"},{\"@type\":\"Organization\",\"@id\":\"https:\/\/www.uilscuolaemiliaromagna.it\/public\/er\/#organization\",\"name\":\"Uil Scuola Emilia Romagna\",\"url\":\"https:\/\/www.uilscuolaemiliaromagna.it\/public\/er\/\",\"logo\":{\"@type\":\"ImageObject\",\"inLanguage\":\"it-IT\",\"@id\":\"https:\/\/www.uilscuolaemiliaromagna.it\/public\/er\/#\/schema\/logo\/image\/\",\"url\":\"https:\/\/www.uilscuolaemiliaromagna.it\/public\/er\/wp-content\/uploads\/2017\/04\/cropped-header.png\",\"contentUrl\":\"https:\/\/www.uilscuolaemiliaromagna.it\/public\/er\/wp-content\/uploads\/2017\/04\/cropped-header.png\",\"width\":1000,\"height\":150,\"caption\":\"Uil Scuola Emilia Romagna\"},\"image\":{\"@id\":\"https:\/\/www.uilscuolaemiliaromagna.it\/public\/er\/#\/schema\/logo\/image\/\"}},{\"@type\":\"Person\",\"@id\":\"https:\/\/www.uilscuolaemiliaromagna.it\/public\/er\/#\/schema\/person\/f42878fd07a4b6ba2b7153d4fad5de5e\",\"name\":\"admin\",\"image\":{\"@type\":\"ImageObject\",\"inLanguage\":\"it-IT\",\"@id\":\"https:\/\/www.uilscuolaemiliaromagna.it\/public\/er\/#\/schema\/person\/image\/\",\"url\":\"https:\/\/secure.gravatar.com\/avatar\/aebf815ae2f30ffdae8b8c247273d34c?s=96&d=mm&r=g\",\"contentUrl\":\"https:\/\/secure.gravatar.com\/avatar\/aebf815ae2f30ffdae8b8c247273d34c?s=96&d=mm&r=g\",\"caption\":\"admin\"},\"url\":\"https:\/\/www.uilscuolaemiliaromagna.it\/public\/er\/author\/admin\/\"}]}<\/script>\r\n<!-- \/ Yoast SEO plugin. -->","yoast_head_json":{"title":"PRECARI | Concorso straordinario: i test della discordia - Uil Scuola Emilia Romagna","robots":{"index":"index","follow":"follow","max-snippet":"max-snippet:-1","max-image-preview":"max-image-preview:large","max-video-preview":"max-video-preview:-1"},"canonical":"https:\/\/www.uilscuolaemiliaromagna.it\/public\/er\/2020\/02\/09\/precari-concorso-straordinario-i-test-della-discordia\/","og_locale":"it_IT","og_type":"article","og_title":"PRECARI | Concorso straordinario: i test della discordia - Uil Scuola Emilia Romagna","og_description":"Ci\u00f2 che \u00e8 negato dal ministero \u00e8 garantito dal mercato Andate su Google e digitate \u2018concorso straordinario docenti\u2019. Si aprir\u00e0 un mondo\u2026 Offerte commerciali di &hellip;","og_url":"https:\/\/www.uilscuolaemiliaromagna.it\/public\/er\/2020\/02\/09\/precari-concorso-straordinario-i-test-della-discordia\/","og_site_name":"Uil Scuola Emilia Romagna","article_published_time":"2020-02-09T18:44:51+00:00","article_modified_time":"2020-02-11T08:45:43+00:00","author":"admin","twitter_card":"summary_large_image","twitter_misc":{"Scritto da":"admin","Tempo di lettura stimato":"2 minuti"},"schema":{"@context":"https:\/\/schema.org","@graph":[{"@type":"Article","@id":"https:\/\/www.uilscuolaemiliaromagna.it\/public\/er\/2020\/02\/09\/precari-concorso-straordinario-i-test-della-discordia\/#article","isPartOf":{"@id":"https:\/\/www.uilscuolaemiliaromagna.it\/public\/er\/2020\/02\/09\/precari-concorso-straordinario-i-test-della-discordia\/"},"author":{"name":"admin","@id":"https:\/\/www.uilscuolaemiliaromagna.it\/public\/er\/#\/schema\/person\/f42878fd07a4b6ba2b7153d4fad5de5e"},"headline":"PRECARI | Concorso straordinario: i test della discordia","datePublished":"2020-02-09T18:44:51+00:00","dateModified":"2020-02-11T08:45:43+00:00","mainEntityOfPage":{"@id":"https:\/\/www.uilscuolaemiliaromagna.it\/public\/er\/2020\/02\/09\/precari-concorso-straordinario-i-test-della-discordia\/"},"wordCount":364,"publisher":{"@id":"https:\/\/www.uilscuolaemiliaromagna.it\/public\/er\/#organization"},"articleSection":["Notizie","Personale Docente"],"inLanguage":"it-IT"},{"@type":"WebPage","@id":"https:\/\/www.uilscuolaemiliaromagna.it\/public\/er\/2020\/02\/09\/precari-concorso-straordinario-i-test-della-discordia\/","url":"https:\/\/www.uilscuolaemiliaromagna.it\/public\/er\/2020\/02\/09\/precari-concorso-straordinario-i-test-della-discordia\/","name":"PRECARI | Concorso straordinario: i test della discordia - Uil Scuola Emilia Romagna","isPartOf":{"@id":"https:\/\/www.uilscuolaemiliaromagna.it\/public\/er\/#website"},"datePublished":"2020-02-09T18:44:51+00:00","dateModified":"2020-02-11T08:45:43+00:00","breadcrumb":{"@id":"https:\/\/www.uilscuolaemiliaromagna.it\/public\/er\/2020\/02\/09\/precari-concorso-straordinario-i-test-della-discordia\/#breadcrumb"},"inLanguage":"it-IT","potentialAction":[{"@type":"ReadAction","target":["https:\/\/www.uilscuolaemiliaromagna.it\/public\/er\/2020\/02\/09\/precari-concorso-straordinario-i-test-della-discordia\/"]}]},{"@type":"BreadcrumbList","@id":"https:\/\/www.uilscuolaemiliaromagna.it\/public\/er\/2020\/02\/09\/precari-concorso-straordinario-i-test-della-discordia\/#breadcrumb","itemListElement":[{"@type":"ListItem","position":1,"name":"Home","item":"https:\/\/www.uilscuolaemiliaromagna.it\/public\/er\/"},{"@type":"ListItem","position":2,"name":"PRECARI | Concorso straordinario: i test della discordia"}]},{"@type":"WebSite","@id":"https:\/\/www.uilscuolaemiliaromagna.it\/public\/er\/#website","url":"https:\/\/www.uilscuolaemiliaromagna.it\/public\/er\/","name":"Uil Scuola Emilia Romagna","description":"La voce libera della scuola","publisher":{"@id":"https:\/\/www.uilscuolaemiliaromagna.it\/public\/er\/#organization"},"potentialAction":[{"@type":"SearchAction","target":{"@type":"EntryPoint","urlTemplate":"https:\/\/www.uilscuolaemiliaromagna.it\/public\/er\/?s={search_term_string}"},"query-input":"required name=search_term_string"}],"inLanguage":"it-IT"},{"@type":"Organization","@id":"https:\/\/www.uilscuolaemiliaromagna.it\/public\/er\/#organization","name":"Uil Scuola Emilia Romagna","url":"https:\/\/www.uilscuolaemiliaromagna.it\/public\/er\/","logo":{"@type":"ImageObject","inLanguage":"it-IT","@id":"https:\/\/www.uilscuolaemiliaromagna.it\/public\/er\/#\/schema\/logo\/image\/","url":"https:\/\/www.uilscuolaemiliaromagna.it\/public\/er\/wp-content\/uploads\/2017\/04\/cropped-header.png","contentUrl":"https:\/\/www.uilscuolaemiliaromagna.it\/public\/er\/wp-content\/uploads\/2017\/04\/cropped-header.png","width":1000,"height":150,"caption":"Uil Scuola Emilia Romagna"},"image":{"@id":"https:\/\/www.uilscuolaemiliaromagna.it\/public\/er\/#\/schema\/logo\/image\/"}},{"@type":"Person","@id":"https:\/\/www.uilscuolaemiliaromagna.it\/public\/er\/#\/schema\/person\/f42878fd07a4b6ba2b7153d4fad5de5e","name":"admin","image":{"@type":"ImageObject","inLanguage":"it-IT","@id":"https:\/\/www.uilscuolaemiliaromagna.it\/public\/er\/#\/schema\/person\/image\/","url":"https:\/\/secure.gravatar.com\/avatar\/aebf815ae2f30ffdae8b8c247273d34c?s=96&d=mm&r=g","contentUrl":"https:\/\/secure.gravatar.com\/avatar\/aebf815ae2f30ffdae8b8c247273d34c?s=96&d=mm&r=g","caption":"admin"},"url":"https:\/\/www.uilscuolaemiliaromagna.it\/public\/er\/author\/admin\/"}]}},"views":891,"_links":{"self":[{"href":"https:\/\/www.uilscuolaemiliaromagna.it\/public\/er\/wp-json\/wp\/v2\/posts\/5575"}],"collection":[{"href":"https:\/\/www.uilscuolaemiliaromagna.it\/public\/er\/wp-json\/wp\/v2\/posts"}],"about":[{"href":"https:\/\/www.uilscuolaemiliaromagna.it\/public\/er\/wp-json\/wp\/v2\/types\/post"}],"author":[{"embeddable":true,"href":"https:\/\/www.uilscuolaemiliaromagna.it\/public\/er\/wp-json\/wp\/v2\/users\/1"}],"replies":[{"embeddable":true,"href":"https:\/\/www.uilscuolaemiliaromagna.it\/public\/er\/wp-json\/wp\/v2\/comments?post=5575"}],"version-history":[{"count":1,"href":"https:\/\/www.uilscuolaemiliaromagna.it\/public\/er\/wp-json\/wp\/v2\/posts\/5575\/revisions"}],"predecessor-version":[{"id":5576,"href":"https:\/\/www.uilscuolaemiliaromagna.it\/public\/er\/wp-json\/wp\/v2\/posts\/5575\/revisions\/5576"}],"wp:attachment":[{"href":"https:\/\/www.uilscuolaemiliaromagna.it\/public\/er\/wp-json\/wp\/v2\/media?parent=5575"}],"wp:term":[{"taxonomy":"category","embeddable":true,"href":"https:\/\/www.uilscuolaemiliaromagna.it\/public\/er\/wp-json\/wp\/v2\/categories?post=5575"},{"taxonomy":"post_tag","embeddable":true,"href":"https:\/\/www.uilscuolaemiliaromagna.it\/public\/er\/wp-json\/wp\/v2\/tags?post=5575"}],"curies":[{"name":"wp","href":"https:\/\/api.w.org\/{rel}","templated":true}]}}