{"id":5696,"date":"2020-02-26T20:05:19","date_gmt":"2020-02-26T19:05:19","guid":{"rendered":"http:\/\/www.uilscuolaemiliaromagna.it\/public\/er\/?p=5696"},"modified":"2020-02-27T17:14:12","modified_gmt":"2020-02-27T16:14:12","slug":"emergenza-coronavirus-uil-scuola-non-e-il-momento-delle-polemiche-e-della-divisione-turi-siamo-in-quarantena-polemica","status":"publish","type":"post","link":"https:\/\/www.uilscuolaemiliaromagna.it\/public\/er\/2020\/02\/26\/emergenza-coronavirus-uil-scuola-non-e-il-momento-delle-polemiche-e-della-divisione-turi-siamo-in-quarantena-polemica\/","title":{"rendered":"Emergenza Coronavirus | UIL Scuola: non \u00e8 il momento delle polemiche e della divisione. Turi: siamo in \u201cquarantena polemica"},"content":{"rendered":"<blockquote>\n<p style=\"text-align: justify;\"><strong><em>Ora \u00e8 pi\u00f9 urgente unire piuttosto che dividere ma esigenze del lavoro a scuola andranno affrontate<br \/>\nServono una linea di intervento chiara e un coordinamento capace di mettere insieme le mille competenze e prerogative di Stato, Regioni e Comuni<\/em><\/strong><\/p>\n<\/blockquote>\n<p style=\"text-align: justify;\">Una \u201c<em>quarantena polemica<\/em>\u201d, che unisca piuttosto che dividere \u2013 cos\u00ec Pino Turi nel corso della riunione di oggi al MIUR per fare il punto su l\u2019emergenza Coronavirus.<\/p>\n<p style=\"text-align: justify;\">Dobbiamo superare il clima del si-salvi-chi-pu\u00f2 \u2013 ha detto Turi \u2013 e tracciare una linea di intervento chiara, un coordinamento capace di mettere insieme le mille competenze e prerogative di Stato, Regioni e Comuni.<\/p>\n<p style=\"text-align: justify;\">Il sistema scolastico nazionale coinvolge milioni di persone e svolge una funzione che incide sulle libert\u00e0 personali e sulla stessa democrazia.\u00a0 Serve una comunicazione snella e chiara che recuperi le tante ambiguit\u00e0. Nella riunione di oggi il ministero si \u00e8 fatto garante di questo attraverso FAQ ministeriali.<\/p>\n<p style=\"text-align: justify;\">Abbiamo espresso una riserva di metodo e di merito, in relazione all\u2019uso della didattica alternativa: metodologia sperimentata in pi\u00f9 scuole ma non ancora messa a punto in modo uguale in tutto il territorio nazionale.<br \/>\nIn una situazione di incertezza e confusione, piuttosto che offrire benefici e accorciare i tempi, si potrebbero creare inutili tensioni e conflitti all\u2019interno della comunit\u00e0 educante, disparit\u00e0 di trattamento e messaggi che farebbero pensare a periodi ben pi\u00f9 lunghi rispetto a quelli ipotizzati nel provvedimento governativo, insomma una comunicazione sbagliata.<\/p>\n<p style=\"text-align: justify;\">La tecnologia \u00e8 uno strumento e non pu\u00f2 sostituire il pensiero \u2013 ha sottolineato il segretario generale della UIL Scuola \u2013 il ruolo del personale della scuola \u00e8 ineludibile e si deve sentire coinvolto per avere effetti positivi. Bisogna valutare con estrema attenzione.<br \/>\nAggiungere conflittualit\u00e0 ed incertezze ad una situazione di panico disegna una situazione di cui si deve fare a meno. Una miscela carica di tensioni, anche sindacali, visto lo sciopero che si sarebbe dovuto fare il giorno 6 marzo, consiglia prudenza.<\/p>\n<p style=\"text-align: justify;\">A questo proposito sono ancora timide le riflessioni che si stanno facendo e che meritano pi\u00f9 coraggio. Oltre 70.000 precari vivono una situazione di incertezza rispetto al loro futuro lavorativo e che, anche in questa fase di emergenza, sarebbe saggio considerare per ripristinare un clima di serenit\u00e0 che manca.<\/p>\n<p style=\"text-align: justify;\">Le situazioni di emergenza devono mettere le persone insieme e non dividerle. Il presidente del Consiglio in questi giorni ha fatto un appello all\u2019unit\u00e0 in parlamento. Ci vuole anche unit\u00e0 tra cittadini, lavoratori e politica. Ridare fiducia alle Istituzioni.<br \/>\nE\u2019 alla politica che si rivolgono per avere risposte collettive, veder rispettate prerogative e diritti. \u00a0Sono quegli stessi diritti, che la costituzione tutela, che andremo a ribadire quando questa situazione di emergenza grave sar\u00e0 superata e che faremo presenti dopo la <em>\u201cquarantena polemica\u201d<\/em> che ci siamo imposti.<\/p>\n<ul>\n<li><a href=\"https:\/\/www.uilscuolaemiliaromagna.it\/public\/er\/wp-content\/uploads\/2020\/02\/REPORT-INCONTRO-26.02.2020.pdf\" target=\"_blank\" rel=\"noopener\">il report dell&#8217;incontro<\/a><\/li>\n<li><a href=\"https:\/\/www.uilscuolaemiliaromagna.it\/public\/er\/wp-content\/uploads\/2020\/02\/DPCMCoronavirusschedatecnicaUILScuolaRua.pdf\">DPCM-Coronavirus-Scheda tecnica UIL Scuola Rua<\/a><\/li>\n<\/ul>\n\n<div class=\"twitter-share\"><a href=\"https:\/\/twitter.com\/intent\/tweet?via=UILScuolaBO_ER\" class=\"twitter-share-button\" data-size=\"large\">Tweet<\/a><\/div>\n","protected":false},"excerpt":{"rendered":"<p>Ora \u00e8 pi\u00f9 urgente unire piuttosto che dividere ma esigenze del lavoro a scuola andranno affrontate Servono una linea di intervento chiara e un coordinamento &hellip; <\/p>\n","protected":false},"author":1,"featured_media":0,"comment_status":"closed","ping_status":"open","sticky":false,"template":"","format":"standard","meta":{"footnotes":""},"categories":[2,3,12,6,7],"tags":[],"yoast_head":"<!-- This site is optimized with the Yoast SEO plugin v21.7 - https:\/\/yoast.com\/wordpress\/plugins\/seo\/ -->\r\n<title>Emergenza Coronavirus | UIL Scuola: non \u00e8 il momento delle polemiche e della divisione. Turi: siamo in \u201cquarantena polemica - Uil Scuola Emilia Romagna<\/title>\r\n<meta name=\"robots\" content=\"index, follow, max-snippet:-1, max-image-preview:large, max-video-preview:-1\" \/>\r\n<link rel=\"canonical\" href=\"https:\/\/www.uilscuolaemiliaromagna.it\/public\/er\/2020\/02\/26\/emergenza-coronavirus-uil-scuola-non-e-il-momento-delle-polemiche-e-della-divisione-turi-siamo-in-quarantena-polemica\/\" \/>\r\n<meta property=\"og:locale\" content=\"it_IT\" \/>\r\n<meta property=\"og:type\" content=\"article\" \/>\r\n<meta property=\"og:title\" content=\"Emergenza Coronavirus | UIL Scuola: non \u00e8 il momento delle polemiche e della divisione. Turi: siamo in \u201cquarantena polemica - Uil Scuola Emilia Romagna\" \/>\r\n<meta property=\"og:description\" content=\"Ora \u00e8 pi\u00f9 urgente unire piuttosto che dividere ma esigenze del lavoro a scuola andranno affrontate Servono una linea di intervento chiara e un coordinamento &hellip;\" \/>\r\n<meta property=\"og:url\" content=\"https:\/\/www.uilscuolaemiliaromagna.it\/public\/er\/2020\/02\/26\/emergenza-coronavirus-uil-scuola-non-e-il-momento-delle-polemiche-e-della-divisione-turi-siamo-in-quarantena-polemica\/\" \/>\r\n<meta property=\"og:site_name\" content=\"Uil Scuola Emilia Romagna\" \/>\r\n<meta property=\"article:published_time\" content=\"2020-02-26T19:05:19+00:00\" \/>\r\n<meta property=\"article:modified_time\" content=\"2020-02-27T16:14:12+00:00\" \/>\r\n<meta name=\"author\" content=\"admin\" \/>\r\n<meta name=\"twitter:card\" content=\"summary_large_image\" \/>\r\n<meta name=\"twitter:label1\" content=\"Scritto da\" \/>\n\t<meta name=\"twitter:data1\" content=\"admin\" \/>\n\t<meta name=\"twitter:label2\" content=\"Tempo di lettura stimato\" \/>\n\t<meta name=\"twitter:data2\" content=\"2 minuti\" \/>\r\n<script type=\"application\/ld+json\" class=\"yoast-schema-graph\">{\"@context\":\"https:\/\/schema.org\",\"@graph\":[{\"@type\":\"Article\",\"@id\":\"https:\/\/www.uilscuolaemiliaromagna.it\/public\/er\/2020\/02\/26\/emergenza-coronavirus-uil-scuola-non-e-il-momento-delle-polemiche-e-della-divisione-turi-siamo-in-quarantena-polemica\/#article\",\"isPartOf\":{\"@id\":\"https:\/\/www.uilscuolaemiliaromagna.it\/public\/er\/2020\/02\/26\/emergenza-coronavirus-uil-scuola-non-e-il-momento-delle-polemiche-e-della-divisione-turi-siamo-in-quarantena-polemica\/\"},\"author\":{\"name\":\"admin\",\"@id\":\"https:\/\/www.uilscuolaemiliaromagna.it\/public\/er\/#\/schema\/person\/f42878fd07a4b6ba2b7153d4fad5de5e\"},\"headline\":\"Emergenza Coronavirus | UIL Scuola: non \u00e8 il momento delle polemiche e della divisione. Turi: siamo in \u201cquarantena polemica\",\"datePublished\":\"2020-02-26T19:05:19+00:00\",\"dateModified\":\"2020-02-27T16:14:12+00:00\",\"mainEntityOfPage\":{\"@id\":\"https:\/\/www.uilscuolaemiliaromagna.it\/public\/er\/2020\/02\/26\/emergenza-coronavirus-uil-scuola-non-e-il-momento-delle-polemiche-e-della-divisione-turi-siamo-in-quarantena-polemica\/\"},\"wordCount\":467,\"publisher\":{\"@id\":\"https:\/\/www.uilscuolaemiliaromagna.it\/public\/er\/#organization\"},\"articleSection\":[\"ATA\",\"Dirigenti\",\"Notizie\",\"Personale Docente\",\"Personale Educativo\"],\"inLanguage\":\"it-IT\"},{\"@type\":\"WebPage\",\"@id\":\"https:\/\/www.uilscuolaemiliaromagna.it\/public\/er\/2020\/02\/26\/emergenza-coronavirus-uil-scuola-non-e-il-momento-delle-polemiche-e-della-divisione-turi-siamo-in-quarantena-polemica\/\",\"url\":\"https:\/\/www.uilscuolaemiliaromagna.it\/public\/er\/2020\/02\/26\/emergenza-coronavirus-uil-scuola-non-e-il-momento-delle-polemiche-e-della-divisione-turi-siamo-in-quarantena-polemica\/\",\"name\":\"Emergenza Coronavirus | UIL Scuola: non \u00e8 il momento delle polemiche e della divisione. Turi: siamo in \u201cquarantena polemica - Uil Scuola Emilia Romagna\",\"isPartOf\":{\"@id\":\"https:\/\/www.uilscuolaemiliaromagna.it\/public\/er\/#website\"},\"datePublished\":\"2020-02-26T19:05:19+00:00\",\"dateModified\":\"2020-02-27T16:14:12+00:00\",\"breadcrumb\":{\"@id\":\"https:\/\/www.uilscuolaemiliaromagna.it\/public\/er\/2020\/02\/26\/emergenza-coronavirus-uil-scuola-non-e-il-momento-delle-polemiche-e-della-divisione-turi-siamo-in-quarantena-polemica\/#breadcrumb\"},\"inLanguage\":\"it-IT\",\"potentialAction\":[{\"@type\":\"ReadAction\",\"target\":[\"https:\/\/www.uilscuolaemiliaromagna.it\/public\/er\/2020\/02\/26\/emergenza-coronavirus-uil-scuola-non-e-il-momento-delle-polemiche-e-della-divisione-turi-siamo-in-quarantena-polemica\/\"]}]},{\"@type\":\"BreadcrumbList\",\"@id\":\"https:\/\/www.uilscuolaemiliaromagna.it\/public\/er\/2020\/02\/26\/emergenza-coronavirus-uil-scuola-non-e-il-momento-delle-polemiche-e-della-divisione-turi-siamo-in-quarantena-polemica\/#breadcrumb\",\"itemListElement\":[{\"@type\":\"ListItem\",\"position\":1,\"name\":\"Home\",\"item\":\"https:\/\/www.uilscuolaemiliaromagna.it\/public\/er\/\"},{\"@type\":\"ListItem\",\"position\":2,\"name\":\"Emergenza Coronavirus | UIL Scuola: non \u00e8 il momento delle polemiche e della divisione. Turi: siamo in \u201cquarantena polemica\"}]},{\"@type\":\"WebSite\",\"@id\":\"https:\/\/www.uilscuolaemiliaromagna.it\/public\/er\/#website\",\"url\":\"https:\/\/www.uilscuolaemiliaromagna.it\/public\/er\/\",\"name\":\"Uil Scuola Emilia Romagna\",\"description\":\"La voce libera della scuola\",\"publisher\":{\"@id\":\"https:\/\/www.uilscuolaemiliaromagna.it\/public\/er\/#organization\"},\"potentialAction\":[{\"@type\":\"SearchAction\",\"target\":{\"@type\":\"EntryPoint\",\"urlTemplate\":\"https:\/\/www.uilscuolaemiliaromagna.it\/public\/er\/?s={search_term_string}\"},\"query-input\":\"required name=search_term_string\"}],\"inLanguage\":\"it-IT\"},{\"@type\":\"Organization\",\"@id\":\"https:\/\/www.uilscuolaemiliaromagna.it\/public\/er\/#organization\",\"name\":\"Uil Scuola Emilia Romagna\",\"url\":\"https:\/\/www.uilscuolaemiliaromagna.it\/public\/er\/\",\"logo\":{\"@type\":\"ImageObject\",\"inLanguage\":\"it-IT\",\"@id\":\"https:\/\/www.uilscuolaemiliaromagna.it\/public\/er\/#\/schema\/logo\/image\/\",\"url\":\"https:\/\/www.uilscuolaemiliaromagna.it\/public\/er\/wp-content\/uploads\/2017\/04\/cropped-header.png\",\"contentUrl\":\"https:\/\/www.uilscuolaemiliaromagna.it\/public\/er\/wp-content\/uploads\/2017\/04\/cropped-header.png\",\"width\":1000,\"height\":150,\"caption\":\"Uil Scuola Emilia Romagna\"},\"image\":{\"@id\":\"https:\/\/www.uilscuolaemiliaromagna.it\/public\/er\/#\/schema\/logo\/image\/\"}},{\"@type\":\"Person\",\"@id\":\"https:\/\/www.uilscuolaemiliaromagna.it\/public\/er\/#\/schema\/person\/f42878fd07a4b6ba2b7153d4fad5de5e\",\"name\":\"admin\",\"image\":{\"@type\":\"ImageObject\",\"inLanguage\":\"it-IT\",\"@id\":\"https:\/\/www.uilscuolaemiliaromagna.it\/public\/er\/#\/schema\/person\/image\/\",\"url\":\"https:\/\/secure.gravatar.com\/avatar\/aebf815ae2f30ffdae8b8c247273d34c?s=96&d=mm&r=g\",\"contentUrl\":\"https:\/\/secure.gravatar.com\/avatar\/aebf815ae2f30ffdae8b8c247273d34c?s=96&d=mm&r=g\",\"caption\":\"admin\"},\"url\":\"https:\/\/www.uilscuolaemiliaromagna.it\/public\/er\/author\/admin\/\"}]}<\/script>\r\n<!-- \/ Yoast SEO plugin. -->","yoast_head_json":{"title":"Emergenza Coronavirus | UIL Scuola: non \u00e8 il momento delle polemiche e della divisione. Turi: siamo in \u201cquarantena polemica - Uil Scuola Emilia Romagna","robots":{"index":"index","follow":"follow","max-snippet":"max-snippet:-1","max-image-preview":"max-image-preview:large","max-video-preview":"max-video-preview:-1"},"canonical":"https:\/\/www.uilscuolaemiliaromagna.it\/public\/er\/2020\/02\/26\/emergenza-coronavirus-uil-scuola-non-e-il-momento-delle-polemiche-e-della-divisione-turi-siamo-in-quarantena-polemica\/","og_locale":"it_IT","og_type":"article","og_title":"Emergenza Coronavirus | UIL Scuola: non \u00e8 il momento delle polemiche e della divisione. Turi: siamo in \u201cquarantena polemica - Uil Scuola Emilia Romagna","og_description":"Ora \u00e8 pi\u00f9 urgente unire piuttosto che dividere ma esigenze del lavoro a scuola andranno affrontate Servono una linea di intervento chiara e un coordinamento &hellip;","og_url":"https:\/\/www.uilscuolaemiliaromagna.it\/public\/er\/2020\/02\/26\/emergenza-coronavirus-uil-scuola-non-e-il-momento-delle-polemiche-e-della-divisione-turi-siamo-in-quarantena-polemica\/","og_site_name":"Uil Scuola Emilia Romagna","article_published_time":"2020-02-26T19:05:19+00:00","article_modified_time":"2020-02-27T16:14:12+00:00","author":"admin","twitter_card":"summary_large_image","twitter_misc":{"Scritto da":"admin","Tempo di lettura stimato":"2 minuti"},"schema":{"@context":"https:\/\/schema.org","@graph":[{"@type":"Article","@id":"https:\/\/www.uilscuolaemiliaromagna.it\/public\/er\/2020\/02\/26\/emergenza-coronavirus-uil-scuola-non-e-il-momento-delle-polemiche-e-della-divisione-turi-siamo-in-quarantena-polemica\/#article","isPartOf":{"@id":"https:\/\/www.uilscuolaemiliaromagna.it\/public\/er\/2020\/02\/26\/emergenza-coronavirus-uil-scuola-non-e-il-momento-delle-polemiche-e-della-divisione-turi-siamo-in-quarantena-polemica\/"},"author":{"name":"admin","@id":"https:\/\/www.uilscuolaemiliaromagna.it\/public\/er\/#\/schema\/person\/f42878fd07a4b6ba2b7153d4fad5de5e"},"headline":"Emergenza Coronavirus | UIL Scuola: non \u00e8 il momento delle polemiche e della divisione. Turi: siamo in \u201cquarantena polemica","datePublished":"2020-02-26T19:05:19+00:00","dateModified":"2020-02-27T16:14:12+00:00","mainEntityOfPage":{"@id":"https:\/\/www.uilscuolaemiliaromagna.it\/public\/er\/2020\/02\/26\/emergenza-coronavirus-uil-scuola-non-e-il-momento-delle-polemiche-e-della-divisione-turi-siamo-in-quarantena-polemica\/"},"wordCount":467,"publisher":{"@id":"https:\/\/www.uilscuolaemiliaromagna.it\/public\/er\/#organization"},"articleSection":["ATA","Dirigenti","Notizie","Personale Docente","Personale Educativo"],"inLanguage":"it-IT"},{"@type":"WebPage","@id":"https:\/\/www.uilscuolaemiliaromagna.it\/public\/er\/2020\/02\/26\/emergenza-coronavirus-uil-scuola-non-e-il-momento-delle-polemiche-e-della-divisione-turi-siamo-in-quarantena-polemica\/","url":"https:\/\/www.uilscuolaemiliaromagna.it\/public\/er\/2020\/02\/26\/emergenza-coronavirus-uil-scuola-non-e-il-momento-delle-polemiche-e-della-divisione-turi-siamo-in-quarantena-polemica\/","name":"Emergenza Coronavirus | UIL Scuola: non \u00e8 il momento delle polemiche e della divisione. Turi: siamo in \u201cquarantena polemica - Uil Scuola Emilia Romagna","isPartOf":{"@id":"https:\/\/www.uilscuolaemiliaromagna.it\/public\/er\/#website"},"datePublished":"2020-02-26T19:05:19+00:00","dateModified":"2020-02-27T16:14:12+00:00","breadcrumb":{"@id":"https:\/\/www.uilscuolaemiliaromagna.it\/public\/er\/2020\/02\/26\/emergenza-coronavirus-uil-scuola-non-e-il-momento-delle-polemiche-e-della-divisione-turi-siamo-in-quarantena-polemica\/#breadcrumb"},"inLanguage":"it-IT","potentialAction":[{"@type":"ReadAction","target":["https:\/\/www.uilscuolaemiliaromagna.it\/public\/er\/2020\/02\/26\/emergenza-coronavirus-uil-scuola-non-e-il-momento-delle-polemiche-e-della-divisione-turi-siamo-in-quarantena-polemica\/"]}]},{"@type":"BreadcrumbList","@id":"https:\/\/www.uilscuolaemiliaromagna.it\/public\/er\/2020\/02\/26\/emergenza-coronavirus-uil-scuola-non-e-il-momento-delle-polemiche-e-della-divisione-turi-siamo-in-quarantena-polemica\/#breadcrumb","itemListElement":[{"@type":"ListItem","position":1,"name":"Home","item":"https:\/\/www.uilscuolaemiliaromagna.it\/public\/er\/"},{"@type":"ListItem","position":2,"name":"Emergenza Coronavirus | UIL Scuola: non \u00e8 il momento delle polemiche e della divisione. Turi: siamo in \u201cquarantena polemica"}]},{"@type":"WebSite","@id":"https:\/\/www.uilscuolaemiliaromagna.it\/public\/er\/#website","url":"https:\/\/www.uilscuolaemiliaromagna.it\/public\/er\/","name":"Uil Scuola Emilia Romagna","description":"La voce libera della scuola","publisher":{"@id":"https:\/\/www.uilscuolaemiliaromagna.it\/public\/er\/#organization"},"potentialAction":[{"@type":"SearchAction","target":{"@type":"EntryPoint","urlTemplate":"https:\/\/www.uilscuolaemiliaromagna.it\/public\/er\/?s={search_term_string}"},"query-input":"required name=search_term_string"}],"inLanguage":"it-IT"},{"@type":"Organization","@id":"https:\/\/www.uilscuolaemiliaromagna.it\/public\/er\/#organization","name":"Uil Scuola Emilia Romagna","url":"https:\/\/www.uilscuolaemiliaromagna.it\/public\/er\/","logo":{"@type":"ImageObject","inLanguage":"it-IT","@id":"https:\/\/www.uilscuolaemiliaromagna.it\/public\/er\/#\/schema\/logo\/image\/","url":"https:\/\/www.uilscuolaemiliaromagna.it\/public\/er\/wp-content\/uploads\/2017\/04\/cropped-header.png","contentUrl":"https:\/\/www.uilscuolaemiliaromagna.it\/public\/er\/wp-content\/uploads\/2017\/04\/cropped-header.png","width":1000,"height":150,"caption":"Uil Scuola Emilia Romagna"},"image":{"@id":"https:\/\/www.uilscuolaemiliaromagna.it\/public\/er\/#\/schema\/logo\/image\/"}},{"@type":"Person","@id":"https:\/\/www.uilscuolaemiliaromagna.it\/public\/er\/#\/schema\/person\/f42878fd07a4b6ba2b7153d4fad5de5e","name":"admin","image":{"@type":"ImageObject","inLanguage":"it-IT","@id":"https:\/\/www.uilscuolaemiliaromagna.it\/public\/er\/#\/schema\/person\/image\/","url":"https:\/\/secure.gravatar.com\/avatar\/aebf815ae2f30ffdae8b8c247273d34c?s=96&d=mm&r=g","contentUrl":"https:\/\/secure.gravatar.com\/avatar\/aebf815ae2f30ffdae8b8c247273d34c?s=96&d=mm&r=g","caption":"admin"},"url":"https:\/\/www.uilscuolaemiliaromagna.it\/public\/er\/author\/admin\/"}]}},"views":855,"_links":{"self":[{"href":"https:\/\/www.uilscuolaemiliaromagna.it\/public\/er\/wp-json\/wp\/v2\/posts\/5696"}],"collection":[{"href":"https:\/\/www.uilscuolaemiliaromagna.it\/public\/er\/wp-json\/wp\/v2\/posts"}],"about":[{"href":"https:\/\/www.uilscuolaemiliaromagna.it\/public\/er\/wp-json\/wp\/v2\/types\/post"}],"author":[{"embeddable":true,"href":"https:\/\/www.uilscuolaemiliaromagna.it\/public\/er\/wp-json\/wp\/v2\/users\/1"}],"replies":[{"embeddable":true,"href":"https:\/\/www.uilscuolaemiliaromagna.it\/public\/er\/wp-json\/wp\/v2\/comments?post=5696"}],"version-history":[{"count":2,"href":"https:\/\/www.uilscuolaemiliaromagna.it\/public\/er\/wp-json\/wp\/v2\/posts\/5696\/revisions"}],"predecessor-version":[{"id":5708,"href":"https:\/\/www.uilscuolaemiliaromagna.it\/public\/er\/wp-json\/wp\/v2\/posts\/5696\/revisions\/5708"}],"wp:attachment":[{"href":"https:\/\/www.uilscuolaemiliaromagna.it\/public\/er\/wp-json\/wp\/v2\/media?parent=5696"}],"wp:term":[{"taxonomy":"category","embeddable":true,"href":"https:\/\/www.uilscuolaemiliaromagna.it\/public\/er\/wp-json\/wp\/v2\/categories?post=5696"},{"taxonomy":"post_tag","embeddable":true,"href":"https:\/\/www.uilscuolaemiliaromagna.it\/public\/er\/wp-json\/wp\/v2\/tags?post=5696"}],"curies":[{"name":"wp","href":"https:\/\/api.w.org\/{rel}","templated":true}]}}