{"id":5721,"date":"2020-03-02T20:31:35","date_gmt":"2020-03-02T19:31:35","guid":{"rendered":"http:\/\/www.uilscuolaemiliaromagna.it\/public\/er\/?p=5721"},"modified":"2020-03-02T20:31:35","modified_gmt":"2020-03-02T19:31:35","slug":"il-punto-il-coronavirus-non-sospende-la-democrazia-lazione-sindacale-nellemergenza-in-atto","status":"publish","type":"post","link":"https:\/\/www.uilscuolaemiliaromagna.it\/public\/er\/2020\/03\/02\/il-punto-il-coronavirus-non-sospende-la-democrazia-lazione-sindacale-nellemergenza-in-atto\/","title":{"rendered":"IL PUNTO | Il coronavirus non sospende la democrazia. L\u2019azione sindacale nell\u2019emergenza in atto."},"content":{"rendered":"<p style=\"text-align: justify;\">Di Pino Turi *<\/p>\n<p style=\"text-align: justify;\">\nL\u2019emergenza virale in atto, al netto delle gravi complicazioni sanitarie, sta determinando scenari inediti.<\/p>\n<p style=\"text-align: justify;\">\n<strong>Autonomia differenziata: il racconto di un fallimento<\/strong><br \/>\nQuesta situazione contingente sta dando la rappresentazione plastica che ogni ulteriore richiesta di autonomia differenziata \u00e8 non solo immotivata, ma fonte di grave pregiudizio per l\u2019intero Paese.<br \/>\nQuando si parla di diritti universali, in questo caso della salute dei cittadini, ogni recinto sia esso fisico o giuridico, ha riflessi negativi.<br \/>\nL\u2019economia globalizzata abbatte gli steccati. Gli aggregati devono avere dimensioni generali, l\u2019idea di stato federale \u00e8 fuori contesto, anacronistica, egoistica, divisiva. L\u2019Italia unita \u00e8 una regione dell\u2019Europa. L\u2019istruzione \u00e8 una funzione essenziale dello Stato e come tale non pu\u00f2 essere parcellizzata in venti microcosmi regionali. Un assunto che trova fondamento anche sull\u2019esperienza di questi giorni.<\/p>\n<p style=\"text-align: justify;\">\n<strong>L\u2019elogio del mercato messo in crisi da un virus globale<\/strong><br \/>\nLa flebile politica di questa contingenza storica \u00e8 incapace di fronteggiare situazioni imprevedibili. Deve cambiare il paradigma di riferimento. Il dogma del mercato, professato dai neoliberisti, si presenta in tutta la sua fragilit\u00e0 se un virus \u00e8 in grado di sconvolgere anche il sistema sociale. In questa situazione in cui si sono messi in gioco i diritti universali, la salute in primis, la politica mostra di abdicare, facendo prevalere l\u2019economia su tutto.<br \/>\nIl conflitto andava evitato attraverso una sintesi dei diritti incomprimibili dei cittadini ben descritti nella Carta Costituzionale.<br \/>\nMa la coesistenza implica un diverso approccio culturale.<br \/>\nI risparmi si fanno laddove sono possibili, ma lucrare sulla sanit\u00e0 alla stregua di un qualunque servizio significa non averne compreso il significato.<\/p>\n<p style=\"text-align: justify;\">\n<strong>Cavalcare l\u2019emergenza per portare un\u2019innovazione imposta<\/strong><br \/>\nLe emergenze non sono mai neutre, se la politica non \u00e8 autorevole prevalgono gli interessi, che sono quasi sempre di natura economica. Surrogare le lezioni frontali con quelle a distanza (via skype e similari) pu\u00f2 essere un rimedio utile, da azionare in casi di emergenza e sempre a condizione di introdurre i necessari atti regolativi.<br \/>\nIl fai-da-te \u00e8 elemento pericolosamente regressivo che si presta ad usi ed abusi che \u00e8 necessario evitare.<br \/>\nLa tecnologia \u00e8 un bene prezioso, non un corpo contundente da usare a sproposito. Forzarne l\u2019uso al di fuori di un progetto politico condiviso, pu\u00f2 incidere negativamente anche sui rapporti sociali tradizionalmente intrattenuti all\u2019interno della comunit\u00e0 educante.<\/p>\n<p style=\"text-align: justify;\">\n<strong>Questi tre elementi, valutati dal punto di vista della scuola, inducono a qualche riflessione e trasmettono forti preoccupazioni. Su questo va aperto un confronto che deve orientare le nostre scelte politico- sindacali. In verit\u00e0 sono le riflessioni che abbiamo effettuato a Fiuggi, nel dicembre 2019, e a cui dobbiamo rifarci. L\u00ec abbiamo riordinato le idee, i valori, i principi che con coraggio dobbiamo portare avanti anche fuori dal coro per riaffermarli e porli alla base di un nuovo umanesimo.<\/strong><\/p>\n<p style=\"text-align: justify;\">\n<strong>Il modello di scuola che vogliamo per il Paese<\/strong><br \/>\nE\u2019 questo il punto di partenza per difendere la scuola pubblica, unica e unitaria, dall\u2019ingerenza della politica e per evitare che segua lo stesso declinante destino della sanit\u00e0 pubblica. La scuola deve essere nazionale, ma anche statale, laica, libera ed indipendente, costituzionale insomma.<br \/>\nSulla base di questi principi dobbiamo misurare ogni proposta di modifica, ogni riforma per evitare che la politica informe e incolore di questi anni produca danni irreparabili.<\/p>\n<p style=\"text-align: justify;\">\n<strong>L\u2019eco di ritorno della legge 107 ammalia trasversalmente la politica<\/strong><br \/>\nForze politicamente contrapposte si inseguono e rilanciano riproponendo progetti sonoramente bocciati dai lavoratori. E\u2019 il caso della deputata Forzista Aprea che spinge per realizzare una didattica alternativa, che sarebbe, a suo modo di vedere, l\u2019antidoto al coronavirus.<br \/>\nCome se ci\u00f2 non bastasse, la Ministra sottoscrive un atto di indirizzo politico nel quale si invoca la \u00abformazione obbligatoria strutturale e continua\u00bb: le stesse parole usate dalla legge 107. Le ambiguit\u00e0 non finiscono qui.<\/p>\n<p style=\"text-align: justify;\">\n<strong>Chiamata diretta: bocciata per contratto, rischia di tornare per via legislativa<\/strong><br \/>\nAccade, infatti, che il percorso parlamentare di stop alla chiamata diretta, gi\u00e0 realizzato per via contrattuale, si inceppi per qualche strana amnesia di alcune forze politiche, le stesse che qualche mese prima si erano battute per la sua eliminazione.<br \/>\nE\u2019 la prova che quello che la gente ha chiesto con forza negli anni scorsi, oggi sembra un ricordo che interessa poco alle forze politiche che preferiscono sostenere le tesi delle lobby economiche, le offerte del mercato, che ormai non sono pi\u00f9 in grado di arginare. Al momento solo il sindacato appare seriamente impegnato nel tenere la barra diritta nella difesa dei diritti dei cittadini e dei lavoratori.<\/p>\n<p style=\"text-align: justify;\">\n<strong>La tecnologia strumento al servizio di un nuovo umanesimo<\/strong><br \/>\nLa tecnologia e la digitalizzazione sono le moderne vestali della religione del mercato e compiono il miracolo di mettere insieme destra e sinistra, schieramenti sempre pi\u00f9 indistinti. Non siamo conservatori n\u00e9 reduci nostalgici del passato. L\u2019innovazione non \u00e8 un male oscuro. Vogliamo affermare che la modernit\u00e0 deve essere funzionale ad un nuovo umanesimo che considera la tecnologia e la digitalizzazione quali strumenti e non fini di un\u2019azione politica.<\/p>\n<p style=\"text-align: justify;\">\n<strong>La tecnologia non deve e non pu\u00f2 sostituire il pensiero<\/strong><br \/>\nLa formazione obbligatoria continua e permanente deve \u2013 si legge nell\u2019 atto di indirizzo emanato dalla Ministra Azzolina \u2013 <em>\u00abentrare in un sistema che deve implementare a livello tecnologico un sistema informatico in grado di contenere la storia formativa di ciascun docente al quale imporre la formazione obbligatoria permanente e strutturale come garanzia di un volano strategico innovativo e concreto a garanzia che la scuola in tutte le sue componenti sia in grado di affrontare il cambiamento sociale culturale ed economico\u00bb<\/em>. Questo significa di fatto annientare ogni libera scelta personale.<\/p>\n<p style=\"text-align: justify;\">\n<strong>L\u2019abdicazione dell\u2019umanesimo in favore della tecnologia<\/strong><br \/>\nCos\u00ec potremmo definire l\u2019attitudine di coloro che posseggono le competenze che contano rispetto agli altri a cui somministrare competenze che non contano. Nel perseguire questo obiettivo si potrebbero utilizzare non pi\u00f9 i social, i canali della propaganda, ma direttamente la scuola e l\u2019istruzione in una sorta di indottrinamento indotto da obblighi e condizionamenti del personale docente che perderebbe ogni libert\u00e0 di scelta professionale.<\/p>\n<p style=\"text-align: justify;\">\nQualcuno potrebbe pensare ad una esagerazione, ma se si afferma come fa la Ministra, che le attivit\u00e0 di formazione del docente devono essere <em>\u00abprofilate\u00bb<\/em> ed orientate esclusivamente allo sviluppo economico, si afferma la fine della libert\u00e0 di insegnamento. Roba vecchia dicevano i fautori della <em>buona scuola<\/em> da sacrificare sull\u2019altare del modernismo, dell\u2019omologazione della tecnologia, dell\u2019utilitarismo, dell\u2019accontentare ogni tipo di cliente. Peccato per loro, ma la Costituzione esiste ancora e vale per tutti.<\/p>\n<p style=\"text-align: justify;\">\n<strong>La professione docente e l\u2019impossibile omologazione con il lavoro d\u2019ufficio<\/strong><br \/>\nPensare di trasformare i docenti in impiegati a cui spiegare il ciclo produttivo \u00e8 non solo offensivo, ma un danno per la democrazia di questo Paese. Pensare che un algoritmo elimini ogni possibilit\u00e0 di libero arbitrio, di scelta libera in una funzione nobile ed insostituibile come quella dell\u2019insegnamento, equivale a rendere l\u2019uomo in forma individuale e collettiva gerarchicamente inserito in un sistema autoritario. Mutuare la filosofia politica e le tecnicalit\u00e0 della piattaforma Rousseau per un controllo eterodiretto della scuola, travolgendo autonomia scolastica e libert\u00e0 di insegnamento, \u00e8 un rischio da scongiurare.<\/p>\n<p style=\"text-align: justify;\">\n<strong>Le scelte del sindacato, l\u2019impegno per essere vicino alle persone.<\/strong><br \/>\nSar\u00e0 bene che su questi temi si apra una riflessione collettiva, a partire dai lavoratori della scuola a cui chiediamo di uscire dall\u2019isolamento individuale. Siamo pronti ad impegnarci in un percorso che non \u00e8 solo sindacale, ma culturale e di riformismo vero, che guarda alle persone non come strumenti, ma soggetti attivi di quella comunit\u00e0 che ama la libert\u00e0 e non si vuole rassegnare.<\/p>\n<p style=\"text-align: justify;\"><strong>Dopo le emergenze esistono le criticit\u00e0 che sono tante e che vanno governate attraverso decisioni condivise. In questo ci attendiamo un alto senso di responsabilit\u00e0 da parte della Ministra e del Governo tutto. Sistema di reclutamento, precariato e rinnovo del contratto di lavoro sono i temi sospesi.<\/strong><br \/>\n<strong>Avere revocato uno sciopero gi\u00e0 proclamato in una contingenza delicata della vita del Paese, significa aver compiuto un atto di grande responsabilit\u00e0, ma nessuno pensi di approfittarne. Cambiare le regole del gioco approfittando delle emergenze \u00e8 un\u2019operazione di basso profilo politico e di inqualificabile comportamento civile e morale. Lavoriamo tutti perch\u00e9 non accada.<\/strong><\/p>\n<p style=\"text-align: justify;\">\n*Segretario generale Uil Scuola<\/p>\n<ul>\n<li><a href=\"https:\/\/www.uilscuolaemiliaromagna.it\/public\/er\/wp-content\/uploads\/2020\/03\/Emergenza-coronavirus-e-azione-sindacale-Pino-Turi.pdf\" target=\"_blank\" rel=\"noopener\">Emergenza-coronavirus-e-azione-sindacale-Pino-Turi<\/a><\/li>\n<\/ul>\n\n<div class=\"twitter-share\"><a href=\"https:\/\/twitter.com\/intent\/tweet?via=UILScuolaBO_ER\" class=\"twitter-share-button\" data-size=\"large\">Tweet<\/a><\/div>\n","protected":false},"excerpt":{"rendered":"<p>Di Pino Turi * L\u2019emergenza virale in atto, al netto delle gravi complicazioni sanitarie, sta determinando scenari inediti. Autonomia differenziata: il racconto di un fallimento &hellip; <\/p>\n","protected":false},"author":1,"featured_media":0,"comment_status":"closed","ping_status":"open","sticky":false,"template":"","format":"standard","meta":{"footnotes":""},"categories":[2,3,4,12,6,7,8,9,10,13],"tags":[],"yoast_head":"<!-- This site is optimized with the Yoast SEO plugin v21.7 - https:\/\/yoast.com\/wordpress\/plugins\/seo\/ -->\r\n<title>IL PUNTO | Il coronavirus non sospende la democrazia. L\u2019azione sindacale nell\u2019emergenza in atto. - Uil Scuola Emilia Romagna<\/title>\r\n<meta name=\"robots\" content=\"index, follow, max-snippet:-1, max-image-preview:large, max-video-preview:-1\" \/>\r\n<link rel=\"canonical\" href=\"https:\/\/www.uilscuolaemiliaromagna.it\/public\/er\/2020\/03\/02\/il-punto-il-coronavirus-non-sospende-la-democrazia-lazione-sindacale-nellemergenza-in-atto\/\" \/>\r\n<meta property=\"og:locale\" content=\"it_IT\" \/>\r\n<meta property=\"og:type\" content=\"article\" \/>\r\n<meta property=\"og:title\" content=\"IL PUNTO | Il coronavirus non sospende la democrazia. L\u2019azione sindacale nell\u2019emergenza in atto. - Uil Scuola Emilia Romagna\" \/>\r\n<meta property=\"og:description\" content=\"Di Pino Turi * L\u2019emergenza virale in atto, al netto delle gravi complicazioni sanitarie, sta determinando scenari inediti. Autonomia differenziata: il racconto di un fallimento &hellip;\" \/>\r\n<meta property=\"og:url\" content=\"https:\/\/www.uilscuolaemiliaromagna.it\/public\/er\/2020\/03\/02\/il-punto-il-coronavirus-non-sospende-la-democrazia-lazione-sindacale-nellemergenza-in-atto\/\" \/>\r\n<meta property=\"og:site_name\" content=\"Uil Scuola Emilia Romagna\" \/>\r\n<meta property=\"article:published_time\" content=\"2020-03-02T19:31:35+00:00\" \/>\r\n<meta name=\"author\" content=\"admin\" \/>\r\n<meta name=\"twitter:card\" content=\"summary_large_image\" \/>\r\n<meta name=\"twitter:label1\" content=\"Scritto da\" \/>\n\t<meta name=\"twitter:data1\" content=\"admin\" \/>\n\t<meta name=\"twitter:label2\" content=\"Tempo di lettura stimato\" \/>\n\t<meta name=\"twitter:data2\" content=\"7 minuti\" \/>\r\n<script type=\"application\/ld+json\" class=\"yoast-schema-graph\">{\"@context\":\"https:\/\/schema.org\",\"@graph\":[{\"@type\":\"Article\",\"@id\":\"https:\/\/www.uilscuolaemiliaromagna.it\/public\/er\/2020\/03\/02\/il-punto-il-coronavirus-non-sospende-la-democrazia-lazione-sindacale-nellemergenza-in-atto\/#article\",\"isPartOf\":{\"@id\":\"https:\/\/www.uilscuolaemiliaromagna.it\/public\/er\/2020\/03\/02\/il-punto-il-coronavirus-non-sospende-la-democrazia-lazione-sindacale-nellemergenza-in-atto\/\"},\"author\":{\"name\":\"admin\",\"@id\":\"https:\/\/www.uilscuolaemiliaromagna.it\/public\/er\/#\/schema\/person\/f42878fd07a4b6ba2b7153d4fad5de5e\"},\"headline\":\"IL PUNTO | Il coronavirus non sospende la democrazia. L\u2019azione sindacale nell\u2019emergenza in atto.\",\"datePublished\":\"2020-03-02T19:31:35+00:00\",\"dateModified\":\"2020-03-02T19:31:35+00:00\",\"mainEntityOfPage\":{\"@id\":\"https:\/\/www.uilscuolaemiliaromagna.it\/public\/er\/2020\/03\/02\/il-punto-il-coronavirus-non-sospende-la-democrazia-lazione-sindacale-nellemergenza-in-atto\/\"},\"wordCount\":1359,\"publisher\":{\"@id\":\"https:\/\/www.uilscuolaemiliaromagna.it\/public\/er\/#organization\"},\"articleSection\":[\"ATA\",\"Dirigenti\",\"Infanzia\",\"Notizie\",\"Personale Docente\",\"Personale Educativo\",\"Primaria\",\"Sec. Primo Grado\",\"Sec. Secondo Grado\",\"Strumento Musicale\"],\"inLanguage\":\"it-IT\"},{\"@type\":\"WebPage\",\"@id\":\"https:\/\/www.uilscuolaemiliaromagna.it\/public\/er\/2020\/03\/02\/il-punto-il-coronavirus-non-sospende-la-democrazia-lazione-sindacale-nellemergenza-in-atto\/\",\"url\":\"https:\/\/www.uilscuolaemiliaromagna.it\/public\/er\/2020\/03\/02\/il-punto-il-coronavirus-non-sospende-la-democrazia-lazione-sindacale-nellemergenza-in-atto\/\",\"name\":\"IL PUNTO | Il coronavirus non sospende la democrazia. L\u2019azione sindacale nell\u2019emergenza in atto. - Uil Scuola Emilia Romagna\",\"isPartOf\":{\"@id\":\"https:\/\/www.uilscuolaemiliaromagna.it\/public\/er\/#website\"},\"datePublished\":\"2020-03-02T19:31:35+00:00\",\"dateModified\":\"2020-03-02T19:31:35+00:00\",\"breadcrumb\":{\"@id\":\"https:\/\/www.uilscuolaemiliaromagna.it\/public\/er\/2020\/03\/02\/il-punto-il-coronavirus-non-sospende-la-democrazia-lazione-sindacale-nellemergenza-in-atto\/#breadcrumb\"},\"inLanguage\":\"it-IT\",\"potentialAction\":[{\"@type\":\"ReadAction\",\"target\":[\"https:\/\/www.uilscuolaemiliaromagna.it\/public\/er\/2020\/03\/02\/il-punto-il-coronavirus-non-sospende-la-democrazia-lazione-sindacale-nellemergenza-in-atto\/\"]}]},{\"@type\":\"BreadcrumbList\",\"@id\":\"https:\/\/www.uilscuolaemiliaromagna.it\/public\/er\/2020\/03\/02\/il-punto-il-coronavirus-non-sospende-la-democrazia-lazione-sindacale-nellemergenza-in-atto\/#breadcrumb\",\"itemListElement\":[{\"@type\":\"ListItem\",\"position\":1,\"name\":\"Home\",\"item\":\"https:\/\/www.uilscuolaemiliaromagna.it\/public\/er\/\"},{\"@type\":\"ListItem\",\"position\":2,\"name\":\"IL PUNTO | Il coronavirus non sospende la democrazia. L\u2019azione sindacale nell\u2019emergenza in atto.\"}]},{\"@type\":\"WebSite\",\"@id\":\"https:\/\/www.uilscuolaemiliaromagna.it\/public\/er\/#website\",\"url\":\"https:\/\/www.uilscuolaemiliaromagna.it\/public\/er\/\",\"name\":\"Uil Scuola Emilia Romagna\",\"description\":\"La voce libera della scuola\",\"publisher\":{\"@id\":\"https:\/\/www.uilscuolaemiliaromagna.it\/public\/er\/#organization\"},\"potentialAction\":[{\"@type\":\"SearchAction\",\"target\":{\"@type\":\"EntryPoint\",\"urlTemplate\":\"https:\/\/www.uilscuolaemiliaromagna.it\/public\/er\/?s={search_term_string}\"},\"query-input\":\"required name=search_term_string\"}],\"inLanguage\":\"it-IT\"},{\"@type\":\"Organization\",\"@id\":\"https:\/\/www.uilscuolaemiliaromagna.it\/public\/er\/#organization\",\"name\":\"Uil Scuola Emilia Romagna\",\"url\":\"https:\/\/www.uilscuolaemiliaromagna.it\/public\/er\/\",\"logo\":{\"@type\":\"ImageObject\",\"inLanguage\":\"it-IT\",\"@id\":\"https:\/\/www.uilscuolaemiliaromagna.it\/public\/er\/#\/schema\/logo\/image\/\",\"url\":\"https:\/\/www.uilscuolaemiliaromagna.it\/public\/er\/wp-content\/uploads\/2017\/04\/cropped-header.png\",\"contentUrl\":\"https:\/\/www.uilscuolaemiliaromagna.it\/public\/er\/wp-content\/uploads\/2017\/04\/cropped-header.png\",\"width\":1000,\"height\":150,\"caption\":\"Uil Scuola Emilia Romagna\"},\"image\":{\"@id\":\"https:\/\/www.uilscuolaemiliaromagna.it\/public\/er\/#\/schema\/logo\/image\/\"}},{\"@type\":\"Person\",\"@id\":\"https:\/\/www.uilscuolaemiliaromagna.it\/public\/er\/#\/schema\/person\/f42878fd07a4b6ba2b7153d4fad5de5e\",\"name\":\"admin\",\"image\":{\"@type\":\"ImageObject\",\"inLanguage\":\"it-IT\",\"@id\":\"https:\/\/www.uilscuolaemiliaromagna.it\/public\/er\/#\/schema\/person\/image\/\",\"url\":\"https:\/\/secure.gravatar.com\/avatar\/aebf815ae2f30ffdae8b8c247273d34c?s=96&d=mm&r=g\",\"contentUrl\":\"https:\/\/secure.gravatar.com\/avatar\/aebf815ae2f30ffdae8b8c247273d34c?s=96&d=mm&r=g\",\"caption\":\"admin\"},\"url\":\"https:\/\/www.uilscuolaemiliaromagna.it\/public\/er\/author\/admin\/\"}]}<\/script>\r\n<!-- \/ Yoast SEO plugin. -->","yoast_head_json":{"title":"IL PUNTO | Il coronavirus non sospende la democrazia. L\u2019azione sindacale nell\u2019emergenza in atto. - Uil Scuola Emilia Romagna","robots":{"index":"index","follow":"follow","max-snippet":"max-snippet:-1","max-image-preview":"max-image-preview:large","max-video-preview":"max-video-preview:-1"},"canonical":"https:\/\/www.uilscuolaemiliaromagna.it\/public\/er\/2020\/03\/02\/il-punto-il-coronavirus-non-sospende-la-democrazia-lazione-sindacale-nellemergenza-in-atto\/","og_locale":"it_IT","og_type":"article","og_title":"IL PUNTO | Il coronavirus non sospende la democrazia. L\u2019azione sindacale nell\u2019emergenza in atto. - Uil Scuola Emilia Romagna","og_description":"Di Pino Turi * L\u2019emergenza virale in atto, al netto delle gravi complicazioni sanitarie, sta determinando scenari inediti. Autonomia differenziata: il racconto di un fallimento &hellip;","og_url":"https:\/\/www.uilscuolaemiliaromagna.it\/public\/er\/2020\/03\/02\/il-punto-il-coronavirus-non-sospende-la-democrazia-lazione-sindacale-nellemergenza-in-atto\/","og_site_name":"Uil Scuola Emilia Romagna","article_published_time":"2020-03-02T19:31:35+00:00","author":"admin","twitter_card":"summary_large_image","twitter_misc":{"Scritto da":"admin","Tempo di lettura stimato":"7 minuti"},"schema":{"@context":"https:\/\/schema.org","@graph":[{"@type":"Article","@id":"https:\/\/www.uilscuolaemiliaromagna.it\/public\/er\/2020\/03\/02\/il-punto-il-coronavirus-non-sospende-la-democrazia-lazione-sindacale-nellemergenza-in-atto\/#article","isPartOf":{"@id":"https:\/\/www.uilscuolaemiliaromagna.it\/public\/er\/2020\/03\/02\/il-punto-il-coronavirus-non-sospende-la-democrazia-lazione-sindacale-nellemergenza-in-atto\/"},"author":{"name":"admin","@id":"https:\/\/www.uilscuolaemiliaromagna.it\/public\/er\/#\/schema\/person\/f42878fd07a4b6ba2b7153d4fad5de5e"},"headline":"IL PUNTO | Il coronavirus non sospende la democrazia. L\u2019azione sindacale nell\u2019emergenza in atto.","datePublished":"2020-03-02T19:31:35+00:00","dateModified":"2020-03-02T19:31:35+00:00","mainEntityOfPage":{"@id":"https:\/\/www.uilscuolaemiliaromagna.it\/public\/er\/2020\/03\/02\/il-punto-il-coronavirus-non-sospende-la-democrazia-lazione-sindacale-nellemergenza-in-atto\/"},"wordCount":1359,"publisher":{"@id":"https:\/\/www.uilscuolaemiliaromagna.it\/public\/er\/#organization"},"articleSection":["ATA","Dirigenti","Infanzia","Notizie","Personale Docente","Personale Educativo","Primaria","Sec. Primo Grado","Sec. Secondo Grado","Strumento Musicale"],"inLanguage":"it-IT"},{"@type":"WebPage","@id":"https:\/\/www.uilscuolaemiliaromagna.it\/public\/er\/2020\/03\/02\/il-punto-il-coronavirus-non-sospende-la-democrazia-lazione-sindacale-nellemergenza-in-atto\/","url":"https:\/\/www.uilscuolaemiliaromagna.it\/public\/er\/2020\/03\/02\/il-punto-il-coronavirus-non-sospende-la-democrazia-lazione-sindacale-nellemergenza-in-atto\/","name":"IL PUNTO | Il coronavirus non sospende la democrazia. L\u2019azione sindacale nell\u2019emergenza in atto. - Uil Scuola Emilia Romagna","isPartOf":{"@id":"https:\/\/www.uilscuolaemiliaromagna.it\/public\/er\/#website"},"datePublished":"2020-03-02T19:31:35+00:00","dateModified":"2020-03-02T19:31:35+00:00","breadcrumb":{"@id":"https:\/\/www.uilscuolaemiliaromagna.it\/public\/er\/2020\/03\/02\/il-punto-il-coronavirus-non-sospende-la-democrazia-lazione-sindacale-nellemergenza-in-atto\/#breadcrumb"},"inLanguage":"it-IT","potentialAction":[{"@type":"ReadAction","target":["https:\/\/www.uilscuolaemiliaromagna.it\/public\/er\/2020\/03\/02\/il-punto-il-coronavirus-non-sospende-la-democrazia-lazione-sindacale-nellemergenza-in-atto\/"]}]},{"@type":"BreadcrumbList","@id":"https:\/\/www.uilscuolaemiliaromagna.it\/public\/er\/2020\/03\/02\/il-punto-il-coronavirus-non-sospende-la-democrazia-lazione-sindacale-nellemergenza-in-atto\/#breadcrumb","itemListElement":[{"@type":"ListItem","position":1,"name":"Home","item":"https:\/\/www.uilscuolaemiliaromagna.it\/public\/er\/"},{"@type":"ListItem","position":2,"name":"IL PUNTO | Il coronavirus non sospende la democrazia. L\u2019azione sindacale nell\u2019emergenza in atto."}]},{"@type":"WebSite","@id":"https:\/\/www.uilscuolaemiliaromagna.it\/public\/er\/#website","url":"https:\/\/www.uilscuolaemiliaromagna.it\/public\/er\/","name":"Uil Scuola Emilia Romagna","description":"La voce libera della scuola","publisher":{"@id":"https:\/\/www.uilscuolaemiliaromagna.it\/public\/er\/#organization"},"potentialAction":[{"@type":"SearchAction","target":{"@type":"EntryPoint","urlTemplate":"https:\/\/www.uilscuolaemiliaromagna.it\/public\/er\/?s={search_term_string}"},"query-input":"required name=search_term_string"}],"inLanguage":"it-IT"},{"@type":"Organization","@id":"https:\/\/www.uilscuolaemiliaromagna.it\/public\/er\/#organization","name":"Uil Scuola Emilia Romagna","url":"https:\/\/www.uilscuolaemiliaromagna.it\/public\/er\/","logo":{"@type":"ImageObject","inLanguage":"it-IT","@id":"https:\/\/www.uilscuolaemiliaromagna.it\/public\/er\/#\/schema\/logo\/image\/","url":"https:\/\/www.uilscuolaemiliaromagna.it\/public\/er\/wp-content\/uploads\/2017\/04\/cropped-header.png","contentUrl":"https:\/\/www.uilscuolaemiliaromagna.it\/public\/er\/wp-content\/uploads\/2017\/04\/cropped-header.png","width":1000,"height":150,"caption":"Uil Scuola Emilia Romagna"},"image":{"@id":"https:\/\/www.uilscuolaemiliaromagna.it\/public\/er\/#\/schema\/logo\/image\/"}},{"@type":"Person","@id":"https:\/\/www.uilscuolaemiliaromagna.it\/public\/er\/#\/schema\/person\/f42878fd07a4b6ba2b7153d4fad5de5e","name":"admin","image":{"@type":"ImageObject","inLanguage":"it-IT","@id":"https:\/\/www.uilscuolaemiliaromagna.it\/public\/er\/#\/schema\/person\/image\/","url":"https:\/\/secure.gravatar.com\/avatar\/aebf815ae2f30ffdae8b8c247273d34c?s=96&d=mm&r=g","contentUrl":"https:\/\/secure.gravatar.com\/avatar\/aebf815ae2f30ffdae8b8c247273d34c?s=96&d=mm&r=g","caption":"admin"},"url":"https:\/\/www.uilscuolaemiliaromagna.it\/public\/er\/author\/admin\/"}]}},"views":1021,"_links":{"self":[{"href":"https:\/\/www.uilscuolaemiliaromagna.it\/public\/er\/wp-json\/wp\/v2\/posts\/5721"}],"collection":[{"href":"https:\/\/www.uilscuolaemiliaromagna.it\/public\/er\/wp-json\/wp\/v2\/posts"}],"about":[{"href":"https:\/\/www.uilscuolaemiliaromagna.it\/public\/er\/wp-json\/wp\/v2\/types\/post"}],"author":[{"embeddable":true,"href":"https:\/\/www.uilscuolaemiliaromagna.it\/public\/er\/wp-json\/wp\/v2\/users\/1"}],"replies":[{"embeddable":true,"href":"https:\/\/www.uilscuolaemiliaromagna.it\/public\/er\/wp-json\/wp\/v2\/comments?post=5721"}],"version-history":[{"count":2,"href":"https:\/\/www.uilscuolaemiliaromagna.it\/public\/er\/wp-json\/wp\/v2\/posts\/5721\/revisions"}],"predecessor-version":[{"id":5724,"href":"https:\/\/www.uilscuolaemiliaromagna.it\/public\/er\/wp-json\/wp\/v2\/posts\/5721\/revisions\/5724"}],"wp:attachment":[{"href":"https:\/\/www.uilscuolaemiliaromagna.it\/public\/er\/wp-json\/wp\/v2\/media?parent=5721"}],"wp:term":[{"taxonomy":"category","embeddable":true,"href":"https:\/\/www.uilscuolaemiliaromagna.it\/public\/er\/wp-json\/wp\/v2\/categories?post=5721"},{"taxonomy":"post_tag","embeddable":true,"href":"https:\/\/www.uilscuolaemiliaromagna.it\/public\/er\/wp-json\/wp\/v2\/tags?post=5721"}],"curies":[{"name":"wp","href":"https:\/\/api.w.org\/{rel}","templated":true}]}}