{"id":5811,"date":"2020-03-13T08:20:51","date_gmt":"2020-03-13T07:20:51","guid":{"rendered":"http:\/\/www.uilscuolaemiliaromagna.it\/public\/er\/?p=5811"},"modified":"2020-03-14T17:31:00","modified_gmt":"2020-03-14T16:31:00","slug":"24-mesi-ata-pubblicata-la-nota-di-indizione-dei-concorsi-nellanno-scolastico-2019-20","status":"publish","type":"post","link":"https:\/\/www.uilscuolaemiliaromagna.it\/public\/er\/2020\/03\/13\/24-mesi-ata-pubblicata-la-nota-di-indizione-dei-concorsi-nellanno-scolastico-2019-20\/","title":{"rendered":"24 mesi ATA | pubblicata la nota di indizione dei concorsi nell\u2019anno scolastico 2019-20"},"content":{"rendered":"<p style=\"text-align: justify;\">Il Ministero dell&#8217;Istruzione con nota prot. n. 5196 dell&#8217; 11 marzo 2020, invita gli Uffici Scolastici Regionali ad indire i concorsi per soli titoli per i profili professionali del personale ATA dell\u2019area A e B.<\/p>\n<p style=\"text-align: justify;\">I bandi, che <strong>dovranno essere pubblicati entro il 10 aprile<\/strong>, &#8220;<strong><em>sono finalizzati alla costituzione delle graduatorie provinciali permanenti utili per l\u2019a.s. 2020-21.<\/em><\/strong>&#8220;<\/p>\n<p style=\"text-align: justify;\">La nota prevede la <strong>possibilit\u00e0 per gli assistenti amministrativi non di ruolo di dichiarare la prestazione effettuata in qualit\u00e0 di DSGA nell\u2019a.s. 2019-20<\/strong> <strong>nel profilo professionale di assistente amministrativo\u00a0<\/strong>(assistenti amministrativi facenti funzione di DSGA).<\/p>\n<p style=\"text-align: justify;\"><strong>I modelli<\/strong> di domanda (<strong>B1, B2, F e H<\/strong>) andranno compilati in <strong>modalit\u00e0 cartacea<\/strong> e <strong>inviati mediante raccomandata A\/R ovvero consegnati a mano ovvero mediante PEC, all\u2019Ambito Territoriale Provinciale.<\/strong><\/p>\n<p style=\"text-align: justify;\">Per il modello G (scelta delle scuole per\u00a0l\u2019inclusione nelle graduatorie di circolo e di istituto di 1\u00b0 fascia per l\u2019a.s. 2020-21) verr\u00e0 adottata la modalit\u00e0 telematica in un momento successivo.<\/p>\n<p style=\"text-align: justify;\"><strong>La FEDERAZIONE UIL SCUOLA RUA<\/strong>, unitariamente alle altre sigle sindacali, <strong>ha gi\u00e0 chiesto<\/strong>, in relazione all&#8217;emergenza Coronavirus &#8220;<strong><em>&#8230;di interrompere ogni attivit\u00e0 amministrativa legata alla mobilit\u00e0, alle graduatorie dei 24 mesi ed ogni altra attivit\u00e0 di gestione del personale che richieda consulenza e informazioni che gli Uffici scolatici non possono dare, anche in considerazione del fatto che le sedi sindacali non possono svolgere alcuna azione di supporto per la chiusura totale cui sono soggette le loro attivit\u00e0\u2026<\/em><\/strong>&#8221; (<a href=\"https:\/\/www.uilscuolaemiliaromagna.it\/public\/er\/2020\/03\/12\/emergenza-coronavirus-non-si-puo-navigare-a-vista-serve-uno-specifico-intervento-per-la-scuola\/\" target=\"_blank\" rel=\"noopener\">vai alla notizia<\/a>) in considerazione del chiaro ed esplicito obiettivo: &#8220;&#8230;<em><strong>contenere quanto pi\u00f9 possibile le uscite di casa e gli spostamenti delle persone, limitando allo stretto indispensabile l\u2019accesso a servizi la cui erogazione \u00e8 assicurata solo per quanto riguarda beni di prima necessit\u00e0\u2026&#8221;<\/strong><\/em><\/p>\n<p style=\"text-align: justify;\"><strong>Come FEDERAZIONE UIL Scuola RUA Bologna \/ Emilia Romagna stiamo garantendo e continueremo a farlo, con nuove modalit\u00e0, la nostra vicinanza ed il nostro supporto alle lavoratrici e ai lavoratori che rappresentiamo. In questo periodo abbiamo riorganizzato il nostro lavoro mediante l&#8217;utilizzo di una consulenza sempre attiva attraverso le comunicazioni mail, telefoniche e social.\u00a0<\/strong><\/p>\n<p style=\"text-align: justify;\">Per ulteriori informazioni \u00e8 possibile inviare una mail a bologna@uilscuola.it o contattare i seguenti recapiti:\u00a0SERAFINO 3282258300, MARCO 3479688040, FRANCO 3917658533, EMIDIO 3917658534<\/p>\n<p>&nbsp;<\/p>\n<ul>\n<li><a href=\"https:\/\/www.uilscuolaemiliaromagna.it\/public\/er\/wp-content\/uploads\/2020\/03\/m_pi.AOODGPER.REGISTRO-UFFICIALEU.0005196.11-03-2020.pdf\" target=\"_blank\" rel=\"noopener\">la nota ministeriale<\/a><\/li>\n<li><a href=\"https:\/\/www.uilscuolaemiliaromagna.it\/public\/er\/wp-content\/uploads\/2020\/03\/allegato_B1_20200305.pdf\" target=\"_blank\" rel=\"noopener\">allegato_B1 DOMANDA DI INSERIMENTO<\/a><\/li>\n<li><a href=\"https:\/\/www.uilscuolaemiliaromagna.it\/public\/er\/wp-content\/uploads\/2020\/03\/allegato_B2_20200312-3.pdf\" target=\"_blank\" rel=\"noopener\">allegato_B2 DOMANDA DI AGGIORNAMENTO<\/a><\/li>\n<li><a href=\"https:\/\/www.uilscuolaemiliaromagna.it\/public\/er\/wp-content\/uploads\/2020\/03\/allegato_F_20200305.pdf\" target=\"_blank\" rel=\"noopener\">allegato_F MODELLO PER LA RINUNCIA ALL\u2019ATTRIBUZIONE DI RAPPORTI DI LAVORO A TEMPO DETERMINATO<\/a><\/li>\n<li><a href=\"https:\/\/www.uilscuolaemiliaromagna.it\/public\/er\/wp-content\/uploads\/2020\/03\/allegato_H_20200305.pdf\" target=\"_blank\" rel=\"noopener\">allegato_H DOMANDA PER L\u2019ATTRIBUZIONE DELLA PRIORITA\u2019 NELLA SCELTA DELLA SEDE<\/a><\/li>\n<\/ul>\n\n<div class=\"twitter-share\"><a href=\"https:\/\/twitter.com\/intent\/tweet?via=UILScuolaBO_ER\" class=\"twitter-share-button\" data-size=\"large\">Tweet<\/a><\/div>\n","protected":false},"excerpt":{"rendered":"<p>Il Ministero dell&#8217;Istruzione con nota prot. n. 5196 dell&#8217; 11 marzo 2020, invita gli Uffici Scolastici Regionali ad indire i concorsi per soli titoli per &hellip; <\/p>\n","protected":false},"author":1,"featured_media":0,"comment_status":"closed","ping_status":"open","sticky":false,"template":"","format":"standard","meta":{"footnotes":""},"categories":[2,12],"tags":[],"yoast_head":"<!-- This site is optimized with the Yoast SEO plugin v21.7 - https:\/\/yoast.com\/wordpress\/plugins\/seo\/ -->\r\n<title>24 mesi ATA | pubblicata la nota di indizione dei concorsi nell\u2019anno scolastico 2019-20 - Uil Scuola Emilia Romagna<\/title>\r\n<meta name=\"robots\" content=\"index, follow, max-snippet:-1, max-image-preview:large, max-video-preview:-1\" \/>\r\n<link rel=\"canonical\" href=\"https:\/\/www.uilscuolaemiliaromagna.it\/public\/er\/2020\/03\/13\/24-mesi-ata-pubblicata-la-nota-di-indizione-dei-concorsi-nellanno-scolastico-2019-20\/\" \/>\r\n<meta property=\"og:locale\" content=\"it_IT\" \/>\r\n<meta property=\"og:type\" content=\"article\" \/>\r\n<meta property=\"og:title\" content=\"24 mesi ATA | pubblicata la nota di indizione dei concorsi nell\u2019anno scolastico 2019-20 - Uil Scuola Emilia Romagna\" \/>\r\n<meta property=\"og:description\" content=\"Il Ministero dell&#8217;Istruzione con nota prot. n. 5196 dell&#8217; 11 marzo 2020, invita gli Uffici Scolastici Regionali ad indire i concorsi per soli titoli per &hellip;\" \/>\r\n<meta property=\"og:url\" content=\"https:\/\/www.uilscuolaemiliaromagna.it\/public\/er\/2020\/03\/13\/24-mesi-ata-pubblicata-la-nota-di-indizione-dei-concorsi-nellanno-scolastico-2019-20\/\" \/>\r\n<meta property=\"og:site_name\" content=\"Uil Scuola Emilia Romagna\" \/>\r\n<meta property=\"article:published_time\" content=\"2020-03-13T07:20:51+00:00\" \/>\r\n<meta property=\"article:modified_time\" content=\"2020-03-14T16:31:00+00:00\" \/>\r\n<meta name=\"author\" content=\"admin\" \/>\r\n<meta name=\"twitter:card\" content=\"summary_large_image\" \/>\r\n<meta name=\"twitter:label1\" content=\"Scritto da\" \/>\n\t<meta name=\"twitter:data1\" content=\"admin\" \/>\n\t<meta name=\"twitter:label2\" content=\"Tempo di lettura stimato\" \/>\n\t<meta name=\"twitter:data2\" content=\"2 minuti\" \/>\r\n<script type=\"application\/ld+json\" class=\"yoast-schema-graph\">{\"@context\":\"https:\/\/schema.org\",\"@graph\":[{\"@type\":\"Article\",\"@id\":\"https:\/\/www.uilscuolaemiliaromagna.it\/public\/er\/2020\/03\/13\/24-mesi-ata-pubblicata-la-nota-di-indizione-dei-concorsi-nellanno-scolastico-2019-20\/#article\",\"isPartOf\":{\"@id\":\"https:\/\/www.uilscuolaemiliaromagna.it\/public\/er\/2020\/03\/13\/24-mesi-ata-pubblicata-la-nota-di-indizione-dei-concorsi-nellanno-scolastico-2019-20\/\"},\"author\":{\"name\":\"admin\",\"@id\":\"https:\/\/www.uilscuolaemiliaromagna.it\/public\/er\/#\/schema\/person\/f42878fd07a4b6ba2b7153d4fad5de5e\"},\"headline\":\"24 mesi ATA | pubblicata la nota di indizione dei concorsi nell\u2019anno scolastico 2019-20\",\"datePublished\":\"2020-03-13T07:20:51+00:00\",\"dateModified\":\"2020-03-14T16:31:00+00:00\",\"mainEntityOfPage\":{\"@id\":\"https:\/\/www.uilscuolaemiliaromagna.it\/public\/er\/2020\/03\/13\/24-mesi-ata-pubblicata-la-nota-di-indizione-dei-concorsi-nellanno-scolastico-2019-20\/\"},\"wordCount\":402,\"publisher\":{\"@id\":\"https:\/\/www.uilscuolaemiliaromagna.it\/public\/er\/#organization\"},\"articleSection\":[\"ATA\",\"Notizie\"],\"inLanguage\":\"it-IT\"},{\"@type\":\"WebPage\",\"@id\":\"https:\/\/www.uilscuolaemiliaromagna.it\/public\/er\/2020\/03\/13\/24-mesi-ata-pubblicata-la-nota-di-indizione-dei-concorsi-nellanno-scolastico-2019-20\/\",\"url\":\"https:\/\/www.uilscuolaemiliaromagna.it\/public\/er\/2020\/03\/13\/24-mesi-ata-pubblicata-la-nota-di-indizione-dei-concorsi-nellanno-scolastico-2019-20\/\",\"name\":\"24 mesi ATA | pubblicata la nota di indizione dei concorsi nell\u2019anno scolastico 2019-20 - Uil Scuola Emilia Romagna\",\"isPartOf\":{\"@id\":\"https:\/\/www.uilscuolaemiliaromagna.it\/public\/er\/#website\"},\"datePublished\":\"2020-03-13T07:20:51+00:00\",\"dateModified\":\"2020-03-14T16:31:00+00:00\",\"breadcrumb\":{\"@id\":\"https:\/\/www.uilscuolaemiliaromagna.it\/public\/er\/2020\/03\/13\/24-mesi-ata-pubblicata-la-nota-di-indizione-dei-concorsi-nellanno-scolastico-2019-20\/#breadcrumb\"},\"inLanguage\":\"it-IT\",\"potentialAction\":[{\"@type\":\"ReadAction\",\"target\":[\"https:\/\/www.uilscuolaemiliaromagna.it\/public\/er\/2020\/03\/13\/24-mesi-ata-pubblicata-la-nota-di-indizione-dei-concorsi-nellanno-scolastico-2019-20\/\"]}]},{\"@type\":\"BreadcrumbList\",\"@id\":\"https:\/\/www.uilscuolaemiliaromagna.it\/public\/er\/2020\/03\/13\/24-mesi-ata-pubblicata-la-nota-di-indizione-dei-concorsi-nellanno-scolastico-2019-20\/#breadcrumb\",\"itemListElement\":[{\"@type\":\"ListItem\",\"position\":1,\"name\":\"Home\",\"item\":\"https:\/\/www.uilscuolaemiliaromagna.it\/public\/er\/\"},{\"@type\":\"ListItem\",\"position\":2,\"name\":\"24 mesi ATA | pubblicata la nota di indizione dei concorsi nell\u2019anno scolastico 2019-20\"}]},{\"@type\":\"WebSite\",\"@id\":\"https:\/\/www.uilscuolaemiliaromagna.it\/public\/er\/#website\",\"url\":\"https:\/\/www.uilscuolaemiliaromagna.it\/public\/er\/\",\"name\":\"Uil Scuola Emilia Romagna\",\"description\":\"La voce libera della scuola\",\"publisher\":{\"@id\":\"https:\/\/www.uilscuolaemiliaromagna.it\/public\/er\/#organization\"},\"potentialAction\":[{\"@type\":\"SearchAction\",\"target\":{\"@type\":\"EntryPoint\",\"urlTemplate\":\"https:\/\/www.uilscuolaemiliaromagna.it\/public\/er\/?s={search_term_string}\"},\"query-input\":\"required name=search_term_string\"}],\"inLanguage\":\"it-IT\"},{\"@type\":\"Organization\",\"@id\":\"https:\/\/www.uilscuolaemiliaromagna.it\/public\/er\/#organization\",\"name\":\"Uil Scuola Emilia Romagna\",\"url\":\"https:\/\/www.uilscuolaemiliaromagna.it\/public\/er\/\",\"logo\":{\"@type\":\"ImageObject\",\"inLanguage\":\"it-IT\",\"@id\":\"https:\/\/www.uilscuolaemiliaromagna.it\/public\/er\/#\/schema\/logo\/image\/\",\"url\":\"https:\/\/www.uilscuolaemiliaromagna.it\/public\/er\/wp-content\/uploads\/2017\/04\/cropped-header.png\",\"contentUrl\":\"https:\/\/www.uilscuolaemiliaromagna.it\/public\/er\/wp-content\/uploads\/2017\/04\/cropped-header.png\",\"width\":1000,\"height\":150,\"caption\":\"Uil Scuola Emilia Romagna\"},\"image\":{\"@id\":\"https:\/\/www.uilscuolaemiliaromagna.it\/public\/er\/#\/schema\/logo\/image\/\"}},{\"@type\":\"Person\",\"@id\":\"https:\/\/www.uilscuolaemiliaromagna.it\/public\/er\/#\/schema\/person\/f42878fd07a4b6ba2b7153d4fad5de5e\",\"name\":\"admin\",\"image\":{\"@type\":\"ImageObject\",\"inLanguage\":\"it-IT\",\"@id\":\"https:\/\/www.uilscuolaemiliaromagna.it\/public\/er\/#\/schema\/person\/image\/\",\"url\":\"https:\/\/secure.gravatar.com\/avatar\/aebf815ae2f30ffdae8b8c247273d34c?s=96&d=mm&r=g\",\"contentUrl\":\"https:\/\/secure.gravatar.com\/avatar\/aebf815ae2f30ffdae8b8c247273d34c?s=96&d=mm&r=g\",\"caption\":\"admin\"},\"url\":\"https:\/\/www.uilscuolaemiliaromagna.it\/public\/er\/author\/admin\/\"}]}<\/script>\r\n<!-- \/ Yoast SEO plugin. -->","yoast_head_json":{"title":"24 mesi ATA | pubblicata la nota di indizione dei concorsi nell\u2019anno scolastico 2019-20 - Uil Scuola Emilia Romagna","robots":{"index":"index","follow":"follow","max-snippet":"max-snippet:-1","max-image-preview":"max-image-preview:large","max-video-preview":"max-video-preview:-1"},"canonical":"https:\/\/www.uilscuolaemiliaromagna.it\/public\/er\/2020\/03\/13\/24-mesi-ata-pubblicata-la-nota-di-indizione-dei-concorsi-nellanno-scolastico-2019-20\/","og_locale":"it_IT","og_type":"article","og_title":"24 mesi ATA | pubblicata la nota di indizione dei concorsi nell\u2019anno scolastico 2019-20 - Uil Scuola Emilia Romagna","og_description":"Il Ministero dell&#8217;Istruzione con nota prot. n. 5196 dell&#8217; 11 marzo 2020, invita gli Uffici Scolastici Regionali ad indire i concorsi per soli titoli per &hellip;","og_url":"https:\/\/www.uilscuolaemiliaromagna.it\/public\/er\/2020\/03\/13\/24-mesi-ata-pubblicata-la-nota-di-indizione-dei-concorsi-nellanno-scolastico-2019-20\/","og_site_name":"Uil Scuola Emilia Romagna","article_published_time":"2020-03-13T07:20:51+00:00","article_modified_time":"2020-03-14T16:31:00+00:00","author":"admin","twitter_card":"summary_large_image","twitter_misc":{"Scritto da":"admin","Tempo di lettura stimato":"2 minuti"},"schema":{"@context":"https:\/\/schema.org","@graph":[{"@type":"Article","@id":"https:\/\/www.uilscuolaemiliaromagna.it\/public\/er\/2020\/03\/13\/24-mesi-ata-pubblicata-la-nota-di-indizione-dei-concorsi-nellanno-scolastico-2019-20\/#article","isPartOf":{"@id":"https:\/\/www.uilscuolaemiliaromagna.it\/public\/er\/2020\/03\/13\/24-mesi-ata-pubblicata-la-nota-di-indizione-dei-concorsi-nellanno-scolastico-2019-20\/"},"author":{"name":"admin","@id":"https:\/\/www.uilscuolaemiliaromagna.it\/public\/er\/#\/schema\/person\/f42878fd07a4b6ba2b7153d4fad5de5e"},"headline":"24 mesi ATA | pubblicata la nota di indizione dei concorsi nell\u2019anno scolastico 2019-20","datePublished":"2020-03-13T07:20:51+00:00","dateModified":"2020-03-14T16:31:00+00:00","mainEntityOfPage":{"@id":"https:\/\/www.uilscuolaemiliaromagna.it\/public\/er\/2020\/03\/13\/24-mesi-ata-pubblicata-la-nota-di-indizione-dei-concorsi-nellanno-scolastico-2019-20\/"},"wordCount":402,"publisher":{"@id":"https:\/\/www.uilscuolaemiliaromagna.it\/public\/er\/#organization"},"articleSection":["ATA","Notizie"],"inLanguage":"it-IT"},{"@type":"WebPage","@id":"https:\/\/www.uilscuolaemiliaromagna.it\/public\/er\/2020\/03\/13\/24-mesi-ata-pubblicata-la-nota-di-indizione-dei-concorsi-nellanno-scolastico-2019-20\/","url":"https:\/\/www.uilscuolaemiliaromagna.it\/public\/er\/2020\/03\/13\/24-mesi-ata-pubblicata-la-nota-di-indizione-dei-concorsi-nellanno-scolastico-2019-20\/","name":"24 mesi ATA | pubblicata la nota di indizione dei concorsi nell\u2019anno scolastico 2019-20 - Uil Scuola Emilia Romagna","isPartOf":{"@id":"https:\/\/www.uilscuolaemiliaromagna.it\/public\/er\/#website"},"datePublished":"2020-03-13T07:20:51+00:00","dateModified":"2020-03-14T16:31:00+00:00","breadcrumb":{"@id":"https:\/\/www.uilscuolaemiliaromagna.it\/public\/er\/2020\/03\/13\/24-mesi-ata-pubblicata-la-nota-di-indizione-dei-concorsi-nellanno-scolastico-2019-20\/#breadcrumb"},"inLanguage":"it-IT","potentialAction":[{"@type":"ReadAction","target":["https:\/\/www.uilscuolaemiliaromagna.it\/public\/er\/2020\/03\/13\/24-mesi-ata-pubblicata-la-nota-di-indizione-dei-concorsi-nellanno-scolastico-2019-20\/"]}]},{"@type":"BreadcrumbList","@id":"https:\/\/www.uilscuolaemiliaromagna.it\/public\/er\/2020\/03\/13\/24-mesi-ata-pubblicata-la-nota-di-indizione-dei-concorsi-nellanno-scolastico-2019-20\/#breadcrumb","itemListElement":[{"@type":"ListItem","position":1,"name":"Home","item":"https:\/\/www.uilscuolaemiliaromagna.it\/public\/er\/"},{"@type":"ListItem","position":2,"name":"24 mesi ATA | pubblicata la nota di indizione dei concorsi nell\u2019anno scolastico 2019-20"}]},{"@type":"WebSite","@id":"https:\/\/www.uilscuolaemiliaromagna.it\/public\/er\/#website","url":"https:\/\/www.uilscuolaemiliaromagna.it\/public\/er\/","name":"Uil Scuola Emilia Romagna","description":"La voce libera della scuola","publisher":{"@id":"https:\/\/www.uilscuolaemiliaromagna.it\/public\/er\/#organization"},"potentialAction":[{"@type":"SearchAction","target":{"@type":"EntryPoint","urlTemplate":"https:\/\/www.uilscuolaemiliaromagna.it\/public\/er\/?s={search_term_string}"},"query-input":"required name=search_term_string"}],"inLanguage":"it-IT"},{"@type":"Organization","@id":"https:\/\/www.uilscuolaemiliaromagna.it\/public\/er\/#organization","name":"Uil Scuola Emilia Romagna","url":"https:\/\/www.uilscuolaemiliaromagna.it\/public\/er\/","logo":{"@type":"ImageObject","inLanguage":"it-IT","@id":"https:\/\/www.uilscuolaemiliaromagna.it\/public\/er\/#\/schema\/logo\/image\/","url":"https:\/\/www.uilscuolaemiliaromagna.it\/public\/er\/wp-content\/uploads\/2017\/04\/cropped-header.png","contentUrl":"https:\/\/www.uilscuolaemiliaromagna.it\/public\/er\/wp-content\/uploads\/2017\/04\/cropped-header.png","width":1000,"height":150,"caption":"Uil Scuola Emilia Romagna"},"image":{"@id":"https:\/\/www.uilscuolaemiliaromagna.it\/public\/er\/#\/schema\/logo\/image\/"}},{"@type":"Person","@id":"https:\/\/www.uilscuolaemiliaromagna.it\/public\/er\/#\/schema\/person\/f42878fd07a4b6ba2b7153d4fad5de5e","name":"admin","image":{"@type":"ImageObject","inLanguage":"it-IT","@id":"https:\/\/www.uilscuolaemiliaromagna.it\/public\/er\/#\/schema\/person\/image\/","url":"https:\/\/secure.gravatar.com\/avatar\/aebf815ae2f30ffdae8b8c247273d34c?s=96&d=mm&r=g","contentUrl":"https:\/\/secure.gravatar.com\/avatar\/aebf815ae2f30ffdae8b8c247273d34c?s=96&d=mm&r=g","caption":"admin"},"url":"https:\/\/www.uilscuolaemiliaromagna.it\/public\/er\/author\/admin\/"}]}},"views":1142,"_links":{"self":[{"href":"https:\/\/www.uilscuolaemiliaromagna.it\/public\/er\/wp-json\/wp\/v2\/posts\/5811"}],"collection":[{"href":"https:\/\/www.uilscuolaemiliaromagna.it\/public\/er\/wp-json\/wp\/v2\/posts"}],"about":[{"href":"https:\/\/www.uilscuolaemiliaromagna.it\/public\/er\/wp-json\/wp\/v2\/types\/post"}],"author":[{"embeddable":true,"href":"https:\/\/www.uilscuolaemiliaromagna.it\/public\/er\/wp-json\/wp\/v2\/users\/1"}],"replies":[{"embeddable":true,"href":"https:\/\/www.uilscuolaemiliaromagna.it\/public\/er\/wp-json\/wp\/v2\/comments?post=5811"}],"version-history":[{"count":7,"href":"https:\/\/www.uilscuolaemiliaromagna.it\/public\/er\/wp-json\/wp\/v2\/posts\/5811\/revisions"}],"predecessor-version":[{"id":5828,"href":"https:\/\/www.uilscuolaemiliaromagna.it\/public\/er\/wp-json\/wp\/v2\/posts\/5811\/revisions\/5828"}],"wp:attachment":[{"href":"https:\/\/www.uilscuolaemiliaromagna.it\/public\/er\/wp-json\/wp\/v2\/media?parent=5811"}],"wp:term":[{"taxonomy":"category","embeddable":true,"href":"https:\/\/www.uilscuolaemiliaromagna.it\/public\/er\/wp-json\/wp\/v2\/categories?post=5811"},{"taxonomy":"post_tag","embeddable":true,"href":"https:\/\/www.uilscuolaemiliaromagna.it\/public\/er\/wp-json\/wp\/v2\/tags?post=5811"}],"curies":[{"name":"wp","href":"https:\/\/api.w.org\/{rel}","templated":true}]}}