{"id":5914,"date":"2020-03-28T16:48:57","date_gmt":"2020-03-28T15:48:57","guid":{"rendered":"http:\/\/www.uilscuolaemiliaromagna.it\/public\/er\/?p=5914"},"modified":"2020-03-28T16:57:25","modified_gmt":"2020-03-28T15:57:25","slug":"mobilita-turi-provvedimento-miope-discriminante-e-sbagliato","status":"publish","type":"post","link":"https:\/\/www.uilscuolaemiliaromagna.it\/public\/er\/2020\/03\/28\/mobilita-turi-provvedimento-miope-discriminante-e-sbagliato\/","title":{"rendered":"MOBILITA\u2019 | Turi: provvedimento miope, discriminante e sbagliato"},"content":{"rendered":"<blockquote>\n<p style=\"text-align: justify;\"><em><strong>Avviate oggi le procedure per i trasferimenti del prossimo anno <\/strong><\/em><br \/>\n<em><strong>Serve una cabina di regia per la scuola: urgente un provvedimento legislativo ed organico in cui inserire tutte le varie questioni per la conclusione dell\u2019anno scolastico e l\u2019avvio del prossimo.<\/strong><\/em><\/p>\n<\/blockquote>\n<p style=\"text-align: justify;\">Oggi il ministro ha avviato le procedure dei trasferimenti del personale per il prossimo anno scolastico.<br \/>\nMentre tutti parlano di emergenza, economia di guerra, il ministro adotta uno strumento pensato e utilizzato in periodi di assoluta normalit\u00e0; scelta inutile e colpevole, visto il periodo in cui gli uffici dell\u2019amministrazione periferica \u2013 del pari delle sedi sindacali \u2013 sono chiusi e non possono offrire un supporto molto richiesto dagli stessi docenti.<\/p>\n<p style=\"text-align: justify;\">Occorrerebbe, invece, pensare ad un provvedimento utile per la ripresa \u2013 osserva l segretario generale della Uil Scuola, Pino Turi.<br \/>\nPi\u00f9 volte abbiamo espresso l\u2019esigenza di un provvedimento legislativo ed organico in cui inserire tutte le varie questioni che attengono alla conclusione dell\u2019anno scolastico e all\u2019avvio del prossimo.<\/p>\n<p style=\"text-align: justify;\">Visti i drammatici numeri dell\u2019epidemia, ormai la conclusione dell\u2019anno scolastico non si pu\u00f2 risolvere con la narrazione che si sta adottando, per cui con la DAD il problema \u00e8 risolto.<\/p>\n<p style=\"text-align: justify;\">Servono risposte che il ministro non ha.<br \/>\nPer\u00f2 decide di utilizzare uno strumento obsoleto in una situazione che meriterebbe scelte forti e coraggiose. Andrebbe ricordato che i trasferimenti dei docenti sono regolati da un contratto.<\/p>\n<p style=\"text-align: justify;\">L\u2019errore qui non \u00e8 solo nel metodo, con un approccio impositivo e unilaterale, ma di merito.<br \/>\nQuesto il dettaglio: una mobilit\u00e0 che segue le regole dello scorso anno, che viene modificata unilateralmente con il blocco di 5 anni, non di tutti, n\u00e9 di qualcuno ma solo per particolari categorie di docenti. Un modo di procedere discriminante, dal profilo incostituzionale, anacronistico e sbagliato.<\/p>\n<p style=\"text-align: justify;\">E\u2019 arrivato il tempo che il governo, nel suo complesso, assuma la responsabilit\u00e0 di dare risposte complessive ed organiche. La scelta del tempo non \u00e8 indifferente.<br \/>\nParadossalmente, a guardare con occhi lungimiranti, servirebbe pi\u00f9 mobilit\u00e0, pi\u00f9 disponibilit\u00e0 a muoversi, visto che i docenti con i titoli per la stabilizzazione (call veloce), concorso straordinario che va riformato con un reclutamento per titoli, sono al Sud e non al Nord.<\/p>\n<p style=\"text-align: justify;\">Nel modo in cui \u00e8 stata avviata ora, invece, si svilupperanno solo tanti ricorsi e contenziosi che invece di agevolare l\u2019avvio del nuovo anno saranno un ulteriore ostacolo.<br \/>\nInsomma da una parte si ringraziano i docenti per l\u2019abnegazione e lo sforzo che stanno mettendo in campo, dall\u2019altro si sottopongono ad ulteriore stress ed ansia, in un periodo in cui ci sarebbe grande bisogno di unit\u00e0 e condivisione, come invocato da diverse forze politiche e ribadite proprio ieri dal Presidente della Repubblica.<\/p>\n<ul>\n<li><a href=\"https:\/\/www.uilscuolaemiliaromagna.it\/public\/er\/wp-content\/uploads\/2020\/03\/Mobilit-2020-21-Scheda-tecnica-UIL-Scuola.pdf\" target=\"_blank\" rel=\"noopener\">la scheda tecnica UIL Scuola<\/a><\/li>\n<\/ul>\n\n<div class=\"twitter-share\"><a href=\"https:\/\/twitter.com\/intent\/tweet?via=UILScuolaBO_ER\" class=\"twitter-share-button\" data-size=\"large\">Tweet<\/a><\/div>\n","protected":false},"excerpt":{"rendered":"<p>Avviate oggi le procedure per i trasferimenti del prossimo anno Serve una cabina di regia per la scuola: urgente un provvedimento legislativo ed organico in &hellip; <\/p>\n","protected":false},"author":1,"featured_media":0,"comment_status":"closed","ping_status":"open","sticky":false,"template":"","format":"standard","meta":{"footnotes":""},"categories":[2,3,5,12,6,7],"tags":[],"yoast_head":"<!-- This site is optimized with the Yoast SEO plugin v21.7 - https:\/\/yoast.com\/wordpress\/plugins\/seo\/ -->\r\n<title>MOBILITA\u2019 | Turi: provvedimento miope, discriminante e sbagliato - Uil Scuola Emilia Romagna<\/title>\r\n<meta name=\"robots\" content=\"index, follow, max-snippet:-1, max-image-preview:large, max-video-preview:-1\" \/>\r\n<link rel=\"canonical\" href=\"https:\/\/www.uilscuolaemiliaromagna.it\/public\/er\/2020\/03\/28\/mobilita-turi-provvedimento-miope-discriminante-e-sbagliato\/\" \/>\r\n<meta property=\"og:locale\" content=\"it_IT\" \/>\r\n<meta property=\"og:type\" content=\"article\" \/>\r\n<meta property=\"og:title\" content=\"MOBILITA\u2019 | Turi: provvedimento miope, discriminante e sbagliato - Uil Scuola Emilia Romagna\" \/>\r\n<meta property=\"og:description\" content=\"Avviate oggi le procedure per i trasferimenti del prossimo anno Serve una cabina di regia per la scuola: urgente un provvedimento legislativo ed organico in &hellip;\" \/>\r\n<meta property=\"og:url\" content=\"https:\/\/www.uilscuolaemiliaromagna.it\/public\/er\/2020\/03\/28\/mobilita-turi-provvedimento-miope-discriminante-e-sbagliato\/\" \/>\r\n<meta property=\"og:site_name\" content=\"Uil Scuola Emilia Romagna\" \/>\r\n<meta property=\"article:published_time\" content=\"2020-03-28T15:48:57+00:00\" \/>\r\n<meta property=\"article:modified_time\" content=\"2020-03-28T15:57:25+00:00\" \/>\r\n<meta name=\"author\" content=\"admin\" \/>\r\n<meta name=\"twitter:card\" content=\"summary_large_image\" \/>\r\n<meta name=\"twitter:label1\" content=\"Scritto da\" \/>\n\t<meta name=\"twitter:data1\" content=\"admin\" \/>\n\t<meta name=\"twitter:label2\" content=\"Tempo di lettura stimato\" \/>\n\t<meta name=\"twitter:data2\" content=\"2 minuti\" \/>\r\n<script type=\"application\/ld+json\" class=\"yoast-schema-graph\">{\"@context\":\"https:\/\/schema.org\",\"@graph\":[{\"@type\":\"Article\",\"@id\":\"https:\/\/www.uilscuolaemiliaromagna.it\/public\/er\/2020\/03\/28\/mobilita-turi-provvedimento-miope-discriminante-e-sbagliato\/#article\",\"isPartOf\":{\"@id\":\"https:\/\/www.uilscuolaemiliaromagna.it\/public\/er\/2020\/03\/28\/mobilita-turi-provvedimento-miope-discriminante-e-sbagliato\/\"},\"author\":{\"name\":\"admin\",\"@id\":\"https:\/\/www.uilscuolaemiliaromagna.it\/public\/er\/#\/schema\/person\/f42878fd07a4b6ba2b7153d4fad5de5e\"},\"headline\":\"MOBILITA\u2019 | Turi: provvedimento miope, discriminante e sbagliato\",\"datePublished\":\"2020-03-28T15:48:57+00:00\",\"dateModified\":\"2020-03-28T15:57:25+00:00\",\"mainEntityOfPage\":{\"@id\":\"https:\/\/www.uilscuolaemiliaromagna.it\/public\/er\/2020\/03\/28\/mobilita-turi-provvedimento-miope-discriminante-e-sbagliato\/\"},\"wordCount\":450,\"publisher\":{\"@id\":\"https:\/\/www.uilscuolaemiliaromagna.it\/public\/er\/#organization\"},\"articleSection\":[\"ATA\",\"Dirigenti\",\"Mobilit\u00e0\",\"Notizie\",\"Personale Docente\",\"Personale Educativo\"],\"inLanguage\":\"it-IT\"},{\"@type\":\"WebPage\",\"@id\":\"https:\/\/www.uilscuolaemiliaromagna.it\/public\/er\/2020\/03\/28\/mobilita-turi-provvedimento-miope-discriminante-e-sbagliato\/\",\"url\":\"https:\/\/www.uilscuolaemiliaromagna.it\/public\/er\/2020\/03\/28\/mobilita-turi-provvedimento-miope-discriminante-e-sbagliato\/\",\"name\":\"MOBILITA\u2019 | Turi: provvedimento miope, discriminante e sbagliato - Uil Scuola Emilia Romagna\",\"isPartOf\":{\"@id\":\"https:\/\/www.uilscuolaemiliaromagna.it\/public\/er\/#website\"},\"datePublished\":\"2020-03-28T15:48:57+00:00\",\"dateModified\":\"2020-03-28T15:57:25+00:00\",\"breadcrumb\":{\"@id\":\"https:\/\/www.uilscuolaemiliaromagna.it\/public\/er\/2020\/03\/28\/mobilita-turi-provvedimento-miope-discriminante-e-sbagliato\/#breadcrumb\"},\"inLanguage\":\"it-IT\",\"potentialAction\":[{\"@type\":\"ReadAction\",\"target\":[\"https:\/\/www.uilscuolaemiliaromagna.it\/public\/er\/2020\/03\/28\/mobilita-turi-provvedimento-miope-discriminante-e-sbagliato\/\"]}]},{\"@type\":\"BreadcrumbList\",\"@id\":\"https:\/\/www.uilscuolaemiliaromagna.it\/public\/er\/2020\/03\/28\/mobilita-turi-provvedimento-miope-discriminante-e-sbagliato\/#breadcrumb\",\"itemListElement\":[{\"@type\":\"ListItem\",\"position\":1,\"name\":\"Home\",\"item\":\"https:\/\/www.uilscuolaemiliaromagna.it\/public\/er\/\"},{\"@type\":\"ListItem\",\"position\":2,\"name\":\"MOBILITA\u2019 | Turi: provvedimento miope, discriminante e sbagliato\"}]},{\"@type\":\"WebSite\",\"@id\":\"https:\/\/www.uilscuolaemiliaromagna.it\/public\/er\/#website\",\"url\":\"https:\/\/www.uilscuolaemiliaromagna.it\/public\/er\/\",\"name\":\"Uil Scuola Emilia Romagna\",\"description\":\"La voce libera della scuola\",\"publisher\":{\"@id\":\"https:\/\/www.uilscuolaemiliaromagna.it\/public\/er\/#organization\"},\"potentialAction\":[{\"@type\":\"SearchAction\",\"target\":{\"@type\":\"EntryPoint\",\"urlTemplate\":\"https:\/\/www.uilscuolaemiliaromagna.it\/public\/er\/?s={search_term_string}\"},\"query-input\":\"required name=search_term_string\"}],\"inLanguage\":\"it-IT\"},{\"@type\":\"Organization\",\"@id\":\"https:\/\/www.uilscuolaemiliaromagna.it\/public\/er\/#organization\",\"name\":\"Uil Scuola Emilia Romagna\",\"url\":\"https:\/\/www.uilscuolaemiliaromagna.it\/public\/er\/\",\"logo\":{\"@type\":\"ImageObject\",\"inLanguage\":\"it-IT\",\"@id\":\"https:\/\/www.uilscuolaemiliaromagna.it\/public\/er\/#\/schema\/logo\/image\/\",\"url\":\"https:\/\/www.uilscuolaemiliaromagna.it\/public\/er\/wp-content\/uploads\/2017\/04\/cropped-header.png\",\"contentUrl\":\"https:\/\/www.uilscuolaemiliaromagna.it\/public\/er\/wp-content\/uploads\/2017\/04\/cropped-header.png\",\"width\":1000,\"height\":150,\"caption\":\"Uil Scuola Emilia Romagna\"},\"image\":{\"@id\":\"https:\/\/www.uilscuolaemiliaromagna.it\/public\/er\/#\/schema\/logo\/image\/\"}},{\"@type\":\"Person\",\"@id\":\"https:\/\/www.uilscuolaemiliaromagna.it\/public\/er\/#\/schema\/person\/f42878fd07a4b6ba2b7153d4fad5de5e\",\"name\":\"admin\",\"image\":{\"@type\":\"ImageObject\",\"inLanguage\":\"it-IT\",\"@id\":\"https:\/\/www.uilscuolaemiliaromagna.it\/public\/er\/#\/schema\/person\/image\/\",\"url\":\"https:\/\/secure.gravatar.com\/avatar\/aebf815ae2f30ffdae8b8c247273d34c?s=96&d=mm&r=g\",\"contentUrl\":\"https:\/\/secure.gravatar.com\/avatar\/aebf815ae2f30ffdae8b8c247273d34c?s=96&d=mm&r=g\",\"caption\":\"admin\"},\"url\":\"https:\/\/www.uilscuolaemiliaromagna.it\/public\/er\/author\/admin\/\"}]}<\/script>\r\n<!-- \/ Yoast SEO plugin. -->","yoast_head_json":{"title":"MOBILITA\u2019 | Turi: provvedimento miope, discriminante e sbagliato - Uil Scuola Emilia Romagna","robots":{"index":"index","follow":"follow","max-snippet":"max-snippet:-1","max-image-preview":"max-image-preview:large","max-video-preview":"max-video-preview:-1"},"canonical":"https:\/\/www.uilscuolaemiliaromagna.it\/public\/er\/2020\/03\/28\/mobilita-turi-provvedimento-miope-discriminante-e-sbagliato\/","og_locale":"it_IT","og_type":"article","og_title":"MOBILITA\u2019 | Turi: provvedimento miope, discriminante e sbagliato - Uil Scuola Emilia Romagna","og_description":"Avviate oggi le procedure per i trasferimenti del prossimo anno Serve una cabina di regia per la scuola: urgente un provvedimento legislativo ed organico in &hellip;","og_url":"https:\/\/www.uilscuolaemiliaromagna.it\/public\/er\/2020\/03\/28\/mobilita-turi-provvedimento-miope-discriminante-e-sbagliato\/","og_site_name":"Uil Scuola Emilia Romagna","article_published_time":"2020-03-28T15:48:57+00:00","article_modified_time":"2020-03-28T15:57:25+00:00","author":"admin","twitter_card":"summary_large_image","twitter_misc":{"Scritto da":"admin","Tempo di lettura stimato":"2 minuti"},"schema":{"@context":"https:\/\/schema.org","@graph":[{"@type":"Article","@id":"https:\/\/www.uilscuolaemiliaromagna.it\/public\/er\/2020\/03\/28\/mobilita-turi-provvedimento-miope-discriminante-e-sbagliato\/#article","isPartOf":{"@id":"https:\/\/www.uilscuolaemiliaromagna.it\/public\/er\/2020\/03\/28\/mobilita-turi-provvedimento-miope-discriminante-e-sbagliato\/"},"author":{"name":"admin","@id":"https:\/\/www.uilscuolaemiliaromagna.it\/public\/er\/#\/schema\/person\/f42878fd07a4b6ba2b7153d4fad5de5e"},"headline":"MOBILITA\u2019 | Turi: provvedimento miope, discriminante e sbagliato","datePublished":"2020-03-28T15:48:57+00:00","dateModified":"2020-03-28T15:57:25+00:00","mainEntityOfPage":{"@id":"https:\/\/www.uilscuolaemiliaromagna.it\/public\/er\/2020\/03\/28\/mobilita-turi-provvedimento-miope-discriminante-e-sbagliato\/"},"wordCount":450,"publisher":{"@id":"https:\/\/www.uilscuolaemiliaromagna.it\/public\/er\/#organization"},"articleSection":["ATA","Dirigenti","Mobilit\u00e0","Notizie","Personale Docente","Personale Educativo"],"inLanguage":"it-IT"},{"@type":"WebPage","@id":"https:\/\/www.uilscuolaemiliaromagna.it\/public\/er\/2020\/03\/28\/mobilita-turi-provvedimento-miope-discriminante-e-sbagliato\/","url":"https:\/\/www.uilscuolaemiliaromagna.it\/public\/er\/2020\/03\/28\/mobilita-turi-provvedimento-miope-discriminante-e-sbagliato\/","name":"MOBILITA\u2019 | Turi: provvedimento miope, discriminante e sbagliato - Uil Scuola Emilia Romagna","isPartOf":{"@id":"https:\/\/www.uilscuolaemiliaromagna.it\/public\/er\/#website"},"datePublished":"2020-03-28T15:48:57+00:00","dateModified":"2020-03-28T15:57:25+00:00","breadcrumb":{"@id":"https:\/\/www.uilscuolaemiliaromagna.it\/public\/er\/2020\/03\/28\/mobilita-turi-provvedimento-miope-discriminante-e-sbagliato\/#breadcrumb"},"inLanguage":"it-IT","potentialAction":[{"@type":"ReadAction","target":["https:\/\/www.uilscuolaemiliaromagna.it\/public\/er\/2020\/03\/28\/mobilita-turi-provvedimento-miope-discriminante-e-sbagliato\/"]}]},{"@type":"BreadcrumbList","@id":"https:\/\/www.uilscuolaemiliaromagna.it\/public\/er\/2020\/03\/28\/mobilita-turi-provvedimento-miope-discriminante-e-sbagliato\/#breadcrumb","itemListElement":[{"@type":"ListItem","position":1,"name":"Home","item":"https:\/\/www.uilscuolaemiliaromagna.it\/public\/er\/"},{"@type":"ListItem","position":2,"name":"MOBILITA\u2019 | Turi: provvedimento miope, discriminante e sbagliato"}]},{"@type":"WebSite","@id":"https:\/\/www.uilscuolaemiliaromagna.it\/public\/er\/#website","url":"https:\/\/www.uilscuolaemiliaromagna.it\/public\/er\/","name":"Uil Scuola Emilia Romagna","description":"La voce libera della scuola","publisher":{"@id":"https:\/\/www.uilscuolaemiliaromagna.it\/public\/er\/#organization"},"potentialAction":[{"@type":"SearchAction","target":{"@type":"EntryPoint","urlTemplate":"https:\/\/www.uilscuolaemiliaromagna.it\/public\/er\/?s={search_term_string}"},"query-input":"required name=search_term_string"}],"inLanguage":"it-IT"},{"@type":"Organization","@id":"https:\/\/www.uilscuolaemiliaromagna.it\/public\/er\/#organization","name":"Uil Scuola Emilia Romagna","url":"https:\/\/www.uilscuolaemiliaromagna.it\/public\/er\/","logo":{"@type":"ImageObject","inLanguage":"it-IT","@id":"https:\/\/www.uilscuolaemiliaromagna.it\/public\/er\/#\/schema\/logo\/image\/","url":"https:\/\/www.uilscuolaemiliaromagna.it\/public\/er\/wp-content\/uploads\/2017\/04\/cropped-header.png","contentUrl":"https:\/\/www.uilscuolaemiliaromagna.it\/public\/er\/wp-content\/uploads\/2017\/04\/cropped-header.png","width":1000,"height":150,"caption":"Uil Scuola Emilia Romagna"},"image":{"@id":"https:\/\/www.uilscuolaemiliaromagna.it\/public\/er\/#\/schema\/logo\/image\/"}},{"@type":"Person","@id":"https:\/\/www.uilscuolaemiliaromagna.it\/public\/er\/#\/schema\/person\/f42878fd07a4b6ba2b7153d4fad5de5e","name":"admin","image":{"@type":"ImageObject","inLanguage":"it-IT","@id":"https:\/\/www.uilscuolaemiliaromagna.it\/public\/er\/#\/schema\/person\/image\/","url":"https:\/\/secure.gravatar.com\/avatar\/aebf815ae2f30ffdae8b8c247273d34c?s=96&d=mm&r=g","contentUrl":"https:\/\/secure.gravatar.com\/avatar\/aebf815ae2f30ffdae8b8c247273d34c?s=96&d=mm&r=g","caption":"admin"},"url":"https:\/\/www.uilscuolaemiliaromagna.it\/public\/er\/author\/admin\/"}]}},"views":956,"_links":{"self":[{"href":"https:\/\/www.uilscuolaemiliaromagna.it\/public\/er\/wp-json\/wp\/v2\/posts\/5914"}],"collection":[{"href":"https:\/\/www.uilscuolaemiliaromagna.it\/public\/er\/wp-json\/wp\/v2\/posts"}],"about":[{"href":"https:\/\/www.uilscuolaemiliaromagna.it\/public\/er\/wp-json\/wp\/v2\/types\/post"}],"author":[{"embeddable":true,"href":"https:\/\/www.uilscuolaemiliaromagna.it\/public\/er\/wp-json\/wp\/v2\/users\/1"}],"replies":[{"embeddable":true,"href":"https:\/\/www.uilscuolaemiliaromagna.it\/public\/er\/wp-json\/wp\/v2\/comments?post=5914"}],"version-history":[{"count":2,"href":"https:\/\/www.uilscuolaemiliaromagna.it\/public\/er\/wp-json\/wp\/v2\/posts\/5914\/revisions"}],"predecessor-version":[{"id":5922,"href":"https:\/\/www.uilscuolaemiliaromagna.it\/public\/er\/wp-json\/wp\/v2\/posts\/5914\/revisions\/5922"}],"wp:attachment":[{"href":"https:\/\/www.uilscuolaemiliaromagna.it\/public\/er\/wp-json\/wp\/v2\/media?parent=5914"}],"wp:term":[{"taxonomy":"category","embeddable":true,"href":"https:\/\/www.uilscuolaemiliaromagna.it\/public\/er\/wp-json\/wp\/v2\/categories?post=5914"},{"taxonomy":"post_tag","embeddable":true,"href":"https:\/\/www.uilscuolaemiliaromagna.it\/public\/er\/wp-json\/wp\/v2\/tags?post=5914"}],"curies":[{"name":"wp","href":"https:\/\/api.w.org\/{rel}","templated":true}]}}