{"id":6206,"date":"2020-05-28T18:52:26","date_gmt":"2020-05-28T16:52:26","guid":{"rendered":"http:\/\/www.uilscuolaemiliaromagna.it\/public\/er\/?p=6206"},"modified":"2020-05-28T18:52:26","modified_gmt":"2020-05-28T16:52:26","slug":"dl-scuola-di-ordinato-e-regolare-non-ce-niente","status":"publish","type":"post","link":"https:\/\/www.uilscuolaemiliaromagna.it\/public\/er\/2020\/05\/28\/dl-scuola-di-ordinato-e-regolare-non-ce-niente\/","title":{"rendered":"DL SCUOLA \/ Di ordinato e regolare non c\u2019\u00e8 niente"},"content":{"rendered":"<blockquote>\n<p style=\"text-align: justify;\"><em><strong>Turi: serve progetto per far ripartire la scuola. <\/strong><\/em><br \/>\n<em><strong>Alle scuole occorrono risposte precise e strumenti. C\u2019\u00e8 solo confusione.<\/strong><\/em><\/p>\n<\/blockquote>\n<p style=\"text-align: justify;\">Un clima mai visto, una confusione preoccupante. Bisognerebbe cambiare titolo al decreto \u2013 sottolinea il segretario generale della Uil Scuola, Pino Turi ricordando che si sta dibattendo di \u00abmisure urgenti sulla regolare conclusione e l\u2019ordinato avvio dell\u2019anno scolastico e sullo svolgimento degli esami di Stato\u00bb.<br \/>\nDi urgente non c\u2019\u00e8 rimasto pi\u00f9 niente. Tutto \u00e8 rinviato al prossimo anno.<\/p>\n<p style=\"text-align: justify;\">Sugli esami abbiamo firmato un protocollo e lo rispetteremo perch\u00e9 le scuole hanno bisogno di elementi di supporto e di chiarezza. Per il resto il clima \u00e8 di conflitto.<br \/>\nCon una decisione che ha rari esempi paragonabili, Premier e ministra, hanno stracciato due accordi sottoscritti con loro a Palazzo Chigi, mesi e mesi di lavoro, di riunioni, di confronti tecnici, emendamenti, mediazioni parlamentari.<\/p>\n<p style=\"text-align: justify;\">Pacta sunt servanda. Per noi vale ancora. Ci\u00f2 che abbiamo firmato rispettiamo.<br \/>\nLa domanda oggi \u00e8: sappiamo come riapriranno le scuole?<\/p>\n<p style=\"text-align: justify;\">Non a settembre, tra qualche giorno. L\u2019ultimo Dpcm prevede la chiusura delle lezioni fino al 14 giugno. Le scuole dell\u2019infanzia chiudono il 30. Che faranno i bambini? Dove andranno? Li affideremo ai volontari? Stiamo scherzando?<\/p>\n<p style=\"text-align: justify;\">Abbiamo scuole chiuse e lavori fermi. Mentre l\u2019Europa sostiene la ripresa, l\u2019Esecutivo pensa alla scuola come in passato. Ci sono pochi soldi, non si pu\u00f2 fare.<br \/>\nLogiche vecchie per una scuola che deve ripartire.<\/p>\n<p style=\"text-align: justify;\">Le cifre a disposizione \u2013 331 milioni di euro \u2013 suddivise per tutte le scuole diventano poche migliaia di euro a istituto.<\/p>\n<p style=\"text-align: justify;\">Il Dl rilancio cos\u00ec come articolato rischia di mettere in piedi un castello di carte che scarica sulle scuole e quindi sui dirigenti tutte le incombenze e le responsabilit\u00e0.<\/p>\n<p style=\"text-align: justify;\">Responsabilit\u00e0 che si accentueranno a settembre in quelle scuole senza dirigente e senza Dsga, visto che i facenti funzione non accetteranno, a giusta ragione, alcun incarico.<\/p>\n<p style=\"text-align: justify;\">Come potr\u00e0 deliberare il consiglio di istituto le misure da adottare, nel periodo estivo, senza personale a disposizione? Chi dar\u00e0 indicazioni e supporto alle segreterie?\u00a0 Non dovrebbero essere gli uffici amministrativi territoriali a dare supporti necessari? Possibile che i lavori di adeguamento e manutenzione vadano in carico alle scuole?<\/p>\n<p style=\"text-align: justify;\">Bisogna cambiare approccio \u2013 aggiunge Turi \u2013 altrimenti le scuole non saranno in condizione di riaprire, e settembre \u00e8 dietro l\u2019angolo.<\/p>\n\n<div class=\"twitter-share\"><a href=\"https:\/\/twitter.com\/intent\/tweet?via=UILScuolaBO_ER\" class=\"twitter-share-button\" data-size=\"large\">Tweet<\/a><\/div>\n","protected":false},"excerpt":{"rendered":"<p>Turi: serve progetto per far ripartire la scuola. Alle scuole occorrono risposte precise e strumenti. C\u2019\u00e8 solo confusione. Un clima mai visto, una confusione preoccupante. &hellip; <\/p>\n","protected":false},"author":1,"featured_media":0,"comment_status":"closed","ping_status":"open","sticky":false,"template":"","format":"standard","meta":{"footnotes":""},"categories":[2,3,12,6],"tags":[],"yoast_head":"<!-- This site is optimized with the Yoast SEO plugin v21.7 - https:\/\/yoast.com\/wordpress\/plugins\/seo\/ -->\r\n<title>DL SCUOLA \/ Di ordinato e regolare non c\u2019\u00e8 niente - Uil Scuola Emilia Romagna<\/title>\r\n<meta name=\"robots\" content=\"index, follow, max-snippet:-1, max-image-preview:large, max-video-preview:-1\" \/>\r\n<link rel=\"canonical\" href=\"https:\/\/www.uilscuolaemiliaromagna.it\/public\/er\/2020\/05\/28\/dl-scuola-di-ordinato-e-regolare-non-ce-niente\/\" \/>\r\n<meta property=\"og:locale\" content=\"it_IT\" \/>\r\n<meta property=\"og:type\" content=\"article\" \/>\r\n<meta property=\"og:title\" content=\"DL SCUOLA \/ Di ordinato e regolare non c\u2019\u00e8 niente - Uil Scuola Emilia Romagna\" \/>\r\n<meta property=\"og:description\" content=\"Turi: serve progetto per far ripartire la scuola. Alle scuole occorrono risposte precise e strumenti. C\u2019\u00e8 solo confusione. Un clima mai visto, una confusione preoccupante. &hellip;\" \/>\r\n<meta property=\"og:url\" content=\"https:\/\/www.uilscuolaemiliaromagna.it\/public\/er\/2020\/05\/28\/dl-scuola-di-ordinato-e-regolare-non-ce-niente\/\" \/>\r\n<meta property=\"og:site_name\" content=\"Uil Scuola Emilia Romagna\" \/>\r\n<meta property=\"article:published_time\" content=\"2020-05-28T16:52:26+00:00\" \/>\r\n<meta name=\"author\" content=\"admin\" \/>\r\n<meta name=\"twitter:card\" content=\"summary_large_image\" \/>\r\n<meta name=\"twitter:label1\" content=\"Scritto da\" \/>\n\t<meta name=\"twitter:data1\" content=\"admin\" \/>\n\t<meta name=\"twitter:label2\" content=\"Tempo di lettura stimato\" \/>\n\t<meta name=\"twitter:data2\" content=\"2 minuti\" \/>\r\n<script type=\"application\/ld+json\" class=\"yoast-schema-graph\">{\"@context\":\"https:\/\/schema.org\",\"@graph\":[{\"@type\":\"Article\",\"@id\":\"https:\/\/www.uilscuolaemiliaromagna.it\/public\/er\/2020\/05\/28\/dl-scuola-di-ordinato-e-regolare-non-ce-niente\/#article\",\"isPartOf\":{\"@id\":\"https:\/\/www.uilscuolaemiliaromagna.it\/public\/er\/2020\/05\/28\/dl-scuola-di-ordinato-e-regolare-non-ce-niente\/\"},\"author\":{\"name\":\"admin\",\"@id\":\"https:\/\/www.uilscuolaemiliaromagna.it\/public\/er\/#\/schema\/person\/f42878fd07a4b6ba2b7153d4fad5de5e\"},\"headline\":\"DL SCUOLA \/ Di ordinato e regolare non c\u2019\u00e8 niente\",\"datePublished\":\"2020-05-28T16:52:26+00:00\",\"dateModified\":\"2020-05-28T16:52:26+00:00\",\"mainEntityOfPage\":{\"@id\":\"https:\/\/www.uilscuolaemiliaromagna.it\/public\/er\/2020\/05\/28\/dl-scuola-di-ordinato-e-regolare-non-ce-niente\/\"},\"wordCount\":380,\"publisher\":{\"@id\":\"https:\/\/www.uilscuolaemiliaromagna.it\/public\/er\/#organization\"},\"articleSection\":[\"ATA\",\"Dirigenti\",\"Notizie\",\"Personale Docente\"],\"inLanguage\":\"it-IT\"},{\"@type\":\"WebPage\",\"@id\":\"https:\/\/www.uilscuolaemiliaromagna.it\/public\/er\/2020\/05\/28\/dl-scuola-di-ordinato-e-regolare-non-ce-niente\/\",\"url\":\"https:\/\/www.uilscuolaemiliaromagna.it\/public\/er\/2020\/05\/28\/dl-scuola-di-ordinato-e-regolare-non-ce-niente\/\",\"name\":\"DL SCUOLA \/ Di ordinato e regolare non c\u2019\u00e8 niente - Uil Scuola Emilia Romagna\",\"isPartOf\":{\"@id\":\"https:\/\/www.uilscuolaemiliaromagna.it\/public\/er\/#website\"},\"datePublished\":\"2020-05-28T16:52:26+00:00\",\"dateModified\":\"2020-05-28T16:52:26+00:00\",\"breadcrumb\":{\"@id\":\"https:\/\/www.uilscuolaemiliaromagna.it\/public\/er\/2020\/05\/28\/dl-scuola-di-ordinato-e-regolare-non-ce-niente\/#breadcrumb\"},\"inLanguage\":\"it-IT\",\"potentialAction\":[{\"@type\":\"ReadAction\",\"target\":[\"https:\/\/www.uilscuolaemiliaromagna.it\/public\/er\/2020\/05\/28\/dl-scuola-di-ordinato-e-regolare-non-ce-niente\/\"]}]},{\"@type\":\"BreadcrumbList\",\"@id\":\"https:\/\/www.uilscuolaemiliaromagna.it\/public\/er\/2020\/05\/28\/dl-scuola-di-ordinato-e-regolare-non-ce-niente\/#breadcrumb\",\"itemListElement\":[{\"@type\":\"ListItem\",\"position\":1,\"name\":\"Home\",\"item\":\"https:\/\/www.uilscuolaemiliaromagna.it\/public\/er\/\"},{\"@type\":\"ListItem\",\"position\":2,\"name\":\"DL SCUOLA \/ Di ordinato e regolare non c\u2019\u00e8 niente\"}]},{\"@type\":\"WebSite\",\"@id\":\"https:\/\/www.uilscuolaemiliaromagna.it\/public\/er\/#website\",\"url\":\"https:\/\/www.uilscuolaemiliaromagna.it\/public\/er\/\",\"name\":\"Uil Scuola Emilia Romagna\",\"description\":\"La voce libera della scuola\",\"publisher\":{\"@id\":\"https:\/\/www.uilscuolaemiliaromagna.it\/public\/er\/#organization\"},\"potentialAction\":[{\"@type\":\"SearchAction\",\"target\":{\"@type\":\"EntryPoint\",\"urlTemplate\":\"https:\/\/www.uilscuolaemiliaromagna.it\/public\/er\/?s={search_term_string}\"},\"query-input\":\"required name=search_term_string\"}],\"inLanguage\":\"it-IT\"},{\"@type\":\"Organization\",\"@id\":\"https:\/\/www.uilscuolaemiliaromagna.it\/public\/er\/#organization\",\"name\":\"Uil Scuola Emilia Romagna\",\"url\":\"https:\/\/www.uilscuolaemiliaromagna.it\/public\/er\/\",\"logo\":{\"@type\":\"ImageObject\",\"inLanguage\":\"it-IT\",\"@id\":\"https:\/\/www.uilscuolaemiliaromagna.it\/public\/er\/#\/schema\/logo\/image\/\",\"url\":\"https:\/\/www.uilscuolaemiliaromagna.it\/public\/er\/wp-content\/uploads\/2017\/04\/cropped-header.png\",\"contentUrl\":\"https:\/\/www.uilscuolaemiliaromagna.it\/public\/er\/wp-content\/uploads\/2017\/04\/cropped-header.png\",\"width\":1000,\"height\":150,\"caption\":\"Uil Scuola Emilia Romagna\"},\"image\":{\"@id\":\"https:\/\/www.uilscuolaemiliaromagna.it\/public\/er\/#\/schema\/logo\/image\/\"}},{\"@type\":\"Person\",\"@id\":\"https:\/\/www.uilscuolaemiliaromagna.it\/public\/er\/#\/schema\/person\/f42878fd07a4b6ba2b7153d4fad5de5e\",\"name\":\"admin\",\"image\":{\"@type\":\"ImageObject\",\"inLanguage\":\"it-IT\",\"@id\":\"https:\/\/www.uilscuolaemiliaromagna.it\/public\/er\/#\/schema\/person\/image\/\",\"url\":\"https:\/\/secure.gravatar.com\/avatar\/aebf815ae2f30ffdae8b8c247273d34c?s=96&d=mm&r=g\",\"contentUrl\":\"https:\/\/secure.gravatar.com\/avatar\/aebf815ae2f30ffdae8b8c247273d34c?s=96&d=mm&r=g\",\"caption\":\"admin\"},\"url\":\"https:\/\/www.uilscuolaemiliaromagna.it\/public\/er\/author\/admin\/\"}]}<\/script>\r\n<!-- \/ Yoast SEO plugin. -->","yoast_head_json":{"title":"DL SCUOLA \/ Di ordinato e regolare non c\u2019\u00e8 niente - Uil Scuola Emilia Romagna","robots":{"index":"index","follow":"follow","max-snippet":"max-snippet:-1","max-image-preview":"max-image-preview:large","max-video-preview":"max-video-preview:-1"},"canonical":"https:\/\/www.uilscuolaemiliaromagna.it\/public\/er\/2020\/05\/28\/dl-scuola-di-ordinato-e-regolare-non-ce-niente\/","og_locale":"it_IT","og_type":"article","og_title":"DL SCUOLA \/ Di ordinato e regolare non c\u2019\u00e8 niente - Uil Scuola Emilia Romagna","og_description":"Turi: serve progetto per far ripartire la scuola. Alle scuole occorrono risposte precise e strumenti. C\u2019\u00e8 solo confusione. Un clima mai visto, una confusione preoccupante. &hellip;","og_url":"https:\/\/www.uilscuolaemiliaromagna.it\/public\/er\/2020\/05\/28\/dl-scuola-di-ordinato-e-regolare-non-ce-niente\/","og_site_name":"Uil Scuola Emilia Romagna","article_published_time":"2020-05-28T16:52:26+00:00","author":"admin","twitter_card":"summary_large_image","twitter_misc":{"Scritto da":"admin","Tempo di lettura stimato":"2 minuti"},"schema":{"@context":"https:\/\/schema.org","@graph":[{"@type":"Article","@id":"https:\/\/www.uilscuolaemiliaromagna.it\/public\/er\/2020\/05\/28\/dl-scuola-di-ordinato-e-regolare-non-ce-niente\/#article","isPartOf":{"@id":"https:\/\/www.uilscuolaemiliaromagna.it\/public\/er\/2020\/05\/28\/dl-scuola-di-ordinato-e-regolare-non-ce-niente\/"},"author":{"name":"admin","@id":"https:\/\/www.uilscuolaemiliaromagna.it\/public\/er\/#\/schema\/person\/f42878fd07a4b6ba2b7153d4fad5de5e"},"headline":"DL SCUOLA \/ Di ordinato e regolare non c\u2019\u00e8 niente","datePublished":"2020-05-28T16:52:26+00:00","dateModified":"2020-05-28T16:52:26+00:00","mainEntityOfPage":{"@id":"https:\/\/www.uilscuolaemiliaromagna.it\/public\/er\/2020\/05\/28\/dl-scuola-di-ordinato-e-regolare-non-ce-niente\/"},"wordCount":380,"publisher":{"@id":"https:\/\/www.uilscuolaemiliaromagna.it\/public\/er\/#organization"},"articleSection":["ATA","Dirigenti","Notizie","Personale Docente"],"inLanguage":"it-IT"},{"@type":"WebPage","@id":"https:\/\/www.uilscuolaemiliaromagna.it\/public\/er\/2020\/05\/28\/dl-scuola-di-ordinato-e-regolare-non-ce-niente\/","url":"https:\/\/www.uilscuolaemiliaromagna.it\/public\/er\/2020\/05\/28\/dl-scuola-di-ordinato-e-regolare-non-ce-niente\/","name":"DL SCUOLA \/ Di ordinato e regolare non c\u2019\u00e8 niente - Uil Scuola Emilia Romagna","isPartOf":{"@id":"https:\/\/www.uilscuolaemiliaromagna.it\/public\/er\/#website"},"datePublished":"2020-05-28T16:52:26+00:00","dateModified":"2020-05-28T16:52:26+00:00","breadcrumb":{"@id":"https:\/\/www.uilscuolaemiliaromagna.it\/public\/er\/2020\/05\/28\/dl-scuola-di-ordinato-e-regolare-non-ce-niente\/#breadcrumb"},"inLanguage":"it-IT","potentialAction":[{"@type":"ReadAction","target":["https:\/\/www.uilscuolaemiliaromagna.it\/public\/er\/2020\/05\/28\/dl-scuola-di-ordinato-e-regolare-non-ce-niente\/"]}]},{"@type":"BreadcrumbList","@id":"https:\/\/www.uilscuolaemiliaromagna.it\/public\/er\/2020\/05\/28\/dl-scuola-di-ordinato-e-regolare-non-ce-niente\/#breadcrumb","itemListElement":[{"@type":"ListItem","position":1,"name":"Home","item":"https:\/\/www.uilscuolaemiliaromagna.it\/public\/er\/"},{"@type":"ListItem","position":2,"name":"DL SCUOLA \/ Di ordinato e regolare non c\u2019\u00e8 niente"}]},{"@type":"WebSite","@id":"https:\/\/www.uilscuolaemiliaromagna.it\/public\/er\/#website","url":"https:\/\/www.uilscuolaemiliaromagna.it\/public\/er\/","name":"Uil Scuola Emilia Romagna","description":"La voce libera della scuola","publisher":{"@id":"https:\/\/www.uilscuolaemiliaromagna.it\/public\/er\/#organization"},"potentialAction":[{"@type":"SearchAction","target":{"@type":"EntryPoint","urlTemplate":"https:\/\/www.uilscuolaemiliaromagna.it\/public\/er\/?s={search_term_string}"},"query-input":"required name=search_term_string"}],"inLanguage":"it-IT"},{"@type":"Organization","@id":"https:\/\/www.uilscuolaemiliaromagna.it\/public\/er\/#organization","name":"Uil Scuola Emilia Romagna","url":"https:\/\/www.uilscuolaemiliaromagna.it\/public\/er\/","logo":{"@type":"ImageObject","inLanguage":"it-IT","@id":"https:\/\/www.uilscuolaemiliaromagna.it\/public\/er\/#\/schema\/logo\/image\/","url":"https:\/\/www.uilscuolaemiliaromagna.it\/public\/er\/wp-content\/uploads\/2017\/04\/cropped-header.png","contentUrl":"https:\/\/www.uilscuolaemiliaromagna.it\/public\/er\/wp-content\/uploads\/2017\/04\/cropped-header.png","width":1000,"height":150,"caption":"Uil Scuola Emilia Romagna"},"image":{"@id":"https:\/\/www.uilscuolaemiliaromagna.it\/public\/er\/#\/schema\/logo\/image\/"}},{"@type":"Person","@id":"https:\/\/www.uilscuolaemiliaromagna.it\/public\/er\/#\/schema\/person\/f42878fd07a4b6ba2b7153d4fad5de5e","name":"admin","image":{"@type":"ImageObject","inLanguage":"it-IT","@id":"https:\/\/www.uilscuolaemiliaromagna.it\/public\/er\/#\/schema\/person\/image\/","url":"https:\/\/secure.gravatar.com\/avatar\/aebf815ae2f30ffdae8b8c247273d34c?s=96&d=mm&r=g","contentUrl":"https:\/\/secure.gravatar.com\/avatar\/aebf815ae2f30ffdae8b8c247273d34c?s=96&d=mm&r=g","caption":"admin"},"url":"https:\/\/www.uilscuolaemiliaromagna.it\/public\/er\/author\/admin\/"}]}},"views":680,"_links":{"self":[{"href":"https:\/\/www.uilscuolaemiliaromagna.it\/public\/er\/wp-json\/wp\/v2\/posts\/6206"}],"collection":[{"href":"https:\/\/www.uilscuolaemiliaromagna.it\/public\/er\/wp-json\/wp\/v2\/posts"}],"about":[{"href":"https:\/\/www.uilscuolaemiliaromagna.it\/public\/er\/wp-json\/wp\/v2\/types\/post"}],"author":[{"embeddable":true,"href":"https:\/\/www.uilscuolaemiliaromagna.it\/public\/er\/wp-json\/wp\/v2\/users\/1"}],"replies":[{"embeddable":true,"href":"https:\/\/www.uilscuolaemiliaromagna.it\/public\/er\/wp-json\/wp\/v2\/comments?post=6206"}],"version-history":[{"count":1,"href":"https:\/\/www.uilscuolaemiliaromagna.it\/public\/er\/wp-json\/wp\/v2\/posts\/6206\/revisions"}],"predecessor-version":[{"id":6207,"href":"https:\/\/www.uilscuolaemiliaromagna.it\/public\/er\/wp-json\/wp\/v2\/posts\/6206\/revisions\/6207"}],"wp:attachment":[{"href":"https:\/\/www.uilscuolaemiliaromagna.it\/public\/er\/wp-json\/wp\/v2\/media?parent=6206"}],"wp:term":[{"taxonomy":"category","embeddable":true,"href":"https:\/\/www.uilscuolaemiliaromagna.it\/public\/er\/wp-json\/wp\/v2\/categories?post=6206"},{"taxonomy":"post_tag","embeddable":true,"href":"https:\/\/www.uilscuolaemiliaromagna.it\/public\/er\/wp-json\/wp\/v2\/tags?post=6206"}],"curies":[{"name":"wp","href":"https:\/\/api.w.org\/{rel}","templated":true}]}}