{"id":6210,"date":"2020-05-28T18:54:29","date_gmt":"2020-05-28T16:54:29","guid":{"rendered":"http:\/\/www.uilscuolaemiliaromagna.it\/public\/er\/?p=6210"},"modified":"2020-05-28T18:54:29","modified_gmt":"2020-05-28T16:54:29","slug":"esami-macchina-amministrativa-in-difficolta","status":"publish","type":"post","link":"https:\/\/www.uilscuolaemiliaromagna.it\/public\/er\/2020\/05\/28\/esami-macchina-amministrativa-in-difficolta\/","title":{"rendered":"ESAMI \/ Macchina amministrativa in difficolt\u00e0"},"content":{"rendered":"<p style=\"text-align: justify;\">Si \u00e8 riunito questa mattina il Tavolo nazionale permanente per gli esami di Stato, composto da componenti del MI, della Protezione civile, della Croce Rossa Italiana e dalle Organizzazioni Sindacali, che svolge le funzioni di verifica dell\u2019attuazione, presso le istituzioni scolastiche, delle indicazioni contenute nel Documento tecnico scientifico per gli esami di Stato.<\/p>\n<p style=\"text-align: justify;\">Un primo incontro che ha visto, da parte della UIL Scuola rappresentata da Giuseppe D\u2019Aprile, un\u2019adesione convinta al fine di contribuire allo svolgimento in sicurezza degli esami in presenza, ben sapendo che ci sono grandi difficolt\u00e0 che la macchina amministrativa da sola non potr\u00e0 superare se non attraverso una grande solidariet\u00e0 e collaborazione.<\/p>\n<p style=\"text-align: justify;\">In questo senso la UIL ha chiesto al tavolo decisioni condivise e scevre da posizioni ideologizzate che, possibilmente, vadano nella stessa direzione e cio\u00e8 la tutela a 360 gradi della comunit\u00e0 educante, eliminando elementi di scontro anche pregressi al fine di supportare le scuole nella giusta maniera. Comunicazioni e indicazioni stringate e chiare, senza linguaggi burocratici, anche per fornire alla dirigenza scolastica il giusto supporto che merita.<\/p>\n<p style=\"text-align: justify;\">Un approccio costruttivo, collaborativo, democratico e non burocratico.<\/p>\n<p style=\"text-align: justify;\">Nel merito \u00e8 stata esaminata una bozza di circolare che il dipartimento per le risorse umane, finanziarie e strumentali\u00a0ha predisposto per le scuole e che riguarda le \u201c<em>dotazioni finanziarie per la ripresa dell\u2019attivit\u00e0 didattica a settembre, nonch\u00e9 per lo svolgimento, in presenza e in sicurezza, degli esami di Stato conclusivi del secondo ciclo di istruzione\u201d.<\/em><\/p>\n<p style=\"text-align: justify;\">La UIL Scuola, per quanto concerne la parte della circolare che riguarda gli esami di Stato, ha sollecitato il tavolo a fornire immediatamente indicazioni alle scuole onde evitare iniziative pi\u00f9 o meno opportune.<\/p>\n<p style=\"text-align: justify;\">In particolare ha evidenziato le pretese di qualche dirigente scolastico che costringe il personale che ritiene di essere in condizioni di fragilit\u00e0 e dunque maggiormente esposto a rischio di contagio, di chiedere di essere sottoposto a visita da parte del medico competente o medico del lavoro INAIL.<br \/>\nAlla luce di ci\u00f2, ha fatto presente che non c\u2019e\u2019 alcun obbligo per il lavoratore il quale, se appartenente alle categorie fragili, dovr\u00e0 farlo dichiarare semplicemente dal medico di base.<br \/>\n<em>\u201cL\u2019individuazione dei lavoratori \u201cfragili\u201d pu\u00f2 essere effettuata<\/em> <em>dal medico di base\u2026<\/em> \u00e8 previsto nel documento redatto dal comitato tecnico scientifico.<\/p>\n<p style=\"text-align: justify;\">Per quanto riguarda invece la parte della circolare che riguarda la ripresa dell\u2019anno scolastico la UIL ha espresso contrariet\u00e0 per una iniziativa unilaterale che dovr\u00e0 invece trovare una eventuale condivisione attraverso la sottoscrizione di un protocollo dedicato alla ripartenza dell\u2019anno scolastico.<br \/>\nInoltre, la circolare, cos\u00ec articolata, rischia di mettere in piedi un castello burocratico che scarica sulle scuole e quindi sui Dirigenti Scolastici tutte le incombenze e le responsabilit\u00e0 che si accentuano in presenza di istituzioni scolastiche che in alcuni casi si ritroveranno a settembre senza Dirigente Scolastico e senza DSGA.<br \/>\nNel merito:<\/p>\n<ol style=\"text-align: justify;\">\n<li>E\u2019 impensabile programmare le spese prima di conoscere come riprender\u00e0 l\u2019anno scolastico;<\/li>\n<li>Il consiglio di istituto non pu\u00f2 essere semplicemente informato ma \u00e8 un organismo deliberante!<\/li>\n<li>Il tutto da realizzare entro il 30 settembre sembra \u201ccozzare\u201d con le esigenze delle scuole che sicuramente devono essere messe in condizione molto prima di ripartire e che si troverebbero ad adempiere a incombenze nel periodo estivo senza personale a disposizione;<\/li>\n<li>Gli aspetti amministrativi sono troppo complessi perch\u00e9 ognuna delle 8.000 scuole possa adempierle;<\/li>\n<li>Dovrebbero essere gli uffici amministrativi territoriali a dare supporti necessari con convenzioni pi\u00f9 ampie e in collaborazione con gli enti locali. E\u2019 impensabile che anche i lavori di adeguamento e manutenzione andrebbero in carico alle scuole tramite convenzioni con gli enti locali;<\/li>\n<li>Le complesse realt\u00e0 scolastiche , fittiziamente autonome , in realt\u00e0 sono imbrigliate in pastoie burocratiche, non ultimi quelli imposti dal codice degli appalti e dall\u2019ANAC. Non potr\u00e0 essere certamente il servizio Help desk (HDAC) a risolvere il mare di problemi che verranno posti.<\/li>\n<\/ol>\n<p style=\"text-align: justify;\">Quindi, secondo la UIL, occorre un confronto trasversale di tutti i soggetti coinvolti per non rischiare di rinviare la risoluzione dei problemi posti, ad un momento in cui sarebbe troppo tardi perch\u00e9 a ridosso dell\u2019inizio dell\u2019anno scolastico.<\/p>\n<p style=\"text-align: justify;\">La UIL Scuola ha chiesto di stralciare dalla circolare la parte riguardante l\u2019avvio dell\u2019anno scolastico al fine di renderla pi\u00f9 fruibile, meno burocratizzata, con adempimenti pi\u00f9 facilmente attuabili nell\u2019ambito di un progetto governativo pi\u00f9 ampio.<br \/>\nDiversamente, si tratta di scaricare sulle scuole una mole di adempimenti che saranno in tanti casi irrealizzabili, compromettendo inevitabilmente la ripresa dell\u2019anno scolastico in assoluta sicurezza.<\/p>\n\n<div class=\"twitter-share\"><a href=\"https:\/\/twitter.com\/intent\/tweet?via=UILScuolaBO_ER\" class=\"twitter-share-button\" data-size=\"large\">Tweet<\/a><\/div>\n","protected":false},"excerpt":{"rendered":"<p>Si \u00e8 riunito questa mattina il Tavolo nazionale permanente per gli esami di Stato, composto da componenti del MI, della Protezione civile, della Croce Rossa &hellip; <\/p>\n","protected":false},"author":1,"featured_media":0,"comment_status":"closed","ping_status":"open","sticky":false,"template":"","format":"standard","meta":{"footnotes":""},"categories":[2,3,12,6],"tags":[],"yoast_head":"<!-- This site is optimized with the Yoast SEO plugin v21.7 - https:\/\/yoast.com\/wordpress\/plugins\/seo\/ -->\r\n<title>ESAMI \/ Macchina amministrativa in difficolt\u00e0 - Uil Scuola Emilia Romagna<\/title>\r\n<meta name=\"robots\" content=\"index, follow, max-snippet:-1, max-image-preview:large, max-video-preview:-1\" \/>\r\n<link rel=\"canonical\" href=\"https:\/\/www.uilscuolaemiliaromagna.it\/public\/er\/2020\/05\/28\/esami-macchina-amministrativa-in-difficolta\/\" \/>\r\n<meta property=\"og:locale\" content=\"it_IT\" \/>\r\n<meta property=\"og:type\" content=\"article\" \/>\r\n<meta property=\"og:title\" content=\"ESAMI \/ Macchina amministrativa in difficolt\u00e0 - Uil Scuola Emilia Romagna\" \/>\r\n<meta property=\"og:description\" content=\"Si \u00e8 riunito questa mattina il Tavolo nazionale permanente per gli esami di Stato, composto da componenti del MI, della Protezione civile, della Croce Rossa &hellip;\" \/>\r\n<meta property=\"og:url\" content=\"https:\/\/www.uilscuolaemiliaromagna.it\/public\/er\/2020\/05\/28\/esami-macchina-amministrativa-in-difficolta\/\" \/>\r\n<meta property=\"og:site_name\" content=\"Uil Scuola Emilia Romagna\" \/>\r\n<meta property=\"article:published_time\" content=\"2020-05-28T16:54:29+00:00\" \/>\r\n<meta name=\"author\" content=\"admin\" \/>\r\n<meta name=\"twitter:card\" content=\"summary_large_image\" \/>\r\n<meta name=\"twitter:label1\" content=\"Scritto da\" \/>\n\t<meta name=\"twitter:data1\" content=\"admin\" \/>\n\t<meta name=\"twitter:label2\" content=\"Tempo di lettura stimato\" \/>\n\t<meta name=\"twitter:data2\" content=\"4 minuti\" \/>\r\n<script type=\"application\/ld+json\" class=\"yoast-schema-graph\">{\"@context\":\"https:\/\/schema.org\",\"@graph\":[{\"@type\":\"Article\",\"@id\":\"https:\/\/www.uilscuolaemiliaromagna.it\/public\/er\/2020\/05\/28\/esami-macchina-amministrativa-in-difficolta\/#article\",\"isPartOf\":{\"@id\":\"https:\/\/www.uilscuolaemiliaromagna.it\/public\/er\/2020\/05\/28\/esami-macchina-amministrativa-in-difficolta\/\"},\"author\":{\"name\":\"admin\",\"@id\":\"https:\/\/www.uilscuolaemiliaromagna.it\/public\/er\/#\/schema\/person\/f42878fd07a4b6ba2b7153d4fad5de5e\"},\"headline\":\"ESAMI \/ Macchina amministrativa in difficolt\u00e0\",\"datePublished\":\"2020-05-28T16:54:29+00:00\",\"dateModified\":\"2020-05-28T16:54:29+00:00\",\"mainEntityOfPage\":{\"@id\":\"https:\/\/www.uilscuolaemiliaromagna.it\/public\/er\/2020\/05\/28\/esami-macchina-amministrativa-in-difficolta\/\"},\"wordCount\":735,\"publisher\":{\"@id\":\"https:\/\/www.uilscuolaemiliaromagna.it\/public\/er\/#organization\"},\"articleSection\":[\"ATA\",\"Dirigenti\",\"Notizie\",\"Personale Docente\"],\"inLanguage\":\"it-IT\"},{\"@type\":\"WebPage\",\"@id\":\"https:\/\/www.uilscuolaemiliaromagna.it\/public\/er\/2020\/05\/28\/esami-macchina-amministrativa-in-difficolta\/\",\"url\":\"https:\/\/www.uilscuolaemiliaromagna.it\/public\/er\/2020\/05\/28\/esami-macchina-amministrativa-in-difficolta\/\",\"name\":\"ESAMI \/ Macchina amministrativa in difficolt\u00e0 - Uil Scuola Emilia Romagna\",\"isPartOf\":{\"@id\":\"https:\/\/www.uilscuolaemiliaromagna.it\/public\/er\/#website\"},\"datePublished\":\"2020-05-28T16:54:29+00:00\",\"dateModified\":\"2020-05-28T16:54:29+00:00\",\"breadcrumb\":{\"@id\":\"https:\/\/www.uilscuolaemiliaromagna.it\/public\/er\/2020\/05\/28\/esami-macchina-amministrativa-in-difficolta\/#breadcrumb\"},\"inLanguage\":\"it-IT\",\"potentialAction\":[{\"@type\":\"ReadAction\",\"target\":[\"https:\/\/www.uilscuolaemiliaromagna.it\/public\/er\/2020\/05\/28\/esami-macchina-amministrativa-in-difficolta\/\"]}]},{\"@type\":\"BreadcrumbList\",\"@id\":\"https:\/\/www.uilscuolaemiliaromagna.it\/public\/er\/2020\/05\/28\/esami-macchina-amministrativa-in-difficolta\/#breadcrumb\",\"itemListElement\":[{\"@type\":\"ListItem\",\"position\":1,\"name\":\"Home\",\"item\":\"https:\/\/www.uilscuolaemiliaromagna.it\/public\/er\/\"},{\"@type\":\"ListItem\",\"position\":2,\"name\":\"ESAMI \/ Macchina amministrativa in difficolt\u00e0\"}]},{\"@type\":\"WebSite\",\"@id\":\"https:\/\/www.uilscuolaemiliaromagna.it\/public\/er\/#website\",\"url\":\"https:\/\/www.uilscuolaemiliaromagna.it\/public\/er\/\",\"name\":\"Uil Scuola Emilia Romagna\",\"description\":\"La voce libera della scuola\",\"publisher\":{\"@id\":\"https:\/\/www.uilscuolaemiliaromagna.it\/public\/er\/#organization\"},\"potentialAction\":[{\"@type\":\"SearchAction\",\"target\":{\"@type\":\"EntryPoint\",\"urlTemplate\":\"https:\/\/www.uilscuolaemiliaromagna.it\/public\/er\/?s={search_term_string}\"},\"query-input\":\"required name=search_term_string\"}],\"inLanguage\":\"it-IT\"},{\"@type\":\"Organization\",\"@id\":\"https:\/\/www.uilscuolaemiliaromagna.it\/public\/er\/#organization\",\"name\":\"Uil Scuola Emilia Romagna\",\"url\":\"https:\/\/www.uilscuolaemiliaromagna.it\/public\/er\/\",\"logo\":{\"@type\":\"ImageObject\",\"inLanguage\":\"it-IT\",\"@id\":\"https:\/\/www.uilscuolaemiliaromagna.it\/public\/er\/#\/schema\/logo\/image\/\",\"url\":\"https:\/\/www.uilscuolaemiliaromagna.it\/public\/er\/wp-content\/uploads\/2017\/04\/cropped-header.png\",\"contentUrl\":\"https:\/\/www.uilscuolaemiliaromagna.it\/public\/er\/wp-content\/uploads\/2017\/04\/cropped-header.png\",\"width\":1000,\"height\":150,\"caption\":\"Uil Scuola Emilia Romagna\"},\"image\":{\"@id\":\"https:\/\/www.uilscuolaemiliaromagna.it\/public\/er\/#\/schema\/logo\/image\/\"}},{\"@type\":\"Person\",\"@id\":\"https:\/\/www.uilscuolaemiliaromagna.it\/public\/er\/#\/schema\/person\/f42878fd07a4b6ba2b7153d4fad5de5e\",\"name\":\"admin\",\"image\":{\"@type\":\"ImageObject\",\"inLanguage\":\"it-IT\",\"@id\":\"https:\/\/www.uilscuolaemiliaromagna.it\/public\/er\/#\/schema\/person\/image\/\",\"url\":\"https:\/\/secure.gravatar.com\/avatar\/aebf815ae2f30ffdae8b8c247273d34c?s=96&d=mm&r=g\",\"contentUrl\":\"https:\/\/secure.gravatar.com\/avatar\/aebf815ae2f30ffdae8b8c247273d34c?s=96&d=mm&r=g\",\"caption\":\"admin\"},\"url\":\"https:\/\/www.uilscuolaemiliaromagna.it\/public\/er\/author\/admin\/\"}]}<\/script>\r\n<!-- \/ Yoast SEO plugin. -->","yoast_head_json":{"title":"ESAMI \/ Macchina amministrativa in difficolt\u00e0 - Uil Scuola Emilia Romagna","robots":{"index":"index","follow":"follow","max-snippet":"max-snippet:-1","max-image-preview":"max-image-preview:large","max-video-preview":"max-video-preview:-1"},"canonical":"https:\/\/www.uilscuolaemiliaromagna.it\/public\/er\/2020\/05\/28\/esami-macchina-amministrativa-in-difficolta\/","og_locale":"it_IT","og_type":"article","og_title":"ESAMI \/ Macchina amministrativa in difficolt\u00e0 - Uil Scuola Emilia Romagna","og_description":"Si \u00e8 riunito questa mattina il Tavolo nazionale permanente per gli esami di Stato, composto da componenti del MI, della Protezione civile, della Croce Rossa &hellip;","og_url":"https:\/\/www.uilscuolaemiliaromagna.it\/public\/er\/2020\/05\/28\/esami-macchina-amministrativa-in-difficolta\/","og_site_name":"Uil Scuola Emilia Romagna","article_published_time":"2020-05-28T16:54:29+00:00","author":"admin","twitter_card":"summary_large_image","twitter_misc":{"Scritto da":"admin","Tempo di lettura stimato":"4 minuti"},"schema":{"@context":"https:\/\/schema.org","@graph":[{"@type":"Article","@id":"https:\/\/www.uilscuolaemiliaromagna.it\/public\/er\/2020\/05\/28\/esami-macchina-amministrativa-in-difficolta\/#article","isPartOf":{"@id":"https:\/\/www.uilscuolaemiliaromagna.it\/public\/er\/2020\/05\/28\/esami-macchina-amministrativa-in-difficolta\/"},"author":{"name":"admin","@id":"https:\/\/www.uilscuolaemiliaromagna.it\/public\/er\/#\/schema\/person\/f42878fd07a4b6ba2b7153d4fad5de5e"},"headline":"ESAMI \/ Macchina amministrativa in difficolt\u00e0","datePublished":"2020-05-28T16:54:29+00:00","dateModified":"2020-05-28T16:54:29+00:00","mainEntityOfPage":{"@id":"https:\/\/www.uilscuolaemiliaromagna.it\/public\/er\/2020\/05\/28\/esami-macchina-amministrativa-in-difficolta\/"},"wordCount":735,"publisher":{"@id":"https:\/\/www.uilscuolaemiliaromagna.it\/public\/er\/#organization"},"articleSection":["ATA","Dirigenti","Notizie","Personale Docente"],"inLanguage":"it-IT"},{"@type":"WebPage","@id":"https:\/\/www.uilscuolaemiliaromagna.it\/public\/er\/2020\/05\/28\/esami-macchina-amministrativa-in-difficolta\/","url":"https:\/\/www.uilscuolaemiliaromagna.it\/public\/er\/2020\/05\/28\/esami-macchina-amministrativa-in-difficolta\/","name":"ESAMI \/ Macchina amministrativa in difficolt\u00e0 - Uil Scuola Emilia Romagna","isPartOf":{"@id":"https:\/\/www.uilscuolaemiliaromagna.it\/public\/er\/#website"},"datePublished":"2020-05-28T16:54:29+00:00","dateModified":"2020-05-28T16:54:29+00:00","breadcrumb":{"@id":"https:\/\/www.uilscuolaemiliaromagna.it\/public\/er\/2020\/05\/28\/esami-macchina-amministrativa-in-difficolta\/#breadcrumb"},"inLanguage":"it-IT","potentialAction":[{"@type":"ReadAction","target":["https:\/\/www.uilscuolaemiliaromagna.it\/public\/er\/2020\/05\/28\/esami-macchina-amministrativa-in-difficolta\/"]}]},{"@type":"BreadcrumbList","@id":"https:\/\/www.uilscuolaemiliaromagna.it\/public\/er\/2020\/05\/28\/esami-macchina-amministrativa-in-difficolta\/#breadcrumb","itemListElement":[{"@type":"ListItem","position":1,"name":"Home","item":"https:\/\/www.uilscuolaemiliaromagna.it\/public\/er\/"},{"@type":"ListItem","position":2,"name":"ESAMI \/ Macchina amministrativa in difficolt\u00e0"}]},{"@type":"WebSite","@id":"https:\/\/www.uilscuolaemiliaromagna.it\/public\/er\/#website","url":"https:\/\/www.uilscuolaemiliaromagna.it\/public\/er\/","name":"Uil Scuola Emilia Romagna","description":"La voce libera della scuola","publisher":{"@id":"https:\/\/www.uilscuolaemiliaromagna.it\/public\/er\/#organization"},"potentialAction":[{"@type":"SearchAction","target":{"@type":"EntryPoint","urlTemplate":"https:\/\/www.uilscuolaemiliaromagna.it\/public\/er\/?s={search_term_string}"},"query-input":"required name=search_term_string"}],"inLanguage":"it-IT"},{"@type":"Organization","@id":"https:\/\/www.uilscuolaemiliaromagna.it\/public\/er\/#organization","name":"Uil Scuola Emilia Romagna","url":"https:\/\/www.uilscuolaemiliaromagna.it\/public\/er\/","logo":{"@type":"ImageObject","inLanguage":"it-IT","@id":"https:\/\/www.uilscuolaemiliaromagna.it\/public\/er\/#\/schema\/logo\/image\/","url":"https:\/\/www.uilscuolaemiliaromagna.it\/public\/er\/wp-content\/uploads\/2017\/04\/cropped-header.png","contentUrl":"https:\/\/www.uilscuolaemiliaromagna.it\/public\/er\/wp-content\/uploads\/2017\/04\/cropped-header.png","width":1000,"height":150,"caption":"Uil Scuola Emilia Romagna"},"image":{"@id":"https:\/\/www.uilscuolaemiliaromagna.it\/public\/er\/#\/schema\/logo\/image\/"}},{"@type":"Person","@id":"https:\/\/www.uilscuolaemiliaromagna.it\/public\/er\/#\/schema\/person\/f42878fd07a4b6ba2b7153d4fad5de5e","name":"admin","image":{"@type":"ImageObject","inLanguage":"it-IT","@id":"https:\/\/www.uilscuolaemiliaromagna.it\/public\/er\/#\/schema\/person\/image\/","url":"https:\/\/secure.gravatar.com\/avatar\/aebf815ae2f30ffdae8b8c247273d34c?s=96&d=mm&r=g","contentUrl":"https:\/\/secure.gravatar.com\/avatar\/aebf815ae2f30ffdae8b8c247273d34c?s=96&d=mm&r=g","caption":"admin"},"url":"https:\/\/www.uilscuolaemiliaromagna.it\/public\/er\/author\/admin\/"}]}},"views":659,"_links":{"self":[{"href":"https:\/\/www.uilscuolaemiliaromagna.it\/public\/er\/wp-json\/wp\/v2\/posts\/6210"}],"collection":[{"href":"https:\/\/www.uilscuolaemiliaromagna.it\/public\/er\/wp-json\/wp\/v2\/posts"}],"about":[{"href":"https:\/\/www.uilscuolaemiliaromagna.it\/public\/er\/wp-json\/wp\/v2\/types\/post"}],"author":[{"embeddable":true,"href":"https:\/\/www.uilscuolaemiliaromagna.it\/public\/er\/wp-json\/wp\/v2\/users\/1"}],"replies":[{"embeddable":true,"href":"https:\/\/www.uilscuolaemiliaromagna.it\/public\/er\/wp-json\/wp\/v2\/comments?post=6210"}],"version-history":[{"count":1,"href":"https:\/\/www.uilscuolaemiliaromagna.it\/public\/er\/wp-json\/wp\/v2\/posts\/6210\/revisions"}],"predecessor-version":[{"id":6211,"href":"https:\/\/www.uilscuolaemiliaromagna.it\/public\/er\/wp-json\/wp\/v2\/posts\/6210\/revisions\/6211"}],"wp:attachment":[{"href":"https:\/\/www.uilscuolaemiliaromagna.it\/public\/er\/wp-json\/wp\/v2\/media?parent=6210"}],"wp:term":[{"taxonomy":"category","embeddable":true,"href":"https:\/\/www.uilscuolaemiliaromagna.it\/public\/er\/wp-json\/wp\/v2\/categories?post=6210"},{"taxonomy":"post_tag","embeddable":true,"href":"https:\/\/www.uilscuolaemiliaromagna.it\/public\/er\/wp-json\/wp\/v2\/tags?post=6210"}],"curies":[{"name":"wp","href":"https:\/\/api.w.org\/{rel}","templated":true}]}}