{"id":6268,"date":"2020-06-10T20:33:48","date_gmt":"2020-06-10T18:33:48","guid":{"rendered":"http:\/\/www.uilscuolaemiliaromagna.it\/public\/er\/?p=6268"},"modified":"2020-06-11T16:35:16","modified_gmt":"2020-06-11T14:35:16","slug":"uil-garantire-rispetto-di-norme-e-protocolli-di-prevenzione-e-sicurezza-per-i-dipendenti-pubblici-e-per-la-scuola","status":"publish","type":"post","link":"https:\/\/www.uilscuolaemiliaromagna.it\/public\/er\/2020\/06\/10\/uil-garantire-rispetto-di-norme-e-protocolli-di-prevenzione-e-sicurezza-per-i-dipendenti-pubblici-e-per-la-scuola\/","title":{"rendered":"UIL: garantire rispetto di norme e protocolli di prevenzione e sicurezza per i dipendenti pubblici e per la scuola"},"content":{"rendered":"<p style=\"text-align: justify;\">\u201cI lavoratori del pubblico impiego vogliono tornare a lavorare nei propri uffici e sedi di appartenenza.\u201d Lo dichiarano il Segretario Generale aggiunto della UIL, PierPaolo Bombardieri, e i Segretari Generali della UIL FPL Nazionale, Michelangelo Librandi, della UILPA \u2013 UIL Pubblica Amministrazione, Nicola Turco, e della Federazione UIL Scuola RUA, Pino Turi.<\/p>\n<p style=\"text-align: justify;\">\n\u201cLo chiedono consapevoli del ruolo fondamentale che ricoprono nella quotidianit\u00e0 di tutti noi cittadini quale perno strategico per il benessere e lo sviluppo della nostra comunit\u00e0 e, proprio in questi giorni di graduale riconquista della normalit\u00e0 e progressivo riavvio di tutte le attivit\u00e0 lavorative, sentono il bisogno di esser al fianco dei cittadini come motore della ripresa del Paese.<\/p>\n<p style=\"text-align: justify;\">\nChiediamo, quindi, al Governo di garantire, come nei settori privati e al fine del normale rientro dei lavoratori pubblici nelle loro sedi di lavoro, il pieno rispetto di tutte le norme e i protocolli di prevenzione e sicurezza sugli ambienti di lavoro dei comparti pubblici.<\/p>\n<p style=\"text-align: justify;\">\nAllo stesso tempo, evidenziamo la positiva funzione svolta dallo smart working nel modo di immaginare la macchina pubblica, pi\u00f9 veloce e snella.<\/p>\n<p style=\"text-align: justify;\">\nEcco perch\u00e9 chiediamo la negoziazione di standard e principi strutturali per lo smart working nei settori del pubblico impiego per segnare con decisione la transizione da \u201chome working\u201d, come di fatto \u00e8 stato in questi mesi nelle nostre PP.AA., ad un compiuto smart working, teso alla migliore conciliazione dei tempi di vita e di lavoro, praticato in una cornice adeguatamente attrezzata, sicura e di pari opportunit\u00e0 e disciplinato dalla contrattazione collettiva.<\/p>\n<p style=\"text-align: justify;\">\nAnalogamente nel comporto scuola, fermo restando per le figure amministrative e tecniche la possibilit\u00e0 di svolgere il lavoro in smart working, si rivendica il ritorno alla didattica in presenza che non \u00e8 sostituibile dalla didattica a distanza che resta una procedura complementare e non succedanea di quella in presenza.<\/p>\n<p style=\"text-align: justify;\">\nRegistriamo il ritardo di un piano strategico che, con opportuni investimenti, consenta la riapertura delle scuole, da settembre, in assoluta sicurezza contemperando il diritto allo studio con il diritto alla salute di lavoratori e studenti\u201d.<\/p>\n<ul>\n<li><a href=\"https:\/\/www.uil.it\/NewsSX.asp?ID_News=12756&amp;Provenienza=1\" target=\"_blank\" rel=\"noopener\">la notizia sul sito UIL<\/a><\/li>\n<\/ul>\n\n<div class=\"twitter-share\"><a href=\"https:\/\/twitter.com\/intent\/tweet?via=UILScuolaBO_ER\" class=\"twitter-share-button\" data-size=\"large\">Tweet<\/a><\/div>\n","protected":false},"excerpt":{"rendered":"<p>\u201cI lavoratori del pubblico impiego vogliono tornare a lavorare nei propri uffici e sedi di appartenenza.\u201d Lo dichiarano il Segretario Generale aggiunto della UIL, PierPaolo &hellip; <\/p>\n","protected":false},"author":1,"featured_media":0,"comment_status":"closed","ping_status":"open","sticky":false,"template":"","format":"standard","meta":{"footnotes":""},"categories":[12],"tags":[],"yoast_head":"<!-- This site is optimized with the Yoast SEO plugin v21.7 - https:\/\/yoast.com\/wordpress\/plugins\/seo\/ -->\r\n<title>UIL: garantire rispetto di norme e protocolli di prevenzione e sicurezza per i dipendenti pubblici e per la scuola - Uil Scuola Emilia Romagna<\/title>\r\n<meta name=\"robots\" content=\"index, follow, max-snippet:-1, max-image-preview:large, max-video-preview:-1\" \/>\r\n<link rel=\"canonical\" href=\"https:\/\/www.uilscuolaemiliaromagna.it\/public\/er\/2020\/06\/10\/uil-garantire-rispetto-di-norme-e-protocolli-di-prevenzione-e-sicurezza-per-i-dipendenti-pubblici-e-per-la-scuola\/\" \/>\r\n<meta property=\"og:locale\" content=\"it_IT\" \/>\r\n<meta property=\"og:type\" content=\"article\" \/>\r\n<meta property=\"og:title\" content=\"UIL: garantire rispetto di norme e protocolli di prevenzione e sicurezza per i dipendenti pubblici e per la scuola - Uil Scuola Emilia Romagna\" \/>\r\n<meta property=\"og:description\" content=\"\u201cI lavoratori del pubblico impiego vogliono tornare a lavorare nei propri uffici e sedi di appartenenza.\u201d Lo dichiarano il Segretario Generale aggiunto della UIL, PierPaolo &hellip;\" \/>\r\n<meta property=\"og:url\" content=\"https:\/\/www.uilscuolaemiliaromagna.it\/public\/er\/2020\/06\/10\/uil-garantire-rispetto-di-norme-e-protocolli-di-prevenzione-e-sicurezza-per-i-dipendenti-pubblici-e-per-la-scuola\/\" \/>\r\n<meta property=\"og:site_name\" content=\"Uil Scuola Emilia Romagna\" \/>\r\n<meta property=\"article:published_time\" content=\"2020-06-10T18:33:48+00:00\" \/>\r\n<meta property=\"article:modified_time\" content=\"2020-06-11T14:35:16+00:00\" \/>\r\n<meta name=\"author\" content=\"admin\" \/>\r\n<meta name=\"twitter:card\" content=\"summary_large_image\" \/>\r\n<meta name=\"twitter:label1\" content=\"Scritto da\" \/>\n\t<meta name=\"twitter:data1\" content=\"admin\" \/>\n\t<meta name=\"twitter:label2\" content=\"Tempo di lettura stimato\" \/>\n\t<meta name=\"twitter:data2\" content=\"2 minuti\" \/>\r\n<script type=\"application\/ld+json\" class=\"yoast-schema-graph\">{\"@context\":\"https:\/\/schema.org\",\"@graph\":[{\"@type\":\"Article\",\"@id\":\"https:\/\/www.uilscuolaemiliaromagna.it\/public\/er\/2020\/06\/10\/uil-garantire-rispetto-di-norme-e-protocolli-di-prevenzione-e-sicurezza-per-i-dipendenti-pubblici-e-per-la-scuola\/#article\",\"isPartOf\":{\"@id\":\"https:\/\/www.uilscuolaemiliaromagna.it\/public\/er\/2020\/06\/10\/uil-garantire-rispetto-di-norme-e-protocolli-di-prevenzione-e-sicurezza-per-i-dipendenti-pubblici-e-per-la-scuola\/\"},\"author\":{\"name\":\"admin\",\"@id\":\"https:\/\/www.uilscuolaemiliaromagna.it\/public\/er\/#\/schema\/person\/f42878fd07a4b6ba2b7153d4fad5de5e\"},\"headline\":\"UIL: garantire rispetto di norme e protocolli di prevenzione e sicurezza per i dipendenti pubblici e per la scuola\",\"datePublished\":\"2020-06-10T18:33:48+00:00\",\"dateModified\":\"2020-06-11T14:35:16+00:00\",\"mainEntityOfPage\":{\"@id\":\"https:\/\/www.uilscuolaemiliaromagna.it\/public\/er\/2020\/06\/10\/uil-garantire-rispetto-di-norme-e-protocolli-di-prevenzione-e-sicurezza-per-i-dipendenti-pubblici-e-per-la-scuola\/\"},\"wordCount\":355,\"publisher\":{\"@id\":\"https:\/\/www.uilscuolaemiliaromagna.it\/public\/er\/#organization\"},\"articleSection\":[\"Notizie\"],\"inLanguage\":\"it-IT\"},{\"@type\":\"WebPage\",\"@id\":\"https:\/\/www.uilscuolaemiliaromagna.it\/public\/er\/2020\/06\/10\/uil-garantire-rispetto-di-norme-e-protocolli-di-prevenzione-e-sicurezza-per-i-dipendenti-pubblici-e-per-la-scuola\/\",\"url\":\"https:\/\/www.uilscuolaemiliaromagna.it\/public\/er\/2020\/06\/10\/uil-garantire-rispetto-di-norme-e-protocolli-di-prevenzione-e-sicurezza-per-i-dipendenti-pubblici-e-per-la-scuola\/\",\"name\":\"UIL: garantire rispetto di norme e protocolli di prevenzione e sicurezza per i dipendenti pubblici e per la scuola - Uil Scuola Emilia Romagna\",\"isPartOf\":{\"@id\":\"https:\/\/www.uilscuolaemiliaromagna.it\/public\/er\/#website\"},\"datePublished\":\"2020-06-10T18:33:48+00:00\",\"dateModified\":\"2020-06-11T14:35:16+00:00\",\"breadcrumb\":{\"@id\":\"https:\/\/www.uilscuolaemiliaromagna.it\/public\/er\/2020\/06\/10\/uil-garantire-rispetto-di-norme-e-protocolli-di-prevenzione-e-sicurezza-per-i-dipendenti-pubblici-e-per-la-scuola\/#breadcrumb\"},\"inLanguage\":\"it-IT\",\"potentialAction\":[{\"@type\":\"ReadAction\",\"target\":[\"https:\/\/www.uilscuolaemiliaromagna.it\/public\/er\/2020\/06\/10\/uil-garantire-rispetto-di-norme-e-protocolli-di-prevenzione-e-sicurezza-per-i-dipendenti-pubblici-e-per-la-scuola\/\"]}]},{\"@type\":\"BreadcrumbList\",\"@id\":\"https:\/\/www.uilscuolaemiliaromagna.it\/public\/er\/2020\/06\/10\/uil-garantire-rispetto-di-norme-e-protocolli-di-prevenzione-e-sicurezza-per-i-dipendenti-pubblici-e-per-la-scuola\/#breadcrumb\",\"itemListElement\":[{\"@type\":\"ListItem\",\"position\":1,\"name\":\"Home\",\"item\":\"https:\/\/www.uilscuolaemiliaromagna.it\/public\/er\/\"},{\"@type\":\"ListItem\",\"position\":2,\"name\":\"UIL: garantire rispetto di norme e protocolli di prevenzione e sicurezza per i dipendenti pubblici e per la scuola\"}]},{\"@type\":\"WebSite\",\"@id\":\"https:\/\/www.uilscuolaemiliaromagna.it\/public\/er\/#website\",\"url\":\"https:\/\/www.uilscuolaemiliaromagna.it\/public\/er\/\",\"name\":\"Uil Scuola Emilia Romagna\",\"description\":\"La voce libera della scuola\",\"publisher\":{\"@id\":\"https:\/\/www.uilscuolaemiliaromagna.it\/public\/er\/#organization\"},\"potentialAction\":[{\"@type\":\"SearchAction\",\"target\":{\"@type\":\"EntryPoint\",\"urlTemplate\":\"https:\/\/www.uilscuolaemiliaromagna.it\/public\/er\/?s={search_term_string}\"},\"query-input\":\"required name=search_term_string\"}],\"inLanguage\":\"it-IT\"},{\"@type\":\"Organization\",\"@id\":\"https:\/\/www.uilscuolaemiliaromagna.it\/public\/er\/#organization\",\"name\":\"Uil Scuola Emilia Romagna\",\"url\":\"https:\/\/www.uilscuolaemiliaromagna.it\/public\/er\/\",\"logo\":{\"@type\":\"ImageObject\",\"inLanguage\":\"it-IT\",\"@id\":\"https:\/\/www.uilscuolaemiliaromagna.it\/public\/er\/#\/schema\/logo\/image\/\",\"url\":\"https:\/\/www.uilscuolaemiliaromagna.it\/public\/er\/wp-content\/uploads\/2017\/04\/cropped-header.png\",\"contentUrl\":\"https:\/\/www.uilscuolaemiliaromagna.it\/public\/er\/wp-content\/uploads\/2017\/04\/cropped-header.png\",\"width\":1000,\"height\":150,\"caption\":\"Uil Scuola Emilia Romagna\"},\"image\":{\"@id\":\"https:\/\/www.uilscuolaemiliaromagna.it\/public\/er\/#\/schema\/logo\/image\/\"}},{\"@type\":\"Person\",\"@id\":\"https:\/\/www.uilscuolaemiliaromagna.it\/public\/er\/#\/schema\/person\/f42878fd07a4b6ba2b7153d4fad5de5e\",\"name\":\"admin\",\"image\":{\"@type\":\"ImageObject\",\"inLanguage\":\"it-IT\",\"@id\":\"https:\/\/www.uilscuolaemiliaromagna.it\/public\/er\/#\/schema\/person\/image\/\",\"url\":\"https:\/\/secure.gravatar.com\/avatar\/aebf815ae2f30ffdae8b8c247273d34c?s=96&d=mm&r=g\",\"contentUrl\":\"https:\/\/secure.gravatar.com\/avatar\/aebf815ae2f30ffdae8b8c247273d34c?s=96&d=mm&r=g\",\"caption\":\"admin\"},\"url\":\"https:\/\/www.uilscuolaemiliaromagna.it\/public\/er\/author\/admin\/\"}]}<\/script>\r\n<!-- \/ Yoast SEO plugin. -->","yoast_head_json":{"title":"UIL: garantire rispetto di norme e protocolli di prevenzione e sicurezza per i dipendenti pubblici e per la scuola - Uil Scuola Emilia Romagna","robots":{"index":"index","follow":"follow","max-snippet":"max-snippet:-1","max-image-preview":"max-image-preview:large","max-video-preview":"max-video-preview:-1"},"canonical":"https:\/\/www.uilscuolaemiliaromagna.it\/public\/er\/2020\/06\/10\/uil-garantire-rispetto-di-norme-e-protocolli-di-prevenzione-e-sicurezza-per-i-dipendenti-pubblici-e-per-la-scuola\/","og_locale":"it_IT","og_type":"article","og_title":"UIL: garantire rispetto di norme e protocolli di prevenzione e sicurezza per i dipendenti pubblici e per la scuola - Uil Scuola Emilia Romagna","og_description":"\u201cI lavoratori del pubblico impiego vogliono tornare a lavorare nei propri uffici e sedi di appartenenza.\u201d Lo dichiarano il Segretario Generale aggiunto della UIL, PierPaolo &hellip;","og_url":"https:\/\/www.uilscuolaemiliaromagna.it\/public\/er\/2020\/06\/10\/uil-garantire-rispetto-di-norme-e-protocolli-di-prevenzione-e-sicurezza-per-i-dipendenti-pubblici-e-per-la-scuola\/","og_site_name":"Uil Scuola Emilia Romagna","article_published_time":"2020-06-10T18:33:48+00:00","article_modified_time":"2020-06-11T14:35:16+00:00","author":"admin","twitter_card":"summary_large_image","twitter_misc":{"Scritto da":"admin","Tempo di lettura stimato":"2 minuti"},"schema":{"@context":"https:\/\/schema.org","@graph":[{"@type":"Article","@id":"https:\/\/www.uilscuolaemiliaromagna.it\/public\/er\/2020\/06\/10\/uil-garantire-rispetto-di-norme-e-protocolli-di-prevenzione-e-sicurezza-per-i-dipendenti-pubblici-e-per-la-scuola\/#article","isPartOf":{"@id":"https:\/\/www.uilscuolaemiliaromagna.it\/public\/er\/2020\/06\/10\/uil-garantire-rispetto-di-norme-e-protocolli-di-prevenzione-e-sicurezza-per-i-dipendenti-pubblici-e-per-la-scuola\/"},"author":{"name":"admin","@id":"https:\/\/www.uilscuolaemiliaromagna.it\/public\/er\/#\/schema\/person\/f42878fd07a4b6ba2b7153d4fad5de5e"},"headline":"UIL: garantire rispetto di norme e protocolli di prevenzione e sicurezza per i dipendenti pubblici e per la scuola","datePublished":"2020-06-10T18:33:48+00:00","dateModified":"2020-06-11T14:35:16+00:00","mainEntityOfPage":{"@id":"https:\/\/www.uilscuolaemiliaromagna.it\/public\/er\/2020\/06\/10\/uil-garantire-rispetto-di-norme-e-protocolli-di-prevenzione-e-sicurezza-per-i-dipendenti-pubblici-e-per-la-scuola\/"},"wordCount":355,"publisher":{"@id":"https:\/\/www.uilscuolaemiliaromagna.it\/public\/er\/#organization"},"articleSection":["Notizie"],"inLanguage":"it-IT"},{"@type":"WebPage","@id":"https:\/\/www.uilscuolaemiliaromagna.it\/public\/er\/2020\/06\/10\/uil-garantire-rispetto-di-norme-e-protocolli-di-prevenzione-e-sicurezza-per-i-dipendenti-pubblici-e-per-la-scuola\/","url":"https:\/\/www.uilscuolaemiliaromagna.it\/public\/er\/2020\/06\/10\/uil-garantire-rispetto-di-norme-e-protocolli-di-prevenzione-e-sicurezza-per-i-dipendenti-pubblici-e-per-la-scuola\/","name":"UIL: garantire rispetto di norme e protocolli di prevenzione e sicurezza per i dipendenti pubblici e per la scuola - Uil Scuola Emilia Romagna","isPartOf":{"@id":"https:\/\/www.uilscuolaemiliaromagna.it\/public\/er\/#website"},"datePublished":"2020-06-10T18:33:48+00:00","dateModified":"2020-06-11T14:35:16+00:00","breadcrumb":{"@id":"https:\/\/www.uilscuolaemiliaromagna.it\/public\/er\/2020\/06\/10\/uil-garantire-rispetto-di-norme-e-protocolli-di-prevenzione-e-sicurezza-per-i-dipendenti-pubblici-e-per-la-scuola\/#breadcrumb"},"inLanguage":"it-IT","potentialAction":[{"@type":"ReadAction","target":["https:\/\/www.uilscuolaemiliaromagna.it\/public\/er\/2020\/06\/10\/uil-garantire-rispetto-di-norme-e-protocolli-di-prevenzione-e-sicurezza-per-i-dipendenti-pubblici-e-per-la-scuola\/"]}]},{"@type":"BreadcrumbList","@id":"https:\/\/www.uilscuolaemiliaromagna.it\/public\/er\/2020\/06\/10\/uil-garantire-rispetto-di-norme-e-protocolli-di-prevenzione-e-sicurezza-per-i-dipendenti-pubblici-e-per-la-scuola\/#breadcrumb","itemListElement":[{"@type":"ListItem","position":1,"name":"Home","item":"https:\/\/www.uilscuolaemiliaromagna.it\/public\/er\/"},{"@type":"ListItem","position":2,"name":"UIL: garantire rispetto di norme e protocolli di prevenzione e sicurezza per i dipendenti pubblici e per la scuola"}]},{"@type":"WebSite","@id":"https:\/\/www.uilscuolaemiliaromagna.it\/public\/er\/#website","url":"https:\/\/www.uilscuolaemiliaromagna.it\/public\/er\/","name":"Uil Scuola Emilia Romagna","description":"La voce libera della scuola","publisher":{"@id":"https:\/\/www.uilscuolaemiliaromagna.it\/public\/er\/#organization"},"potentialAction":[{"@type":"SearchAction","target":{"@type":"EntryPoint","urlTemplate":"https:\/\/www.uilscuolaemiliaromagna.it\/public\/er\/?s={search_term_string}"},"query-input":"required name=search_term_string"}],"inLanguage":"it-IT"},{"@type":"Organization","@id":"https:\/\/www.uilscuolaemiliaromagna.it\/public\/er\/#organization","name":"Uil Scuola Emilia Romagna","url":"https:\/\/www.uilscuolaemiliaromagna.it\/public\/er\/","logo":{"@type":"ImageObject","inLanguage":"it-IT","@id":"https:\/\/www.uilscuolaemiliaromagna.it\/public\/er\/#\/schema\/logo\/image\/","url":"https:\/\/www.uilscuolaemiliaromagna.it\/public\/er\/wp-content\/uploads\/2017\/04\/cropped-header.png","contentUrl":"https:\/\/www.uilscuolaemiliaromagna.it\/public\/er\/wp-content\/uploads\/2017\/04\/cropped-header.png","width":1000,"height":150,"caption":"Uil Scuola Emilia Romagna"},"image":{"@id":"https:\/\/www.uilscuolaemiliaromagna.it\/public\/er\/#\/schema\/logo\/image\/"}},{"@type":"Person","@id":"https:\/\/www.uilscuolaemiliaromagna.it\/public\/er\/#\/schema\/person\/f42878fd07a4b6ba2b7153d4fad5de5e","name":"admin","image":{"@type":"ImageObject","inLanguage":"it-IT","@id":"https:\/\/www.uilscuolaemiliaromagna.it\/public\/er\/#\/schema\/person\/image\/","url":"https:\/\/secure.gravatar.com\/avatar\/aebf815ae2f30ffdae8b8c247273d34c?s=96&d=mm&r=g","contentUrl":"https:\/\/secure.gravatar.com\/avatar\/aebf815ae2f30ffdae8b8c247273d34c?s=96&d=mm&r=g","caption":"admin"},"url":"https:\/\/www.uilscuolaemiliaromagna.it\/public\/er\/author\/admin\/"}]}},"views":692,"_links":{"self":[{"href":"https:\/\/www.uilscuolaemiliaromagna.it\/public\/er\/wp-json\/wp\/v2\/posts\/6268"}],"collection":[{"href":"https:\/\/www.uilscuolaemiliaromagna.it\/public\/er\/wp-json\/wp\/v2\/posts"}],"about":[{"href":"https:\/\/www.uilscuolaemiliaromagna.it\/public\/er\/wp-json\/wp\/v2\/types\/post"}],"author":[{"embeddable":true,"href":"https:\/\/www.uilscuolaemiliaromagna.it\/public\/er\/wp-json\/wp\/v2\/users\/1"}],"replies":[{"embeddable":true,"href":"https:\/\/www.uilscuolaemiliaromagna.it\/public\/er\/wp-json\/wp\/v2\/comments?post=6268"}],"version-history":[{"count":1,"href":"https:\/\/www.uilscuolaemiliaromagna.it\/public\/er\/wp-json\/wp\/v2\/posts\/6268\/revisions"}],"predecessor-version":[{"id":6269,"href":"https:\/\/www.uilscuolaemiliaromagna.it\/public\/er\/wp-json\/wp\/v2\/posts\/6268\/revisions\/6269"}],"wp:attachment":[{"href":"https:\/\/www.uilscuolaemiliaromagna.it\/public\/er\/wp-json\/wp\/v2\/media?parent=6268"}],"wp:term":[{"taxonomy":"category","embeddable":true,"href":"https:\/\/www.uilscuolaemiliaromagna.it\/public\/er\/wp-json\/wp\/v2\/categories?post=6268"},{"taxonomy":"post_tag","embeddable":true,"href":"https:\/\/www.uilscuolaemiliaromagna.it\/public\/er\/wp-json\/wp\/v2\/tags?post=6268"}],"curies":[{"name":"wp","href":"https:\/\/api.w.org\/{rel}","templated":true}]}}