{"id":6377,"date":"2020-07-02T22:20:22","date_gmt":"2020-07-02T20:20:22","guid":{"rendered":"http:\/\/www.uilscuolaemiliaromagna.it\/public\/er\/?p=6377"},"modified":"2020-07-03T17:22:00","modified_gmt":"2020-07-03T15:22:00","slug":"cronoprogramma-degli-interventi-tavolo-unico-per-le-decisioni-risorse-e-personale-le-tre-priorita-per-riaprire-le-scuole-a-settembre","status":"publish","type":"post","link":"https:\/\/www.uilscuolaemiliaromagna.it\/public\/er\/2020\/07\/02\/cronoprogramma-degli-interventi-tavolo-unico-per-le-decisioni-risorse-e-personale-le-tre-priorita-per-riaprire-le-scuole-a-settembre\/","title":{"rendered":"CRONOPROGRAMMA DEGLI INTERVENTI, TAVOLO UNICO PER LE DECISIONI, RISORSE E PERSONALE:  LE TRE PRIORIT\u00c0 PER RIAPRIRE LE SCUOLE A SETTEMBRE"},"content":{"rendered":"<blockquote>\n<p style=\"text-align: justify;\"><strong><em>Burocrazia e politica i due pericoli maggiori.<br \/>\nSenza indicazioni chiare siamo al fai-da-te delle scuole<\/em><\/strong><\/p>\n<\/blockquote>\n<hr \/>\n<blockquote><p><strong>&gt; INCONTRO Comitato Tecnico Scientifico-sindacati scuola<br \/>\nSintesi dell\u2019intervento di Pino Turi nella riunione presso la sede della Protezione civile di Roma<\/strong><\/p><\/blockquote>\n<hr \/>\n<p style=\"text-align: justify;\"><strong>Aprire le scuole in sicurezza: \u00e8 l\u2019obiettivo prioritario.<\/strong><br \/>\nLe strutture vanno adeguate, \u00e8 questa la prima cosa da capire.<br \/>\nInvece di perdere tempo, a luglio e agosto dovremmo vedere gli operai al lavoro.<br \/>\nInvece non vediamo nulla. Troppi tavoli e poche decisioni. I tavoli regionali servono solo per avere un consenso politico e per fare uno storytelling di ci\u00f2 che non \u00e8, di quello che non c\u2019\u00e8. Tra quello che si racconta e la realt\u00e0 c\u2019\u00e8 un divario enorme.<\/p>\n<p style=\"text-align: justify;\">Quella a distanza \u00e8 stata una didattica di emergenza. Ha mostrato i suoi limiti, e ampliato le disuguaglianza. Non ci possiamo permettere che la scuola cambi pelle. Deve restare quella che \u00e8, basata sui principi dettati dalla Costituzione.<\/p>\n<p style=\"text-align: justify;\">Ci vogliono responsabilit\u00e0 politiche. Serve un tavolo politico che guardi al personale.<br \/>\nE\u2019 il personale che far\u00e0 funzionare le scuola, non altro. Non bastano le circolari o la bella idea.<\/p>\n<p style=\"text-align: justify;\">Dobbiamo attivare un protocollo che non c\u2019\u00e8. Le certezze vengono dal Comitato tecnico scientifico, il resto non c\u2019\u00e8. Come si risponde ai problemi concreti?<br \/>\nLe aule sono insufficienti? Non c\u2019\u00e8 bisogno dell\u2019assessore, c\u2019\u00e8 bisogno dell\u2019ingegnere, del geometra che chiami la ditta per dimensionare le aule.<br \/>\nVogliamo parlare dei bagni? Vanno attivati su ogni piano, resi idonei per una situazione di sicurezza.<br \/>\nC\u2019\u00e8 bisogna di una revisione immediata delle strutture scolastiche.<br \/>\nSettembre \u00e8 alle porte. Una volta riaperte \u00e8 impossibile lavorarci dentro.<\/p>\n<p style=\"text-align: justify;\"><strong>Bisogna mettere a punto un cronoprogramma e fare le cose, non dire chi le deve fare<\/strong><\/p>\n<p style=\"text-align: justify;\">Luglio e agosto per attivit\u00e0 edilizie immediate: aule, banchi\u2026<br \/>\nSettembre serve per organizzare la scuola.<br \/>\nI ragazzi non vanno il primo settembre. Se vanno per fare i recuperi la scuola deve essere pronta.<br \/>\nPrima di aprire ci vuole il personale nelle sedi.\u00a0 Dobbiamo essere seri.<\/p>\n<p style=\"text-align: justify;\">Il Covid ci ha messo davanti ai problemi, che c\u2019erano gi\u00e0 prima.<br \/>\nDobbiamo evitare di fare gli errori del passato.<br \/>\nIl personale precario che avrebbe bisogno di essere motivato e che invece viene trattato come numero, in questo progetto di riapertura non c\u2019\u00e8.\u00a0 C\u2019\u00e8 piuttosto il pi\u00f9 alto numero di posti vacanti registrato.<br \/>\nUna situazione drammatica. Almeno per le prime classi possiamo fare un organico covid-free?<\/p>\n<p style=\"text-align: justify;\"><strong>Siamo in uno spread quotidiano: il racconto della politica e la realt\u00e0 quotidiana.<\/strong><\/p>\n<p style=\"text-align: justify;\">Prendiamo atto di quello che ha detto il Comitato Tecnico scientifico. Vogliamo fare un protocollo affinch\u00e9 venga rispettato. E questo non si pu\u00f2 fare con i tavoli regionali. Si deve fare a livello nazionale con le organizzazioni sindacali. Bisogna assumersi le responsabilit\u00e0<\/p>\n<p style=\"text-align: justify;\">Le elezioni regionali sono un pericolo enorme. Ogni regione vorr\u00e0 fare i tamponi, vorr\u00e0 dimensionare le scuole, vorr\u00e0 fare campagna elettorale. E questo la scuola non se lo pu\u00f2 permettere.<br \/>\nServe un commissario che decide, non mille tavoli che non decidono niente.<br \/>\nVa definito un cronoprogramma degli interventi<\/p>\n<p style=\"text-align: justify;\">Servono presidi sanitari nelle scuole, per fare prevenzione, profilassi.<br \/>\nIl Mes \u00e8 stato predisposto per le spese sanitarie dirette e indirette. Utilizziamolo.<br \/>\nServono tutte le risorse disponibili subito. Se la politica non trova accordo sul Mes, si cerchino sul mercato.<br \/>\nSenza risorse non si riaprono le scuole.<\/p>\n<p style=\"text-align: justify;\"><strong>I due pericoli: la politica e la burocrazia.<br \/>\n<\/strong>Il sindacato non si sottrae dalle responsabilit\u00e0 ma non \u00e8 visto pi\u00f9 come corpo intermedio con cui interloquire, individuare soluzioni, perch\u00e9 la politica vuole modificare anche la scienza.<\/p>\n<p style=\"text-align: justify;\">Tutti progettano, indicano, spiegano poi chi dovr\u00e0 agire, prendersi la responsabilit\u00e0 \u00e8 il personale della scuola dai dirigenti ai collaboratori scolastici. Ma le cose vanno messe nel gusto ordine.<br \/>\nAdesso gli studenti non ci sono. A settembre si comincer\u00e0 a parlare di programmazione educativa.<br \/>\nSe non ci saranno gli insegnanti con chi li faranno i recuperi gli studenti. Con chi?<\/p>\n<p style=\"text-align: justify;\">E\u2019 urgente che le scuole siano dimensionate al meglio. C\u2019\u00e8 questo cruscotto? Usatelo.<br \/>\nPerch\u00e9, invece, le direzioni regionali mandano i questionari ai dirigenti?<br \/>\nSe hanno il cruscotto, allora le risposte gi\u00e0 le conoscono.<\/p>\n<p style=\"text-align: justify;\">Se mettiamo insieme burocrazia e politica le scuole a settembre non si aprono.<br \/>\nLa scena \u00e8 gi\u00e0 vista: il ministero fa una bella circolare che arriva alle Direzioni Regionali, che a loro volta fano un\u2019altra circolare, vanno dal dirigente che fa un\u2019altra circolare. Ci sono scuola con una media annuale di trecento circolari.<\/p>\n<p style=\"text-align: justify;\">Si deve parlare e decidere. Le scuole si stanno organizzando da sole, prendendo decisioni sbagliate.<br \/>\nE\u2019 il caso dell\u2019acquisto delle mascherine: le hanno prenotate, comprate, con i bilanci delle scuole mentre saranno a carico della Protezione civile che ha gi\u00e0 detto che le comprer\u00e0.<br \/>\nStanno coinvolgendo genitori, alunni, per misurare, spostare, organizzare. Non \u00e8 questa l\u2019autonomia scolastica. Questo \u00e8 un andare in ordine sparso.<\/p>\n<p style=\"text-align: justify;\">Questo sindacato vuole uscire dalla propaganda. Vogliamo dire la verit\u00e0, essere un punto di riferimento serio e credibile. Dobbiamo uscire dalla burocrazia delle carte. Abbiamo bisogno di alleanze per la scuola e un piano di rientro fattibile, sicuro e chiaro. La politica vuole piegare, modificare le ragioni della scienza.<\/p>\n<p>&nbsp;<\/p>\n\n<div class=\"twitter-share\"><a href=\"https:\/\/twitter.com\/intent\/tweet?via=UILScuolaBO_ER\" class=\"twitter-share-button\" data-size=\"large\">Tweet<\/a><\/div>\n","protected":false},"excerpt":{"rendered":"<p>Burocrazia e politica i due pericoli maggiori. Senza indicazioni chiare siamo al fai-da-te delle scuole &gt; INCONTRO Comitato Tecnico Scientifico-sindacati scuola Sintesi dell\u2019intervento di Pino &hellip; <\/p>\n","protected":false},"author":1,"featured_media":0,"comment_status":"closed","ping_status":"open","sticky":false,"template":"","format":"standard","meta":{"footnotes":""},"categories":[12],"tags":[],"yoast_head":"<!-- This site is optimized with the Yoast SEO plugin v21.7 - https:\/\/yoast.com\/wordpress\/plugins\/seo\/ -->\r\n<title>CRONOPROGRAMMA DEGLI INTERVENTI, TAVOLO UNICO PER LE DECISIONI, RISORSE E PERSONALE: LE TRE PRIORIT\u00c0 PER RIAPRIRE LE SCUOLE A SETTEMBRE - Uil Scuola Emilia Romagna<\/title>\r\n<meta name=\"robots\" content=\"index, follow, max-snippet:-1, max-image-preview:large, max-video-preview:-1\" \/>\r\n<link rel=\"canonical\" href=\"https:\/\/www.uilscuolaemiliaromagna.it\/public\/er\/2020\/07\/02\/cronoprogramma-degli-interventi-tavolo-unico-per-le-decisioni-risorse-e-personale-le-tre-priorita-per-riaprire-le-scuole-a-settembre\/\" \/>\r\n<meta property=\"og:locale\" content=\"it_IT\" \/>\r\n<meta property=\"og:type\" content=\"article\" \/>\r\n<meta property=\"og:title\" content=\"CRONOPROGRAMMA DEGLI INTERVENTI, TAVOLO UNICO PER LE DECISIONI, RISORSE E PERSONALE: LE TRE PRIORIT\u00c0 PER RIAPRIRE LE SCUOLE A SETTEMBRE - Uil Scuola Emilia Romagna\" \/>\r\n<meta property=\"og:description\" content=\"Burocrazia e politica i due pericoli maggiori. Senza indicazioni chiare siamo al fai-da-te delle scuole &gt; INCONTRO Comitato Tecnico Scientifico-sindacati scuola Sintesi dell\u2019intervento di Pino &hellip;\" \/>\r\n<meta property=\"og:url\" content=\"https:\/\/www.uilscuolaemiliaromagna.it\/public\/er\/2020\/07\/02\/cronoprogramma-degli-interventi-tavolo-unico-per-le-decisioni-risorse-e-personale-le-tre-priorita-per-riaprire-le-scuole-a-settembre\/\" \/>\r\n<meta property=\"og:site_name\" content=\"Uil Scuola Emilia Romagna\" \/>\r\n<meta property=\"article:published_time\" content=\"2020-07-02T20:20:22+00:00\" \/>\r\n<meta property=\"article:modified_time\" content=\"2020-07-03T15:22:00+00:00\" \/>\r\n<meta name=\"author\" content=\"admin\" \/>\r\n<meta name=\"twitter:card\" content=\"summary_large_image\" \/>\r\n<meta name=\"twitter:label1\" content=\"Scritto da\" \/>\n\t<meta name=\"twitter:data1\" content=\"admin\" \/>\n\t<meta name=\"twitter:label2\" content=\"Tempo di lettura stimato\" \/>\n\t<meta name=\"twitter:data2\" content=\"4 minuti\" \/>\r\n<script type=\"application\/ld+json\" class=\"yoast-schema-graph\">{\"@context\":\"https:\/\/schema.org\",\"@graph\":[{\"@type\":\"Article\",\"@id\":\"https:\/\/www.uilscuolaemiliaromagna.it\/public\/er\/2020\/07\/02\/cronoprogramma-degli-interventi-tavolo-unico-per-le-decisioni-risorse-e-personale-le-tre-priorita-per-riaprire-le-scuole-a-settembre\/#article\",\"isPartOf\":{\"@id\":\"https:\/\/www.uilscuolaemiliaromagna.it\/public\/er\/2020\/07\/02\/cronoprogramma-degli-interventi-tavolo-unico-per-le-decisioni-risorse-e-personale-le-tre-priorita-per-riaprire-le-scuole-a-settembre\/\"},\"author\":{\"name\":\"admin\",\"@id\":\"https:\/\/www.uilscuolaemiliaromagna.it\/public\/er\/#\/schema\/person\/f42878fd07a4b6ba2b7153d4fad5de5e\"},\"headline\":\"CRONOPROGRAMMA DEGLI INTERVENTI, TAVOLO UNICO PER LE DECISIONI, RISORSE E PERSONALE: LE TRE PRIORIT\u00c0 PER RIAPRIRE LE SCUOLE A SETTEMBRE\",\"datePublished\":\"2020-07-02T20:20:22+00:00\",\"dateModified\":\"2020-07-03T15:22:00+00:00\",\"mainEntityOfPage\":{\"@id\":\"https:\/\/www.uilscuolaemiliaromagna.it\/public\/er\/2020\/07\/02\/cronoprogramma-degli-interventi-tavolo-unico-per-le-decisioni-risorse-e-personale-le-tre-priorita-per-riaprire-le-scuole-a-settembre\/\"},\"wordCount\":853,\"publisher\":{\"@id\":\"https:\/\/www.uilscuolaemiliaromagna.it\/public\/er\/#organization\"},\"articleSection\":[\"Notizie\"],\"inLanguage\":\"it-IT\"},{\"@type\":\"WebPage\",\"@id\":\"https:\/\/www.uilscuolaemiliaromagna.it\/public\/er\/2020\/07\/02\/cronoprogramma-degli-interventi-tavolo-unico-per-le-decisioni-risorse-e-personale-le-tre-priorita-per-riaprire-le-scuole-a-settembre\/\",\"url\":\"https:\/\/www.uilscuolaemiliaromagna.it\/public\/er\/2020\/07\/02\/cronoprogramma-degli-interventi-tavolo-unico-per-le-decisioni-risorse-e-personale-le-tre-priorita-per-riaprire-le-scuole-a-settembre\/\",\"name\":\"CRONOPROGRAMMA DEGLI INTERVENTI, TAVOLO UNICO PER LE DECISIONI, RISORSE E PERSONALE: LE TRE PRIORIT\u00c0 PER RIAPRIRE LE SCUOLE A SETTEMBRE - Uil Scuola Emilia Romagna\",\"isPartOf\":{\"@id\":\"https:\/\/www.uilscuolaemiliaromagna.it\/public\/er\/#website\"},\"datePublished\":\"2020-07-02T20:20:22+00:00\",\"dateModified\":\"2020-07-03T15:22:00+00:00\",\"breadcrumb\":{\"@id\":\"https:\/\/www.uilscuolaemiliaromagna.it\/public\/er\/2020\/07\/02\/cronoprogramma-degli-interventi-tavolo-unico-per-le-decisioni-risorse-e-personale-le-tre-priorita-per-riaprire-le-scuole-a-settembre\/#breadcrumb\"},\"inLanguage\":\"it-IT\",\"potentialAction\":[{\"@type\":\"ReadAction\",\"target\":[\"https:\/\/www.uilscuolaemiliaromagna.it\/public\/er\/2020\/07\/02\/cronoprogramma-degli-interventi-tavolo-unico-per-le-decisioni-risorse-e-personale-le-tre-priorita-per-riaprire-le-scuole-a-settembre\/\"]}]},{\"@type\":\"BreadcrumbList\",\"@id\":\"https:\/\/www.uilscuolaemiliaromagna.it\/public\/er\/2020\/07\/02\/cronoprogramma-degli-interventi-tavolo-unico-per-le-decisioni-risorse-e-personale-le-tre-priorita-per-riaprire-le-scuole-a-settembre\/#breadcrumb\",\"itemListElement\":[{\"@type\":\"ListItem\",\"position\":1,\"name\":\"Home\",\"item\":\"https:\/\/www.uilscuolaemiliaromagna.it\/public\/er\/\"},{\"@type\":\"ListItem\",\"position\":2,\"name\":\"CRONOPROGRAMMA DEGLI INTERVENTI, TAVOLO UNICO PER LE DECISIONI, RISORSE E PERSONALE: LE TRE PRIORIT\u00c0 PER RIAPRIRE LE SCUOLE A SETTEMBRE\"}]},{\"@type\":\"WebSite\",\"@id\":\"https:\/\/www.uilscuolaemiliaromagna.it\/public\/er\/#website\",\"url\":\"https:\/\/www.uilscuolaemiliaromagna.it\/public\/er\/\",\"name\":\"Uil Scuola Emilia Romagna\",\"description\":\"La voce libera della scuola\",\"publisher\":{\"@id\":\"https:\/\/www.uilscuolaemiliaromagna.it\/public\/er\/#organization\"},\"potentialAction\":[{\"@type\":\"SearchAction\",\"target\":{\"@type\":\"EntryPoint\",\"urlTemplate\":\"https:\/\/www.uilscuolaemiliaromagna.it\/public\/er\/?s={search_term_string}\"},\"query-input\":\"required name=search_term_string\"}],\"inLanguage\":\"it-IT\"},{\"@type\":\"Organization\",\"@id\":\"https:\/\/www.uilscuolaemiliaromagna.it\/public\/er\/#organization\",\"name\":\"Uil Scuola Emilia Romagna\",\"url\":\"https:\/\/www.uilscuolaemiliaromagna.it\/public\/er\/\",\"logo\":{\"@type\":\"ImageObject\",\"inLanguage\":\"it-IT\",\"@id\":\"https:\/\/www.uilscuolaemiliaromagna.it\/public\/er\/#\/schema\/logo\/image\/\",\"url\":\"https:\/\/www.uilscuolaemiliaromagna.it\/public\/er\/wp-content\/uploads\/2017\/04\/cropped-header.png\",\"contentUrl\":\"https:\/\/www.uilscuolaemiliaromagna.it\/public\/er\/wp-content\/uploads\/2017\/04\/cropped-header.png\",\"width\":1000,\"height\":150,\"caption\":\"Uil Scuola Emilia Romagna\"},\"image\":{\"@id\":\"https:\/\/www.uilscuolaemiliaromagna.it\/public\/er\/#\/schema\/logo\/image\/\"}},{\"@type\":\"Person\",\"@id\":\"https:\/\/www.uilscuolaemiliaromagna.it\/public\/er\/#\/schema\/person\/f42878fd07a4b6ba2b7153d4fad5de5e\",\"name\":\"admin\",\"image\":{\"@type\":\"ImageObject\",\"inLanguage\":\"it-IT\",\"@id\":\"https:\/\/www.uilscuolaemiliaromagna.it\/public\/er\/#\/schema\/person\/image\/\",\"url\":\"https:\/\/secure.gravatar.com\/avatar\/aebf815ae2f30ffdae8b8c247273d34c?s=96&d=mm&r=g\",\"contentUrl\":\"https:\/\/secure.gravatar.com\/avatar\/aebf815ae2f30ffdae8b8c247273d34c?s=96&d=mm&r=g\",\"caption\":\"admin\"},\"url\":\"https:\/\/www.uilscuolaemiliaromagna.it\/public\/er\/author\/admin\/\"}]}<\/script>\r\n<!-- \/ Yoast SEO plugin. -->","yoast_head_json":{"title":"CRONOPROGRAMMA DEGLI INTERVENTI, TAVOLO UNICO PER LE DECISIONI, RISORSE E PERSONALE: LE TRE PRIORIT\u00c0 PER RIAPRIRE LE SCUOLE A SETTEMBRE - Uil Scuola Emilia Romagna","robots":{"index":"index","follow":"follow","max-snippet":"max-snippet:-1","max-image-preview":"max-image-preview:large","max-video-preview":"max-video-preview:-1"},"canonical":"https:\/\/www.uilscuolaemiliaromagna.it\/public\/er\/2020\/07\/02\/cronoprogramma-degli-interventi-tavolo-unico-per-le-decisioni-risorse-e-personale-le-tre-priorita-per-riaprire-le-scuole-a-settembre\/","og_locale":"it_IT","og_type":"article","og_title":"CRONOPROGRAMMA DEGLI INTERVENTI, TAVOLO UNICO PER LE DECISIONI, RISORSE E PERSONALE: LE TRE PRIORIT\u00c0 PER RIAPRIRE LE SCUOLE A SETTEMBRE - Uil Scuola Emilia Romagna","og_description":"Burocrazia e politica i due pericoli maggiori. Senza indicazioni chiare siamo al fai-da-te delle scuole &gt; INCONTRO Comitato Tecnico Scientifico-sindacati scuola Sintesi dell\u2019intervento di Pino &hellip;","og_url":"https:\/\/www.uilscuolaemiliaromagna.it\/public\/er\/2020\/07\/02\/cronoprogramma-degli-interventi-tavolo-unico-per-le-decisioni-risorse-e-personale-le-tre-priorita-per-riaprire-le-scuole-a-settembre\/","og_site_name":"Uil Scuola Emilia Romagna","article_published_time":"2020-07-02T20:20:22+00:00","article_modified_time":"2020-07-03T15:22:00+00:00","author":"admin","twitter_card":"summary_large_image","twitter_misc":{"Scritto da":"admin","Tempo di lettura stimato":"4 minuti"},"schema":{"@context":"https:\/\/schema.org","@graph":[{"@type":"Article","@id":"https:\/\/www.uilscuolaemiliaromagna.it\/public\/er\/2020\/07\/02\/cronoprogramma-degli-interventi-tavolo-unico-per-le-decisioni-risorse-e-personale-le-tre-priorita-per-riaprire-le-scuole-a-settembre\/#article","isPartOf":{"@id":"https:\/\/www.uilscuolaemiliaromagna.it\/public\/er\/2020\/07\/02\/cronoprogramma-degli-interventi-tavolo-unico-per-le-decisioni-risorse-e-personale-le-tre-priorita-per-riaprire-le-scuole-a-settembre\/"},"author":{"name":"admin","@id":"https:\/\/www.uilscuolaemiliaromagna.it\/public\/er\/#\/schema\/person\/f42878fd07a4b6ba2b7153d4fad5de5e"},"headline":"CRONOPROGRAMMA DEGLI INTERVENTI, TAVOLO UNICO PER LE DECISIONI, RISORSE E PERSONALE: LE TRE PRIORIT\u00c0 PER RIAPRIRE LE SCUOLE A SETTEMBRE","datePublished":"2020-07-02T20:20:22+00:00","dateModified":"2020-07-03T15:22:00+00:00","mainEntityOfPage":{"@id":"https:\/\/www.uilscuolaemiliaromagna.it\/public\/er\/2020\/07\/02\/cronoprogramma-degli-interventi-tavolo-unico-per-le-decisioni-risorse-e-personale-le-tre-priorita-per-riaprire-le-scuole-a-settembre\/"},"wordCount":853,"publisher":{"@id":"https:\/\/www.uilscuolaemiliaromagna.it\/public\/er\/#organization"},"articleSection":["Notizie"],"inLanguage":"it-IT"},{"@type":"WebPage","@id":"https:\/\/www.uilscuolaemiliaromagna.it\/public\/er\/2020\/07\/02\/cronoprogramma-degli-interventi-tavolo-unico-per-le-decisioni-risorse-e-personale-le-tre-priorita-per-riaprire-le-scuole-a-settembre\/","url":"https:\/\/www.uilscuolaemiliaromagna.it\/public\/er\/2020\/07\/02\/cronoprogramma-degli-interventi-tavolo-unico-per-le-decisioni-risorse-e-personale-le-tre-priorita-per-riaprire-le-scuole-a-settembre\/","name":"CRONOPROGRAMMA DEGLI INTERVENTI, TAVOLO UNICO PER LE DECISIONI, RISORSE E PERSONALE: LE TRE PRIORIT\u00c0 PER RIAPRIRE LE SCUOLE A SETTEMBRE - Uil Scuola Emilia Romagna","isPartOf":{"@id":"https:\/\/www.uilscuolaemiliaromagna.it\/public\/er\/#website"},"datePublished":"2020-07-02T20:20:22+00:00","dateModified":"2020-07-03T15:22:00+00:00","breadcrumb":{"@id":"https:\/\/www.uilscuolaemiliaromagna.it\/public\/er\/2020\/07\/02\/cronoprogramma-degli-interventi-tavolo-unico-per-le-decisioni-risorse-e-personale-le-tre-priorita-per-riaprire-le-scuole-a-settembre\/#breadcrumb"},"inLanguage":"it-IT","potentialAction":[{"@type":"ReadAction","target":["https:\/\/www.uilscuolaemiliaromagna.it\/public\/er\/2020\/07\/02\/cronoprogramma-degli-interventi-tavolo-unico-per-le-decisioni-risorse-e-personale-le-tre-priorita-per-riaprire-le-scuole-a-settembre\/"]}]},{"@type":"BreadcrumbList","@id":"https:\/\/www.uilscuolaemiliaromagna.it\/public\/er\/2020\/07\/02\/cronoprogramma-degli-interventi-tavolo-unico-per-le-decisioni-risorse-e-personale-le-tre-priorita-per-riaprire-le-scuole-a-settembre\/#breadcrumb","itemListElement":[{"@type":"ListItem","position":1,"name":"Home","item":"https:\/\/www.uilscuolaemiliaromagna.it\/public\/er\/"},{"@type":"ListItem","position":2,"name":"CRONOPROGRAMMA DEGLI INTERVENTI, TAVOLO UNICO PER LE DECISIONI, RISORSE E PERSONALE: LE TRE PRIORIT\u00c0 PER RIAPRIRE LE SCUOLE A SETTEMBRE"}]},{"@type":"WebSite","@id":"https:\/\/www.uilscuolaemiliaromagna.it\/public\/er\/#website","url":"https:\/\/www.uilscuolaemiliaromagna.it\/public\/er\/","name":"Uil Scuola Emilia Romagna","description":"La voce libera della scuola","publisher":{"@id":"https:\/\/www.uilscuolaemiliaromagna.it\/public\/er\/#organization"},"potentialAction":[{"@type":"SearchAction","target":{"@type":"EntryPoint","urlTemplate":"https:\/\/www.uilscuolaemiliaromagna.it\/public\/er\/?s={search_term_string}"},"query-input":"required name=search_term_string"}],"inLanguage":"it-IT"},{"@type":"Organization","@id":"https:\/\/www.uilscuolaemiliaromagna.it\/public\/er\/#organization","name":"Uil Scuola Emilia Romagna","url":"https:\/\/www.uilscuolaemiliaromagna.it\/public\/er\/","logo":{"@type":"ImageObject","inLanguage":"it-IT","@id":"https:\/\/www.uilscuolaemiliaromagna.it\/public\/er\/#\/schema\/logo\/image\/","url":"https:\/\/www.uilscuolaemiliaromagna.it\/public\/er\/wp-content\/uploads\/2017\/04\/cropped-header.png","contentUrl":"https:\/\/www.uilscuolaemiliaromagna.it\/public\/er\/wp-content\/uploads\/2017\/04\/cropped-header.png","width":1000,"height":150,"caption":"Uil Scuola Emilia Romagna"},"image":{"@id":"https:\/\/www.uilscuolaemiliaromagna.it\/public\/er\/#\/schema\/logo\/image\/"}},{"@type":"Person","@id":"https:\/\/www.uilscuolaemiliaromagna.it\/public\/er\/#\/schema\/person\/f42878fd07a4b6ba2b7153d4fad5de5e","name":"admin","image":{"@type":"ImageObject","inLanguage":"it-IT","@id":"https:\/\/www.uilscuolaemiliaromagna.it\/public\/er\/#\/schema\/person\/image\/","url":"https:\/\/secure.gravatar.com\/avatar\/aebf815ae2f30ffdae8b8c247273d34c?s=96&d=mm&r=g","contentUrl":"https:\/\/secure.gravatar.com\/avatar\/aebf815ae2f30ffdae8b8c247273d34c?s=96&d=mm&r=g","caption":"admin"},"url":"https:\/\/www.uilscuolaemiliaromagna.it\/public\/er\/author\/admin\/"}]}},"views":878,"_links":{"self":[{"href":"https:\/\/www.uilscuolaemiliaromagna.it\/public\/er\/wp-json\/wp\/v2\/posts\/6377"}],"collection":[{"href":"https:\/\/www.uilscuolaemiliaromagna.it\/public\/er\/wp-json\/wp\/v2\/posts"}],"about":[{"href":"https:\/\/www.uilscuolaemiliaromagna.it\/public\/er\/wp-json\/wp\/v2\/types\/post"}],"author":[{"embeddable":true,"href":"https:\/\/www.uilscuolaemiliaromagna.it\/public\/er\/wp-json\/wp\/v2\/users\/1"}],"replies":[{"embeddable":true,"href":"https:\/\/www.uilscuolaemiliaromagna.it\/public\/er\/wp-json\/wp\/v2\/comments?post=6377"}],"version-history":[{"count":1,"href":"https:\/\/www.uilscuolaemiliaromagna.it\/public\/er\/wp-json\/wp\/v2\/posts\/6377\/revisions"}],"predecessor-version":[{"id":6378,"href":"https:\/\/www.uilscuolaemiliaromagna.it\/public\/er\/wp-json\/wp\/v2\/posts\/6377\/revisions\/6378"}],"wp:attachment":[{"href":"https:\/\/www.uilscuolaemiliaromagna.it\/public\/er\/wp-json\/wp\/v2\/media?parent=6377"}],"wp:term":[{"taxonomy":"category","embeddable":true,"href":"https:\/\/www.uilscuolaemiliaromagna.it\/public\/er\/wp-json\/wp\/v2\/categories?post=6377"},{"taxonomy":"post_tag","embeddable":true,"href":"https:\/\/www.uilscuolaemiliaromagna.it\/public\/er\/wp-json\/wp\/v2\/tags?post=6377"}],"curies":[{"name":"wp","href":"https:\/\/api.w.org\/{rel}","templated":true}]}}