{"id":6447,"date":"2020-07-20T18:01:12","date_gmt":"2020-07-20T16:01:12","guid":{"rendered":"http:\/\/www.uilscuolaemiliaromagna.it\/public\/er\/?p=6447"},"modified":"2020-07-21T09:02:06","modified_gmt":"2020-07-21T07:02:06","slug":"uil-nettamente-contrari-alla-chiamata-diretta-va-abolita-definitivamente-la-scuola-lha-sconfitta","status":"publish","type":"post","link":"https:\/\/www.uilscuolaemiliaromagna.it\/public\/er\/2020\/07\/20\/uil-nettamente-contrari-alla-chiamata-diretta-va-abolita-definitivamente-la-scuola-lha-sconfitta\/","title":{"rendered":"UIL: NETTAMENTE CONTRARI ALLA CHIAMATA DIRETTA. VA ABOLITA DEFINITIVAMENTE. LA SCUOLA L\u2019HA SCONFITTA."},"content":{"rendered":"<div>\n<blockquote>\n<p style=\"text-align: justify;\"><strong>Toccafondi guarda al concorso e pensa alle scuole private<\/strong><\/p>\n<\/blockquote>\n<p style=\"text-align: justify;\">Apprendiamo che passare un concorso sia il passaporto per la privatizzazione del sistema scolastico.<\/p>\n<p style=\"text-align: justify;\">Gabriele Toccafondi, ex sottosegretario al Miur, capogruppo di Italia Viva in Commissione cultura alla Camera, che conosce bene come funzionano le scuole private, dovrebbe sapere che la laicit\u00e0 del Paese passa per la scuola di tutti e di ognuno, quella che la costituzione bene delinea.<\/p>\n<p style=\"text-align: justify;\">Il fondamento di una scuola democratica e la libert\u00e0 di insegnamento, che \u00e8 garantita dagli organi collegiali di partecipazione a cui \u00e8 affidata l\u2019autogoverno dell\u2019istituzione scolastica, mentre il dirigente pu\u00f2 svolgere le proprie prerogative nel rispetto delle prerogative di tali organi.<\/p>\n<p style=\"text-align: justify;\">In questo senso, non \u00e8 possibile per l\u2019ordinamento italiano, la scelta per chiamata diretta del docente che sarebbe condizionato nella sua che \u00e8 una funzione, non un semplice lavoro.<\/p>\n<p style=\"text-align: justify;\">La scuola non \u00e8 un opificio o un ufficio burocratico che svolge un mero servizio a domanda individualizzato. \u00c8 una funzione dello Stato, essenziale per il futuro, per l\u2019equit\u00e0 che genera, che \u00e8 conseguenza di sviluppo economico e sociale di un paese moderno che, anche nei regimi ultra liberisti \u00a0\u00e8 lasciata allo Stato.<\/p>\n<p style=\"text-align: justify;\">I diritti universali non possono essere garantiti dal privato, anche se residuale.<br \/>\nSe ne sono accorti tutti quelli che hanno considerato la scuola e l\u2019istruzione un servizio che si pu\u00f2 fare in convenzione.<\/p>\n<p style=\"text-align: justify;\">La pandemia e il crollo del ponte di Genova non hanno insegnato proprio nulla: \u00e8 il profitto ci\u00f2 che determina le scelte dei privati.<\/p>\n<p style=\"text-align: justify;\">Per questo la scuola deve essere statale e non solo come regolatore, ma come erogatore diretto e questo eccetto per la scuola dell\u2019infanzia \u00e8 previsto dalla costituzione.<br \/>\nNon pretendiamo di dare qualifiche di costituzionalit\u00e0, ma facciamo riferimento a quello che i cittadini vogliono.<\/p>\n<p style=\"text-align: justify;\">Ricordiamo a tutti questi politici alla ricerca di visibilit\u00e0 che nelle ricerche demoscopiche la scuola \u00e8 saldamente si primi posti nella fiducia degli italiani, preceduta solo dalle forze dell\u2019ordine, del Presidente della repubblica e del Papa.<\/p>\n<p style=\"text-align: justify;\">Non si pu\u00f2 dire la stessa cosa per i partiti che sono in picchiata e farebbero bene a lasciare le istituzioni amate dai cittadini cos\u00ec come \u00e8 scritto nella costituzione: la chiamate diretta \u00e8 stata sconfitta dalla storia e vediamo chi vuole ancora utilizzarla per fini politici.<br \/>\nLa scuola l\u2019ha sconfitta.<\/p>\n<\/div>\n<div class=\"clear\"><\/div>\n<div id=\"allegati\"><\/div>\n\n<div class=\"twitter-share\"><a href=\"https:\/\/twitter.com\/intent\/tweet?via=UILScuolaBO_ER\" class=\"twitter-share-button\" data-size=\"large\">Tweet<\/a><\/div>\n","protected":false},"excerpt":{"rendered":"<p>Toccafondi guarda al concorso e pensa alle scuole private Apprendiamo che passare un concorso sia il passaporto per la privatizzazione del sistema scolastico. Gabriele Toccafondi, &hellip; <\/p>\n","protected":false},"author":1,"featured_media":0,"comment_status":"closed","ping_status":"open","sticky":false,"template":"","format":"standard","meta":{"footnotes":""},"categories":[12,6],"tags":[],"yoast_head":"<!-- This site is optimized with the Yoast SEO plugin v21.7 - https:\/\/yoast.com\/wordpress\/plugins\/seo\/ -->\r\n<title>UIL: NETTAMENTE CONTRARI ALLA CHIAMATA DIRETTA. VA ABOLITA DEFINITIVAMENTE. LA SCUOLA L\u2019HA SCONFITTA. - Uil Scuola Emilia Romagna<\/title>\r\n<meta name=\"robots\" content=\"index, follow, max-snippet:-1, max-image-preview:large, max-video-preview:-1\" \/>\r\n<link rel=\"canonical\" href=\"https:\/\/www.uilscuolaemiliaromagna.it\/public\/er\/2020\/07\/20\/uil-nettamente-contrari-alla-chiamata-diretta-va-abolita-definitivamente-la-scuola-lha-sconfitta\/\" \/>\r\n<meta property=\"og:locale\" content=\"it_IT\" \/>\r\n<meta property=\"og:type\" content=\"article\" \/>\r\n<meta property=\"og:title\" content=\"UIL: NETTAMENTE CONTRARI ALLA CHIAMATA DIRETTA. VA ABOLITA DEFINITIVAMENTE. LA SCUOLA L\u2019HA SCONFITTA. - Uil Scuola Emilia Romagna\" \/>\r\n<meta property=\"og:description\" content=\"Toccafondi guarda al concorso e pensa alle scuole private Apprendiamo che passare un concorso sia il passaporto per la privatizzazione del sistema scolastico. Gabriele Toccafondi, &hellip;\" \/>\r\n<meta property=\"og:url\" content=\"https:\/\/www.uilscuolaemiliaromagna.it\/public\/er\/2020\/07\/20\/uil-nettamente-contrari-alla-chiamata-diretta-va-abolita-definitivamente-la-scuola-lha-sconfitta\/\" \/>\r\n<meta property=\"og:site_name\" content=\"Uil Scuola Emilia Romagna\" \/>\r\n<meta property=\"article:published_time\" content=\"2020-07-20T16:01:12+00:00\" \/>\r\n<meta property=\"article:modified_time\" content=\"2020-07-21T07:02:06+00:00\" \/>\r\n<meta name=\"author\" content=\"admin\" \/>\r\n<meta name=\"twitter:card\" content=\"summary_large_image\" \/>\r\n<meta name=\"twitter:label1\" content=\"Scritto da\" \/>\n\t<meta name=\"twitter:data1\" content=\"admin\" \/>\n\t<meta name=\"twitter:label2\" content=\"Tempo di lettura stimato\" \/>\n\t<meta name=\"twitter:data2\" content=\"2 minuti\" \/>\r\n<script type=\"application\/ld+json\" class=\"yoast-schema-graph\">{\"@context\":\"https:\/\/schema.org\",\"@graph\":[{\"@type\":\"Article\",\"@id\":\"https:\/\/www.uilscuolaemiliaromagna.it\/public\/er\/2020\/07\/20\/uil-nettamente-contrari-alla-chiamata-diretta-va-abolita-definitivamente-la-scuola-lha-sconfitta\/#article\",\"isPartOf\":{\"@id\":\"https:\/\/www.uilscuolaemiliaromagna.it\/public\/er\/2020\/07\/20\/uil-nettamente-contrari-alla-chiamata-diretta-va-abolita-definitivamente-la-scuola-lha-sconfitta\/\"},\"author\":{\"name\":\"admin\",\"@id\":\"https:\/\/www.uilscuolaemiliaromagna.it\/public\/er\/#\/schema\/person\/f42878fd07a4b6ba2b7153d4fad5de5e\"},\"headline\":\"UIL: NETTAMENTE CONTRARI ALLA CHIAMATA DIRETTA. VA ABOLITA DEFINITIVAMENTE. LA SCUOLA L\u2019HA SCONFITTA.\",\"datePublished\":\"2020-07-20T16:01:12+00:00\",\"dateModified\":\"2020-07-21T07:02:06+00:00\",\"mainEntityOfPage\":{\"@id\":\"https:\/\/www.uilscuolaemiliaromagna.it\/public\/er\/2020\/07\/20\/uil-nettamente-contrari-alla-chiamata-diretta-va-abolita-definitivamente-la-scuola-lha-sconfitta\/\"},\"wordCount\":387,\"publisher\":{\"@id\":\"https:\/\/www.uilscuolaemiliaromagna.it\/public\/er\/#organization\"},\"articleSection\":[\"Notizie\",\"Personale Docente\"],\"inLanguage\":\"it-IT\"},{\"@type\":\"WebPage\",\"@id\":\"https:\/\/www.uilscuolaemiliaromagna.it\/public\/er\/2020\/07\/20\/uil-nettamente-contrari-alla-chiamata-diretta-va-abolita-definitivamente-la-scuola-lha-sconfitta\/\",\"url\":\"https:\/\/www.uilscuolaemiliaromagna.it\/public\/er\/2020\/07\/20\/uil-nettamente-contrari-alla-chiamata-diretta-va-abolita-definitivamente-la-scuola-lha-sconfitta\/\",\"name\":\"UIL: NETTAMENTE CONTRARI ALLA CHIAMATA DIRETTA. VA ABOLITA DEFINITIVAMENTE. LA SCUOLA L\u2019HA SCONFITTA. - Uil Scuola Emilia Romagna\",\"isPartOf\":{\"@id\":\"https:\/\/www.uilscuolaemiliaromagna.it\/public\/er\/#website\"},\"datePublished\":\"2020-07-20T16:01:12+00:00\",\"dateModified\":\"2020-07-21T07:02:06+00:00\",\"breadcrumb\":{\"@id\":\"https:\/\/www.uilscuolaemiliaromagna.it\/public\/er\/2020\/07\/20\/uil-nettamente-contrari-alla-chiamata-diretta-va-abolita-definitivamente-la-scuola-lha-sconfitta\/#breadcrumb\"},\"inLanguage\":\"it-IT\",\"potentialAction\":[{\"@type\":\"ReadAction\",\"target\":[\"https:\/\/www.uilscuolaemiliaromagna.it\/public\/er\/2020\/07\/20\/uil-nettamente-contrari-alla-chiamata-diretta-va-abolita-definitivamente-la-scuola-lha-sconfitta\/\"]}]},{\"@type\":\"BreadcrumbList\",\"@id\":\"https:\/\/www.uilscuolaemiliaromagna.it\/public\/er\/2020\/07\/20\/uil-nettamente-contrari-alla-chiamata-diretta-va-abolita-definitivamente-la-scuola-lha-sconfitta\/#breadcrumb\",\"itemListElement\":[{\"@type\":\"ListItem\",\"position\":1,\"name\":\"Home\",\"item\":\"https:\/\/www.uilscuolaemiliaromagna.it\/public\/er\/\"},{\"@type\":\"ListItem\",\"position\":2,\"name\":\"UIL: NETTAMENTE CONTRARI ALLA CHIAMATA DIRETTA. VA ABOLITA DEFINITIVAMENTE. LA SCUOLA L\u2019HA SCONFITTA.\"}]},{\"@type\":\"WebSite\",\"@id\":\"https:\/\/www.uilscuolaemiliaromagna.it\/public\/er\/#website\",\"url\":\"https:\/\/www.uilscuolaemiliaromagna.it\/public\/er\/\",\"name\":\"Uil Scuola Emilia Romagna\",\"description\":\"La voce libera della scuola\",\"publisher\":{\"@id\":\"https:\/\/www.uilscuolaemiliaromagna.it\/public\/er\/#organization\"},\"potentialAction\":[{\"@type\":\"SearchAction\",\"target\":{\"@type\":\"EntryPoint\",\"urlTemplate\":\"https:\/\/www.uilscuolaemiliaromagna.it\/public\/er\/?s={search_term_string}\"},\"query-input\":\"required name=search_term_string\"}],\"inLanguage\":\"it-IT\"},{\"@type\":\"Organization\",\"@id\":\"https:\/\/www.uilscuolaemiliaromagna.it\/public\/er\/#organization\",\"name\":\"Uil Scuola Emilia Romagna\",\"url\":\"https:\/\/www.uilscuolaemiliaromagna.it\/public\/er\/\",\"logo\":{\"@type\":\"ImageObject\",\"inLanguage\":\"it-IT\",\"@id\":\"https:\/\/www.uilscuolaemiliaromagna.it\/public\/er\/#\/schema\/logo\/image\/\",\"url\":\"https:\/\/www.uilscuolaemiliaromagna.it\/public\/er\/wp-content\/uploads\/2017\/04\/cropped-header.png\",\"contentUrl\":\"https:\/\/www.uilscuolaemiliaromagna.it\/public\/er\/wp-content\/uploads\/2017\/04\/cropped-header.png\",\"width\":1000,\"height\":150,\"caption\":\"Uil Scuola Emilia Romagna\"},\"image\":{\"@id\":\"https:\/\/www.uilscuolaemiliaromagna.it\/public\/er\/#\/schema\/logo\/image\/\"}},{\"@type\":\"Person\",\"@id\":\"https:\/\/www.uilscuolaemiliaromagna.it\/public\/er\/#\/schema\/person\/f42878fd07a4b6ba2b7153d4fad5de5e\",\"name\":\"admin\",\"image\":{\"@type\":\"ImageObject\",\"inLanguage\":\"it-IT\",\"@id\":\"https:\/\/www.uilscuolaemiliaromagna.it\/public\/er\/#\/schema\/person\/image\/\",\"url\":\"https:\/\/secure.gravatar.com\/avatar\/aebf815ae2f30ffdae8b8c247273d34c?s=96&d=mm&r=g\",\"contentUrl\":\"https:\/\/secure.gravatar.com\/avatar\/aebf815ae2f30ffdae8b8c247273d34c?s=96&d=mm&r=g\",\"caption\":\"admin\"},\"url\":\"https:\/\/www.uilscuolaemiliaromagna.it\/public\/er\/author\/admin\/\"}]}<\/script>\r\n<!-- \/ Yoast SEO plugin. -->","yoast_head_json":{"title":"UIL: NETTAMENTE CONTRARI ALLA CHIAMATA DIRETTA. VA ABOLITA DEFINITIVAMENTE. LA SCUOLA L\u2019HA SCONFITTA. - Uil Scuola Emilia Romagna","robots":{"index":"index","follow":"follow","max-snippet":"max-snippet:-1","max-image-preview":"max-image-preview:large","max-video-preview":"max-video-preview:-1"},"canonical":"https:\/\/www.uilscuolaemiliaromagna.it\/public\/er\/2020\/07\/20\/uil-nettamente-contrari-alla-chiamata-diretta-va-abolita-definitivamente-la-scuola-lha-sconfitta\/","og_locale":"it_IT","og_type":"article","og_title":"UIL: NETTAMENTE CONTRARI ALLA CHIAMATA DIRETTA. VA ABOLITA DEFINITIVAMENTE. LA SCUOLA L\u2019HA SCONFITTA. - Uil Scuola Emilia Romagna","og_description":"Toccafondi guarda al concorso e pensa alle scuole private Apprendiamo che passare un concorso sia il passaporto per la privatizzazione del sistema scolastico. Gabriele Toccafondi, &hellip;","og_url":"https:\/\/www.uilscuolaemiliaromagna.it\/public\/er\/2020\/07\/20\/uil-nettamente-contrari-alla-chiamata-diretta-va-abolita-definitivamente-la-scuola-lha-sconfitta\/","og_site_name":"Uil Scuola Emilia Romagna","article_published_time":"2020-07-20T16:01:12+00:00","article_modified_time":"2020-07-21T07:02:06+00:00","author":"admin","twitter_card":"summary_large_image","twitter_misc":{"Scritto da":"admin","Tempo di lettura stimato":"2 minuti"},"schema":{"@context":"https:\/\/schema.org","@graph":[{"@type":"Article","@id":"https:\/\/www.uilscuolaemiliaromagna.it\/public\/er\/2020\/07\/20\/uil-nettamente-contrari-alla-chiamata-diretta-va-abolita-definitivamente-la-scuola-lha-sconfitta\/#article","isPartOf":{"@id":"https:\/\/www.uilscuolaemiliaromagna.it\/public\/er\/2020\/07\/20\/uil-nettamente-contrari-alla-chiamata-diretta-va-abolita-definitivamente-la-scuola-lha-sconfitta\/"},"author":{"name":"admin","@id":"https:\/\/www.uilscuolaemiliaromagna.it\/public\/er\/#\/schema\/person\/f42878fd07a4b6ba2b7153d4fad5de5e"},"headline":"UIL: NETTAMENTE CONTRARI ALLA CHIAMATA DIRETTA. VA ABOLITA DEFINITIVAMENTE. LA SCUOLA L\u2019HA SCONFITTA.","datePublished":"2020-07-20T16:01:12+00:00","dateModified":"2020-07-21T07:02:06+00:00","mainEntityOfPage":{"@id":"https:\/\/www.uilscuolaemiliaromagna.it\/public\/er\/2020\/07\/20\/uil-nettamente-contrari-alla-chiamata-diretta-va-abolita-definitivamente-la-scuola-lha-sconfitta\/"},"wordCount":387,"publisher":{"@id":"https:\/\/www.uilscuolaemiliaromagna.it\/public\/er\/#organization"},"articleSection":["Notizie","Personale Docente"],"inLanguage":"it-IT"},{"@type":"WebPage","@id":"https:\/\/www.uilscuolaemiliaromagna.it\/public\/er\/2020\/07\/20\/uil-nettamente-contrari-alla-chiamata-diretta-va-abolita-definitivamente-la-scuola-lha-sconfitta\/","url":"https:\/\/www.uilscuolaemiliaromagna.it\/public\/er\/2020\/07\/20\/uil-nettamente-contrari-alla-chiamata-diretta-va-abolita-definitivamente-la-scuola-lha-sconfitta\/","name":"UIL: NETTAMENTE CONTRARI ALLA CHIAMATA DIRETTA. VA ABOLITA DEFINITIVAMENTE. LA SCUOLA L\u2019HA SCONFITTA. - Uil Scuola Emilia Romagna","isPartOf":{"@id":"https:\/\/www.uilscuolaemiliaromagna.it\/public\/er\/#website"},"datePublished":"2020-07-20T16:01:12+00:00","dateModified":"2020-07-21T07:02:06+00:00","breadcrumb":{"@id":"https:\/\/www.uilscuolaemiliaromagna.it\/public\/er\/2020\/07\/20\/uil-nettamente-contrari-alla-chiamata-diretta-va-abolita-definitivamente-la-scuola-lha-sconfitta\/#breadcrumb"},"inLanguage":"it-IT","potentialAction":[{"@type":"ReadAction","target":["https:\/\/www.uilscuolaemiliaromagna.it\/public\/er\/2020\/07\/20\/uil-nettamente-contrari-alla-chiamata-diretta-va-abolita-definitivamente-la-scuola-lha-sconfitta\/"]}]},{"@type":"BreadcrumbList","@id":"https:\/\/www.uilscuolaemiliaromagna.it\/public\/er\/2020\/07\/20\/uil-nettamente-contrari-alla-chiamata-diretta-va-abolita-definitivamente-la-scuola-lha-sconfitta\/#breadcrumb","itemListElement":[{"@type":"ListItem","position":1,"name":"Home","item":"https:\/\/www.uilscuolaemiliaromagna.it\/public\/er\/"},{"@type":"ListItem","position":2,"name":"UIL: NETTAMENTE CONTRARI ALLA CHIAMATA DIRETTA. VA ABOLITA DEFINITIVAMENTE. LA SCUOLA L\u2019HA SCONFITTA."}]},{"@type":"WebSite","@id":"https:\/\/www.uilscuolaemiliaromagna.it\/public\/er\/#website","url":"https:\/\/www.uilscuolaemiliaromagna.it\/public\/er\/","name":"Uil Scuola Emilia Romagna","description":"La voce libera della scuola","publisher":{"@id":"https:\/\/www.uilscuolaemiliaromagna.it\/public\/er\/#organization"},"potentialAction":[{"@type":"SearchAction","target":{"@type":"EntryPoint","urlTemplate":"https:\/\/www.uilscuolaemiliaromagna.it\/public\/er\/?s={search_term_string}"},"query-input":"required name=search_term_string"}],"inLanguage":"it-IT"},{"@type":"Organization","@id":"https:\/\/www.uilscuolaemiliaromagna.it\/public\/er\/#organization","name":"Uil Scuola Emilia Romagna","url":"https:\/\/www.uilscuolaemiliaromagna.it\/public\/er\/","logo":{"@type":"ImageObject","inLanguage":"it-IT","@id":"https:\/\/www.uilscuolaemiliaromagna.it\/public\/er\/#\/schema\/logo\/image\/","url":"https:\/\/www.uilscuolaemiliaromagna.it\/public\/er\/wp-content\/uploads\/2017\/04\/cropped-header.png","contentUrl":"https:\/\/www.uilscuolaemiliaromagna.it\/public\/er\/wp-content\/uploads\/2017\/04\/cropped-header.png","width":1000,"height":150,"caption":"Uil Scuola Emilia Romagna"},"image":{"@id":"https:\/\/www.uilscuolaemiliaromagna.it\/public\/er\/#\/schema\/logo\/image\/"}},{"@type":"Person","@id":"https:\/\/www.uilscuolaemiliaromagna.it\/public\/er\/#\/schema\/person\/f42878fd07a4b6ba2b7153d4fad5de5e","name":"admin","image":{"@type":"ImageObject","inLanguage":"it-IT","@id":"https:\/\/www.uilscuolaemiliaromagna.it\/public\/er\/#\/schema\/person\/image\/","url":"https:\/\/secure.gravatar.com\/avatar\/aebf815ae2f30ffdae8b8c247273d34c?s=96&d=mm&r=g","contentUrl":"https:\/\/secure.gravatar.com\/avatar\/aebf815ae2f30ffdae8b8c247273d34c?s=96&d=mm&r=g","caption":"admin"},"url":"https:\/\/www.uilscuolaemiliaromagna.it\/public\/er\/author\/admin\/"}]}},"views":1319,"_links":{"self":[{"href":"https:\/\/www.uilscuolaemiliaromagna.it\/public\/er\/wp-json\/wp\/v2\/posts\/6447"}],"collection":[{"href":"https:\/\/www.uilscuolaemiliaromagna.it\/public\/er\/wp-json\/wp\/v2\/posts"}],"about":[{"href":"https:\/\/www.uilscuolaemiliaromagna.it\/public\/er\/wp-json\/wp\/v2\/types\/post"}],"author":[{"embeddable":true,"href":"https:\/\/www.uilscuolaemiliaromagna.it\/public\/er\/wp-json\/wp\/v2\/users\/1"}],"replies":[{"embeddable":true,"href":"https:\/\/www.uilscuolaemiliaromagna.it\/public\/er\/wp-json\/wp\/v2\/comments?post=6447"}],"version-history":[{"count":1,"href":"https:\/\/www.uilscuolaemiliaromagna.it\/public\/er\/wp-json\/wp\/v2\/posts\/6447\/revisions"}],"predecessor-version":[{"id":6448,"href":"https:\/\/www.uilscuolaemiliaromagna.it\/public\/er\/wp-json\/wp\/v2\/posts\/6447\/revisions\/6448"}],"wp:attachment":[{"href":"https:\/\/www.uilscuolaemiliaromagna.it\/public\/er\/wp-json\/wp\/v2\/media?parent=6447"}],"wp:term":[{"taxonomy":"category","embeddable":true,"href":"https:\/\/www.uilscuolaemiliaromagna.it\/public\/er\/wp-json\/wp\/v2\/categories?post=6447"},{"taxonomy":"post_tag","embeddable":true,"href":"https:\/\/www.uilscuolaemiliaromagna.it\/public\/er\/wp-json\/wp\/v2\/tags?post=6447"}],"curies":[{"name":"wp","href":"https:\/\/api.w.org\/{rel}","templated":true}]}}