{"id":6570,"date":"2020-08-22T11:40:41","date_gmt":"2020-08-22T09:40:41","guid":{"rendered":"http:\/\/www.uilscuolaemiliaromagna.it\/public\/er\/?p=6570"},"modified":"2020-08-22T11:43:57","modified_gmt":"2020-08-22T09:43:57","slug":"riapertura-delle-scuole-videoconferenza-con-il-presidente-stefano-bonaccini-e-lassessore-paola-salomoni","status":"publish","type":"post","link":"https:\/\/www.uilscuolaemiliaromagna.it\/public\/er\/2020\/08\/22\/riapertura-delle-scuole-videoconferenza-con-il-presidente-stefano-bonaccini-e-lassessore-paola-salomoni\/","title":{"rendered":"Riapertura delle scuole | videoconferenza con il Presidente Stefano Bonaccini e l&#8217;Assessore Paola Salomoni"},"content":{"rendered":"<p style=\"text-align: justify;\">Si \u00e8 svolto oggi il previsto incontro con il Presidente Stefano Bonaccini e l&#8217;Assessore Paola Salomoni con oggetto la riapertura delle scuole. Per la UIL Scuola RUA Emilia Romagna ha partecipato Serafino Veltri.<\/p>\n<p style=\"text-align: justify;\">Esposte e condivise da tutti i sindacati presenti le criticit\u00e0 per la ripartenza, reputati pochi ed insufficienti i fondi stanziati per la Regione, sufficienti a coprire solo circa 2500\/2700 posti tra docenti e Ata, esposte criticit\u00e0 anche sul fronte dei trasporti e degli edifici scolastici. Il Presidente Bonaccini condividendo la preoccupazione per l&#8217;organico scriver\u00e0 a Versari ed alla Ministra chiedendo un incremento del personale in organico, sia docente che Ata.<\/p>\n<p style=\"text-align: justify;\">Sull&#8217;edilizia scolastica l&#8217;assessore Salomoni comunica che c&#8217;erano solo 2 criticit\u00e0 su tutta la regione, ma che era arrivata comunicazione su altre 30 scuole con criticit\u00e0 da verificare. L&#8217;assessore ha illustrato anche lo stato della copertura digitale delle scuole, 62% delle scuole in ER \u00e8 coperto dalla Fibra ottica ma si mira alla copertura del 100% delle scuole<\/p>\n<div dir=\"auto\" style=\"text-align: justify;\">Sul distanziamento in aula il metro boccale \u00e8 stato deciso insieme al Comitato Tecnico, per le mascherine, la Regione sta predisponendo una dotazione sufficiente per coprire i fabbisogni per gli istituti scolastici.<\/div>\n<div dir=\"auto\"><\/div>\n<div dir=\"auto\" style=\"text-align: justify;\">Verr\u00e0 istituito su nostra richiesta e in accordo con Bonaccini un tavolo regionale permanente a cui parteciperanno i sindacati e gli assessorati ai trasporti, alla sanit\u00e0 e alla scuola, per discutere le criticit\u00e0 e per confrontarsi sullo stato dei lavori per la ripartenza. Gi\u00e0 questa sera verr\u00e0 comunicata la data di un primo incontro che si terr\u00e0 bella prossima settimana.<\/div>\n<div dir=\"auto\"><\/div>\n<div dir=\"auto\" style=\"text-align: justify;\">Entro una settimana circa verr\u00e0 predisposto il piano per i test sierologici per tutto il personale scolastico, sia docente che Ata e le modalit\u00e0 per farlo, il piano sar\u00e0 trasmesso anche ai sindacati per opportuna conoscenza.<\/div>\n<div dir=\"auto\"><\/div>\n<div dir=\"auto\" style=\"text-align: justify;\">Tutti i sindacati sono d&#8217;accordo per la riapertura e la ripartenza in presenza per giorno 14 settembre e Bonaccini concorda con i presenti che bisogna lavorare insieme, confrontarsi e condividere con le parti sociali per far si che si riparta in presenza e in sicurezza.<\/div>\n<div dir=\"auto\"><\/div>\n<div dir=\"auto\">Di seguito il comunicato stampa delle OO.SS:<\/div>\n<ul>\n<li dir=\"auto\"><a href=\"https:\/\/www.uilscuolaemiliaromagna.it\/public\/er\/wp-content\/uploads\/2020\/08\/comunicato-stampa-dopo-incontro-bonaccini.pdf\">comunicato stampa<\/a><\/li>\n<\/ul>\n<p>La rassegna stampa:<\/p>\n<ul>\n<li><a href=\"https:\/\/www.uilscuolaemiliaromagna.it\/public\/er\/wp-content\/uploads\/2020\/08\/2020082246158963.pdf\">La Repubblica Bologna<\/a><\/li>\n<li><a href=\"https:\/\/www.uilscuolaemiliaromagna.it\/public\/er\/wp-content\/uploads\/2020\/08\/2020082246158829.pdf\">Il Resto del Carlino Bologna<\/a><\/li>\n<li><a href=\"https:\/\/www.uilscuolaemiliaromagna.it\/public\/er\/wp-content\/uploads\/2020\/08\/2020082246161563.pdf\">Corriere Romagna Forl\u00ec-Cesena <\/a><\/li>\n<li><a href=\"https:\/\/www.uilscuolaemiliaromagna.it\/public\/er\/wp-content\/uploads\/2020\/08\/2020082246158065.pdf\">Gazzetta di Reggio<\/a><\/li>\n<\/ul>\n\n<div class=\"twitter-share\"><a href=\"https:\/\/twitter.com\/intent\/tweet?via=UILScuolaBO_ER\" class=\"twitter-share-button\" data-size=\"large\">Tweet<\/a><\/div>\n","protected":false},"excerpt":{"rendered":"<p>Si \u00e8 svolto oggi il previsto incontro con il Presidente Stefano Bonaccini e l&#8217;Assessore Paola Salomoni con oggetto la riapertura delle scuole. Per la UIL &hellip; <\/p>\n","protected":false},"author":1,"featured_media":0,"comment_status":"closed","ping_status":"open","sticky":false,"template":"","format":"standard","meta":{"footnotes":""},"categories":[2,3,12,6],"tags":[],"yoast_head":"<!-- This site is optimized with the Yoast SEO plugin v21.7 - https:\/\/yoast.com\/wordpress\/plugins\/seo\/ -->\r\n<title>Riapertura delle scuole | videoconferenza con il Presidente Stefano Bonaccini e l&#039;Assessore Paola Salomoni - Uil Scuola Emilia Romagna<\/title>\r\n<meta name=\"robots\" content=\"index, follow, max-snippet:-1, max-image-preview:large, max-video-preview:-1\" \/>\r\n<link rel=\"canonical\" href=\"https:\/\/www.uilscuolaemiliaromagna.it\/public\/er\/2020\/08\/22\/riapertura-delle-scuole-videoconferenza-con-il-presidente-stefano-bonaccini-e-lassessore-paola-salomoni\/\" \/>\r\n<meta property=\"og:locale\" content=\"it_IT\" \/>\r\n<meta property=\"og:type\" content=\"article\" \/>\r\n<meta property=\"og:title\" content=\"Riapertura delle scuole | videoconferenza con il Presidente Stefano Bonaccini e l&#039;Assessore Paola Salomoni - Uil Scuola Emilia Romagna\" \/>\r\n<meta property=\"og:description\" content=\"Si \u00e8 svolto oggi il previsto incontro con il Presidente Stefano Bonaccini e l&#8217;Assessore Paola Salomoni con oggetto la riapertura delle scuole. Per la UIL &hellip;\" \/>\r\n<meta property=\"og:url\" content=\"https:\/\/www.uilscuolaemiliaromagna.it\/public\/er\/2020\/08\/22\/riapertura-delle-scuole-videoconferenza-con-il-presidente-stefano-bonaccini-e-lassessore-paola-salomoni\/\" \/>\r\n<meta property=\"og:site_name\" content=\"Uil Scuola Emilia Romagna\" \/>\r\n<meta property=\"article:published_time\" content=\"2020-08-22T09:40:41+00:00\" \/>\r\n<meta property=\"article:modified_time\" content=\"2020-08-22T09:43:57+00:00\" \/>\r\n<meta name=\"author\" content=\"admin\" \/>\r\n<meta name=\"twitter:card\" content=\"summary_large_image\" \/>\r\n<meta name=\"twitter:label1\" content=\"Scritto da\" \/>\n\t<meta name=\"twitter:data1\" content=\"admin\" \/>\n\t<meta name=\"twitter:label2\" content=\"Tempo di lettura stimato\" \/>\n\t<meta name=\"twitter:data2\" content=\"2 minuti\" \/>\r\n<script type=\"application\/ld+json\" class=\"yoast-schema-graph\">{\"@context\":\"https:\/\/schema.org\",\"@graph\":[{\"@type\":\"Article\",\"@id\":\"https:\/\/www.uilscuolaemiliaromagna.it\/public\/er\/2020\/08\/22\/riapertura-delle-scuole-videoconferenza-con-il-presidente-stefano-bonaccini-e-lassessore-paola-salomoni\/#article\",\"isPartOf\":{\"@id\":\"https:\/\/www.uilscuolaemiliaromagna.it\/public\/er\/2020\/08\/22\/riapertura-delle-scuole-videoconferenza-con-il-presidente-stefano-bonaccini-e-lassessore-paola-salomoni\/\"},\"author\":{\"name\":\"admin\",\"@id\":\"https:\/\/www.uilscuolaemiliaromagna.it\/public\/er\/#\/schema\/person\/f42878fd07a4b6ba2b7153d4fad5de5e\"},\"headline\":\"Riapertura delle scuole | videoconferenza con il Presidente Stefano Bonaccini e l&#8217;Assessore Paola Salomoni\",\"datePublished\":\"2020-08-22T09:40:41+00:00\",\"dateModified\":\"2020-08-22T09:43:57+00:00\",\"mainEntityOfPage\":{\"@id\":\"https:\/\/www.uilscuolaemiliaromagna.it\/public\/er\/2020\/08\/22\/riapertura-delle-scuole-videoconferenza-con-il-presidente-stefano-bonaccini-e-lassessore-paola-salomoni\/\"},\"wordCount\":365,\"publisher\":{\"@id\":\"https:\/\/www.uilscuolaemiliaromagna.it\/public\/er\/#organization\"},\"articleSection\":[\"ATA\",\"Dirigenti\",\"Notizie\",\"Personale Docente\"],\"inLanguage\":\"it-IT\"},{\"@type\":\"WebPage\",\"@id\":\"https:\/\/www.uilscuolaemiliaromagna.it\/public\/er\/2020\/08\/22\/riapertura-delle-scuole-videoconferenza-con-il-presidente-stefano-bonaccini-e-lassessore-paola-salomoni\/\",\"url\":\"https:\/\/www.uilscuolaemiliaromagna.it\/public\/er\/2020\/08\/22\/riapertura-delle-scuole-videoconferenza-con-il-presidente-stefano-bonaccini-e-lassessore-paola-salomoni\/\",\"name\":\"Riapertura delle scuole | videoconferenza con il Presidente Stefano Bonaccini e l'Assessore Paola Salomoni - Uil Scuola Emilia Romagna\",\"isPartOf\":{\"@id\":\"https:\/\/www.uilscuolaemiliaromagna.it\/public\/er\/#website\"},\"datePublished\":\"2020-08-22T09:40:41+00:00\",\"dateModified\":\"2020-08-22T09:43:57+00:00\",\"breadcrumb\":{\"@id\":\"https:\/\/www.uilscuolaemiliaromagna.it\/public\/er\/2020\/08\/22\/riapertura-delle-scuole-videoconferenza-con-il-presidente-stefano-bonaccini-e-lassessore-paola-salomoni\/#breadcrumb\"},\"inLanguage\":\"it-IT\",\"potentialAction\":[{\"@type\":\"ReadAction\",\"target\":[\"https:\/\/www.uilscuolaemiliaromagna.it\/public\/er\/2020\/08\/22\/riapertura-delle-scuole-videoconferenza-con-il-presidente-stefano-bonaccini-e-lassessore-paola-salomoni\/\"]}]},{\"@type\":\"BreadcrumbList\",\"@id\":\"https:\/\/www.uilscuolaemiliaromagna.it\/public\/er\/2020\/08\/22\/riapertura-delle-scuole-videoconferenza-con-il-presidente-stefano-bonaccini-e-lassessore-paola-salomoni\/#breadcrumb\",\"itemListElement\":[{\"@type\":\"ListItem\",\"position\":1,\"name\":\"Home\",\"item\":\"https:\/\/www.uilscuolaemiliaromagna.it\/public\/er\/\"},{\"@type\":\"ListItem\",\"position\":2,\"name\":\"Riapertura delle scuole | videoconferenza con il Presidente Stefano Bonaccini e l&#8217;Assessore Paola Salomoni\"}]},{\"@type\":\"WebSite\",\"@id\":\"https:\/\/www.uilscuolaemiliaromagna.it\/public\/er\/#website\",\"url\":\"https:\/\/www.uilscuolaemiliaromagna.it\/public\/er\/\",\"name\":\"Uil Scuola Emilia Romagna\",\"description\":\"La voce libera della scuola\",\"publisher\":{\"@id\":\"https:\/\/www.uilscuolaemiliaromagna.it\/public\/er\/#organization\"},\"potentialAction\":[{\"@type\":\"SearchAction\",\"target\":{\"@type\":\"EntryPoint\",\"urlTemplate\":\"https:\/\/www.uilscuolaemiliaromagna.it\/public\/er\/?s={search_term_string}\"},\"query-input\":\"required name=search_term_string\"}],\"inLanguage\":\"it-IT\"},{\"@type\":\"Organization\",\"@id\":\"https:\/\/www.uilscuolaemiliaromagna.it\/public\/er\/#organization\",\"name\":\"Uil Scuola Emilia Romagna\",\"url\":\"https:\/\/www.uilscuolaemiliaromagna.it\/public\/er\/\",\"logo\":{\"@type\":\"ImageObject\",\"inLanguage\":\"it-IT\",\"@id\":\"https:\/\/www.uilscuolaemiliaromagna.it\/public\/er\/#\/schema\/logo\/image\/\",\"url\":\"https:\/\/www.uilscuolaemiliaromagna.it\/public\/er\/wp-content\/uploads\/2017\/04\/cropped-header.png\",\"contentUrl\":\"https:\/\/www.uilscuolaemiliaromagna.it\/public\/er\/wp-content\/uploads\/2017\/04\/cropped-header.png\",\"width\":1000,\"height\":150,\"caption\":\"Uil Scuola Emilia Romagna\"},\"image\":{\"@id\":\"https:\/\/www.uilscuolaemiliaromagna.it\/public\/er\/#\/schema\/logo\/image\/\"}},{\"@type\":\"Person\",\"@id\":\"https:\/\/www.uilscuolaemiliaromagna.it\/public\/er\/#\/schema\/person\/f42878fd07a4b6ba2b7153d4fad5de5e\",\"name\":\"admin\",\"image\":{\"@type\":\"ImageObject\",\"inLanguage\":\"it-IT\",\"@id\":\"https:\/\/www.uilscuolaemiliaromagna.it\/public\/er\/#\/schema\/person\/image\/\",\"url\":\"https:\/\/secure.gravatar.com\/avatar\/aebf815ae2f30ffdae8b8c247273d34c?s=96&d=mm&r=g\",\"contentUrl\":\"https:\/\/secure.gravatar.com\/avatar\/aebf815ae2f30ffdae8b8c247273d34c?s=96&d=mm&r=g\",\"caption\":\"admin\"},\"url\":\"https:\/\/www.uilscuolaemiliaromagna.it\/public\/er\/author\/admin\/\"}]}<\/script>\r\n<!-- \/ Yoast SEO plugin. -->","yoast_head_json":{"title":"Riapertura delle scuole | videoconferenza con il Presidente Stefano Bonaccini e l'Assessore Paola Salomoni - Uil Scuola Emilia Romagna","robots":{"index":"index","follow":"follow","max-snippet":"max-snippet:-1","max-image-preview":"max-image-preview:large","max-video-preview":"max-video-preview:-1"},"canonical":"https:\/\/www.uilscuolaemiliaromagna.it\/public\/er\/2020\/08\/22\/riapertura-delle-scuole-videoconferenza-con-il-presidente-stefano-bonaccini-e-lassessore-paola-salomoni\/","og_locale":"it_IT","og_type":"article","og_title":"Riapertura delle scuole | videoconferenza con il Presidente Stefano Bonaccini e l'Assessore Paola Salomoni - Uil Scuola Emilia Romagna","og_description":"Si \u00e8 svolto oggi il previsto incontro con il Presidente Stefano Bonaccini e l&#8217;Assessore Paola Salomoni con oggetto la riapertura delle scuole. Per la UIL &hellip;","og_url":"https:\/\/www.uilscuolaemiliaromagna.it\/public\/er\/2020\/08\/22\/riapertura-delle-scuole-videoconferenza-con-il-presidente-stefano-bonaccini-e-lassessore-paola-salomoni\/","og_site_name":"Uil Scuola Emilia Romagna","article_published_time":"2020-08-22T09:40:41+00:00","article_modified_time":"2020-08-22T09:43:57+00:00","author":"admin","twitter_card":"summary_large_image","twitter_misc":{"Scritto da":"admin","Tempo di lettura stimato":"2 minuti"},"schema":{"@context":"https:\/\/schema.org","@graph":[{"@type":"Article","@id":"https:\/\/www.uilscuolaemiliaromagna.it\/public\/er\/2020\/08\/22\/riapertura-delle-scuole-videoconferenza-con-il-presidente-stefano-bonaccini-e-lassessore-paola-salomoni\/#article","isPartOf":{"@id":"https:\/\/www.uilscuolaemiliaromagna.it\/public\/er\/2020\/08\/22\/riapertura-delle-scuole-videoconferenza-con-il-presidente-stefano-bonaccini-e-lassessore-paola-salomoni\/"},"author":{"name":"admin","@id":"https:\/\/www.uilscuolaemiliaromagna.it\/public\/er\/#\/schema\/person\/f42878fd07a4b6ba2b7153d4fad5de5e"},"headline":"Riapertura delle scuole | videoconferenza con il Presidente Stefano Bonaccini e l&#8217;Assessore Paola Salomoni","datePublished":"2020-08-22T09:40:41+00:00","dateModified":"2020-08-22T09:43:57+00:00","mainEntityOfPage":{"@id":"https:\/\/www.uilscuolaemiliaromagna.it\/public\/er\/2020\/08\/22\/riapertura-delle-scuole-videoconferenza-con-il-presidente-stefano-bonaccini-e-lassessore-paola-salomoni\/"},"wordCount":365,"publisher":{"@id":"https:\/\/www.uilscuolaemiliaromagna.it\/public\/er\/#organization"},"articleSection":["ATA","Dirigenti","Notizie","Personale Docente"],"inLanguage":"it-IT"},{"@type":"WebPage","@id":"https:\/\/www.uilscuolaemiliaromagna.it\/public\/er\/2020\/08\/22\/riapertura-delle-scuole-videoconferenza-con-il-presidente-stefano-bonaccini-e-lassessore-paola-salomoni\/","url":"https:\/\/www.uilscuolaemiliaromagna.it\/public\/er\/2020\/08\/22\/riapertura-delle-scuole-videoconferenza-con-il-presidente-stefano-bonaccini-e-lassessore-paola-salomoni\/","name":"Riapertura delle scuole | videoconferenza con il Presidente Stefano Bonaccini e l'Assessore Paola Salomoni - Uil Scuola Emilia Romagna","isPartOf":{"@id":"https:\/\/www.uilscuolaemiliaromagna.it\/public\/er\/#website"},"datePublished":"2020-08-22T09:40:41+00:00","dateModified":"2020-08-22T09:43:57+00:00","breadcrumb":{"@id":"https:\/\/www.uilscuolaemiliaromagna.it\/public\/er\/2020\/08\/22\/riapertura-delle-scuole-videoconferenza-con-il-presidente-stefano-bonaccini-e-lassessore-paola-salomoni\/#breadcrumb"},"inLanguage":"it-IT","potentialAction":[{"@type":"ReadAction","target":["https:\/\/www.uilscuolaemiliaromagna.it\/public\/er\/2020\/08\/22\/riapertura-delle-scuole-videoconferenza-con-il-presidente-stefano-bonaccini-e-lassessore-paola-salomoni\/"]}]},{"@type":"BreadcrumbList","@id":"https:\/\/www.uilscuolaemiliaromagna.it\/public\/er\/2020\/08\/22\/riapertura-delle-scuole-videoconferenza-con-il-presidente-stefano-bonaccini-e-lassessore-paola-salomoni\/#breadcrumb","itemListElement":[{"@type":"ListItem","position":1,"name":"Home","item":"https:\/\/www.uilscuolaemiliaromagna.it\/public\/er\/"},{"@type":"ListItem","position":2,"name":"Riapertura delle scuole | videoconferenza con il Presidente Stefano Bonaccini e l&#8217;Assessore Paola Salomoni"}]},{"@type":"WebSite","@id":"https:\/\/www.uilscuolaemiliaromagna.it\/public\/er\/#website","url":"https:\/\/www.uilscuolaemiliaromagna.it\/public\/er\/","name":"Uil Scuola Emilia Romagna","description":"La voce libera della scuola","publisher":{"@id":"https:\/\/www.uilscuolaemiliaromagna.it\/public\/er\/#organization"},"potentialAction":[{"@type":"SearchAction","target":{"@type":"EntryPoint","urlTemplate":"https:\/\/www.uilscuolaemiliaromagna.it\/public\/er\/?s={search_term_string}"},"query-input":"required name=search_term_string"}],"inLanguage":"it-IT"},{"@type":"Organization","@id":"https:\/\/www.uilscuolaemiliaromagna.it\/public\/er\/#organization","name":"Uil Scuola Emilia Romagna","url":"https:\/\/www.uilscuolaemiliaromagna.it\/public\/er\/","logo":{"@type":"ImageObject","inLanguage":"it-IT","@id":"https:\/\/www.uilscuolaemiliaromagna.it\/public\/er\/#\/schema\/logo\/image\/","url":"https:\/\/www.uilscuolaemiliaromagna.it\/public\/er\/wp-content\/uploads\/2017\/04\/cropped-header.png","contentUrl":"https:\/\/www.uilscuolaemiliaromagna.it\/public\/er\/wp-content\/uploads\/2017\/04\/cropped-header.png","width":1000,"height":150,"caption":"Uil Scuola Emilia Romagna"},"image":{"@id":"https:\/\/www.uilscuolaemiliaromagna.it\/public\/er\/#\/schema\/logo\/image\/"}},{"@type":"Person","@id":"https:\/\/www.uilscuolaemiliaromagna.it\/public\/er\/#\/schema\/person\/f42878fd07a4b6ba2b7153d4fad5de5e","name":"admin","image":{"@type":"ImageObject","inLanguage":"it-IT","@id":"https:\/\/www.uilscuolaemiliaromagna.it\/public\/er\/#\/schema\/person\/image\/","url":"https:\/\/secure.gravatar.com\/avatar\/aebf815ae2f30ffdae8b8c247273d34c?s=96&d=mm&r=g","contentUrl":"https:\/\/secure.gravatar.com\/avatar\/aebf815ae2f30ffdae8b8c247273d34c?s=96&d=mm&r=g","caption":"admin"},"url":"https:\/\/www.uilscuolaemiliaromagna.it\/public\/er\/author\/admin\/"}]}},"views":668,"_links":{"self":[{"href":"https:\/\/www.uilscuolaemiliaromagna.it\/public\/er\/wp-json\/wp\/v2\/posts\/6570"}],"collection":[{"href":"https:\/\/www.uilscuolaemiliaromagna.it\/public\/er\/wp-json\/wp\/v2\/posts"}],"about":[{"href":"https:\/\/www.uilscuolaemiliaromagna.it\/public\/er\/wp-json\/wp\/v2\/types\/post"}],"author":[{"embeddable":true,"href":"https:\/\/www.uilscuolaemiliaromagna.it\/public\/er\/wp-json\/wp\/v2\/users\/1"}],"replies":[{"embeddable":true,"href":"https:\/\/www.uilscuolaemiliaromagna.it\/public\/er\/wp-json\/wp\/v2\/comments?post=6570"}],"version-history":[{"count":6,"href":"https:\/\/www.uilscuolaemiliaromagna.it\/public\/er\/wp-json\/wp\/v2\/posts\/6570\/revisions"}],"predecessor-version":[{"id":6581,"href":"https:\/\/www.uilscuolaemiliaromagna.it\/public\/er\/wp-json\/wp\/v2\/posts\/6570\/revisions\/6581"}],"wp:attachment":[{"href":"https:\/\/www.uilscuolaemiliaromagna.it\/public\/er\/wp-json\/wp\/v2\/media?parent=6570"}],"wp:term":[{"taxonomy":"category","embeddable":true,"href":"https:\/\/www.uilscuolaemiliaromagna.it\/public\/er\/wp-json\/wp\/v2\/categories?post=6570"},{"taxonomy":"post_tag","embeddable":true,"href":"https:\/\/www.uilscuolaemiliaromagna.it\/public\/er\/wp-json\/wp\/v2\/tags?post=6570"}],"curies":[{"name":"wp","href":"https:\/\/api.w.org\/{rel}","templated":true}]}}