{"id":6928,"date":"2020-10-05T18:19:16","date_gmt":"2020-10-05T16:19:16","guid":{"rendered":"http:\/\/www.uilscuolaemiliaromagna.it\/public\/er\/?p=6928"},"modified":"2020-10-06T11:21:29","modified_gmt":"2020-10-06T09:21:29","slug":"5-ottobre-giornata-mondiale-degli-insegnanti","status":"publish","type":"post","link":"https:\/\/www.uilscuolaemiliaromagna.it\/public\/er\/2020\/10\/05\/5-ottobre-giornata-mondiale-degli-insegnanti\/","title":{"rendered":"5 OTTOBRE \u2013 GIORNATA MONDIALE DEGLI INSEGNANTI"},"content":{"rendered":"<blockquote>\n<p style=\"text-align: justify;\"><em>E\u2019 dal 1994 che, ogni anno, l\u2019Unesco celebra la Giornata Mondiale degli insegnanti.<br \/>\nIl 5 ottobre, infatti, si commemora la sottoscrizione delle Raccomandazioni dell\u2019Unesco sullo status di insegnante con l\u2019obiettivo di mobilitare il sostegno agli insegnanti e di garantire che i bisogni delle future generazioni.\u00a0<\/em><\/p>\n<p style=\"text-align: justify;\"><img loading=\"lazy\" decoding=\"async\" class=\"size-medium wp-image-9699 alignleft\" src=\"https:\/\/uilscuola.it\/wp-content\/uploads\/2020\/10\/2020-IE-212x300.jpg\" sizes=\"(max-width: 212px) 100vw, 212px\" srcset=\"https:\/\/uilscuola.it\/wp-content\/uploads\/2020\/10\/2020-IE-212x300.jpg 212w, https:\/\/uilscuola.it\/wp-content\/uploads\/2020\/10\/2020-IE-724x1024.jpg 724w, https:\/\/uilscuola.it\/wp-content\/uploads\/2020\/10\/2020-IE-768x1086.jpg 768w, https:\/\/uilscuola.it\/wp-content\/uploads\/2020\/10\/2020-IE-1086x1536.jpg 1086w, https:\/\/uilscuola.it\/wp-content\/uploads\/2020\/10\/2020-IE-1448x2048.jpg 1448w, https:\/\/uilscuola.it\/wp-content\/uploads\/2020\/10\/2020-IE-scaled.jpg 1810w\" alt=\"\" width=\"212\" height=\"300\" \/><\/p>\n<p style=\"text-align: justify;\"><em>Questo giorno, diventato un appuntamento di rilevanza internazionale, \u00e8 l\u2019occasione per celebrare la professione di insegnante in tutto il mondo, per fare il punto sui risultati raggiunti e per affrontare alcune delle questioni fondamentali della professione docente.<\/em><\/p>\n<p style=\"text-align: justify;\"><em>Education International ospita oggi il pi\u00f9 grande incontro online di insegnanti mai realizzato. In occasione della Giornata mondiale degli insegnanti 2020, l\u2019evento celebra l\u2019impegno e la leadership degli educatori durante la crisi COVID-19.<br \/>\n<\/em><em>Dopo un anno segnato da interruzioni e crisi, gli insegnanti stanno assumendo la guida per effettuare un vero cambiamento nelle loro classi, comunit\u00e0 e in tutto il mondo. Il webcast di 24 ore ospitato da Education International riunisce insegnanti di tutto il mondo e include programmi in tutti i continenti.\u00a0<\/em><\/p>\n<p style=\"text-align: justify;\"><em>Nei link due video realizzati dalla Uil Scuola, disponibili sul nostro canale YouTube,\u00a0 sottotitolati in inglese, per essere proiettati nel corso di una video maratona mondiale promossa dalla IE.<\/em><\/p>\n<\/blockquote>\n<hr \/>\n<blockquote><p>I segni distintivi di modernit\u00e0 e di civilt\u00e0 di un paese si misurano dal suo sistema scolastico \u2013\u00a0<strong>osserva il segretario generale della Uil Scuola, Pino Turi.\u00a0<\/strong>Oggi tutti i sistemi scolastici sono sotto la morsa della pandemia e alla scuola \u00e8 chiesto di fare la propria parte.<\/p><\/blockquote>\n<p style=\"text-align: justify;\">Come accade in altri momenti della vita sociale ed economica, dove sono l\u2019istruzione e la cultura a fare la differenza, anche in questo momento difficile la scuola sar\u00e0\u00a0<em>dentro<\/em>\u00a0la societ\u00e0, sar\u00e0 protagonista e svolger\u00e0 il suo ruolo con responsabilit\u00e0, attenzione, consapevolezza anche come barriera all\u2019espandersi dell\u2019epidemia.<\/p>\n<p style=\"text-align: justify;\">Istruzione e cultura hanno come fulcro portante la professione docente, quella che serve alla civilt\u00e0 di un paese. Bisogna curarla e proteggerla dalle insidie della privatizzazione e dai condizionamenti politici che vorrebbero piegarla alle varie esigenze, ora del mercato, ora di un populismo senza scienza.<\/p>\n<p style=\"text-align: justify;\">L\u2019orgoglio di essere un docente libero, scevro da condizionamenti e pregiudizi ideologici, indica la strada del bravo docente che con scienza e coscienza cura l\u2019educazione dei suoi alunni.<\/p>\n<p style=\"text-align: justify;\">In questa giornata, superando ogni retorica, la UIL Scuola vuole essere vicina a tutti i docenti del mondo perch\u00e9 possano svolgere liberamente, senza condizionamenti e senza preoccupazioni il loro compito \u2013 come afferma il titolo di quest\u2019anno \u2013 leader in tempo e artefici del futuro.<\/p>\n<hr \/>\n<p style=\"text-align: justify;\">Il 2020 \u00e8 stato uno degli anni pi\u00f9 impegnativi della storia recente. Con oltre il 90% della popolazione studentesca mondiale che ha abbandonato la scuola al culmine della pandemia, l\u2019istruzione \u00e8 stata gravemente colpita dalla diffusione di Covid-19.<\/p>\n<blockquote><p><strong>David Edwards, Segretario generale dell\u2019Internazionale dell\u2019Educazione (IE)<\/strong>, ha dichiarato: \u00abSe c\u2019\u00e8 un messaggio che la crisi ha evidenziato \u00e8 che abbiamo dato per scontate troppe cose essenziali. La scuola e il suo ruolo fondamentale \u00e8 stato dato per scontato.<\/p><\/blockquote>\n<p style=\"text-align: justify;\">Gli insegnanti sono stati assolutamente eccezionali in questi tempi incredibilmente difficili. Ora \u00e8 il momento di stare insieme perch\u00e9 insieme abbiamo il potere di realizzare un vero cambiamento nel mondo. Siamo la professione dell\u2019insegnamento e dell\u2019apprendimento. Se il mondo deve imparare la lezione della pandemia, gli insegnanti devono prendere l\u2019iniziativa. Il 5 ottobre si comincia\u00bb<\/p>\n\n<div class=\"twitter-share\"><a href=\"https:\/\/twitter.com\/intent\/tweet?via=UILScuolaBO_ER\" class=\"twitter-share-button\" data-size=\"large\">Tweet<\/a><\/div>\n","protected":false},"excerpt":{"rendered":"<p>E\u2019 dal 1994 che, ogni anno, l\u2019Unesco celebra la Giornata Mondiale degli insegnanti. Il 5 ottobre, infatti, si commemora la sottoscrizione delle Raccomandazioni dell\u2019Unesco sullo &hellip; <\/p>\n","protected":false},"author":1,"featured_media":6930,"comment_status":"closed","ping_status":"open","sticky":false,"template":"","format":"standard","meta":{"footnotes":""},"categories":[12,6],"tags":[],"yoast_head":"<!-- This site is optimized with the Yoast SEO plugin v21.7 - https:\/\/yoast.com\/wordpress\/plugins\/seo\/ -->\r\n<title>5 OTTOBRE \u2013 GIORNATA MONDIALE DEGLI INSEGNANTI - Uil Scuola Emilia Romagna<\/title>\r\n<meta name=\"robots\" content=\"index, follow, max-snippet:-1, max-image-preview:large, max-video-preview:-1\" \/>\r\n<link rel=\"canonical\" href=\"https:\/\/www.uilscuolaemiliaromagna.it\/public\/er\/2020\/10\/05\/5-ottobre-giornata-mondiale-degli-insegnanti\/\" \/>\r\n<meta property=\"og:locale\" content=\"it_IT\" \/>\r\n<meta property=\"og:type\" content=\"article\" \/>\r\n<meta property=\"og:title\" content=\"5 OTTOBRE \u2013 GIORNATA MONDIALE DEGLI INSEGNANTI - Uil Scuola Emilia Romagna\" \/>\r\n<meta property=\"og:description\" content=\"E\u2019 dal 1994 che, ogni anno, l\u2019Unesco celebra la Giornata Mondiale degli insegnanti. Il 5 ottobre, infatti, si commemora la sottoscrizione delle Raccomandazioni dell\u2019Unesco sullo &hellip;\" \/>\r\n<meta property=\"og:url\" content=\"https:\/\/www.uilscuolaemiliaromagna.it\/public\/er\/2020\/10\/05\/5-ottobre-giornata-mondiale-degli-insegnanti\/\" \/>\r\n<meta property=\"og:site_name\" content=\"Uil Scuola Emilia Romagna\" \/>\r\n<meta property=\"article:published_time\" content=\"2020-10-05T16:19:16+00:00\" \/>\r\n<meta property=\"article:modified_time\" content=\"2020-10-06T09:21:29+00:00\" \/>\r\n<meta property=\"og:image\" content=\"https:\/\/www.uilscuolaemiliaromagna.it\/public\/er\/wp-content\/uploads\/2020\/10\/2020-IE-724x1024.jpg\" \/>\r\n\t<meta property=\"og:image:width\" content=\"724\" \/>\r\n\t<meta property=\"og:image:height\" content=\"1024\" \/>\r\n\t<meta property=\"og:image:type\" content=\"image\/jpeg\" \/>\r\n<meta name=\"author\" content=\"admin\" \/>\r\n<meta name=\"twitter:card\" content=\"summary_large_image\" \/>\r\n<meta name=\"twitter:label1\" content=\"Scritto da\" \/>\n\t<meta name=\"twitter:data1\" content=\"admin\" \/>\n\t<meta name=\"twitter:label2\" content=\"Tempo di lettura stimato\" \/>\n\t<meta name=\"twitter:data2\" content=\"3 minuti\" \/>\r\n<script type=\"application\/ld+json\" class=\"yoast-schema-graph\">{\"@context\":\"https:\/\/schema.org\",\"@graph\":[{\"@type\":\"Article\",\"@id\":\"https:\/\/www.uilscuolaemiliaromagna.it\/public\/er\/2020\/10\/05\/5-ottobre-giornata-mondiale-degli-insegnanti\/#article\",\"isPartOf\":{\"@id\":\"https:\/\/www.uilscuolaemiliaromagna.it\/public\/er\/2020\/10\/05\/5-ottobre-giornata-mondiale-degli-insegnanti\/\"},\"author\":{\"name\":\"admin\",\"@id\":\"https:\/\/www.uilscuolaemiliaromagna.it\/public\/er\/#\/schema\/person\/f42878fd07a4b6ba2b7153d4fad5de5e\"},\"headline\":\"5 OTTOBRE \u2013 GIORNATA MONDIALE DEGLI INSEGNANTI\",\"datePublished\":\"2020-10-05T16:19:16+00:00\",\"dateModified\":\"2020-10-06T09:21:29+00:00\",\"mainEntityOfPage\":{\"@id\":\"https:\/\/www.uilscuolaemiliaromagna.it\/public\/er\/2020\/10\/05\/5-ottobre-giornata-mondiale-degli-insegnanti\/\"},\"wordCount\":545,\"publisher\":{\"@id\":\"https:\/\/www.uilscuolaemiliaromagna.it\/public\/er\/#organization\"},\"articleSection\":[\"Notizie\",\"Personale Docente\"],\"inLanguage\":\"it-IT\"},{\"@type\":\"WebPage\",\"@id\":\"https:\/\/www.uilscuolaemiliaromagna.it\/public\/er\/2020\/10\/05\/5-ottobre-giornata-mondiale-degli-insegnanti\/\",\"url\":\"https:\/\/www.uilscuolaemiliaromagna.it\/public\/er\/2020\/10\/05\/5-ottobre-giornata-mondiale-degli-insegnanti\/\",\"name\":\"5 OTTOBRE \u2013 GIORNATA MONDIALE DEGLI INSEGNANTI - Uil Scuola Emilia Romagna\",\"isPartOf\":{\"@id\":\"https:\/\/www.uilscuolaemiliaromagna.it\/public\/er\/#website\"},\"datePublished\":\"2020-10-05T16:19:16+00:00\",\"dateModified\":\"2020-10-06T09:21:29+00:00\",\"breadcrumb\":{\"@id\":\"https:\/\/www.uilscuolaemiliaromagna.it\/public\/er\/2020\/10\/05\/5-ottobre-giornata-mondiale-degli-insegnanti\/#breadcrumb\"},\"inLanguage\":\"it-IT\",\"potentialAction\":[{\"@type\":\"ReadAction\",\"target\":[\"https:\/\/www.uilscuolaemiliaromagna.it\/public\/er\/2020\/10\/05\/5-ottobre-giornata-mondiale-degli-insegnanti\/\"]}]},{\"@type\":\"BreadcrumbList\",\"@id\":\"https:\/\/www.uilscuolaemiliaromagna.it\/public\/er\/2020\/10\/05\/5-ottobre-giornata-mondiale-degli-insegnanti\/#breadcrumb\",\"itemListElement\":[{\"@type\":\"ListItem\",\"position\":1,\"name\":\"Home\",\"item\":\"https:\/\/www.uilscuolaemiliaromagna.it\/public\/er\/\"},{\"@type\":\"ListItem\",\"position\":2,\"name\":\"5 OTTOBRE \u2013 GIORNATA MONDIALE DEGLI INSEGNANTI\"}]},{\"@type\":\"WebSite\",\"@id\":\"https:\/\/www.uilscuolaemiliaromagna.it\/public\/er\/#website\",\"url\":\"https:\/\/www.uilscuolaemiliaromagna.it\/public\/er\/\",\"name\":\"Uil Scuola Emilia Romagna\",\"description\":\"La voce libera della scuola\",\"publisher\":{\"@id\":\"https:\/\/www.uilscuolaemiliaromagna.it\/public\/er\/#organization\"},\"potentialAction\":[{\"@type\":\"SearchAction\",\"target\":{\"@type\":\"EntryPoint\",\"urlTemplate\":\"https:\/\/www.uilscuolaemiliaromagna.it\/public\/er\/?s={search_term_string}\"},\"query-input\":\"required name=search_term_string\"}],\"inLanguage\":\"it-IT\"},{\"@type\":\"Organization\",\"@id\":\"https:\/\/www.uilscuolaemiliaromagna.it\/public\/er\/#organization\",\"name\":\"Uil Scuola Emilia Romagna\",\"url\":\"https:\/\/www.uilscuolaemiliaromagna.it\/public\/er\/\",\"logo\":{\"@type\":\"ImageObject\",\"inLanguage\":\"it-IT\",\"@id\":\"https:\/\/www.uilscuolaemiliaromagna.it\/public\/er\/#\/schema\/logo\/image\/\",\"url\":\"https:\/\/www.uilscuolaemiliaromagna.it\/public\/er\/wp-content\/uploads\/2017\/04\/cropped-header.png\",\"contentUrl\":\"https:\/\/www.uilscuolaemiliaromagna.it\/public\/er\/wp-content\/uploads\/2017\/04\/cropped-header.png\",\"width\":1000,\"height\":150,\"caption\":\"Uil Scuola Emilia Romagna\"},\"image\":{\"@id\":\"https:\/\/www.uilscuolaemiliaromagna.it\/public\/er\/#\/schema\/logo\/image\/\"}},{\"@type\":\"Person\",\"@id\":\"https:\/\/www.uilscuolaemiliaromagna.it\/public\/er\/#\/schema\/person\/f42878fd07a4b6ba2b7153d4fad5de5e\",\"name\":\"admin\",\"image\":{\"@type\":\"ImageObject\",\"inLanguage\":\"it-IT\",\"@id\":\"https:\/\/www.uilscuolaemiliaromagna.it\/public\/er\/#\/schema\/person\/image\/\",\"url\":\"https:\/\/secure.gravatar.com\/avatar\/aebf815ae2f30ffdae8b8c247273d34c?s=96&d=mm&r=g\",\"contentUrl\":\"https:\/\/secure.gravatar.com\/avatar\/aebf815ae2f30ffdae8b8c247273d34c?s=96&d=mm&r=g\",\"caption\":\"admin\"},\"url\":\"https:\/\/www.uilscuolaemiliaromagna.it\/public\/er\/author\/admin\/\"}]}<\/script>\r\n<!-- \/ Yoast SEO plugin. -->","yoast_head_json":{"title":"5 OTTOBRE \u2013 GIORNATA MONDIALE DEGLI INSEGNANTI - Uil Scuola Emilia Romagna","robots":{"index":"index","follow":"follow","max-snippet":"max-snippet:-1","max-image-preview":"max-image-preview:large","max-video-preview":"max-video-preview:-1"},"canonical":"https:\/\/www.uilscuolaemiliaromagna.it\/public\/er\/2020\/10\/05\/5-ottobre-giornata-mondiale-degli-insegnanti\/","og_locale":"it_IT","og_type":"article","og_title":"5 OTTOBRE \u2013 GIORNATA MONDIALE DEGLI INSEGNANTI - Uil Scuola Emilia Romagna","og_description":"E\u2019 dal 1994 che, ogni anno, l\u2019Unesco celebra la Giornata Mondiale degli insegnanti. Il 5 ottobre, infatti, si commemora la sottoscrizione delle Raccomandazioni dell\u2019Unesco sullo &hellip;","og_url":"https:\/\/www.uilscuolaemiliaromagna.it\/public\/er\/2020\/10\/05\/5-ottobre-giornata-mondiale-degli-insegnanti\/","og_site_name":"Uil Scuola Emilia Romagna","article_published_time":"2020-10-05T16:19:16+00:00","article_modified_time":"2020-10-06T09:21:29+00:00","og_image":[{"width":724,"height":1024,"url":"https:\/\/www.uilscuolaemiliaromagna.it\/public\/er\/wp-content\/uploads\/2020\/10\/2020-IE-724x1024.jpg","type":"image\/jpeg"}],"author":"admin","twitter_card":"summary_large_image","twitter_misc":{"Scritto da":"admin","Tempo di lettura stimato":"3 minuti"},"schema":{"@context":"https:\/\/schema.org","@graph":[{"@type":"Article","@id":"https:\/\/www.uilscuolaemiliaromagna.it\/public\/er\/2020\/10\/05\/5-ottobre-giornata-mondiale-degli-insegnanti\/#article","isPartOf":{"@id":"https:\/\/www.uilscuolaemiliaromagna.it\/public\/er\/2020\/10\/05\/5-ottobre-giornata-mondiale-degli-insegnanti\/"},"author":{"name":"admin","@id":"https:\/\/www.uilscuolaemiliaromagna.it\/public\/er\/#\/schema\/person\/f42878fd07a4b6ba2b7153d4fad5de5e"},"headline":"5 OTTOBRE \u2013 GIORNATA MONDIALE DEGLI INSEGNANTI","datePublished":"2020-10-05T16:19:16+00:00","dateModified":"2020-10-06T09:21:29+00:00","mainEntityOfPage":{"@id":"https:\/\/www.uilscuolaemiliaromagna.it\/public\/er\/2020\/10\/05\/5-ottobre-giornata-mondiale-degli-insegnanti\/"},"wordCount":545,"publisher":{"@id":"https:\/\/www.uilscuolaemiliaromagna.it\/public\/er\/#organization"},"articleSection":["Notizie","Personale Docente"],"inLanguage":"it-IT"},{"@type":"WebPage","@id":"https:\/\/www.uilscuolaemiliaromagna.it\/public\/er\/2020\/10\/05\/5-ottobre-giornata-mondiale-degli-insegnanti\/","url":"https:\/\/www.uilscuolaemiliaromagna.it\/public\/er\/2020\/10\/05\/5-ottobre-giornata-mondiale-degli-insegnanti\/","name":"5 OTTOBRE \u2013 GIORNATA MONDIALE DEGLI INSEGNANTI - Uil Scuola Emilia Romagna","isPartOf":{"@id":"https:\/\/www.uilscuolaemiliaromagna.it\/public\/er\/#website"},"datePublished":"2020-10-05T16:19:16+00:00","dateModified":"2020-10-06T09:21:29+00:00","breadcrumb":{"@id":"https:\/\/www.uilscuolaemiliaromagna.it\/public\/er\/2020\/10\/05\/5-ottobre-giornata-mondiale-degli-insegnanti\/#breadcrumb"},"inLanguage":"it-IT","potentialAction":[{"@type":"ReadAction","target":["https:\/\/www.uilscuolaemiliaromagna.it\/public\/er\/2020\/10\/05\/5-ottobre-giornata-mondiale-degli-insegnanti\/"]}]},{"@type":"BreadcrumbList","@id":"https:\/\/www.uilscuolaemiliaromagna.it\/public\/er\/2020\/10\/05\/5-ottobre-giornata-mondiale-degli-insegnanti\/#breadcrumb","itemListElement":[{"@type":"ListItem","position":1,"name":"Home","item":"https:\/\/www.uilscuolaemiliaromagna.it\/public\/er\/"},{"@type":"ListItem","position":2,"name":"5 OTTOBRE \u2013 GIORNATA MONDIALE DEGLI INSEGNANTI"}]},{"@type":"WebSite","@id":"https:\/\/www.uilscuolaemiliaromagna.it\/public\/er\/#website","url":"https:\/\/www.uilscuolaemiliaromagna.it\/public\/er\/","name":"Uil Scuola Emilia Romagna","description":"La voce libera della scuola","publisher":{"@id":"https:\/\/www.uilscuolaemiliaromagna.it\/public\/er\/#organization"},"potentialAction":[{"@type":"SearchAction","target":{"@type":"EntryPoint","urlTemplate":"https:\/\/www.uilscuolaemiliaromagna.it\/public\/er\/?s={search_term_string}"},"query-input":"required name=search_term_string"}],"inLanguage":"it-IT"},{"@type":"Organization","@id":"https:\/\/www.uilscuolaemiliaromagna.it\/public\/er\/#organization","name":"Uil Scuola Emilia Romagna","url":"https:\/\/www.uilscuolaemiliaromagna.it\/public\/er\/","logo":{"@type":"ImageObject","inLanguage":"it-IT","@id":"https:\/\/www.uilscuolaemiliaromagna.it\/public\/er\/#\/schema\/logo\/image\/","url":"https:\/\/www.uilscuolaemiliaromagna.it\/public\/er\/wp-content\/uploads\/2017\/04\/cropped-header.png","contentUrl":"https:\/\/www.uilscuolaemiliaromagna.it\/public\/er\/wp-content\/uploads\/2017\/04\/cropped-header.png","width":1000,"height":150,"caption":"Uil Scuola Emilia Romagna"},"image":{"@id":"https:\/\/www.uilscuolaemiliaromagna.it\/public\/er\/#\/schema\/logo\/image\/"}},{"@type":"Person","@id":"https:\/\/www.uilscuolaemiliaromagna.it\/public\/er\/#\/schema\/person\/f42878fd07a4b6ba2b7153d4fad5de5e","name":"admin","image":{"@type":"ImageObject","inLanguage":"it-IT","@id":"https:\/\/www.uilscuolaemiliaromagna.it\/public\/er\/#\/schema\/person\/image\/","url":"https:\/\/secure.gravatar.com\/avatar\/aebf815ae2f30ffdae8b8c247273d34c?s=96&d=mm&r=g","contentUrl":"https:\/\/secure.gravatar.com\/avatar\/aebf815ae2f30ffdae8b8c247273d34c?s=96&d=mm&r=g","caption":"admin"},"url":"https:\/\/www.uilscuolaemiliaromagna.it\/public\/er\/author\/admin\/"}]}},"views":895,"_links":{"self":[{"href":"https:\/\/www.uilscuolaemiliaromagna.it\/public\/er\/wp-json\/wp\/v2\/posts\/6928"}],"collection":[{"href":"https:\/\/www.uilscuolaemiliaromagna.it\/public\/er\/wp-json\/wp\/v2\/posts"}],"about":[{"href":"https:\/\/www.uilscuolaemiliaromagna.it\/public\/er\/wp-json\/wp\/v2\/types\/post"}],"author":[{"embeddable":true,"href":"https:\/\/www.uilscuolaemiliaromagna.it\/public\/er\/wp-json\/wp\/v2\/users\/1"}],"replies":[{"embeddable":true,"href":"https:\/\/www.uilscuolaemiliaromagna.it\/public\/er\/wp-json\/wp\/v2\/comments?post=6928"}],"version-history":[{"count":1,"href":"https:\/\/www.uilscuolaemiliaromagna.it\/public\/er\/wp-json\/wp\/v2\/posts\/6928\/revisions"}],"predecessor-version":[{"id":6929,"href":"https:\/\/www.uilscuolaemiliaromagna.it\/public\/er\/wp-json\/wp\/v2\/posts\/6928\/revisions\/6929"}],"wp:featuredmedia":[{"embeddable":true,"href":"https:\/\/www.uilscuolaemiliaromagna.it\/public\/er\/wp-json\/wp\/v2\/media\/6930"}],"wp:attachment":[{"href":"https:\/\/www.uilscuolaemiliaromagna.it\/public\/er\/wp-json\/wp\/v2\/media?parent=6928"}],"wp:term":[{"taxonomy":"category","embeddable":true,"href":"https:\/\/www.uilscuolaemiliaromagna.it\/public\/er\/wp-json\/wp\/v2\/categories?post=6928"},{"taxonomy":"post_tag","embeddable":true,"href":"https:\/\/www.uilscuolaemiliaromagna.it\/public\/er\/wp-json\/wp\/v2\/tags?post=6928"}],"curies":[{"name":"wp","href":"https:\/\/api.w.org\/{rel}","templated":true}]}}