{"id":7134,"date":"2020-10-30T11:08:29","date_gmt":"2020-10-30T10:08:29","guid":{"rendered":"http:\/\/www.uilscuolaemiliaromagna.it\/public\/er\/?p=7134"},"modified":"2020-10-30T11:09:34","modified_gmt":"2020-10-30T10:09:34","slug":"conferenza-segretari-regionali-sicurezza-e-lavoro-sono-le-parole-chiave-per-gestire-questo-momento","status":"publish","type":"post","link":"https:\/\/www.uilscuolaemiliaromagna.it\/public\/er\/2020\/10\/30\/conferenza-segretari-regionali-sicurezza-e-lavoro-sono-le-parole-chiave-per-gestire-questo-momento\/","title":{"rendered":"CONFERENZA SEGRETARI REGIONALI | Sicurezza e lavoro sono le parole chiave per gestire questo momento"},"content":{"rendered":"<blockquote>\n<p style=\"text-align: justify;\"><em>Se non cambia il Governo, deve cambiare la politica di questo Governo che ora, per la scuola, \u00e8 fallimentare. Non solo problemi di metodo ma anche di merito.<br \/>\n<\/em><em>Cinque i punti di analisi della posizione Uil Scuola, affrontati nel corso della Conferenza nazionale dei segretari regionali di questa mattina.<\/em><\/p>\n<\/blockquote>\n<ol style=\"text-align: justify;\">\n<li><strong>Le politiche per il personale<br \/>\n<\/strong>Fin dall\u2019inizio del mandato abbiamo chiesto al ministro Azzolina la direzione delle politiche del suo dicastero in favore del personale e dato la nostra disponibilit\u00e0 al confronto.<br \/>\nAbbiamo sottoscritto il protocollo per tenere gli esami di stato in presenza e successivamente quello per l\u2019apertura delle scuole in presenza e in sicurezza.<strong><br \/>\n<\/strong>Abbiamo dovuto registrare atti e scelte unilaterali, tali da avere dato vita ad uno sciopero generale e diverse manifestazioni in favore del personale in particolare di quello precario.<br \/>\nRegistriamo, da mesi, un accanimento\u00a0<em>contro\u00a0<\/em>il personale: prima con i precari (GPS, modifica tabella valutazione supplenze\u2026), poi con i DSGA facenti funzioni, nella gestione dei provvedimenti amministrativi e soprattutto nella mancanza di relazioni sindacali.<br \/>\nGli accordi in essere sono stati disattesi e le intese firmate sono rimaste senza alcuna applicazione concreta.<\/li>\n<li><strong>Concorso straordinario<br \/>\n<\/strong>La non praticabilit\u00e0 di un concorso in piena pandemia \u00e8 ormai accertata. Dopo incontri, sollecitazioni, proteste, sit-in, documenti inviati alle prefetture, proposte parlamentari, ricorso al giudice amministrativo, la decisione autocratica del ministro di far svolgere comunque le prove concorsuali, senza nemmeno la previsione di prove suppletive, mostra quanto il percorso tracciato sia pi\u00f9 ideologico che meritocratico. Vanno trovate soluzioni rapide alla condizione di migliaia di insegnanti precari con esperienza pluriennale che non potranno partecipare al concorso loro riservato. Resta valida la proposta sindacale di un concorso per titoli con esame finale.<\/li>\n<li><strong>Sicurezza nelle scuole<br \/>\n<\/strong>La responsabilit\u00e0 dell\u2019azione sindacale non \u00e8 mai venuta meno nonostante le pessime relazioni istituzionali. Due accordi per la sicurezza sono stati sottoscritti: il primo per gli Esami di Stato ha dato i risultati per i quali era stato predisposto. Il secondo per il rientro in sicurezza, nonostante le previsioni del Tavolo nazionale e di quelli regionali, non \u00e8 stato mai applicato. Il risultato \u00e8 quello attuale: le scuole chiudono a macchia di leopardo, azioni non concordate, Governo e Regioni alla stretta del confronto sulle misure da applicare. Servivano e servono ancora presidi sanitari e di tracciamento nelle scuole al fine di garantire la sicurezza di tutto il personale e degli alunni, che oggi non avviene. Lo abbiamo detto: \u201cscuola vaso di coccio tra vasi di ferro\u201d.<\/li>\n<li><strong>Didattica in presenza e didattica a distanza<br \/>\n<\/strong>Fin dall\u2019inizio abbiamo sostenuto la centralit\u00e0 della scuola in presenza. Indispensabile. Abbiamo anche corso il rischio di essere giudicati poco innovativi, poco moderni. La scelta, che confermiamo, era di puntare sugli insegnanti, sulla loro professionalit\u00e0, responsabilit\u00e0, libert\u00e0 di insegnamento e di pensiero. Insegnare \u00e8 diverso da tenere gli studenti a scuola.<br \/>\nInsegnare non \u00e8 accendere desktop o schermi di cellulari, ma accendere idee, fare domande e svegliare dubbi.\u00a0 Nonostante la criticit\u00e0 delle circostanze, i Dirigenti Scolastici e i nostri insegnanti, con tenacia, fiducia, resilienza e impegno hanno inventato la Dad, con le loro risorse, i loro strumenti, la loro rete di connessione.\u00a0 Oggi questo lavoro sembra dimenticato e alla gratitudine si stanno sostituendo gli obblighi scaricando sui tutte le responsabilit\u00e0 sui Dirigenti Scolastici e su tutto il personale. Gestire la sicurezza a scuola, tutelare la vita delle persone e il loro lavoro \u00e8 nostro impegno prioritario.<\/li>\n<li><strong>Contratto integrativo sulla didattica a distanza<br \/>\n<\/strong>Un contratto \u00e8 una mediazione, uno scambio. Alla rigidit\u00e0 delle norme e dei provvedimenti amministrativi \u00e8 preferibile e utile il contratto, quale strumento flessibile per eccellenza e di tutela per i lavoratori. Dobbiamo uscire dall\u2019ideologia che vede il lavoro a scuola, sicuro, gestibile, assicurato e facile. Non \u00e8 cos\u00ec.<br \/>\nI temi da affrontare sono complessi cos\u00ec come la situazione contingente: salute, sicurezza sul lavoro, privacy, piattaforme informatiche, diritti immagine, strumenti, tempi, nuove modalit\u00e0 di lavoro per i diversi profili professionali.<br \/>\nUn contratto che non affronta i nodi cruciali delle tutele ai lavoratori. I \u201cfragili\u201d ostinatamente ignorati. I quarantenati, che seppur non contagiati, vivono condizioni familiari e personali psicologicamente pesanti, affatto considerate.<\/li>\n<\/ol>\n<p style=\"text-align: justify;\">I dirigenti scolastici che si vedono consegnare una gestione sempre pi\u00f9 esplosiva, complicata da nuovi problemi e da nessuna soluzione, rispondono direttamente della sicurezza dei luoghi di lavoro e dei lavoratori.<\/p>\n<p style=\"text-align: justify;\">Su questi temi non si possono accettare ultimatum e trattative gestite alla bisogna.<br \/>\nLa contrattazione, che obbliga reciprocamente le parti, non pu\u00f2 essere imposta, va condivisa. No a contratti per adesione, ma per convinzione<\/p>\n<p style=\"text-align: justify;\">Bisogna parlare con il linguaggio della verit\u00e0, chiedendo a tutti i segretari regionali di ascoltare con attenzione le richieste e le difficolt\u00e0 delle persone che tutti i giorni vivono la scuola. A loro vanno date risposte.<\/p>\n<p style=\"text-align: justify;\">Servono scelte politiche che pongano al centro la salute delle persone, la sicurezza dei lavoratori e degli studenti. Va superato l\u2019attacco ideologico al lavoro dipendente.<br \/>\nIn prima linea, oggi come nei mesi scorsi, resta il personale della scuola che ha fatto di tutto per consentire il ritorno in classe di milioni di studenti.<\/p>\n<p style=\"text-align: justify;\">Usciamo dalla realt\u00e0 virtuale, dalle narrazioni della politica che non consentono mediazioni e misure adatte al momento che stiamo vivendo. E affrontiamo la realt\u00e0.<\/p>\n<p style=\"text-align: justify;\">Non si pu\u00f2 guardare alla scuola con gli occhiali del secolo breve, lenti vecchie. Siamo abbastanza\u00a0<em>antichi<\/em>\u00a0per sapere che non si firmano ultimatum.<\/p>\n<p style=\"text-align: justify;\">Quello sulla Dad non \u00e8 un contratto \u00e8 un decreto che invece di semplificare e dettare regole precise, genera confusione per la gestione delle scuole. Vanno poste le basi per un vero contratto professionale. La UIL Scuola esprime ancora disponibilit\u00e0 a patto che si inverta la politica dirigista e si adotti quella del confronto.<\/p>\n<p style=\"text-align: justify;\">La conferenza Nazionale dei Segretari Regionali, impegna con questo documento, la Segreteria nazionale a proseguire su questo percorso che interpreta la\u00a0 identit\u00e0 e il modo di fare della UIL Scuola teso ad unire piuttosto che dividere.<\/p>\n<p style=\"text-align: justify;\">La categoria vive un momento di difficolt\u00e0, per cui serve\u00a0 continuit\u00e0 di azione sindacale in funzione dei valori e delle prerogative che sono alla base dell\u2019identit\u00e0 culturale dell\u2019Organizzazione che deve rappresentare un punto solido di riferimento che contribuisca a eliminare angosce che consentono la dovuta serenit\u00e0 per svolgere un lavoro cos\u00ec delicato come quello chiesto alla scuola della costituzione.<\/p>\n\n<div class=\"twitter-share\"><a href=\"https:\/\/twitter.com\/intent\/tweet?via=UILScuolaBO_ER\" class=\"twitter-share-button\" data-size=\"large\">Tweet<\/a><\/div>\n","protected":false},"excerpt":{"rendered":"<p>Se non cambia il Governo, deve cambiare la politica di questo Governo che ora, per la scuola, \u00e8 fallimentare. Non solo problemi di metodo ma &hellip; <\/p>\n","protected":false},"author":1,"featured_media":6814,"comment_status":"closed","ping_status":"open","sticky":false,"template":"","format":"standard","meta":{"footnotes":""},"categories":[2,3,12,6],"tags":[],"yoast_head":"<!-- This site is optimized with the Yoast SEO plugin v21.7 - https:\/\/yoast.com\/wordpress\/plugins\/seo\/ -->\r\n<title>CONFERENZA SEGRETARI REGIONALI | Sicurezza e lavoro sono le parole chiave per gestire questo momento - Uil Scuola Emilia Romagna<\/title>\r\n<meta name=\"robots\" content=\"index, follow, max-snippet:-1, max-image-preview:large, max-video-preview:-1\" \/>\r\n<link rel=\"canonical\" href=\"https:\/\/www.uilscuolaemiliaromagna.it\/public\/er\/2020\/10\/30\/conferenza-segretari-regionali-sicurezza-e-lavoro-sono-le-parole-chiave-per-gestire-questo-momento\/\" \/>\r\n<meta property=\"og:locale\" content=\"it_IT\" \/>\r\n<meta property=\"og:type\" content=\"article\" \/>\r\n<meta property=\"og:title\" content=\"CONFERENZA SEGRETARI REGIONALI | Sicurezza e lavoro sono le parole chiave per gestire questo momento - Uil Scuola Emilia Romagna\" \/>\r\n<meta property=\"og:description\" content=\"Se non cambia il Governo, deve cambiare la politica di questo Governo che ora, per la scuola, \u00e8 fallimentare. Non solo problemi di metodo ma &hellip;\" \/>\r\n<meta property=\"og:url\" content=\"https:\/\/www.uilscuolaemiliaromagna.it\/public\/er\/2020\/10\/30\/conferenza-segretari-regionali-sicurezza-e-lavoro-sono-le-parole-chiave-per-gestire-questo-momento\/\" \/>\r\n<meta property=\"og:site_name\" content=\"Uil Scuola Emilia Romagna\" \/>\r\n<meta property=\"article:published_time\" content=\"2020-10-30T10:08:29+00:00\" \/>\r\n<meta property=\"article:modified_time\" content=\"2020-10-30T10:09:34+00:00\" \/>\r\n<meta property=\"og:image\" content=\"https:\/\/www.uilscuolaemiliaromagna.it\/public\/er\/wp-content\/uploads\/2020\/10\/ata-cs-2.jpg\" \/>\r\n\t<meta property=\"og:image:width\" content=\"800\" \/>\r\n\t<meta property=\"og:image:height\" content=\"500\" \/>\r\n\t<meta property=\"og:image:type\" content=\"image\/jpeg\" \/>\r\n<meta name=\"author\" content=\"admin\" \/>\r\n<meta name=\"twitter:card\" content=\"summary_large_image\" \/>\r\n<meta name=\"twitter:label1\" content=\"Scritto da\" \/>\n\t<meta name=\"twitter:data1\" content=\"admin\" \/>\n\t<meta name=\"twitter:label2\" content=\"Tempo di lettura stimato\" \/>\n\t<meta name=\"twitter:data2\" content=\"5 minuti\" \/>\r\n<script type=\"application\/ld+json\" class=\"yoast-schema-graph\">{\"@context\":\"https:\/\/schema.org\",\"@graph\":[{\"@type\":\"Article\",\"@id\":\"https:\/\/www.uilscuolaemiliaromagna.it\/public\/er\/2020\/10\/30\/conferenza-segretari-regionali-sicurezza-e-lavoro-sono-le-parole-chiave-per-gestire-questo-momento\/#article\",\"isPartOf\":{\"@id\":\"https:\/\/www.uilscuolaemiliaromagna.it\/public\/er\/2020\/10\/30\/conferenza-segretari-regionali-sicurezza-e-lavoro-sono-le-parole-chiave-per-gestire-questo-momento\/\"},\"author\":{\"name\":\"admin\",\"@id\":\"https:\/\/www.uilscuolaemiliaromagna.it\/public\/er\/#\/schema\/person\/f42878fd07a4b6ba2b7153d4fad5de5e\"},\"headline\":\"CONFERENZA SEGRETARI REGIONALI | Sicurezza e lavoro sono le parole chiave per gestire questo momento\",\"datePublished\":\"2020-10-30T10:08:29+00:00\",\"dateModified\":\"2020-10-30T10:09:34+00:00\",\"mainEntityOfPage\":{\"@id\":\"https:\/\/www.uilscuolaemiliaromagna.it\/public\/er\/2020\/10\/30\/conferenza-segretari-regionali-sicurezza-e-lavoro-sono-le-parole-chiave-per-gestire-questo-momento\/\"},\"wordCount\":1037,\"publisher\":{\"@id\":\"https:\/\/www.uilscuolaemiliaromagna.it\/public\/er\/#organization\"},\"articleSection\":[\"ATA\",\"Dirigenti\",\"Notizie\",\"Personale Docente\"],\"inLanguage\":\"it-IT\"},{\"@type\":\"WebPage\",\"@id\":\"https:\/\/www.uilscuolaemiliaromagna.it\/public\/er\/2020\/10\/30\/conferenza-segretari-regionali-sicurezza-e-lavoro-sono-le-parole-chiave-per-gestire-questo-momento\/\",\"url\":\"https:\/\/www.uilscuolaemiliaromagna.it\/public\/er\/2020\/10\/30\/conferenza-segretari-regionali-sicurezza-e-lavoro-sono-le-parole-chiave-per-gestire-questo-momento\/\",\"name\":\"CONFERENZA SEGRETARI REGIONALI | Sicurezza e lavoro sono le parole chiave per gestire questo momento - Uil Scuola Emilia Romagna\",\"isPartOf\":{\"@id\":\"https:\/\/www.uilscuolaemiliaromagna.it\/public\/er\/#website\"},\"datePublished\":\"2020-10-30T10:08:29+00:00\",\"dateModified\":\"2020-10-30T10:09:34+00:00\",\"breadcrumb\":{\"@id\":\"https:\/\/www.uilscuolaemiliaromagna.it\/public\/er\/2020\/10\/30\/conferenza-segretari-regionali-sicurezza-e-lavoro-sono-le-parole-chiave-per-gestire-questo-momento\/#breadcrumb\"},\"inLanguage\":\"it-IT\",\"potentialAction\":[{\"@type\":\"ReadAction\",\"target\":[\"https:\/\/www.uilscuolaemiliaromagna.it\/public\/er\/2020\/10\/30\/conferenza-segretari-regionali-sicurezza-e-lavoro-sono-le-parole-chiave-per-gestire-questo-momento\/\"]}]},{\"@type\":\"BreadcrumbList\",\"@id\":\"https:\/\/www.uilscuolaemiliaromagna.it\/public\/er\/2020\/10\/30\/conferenza-segretari-regionali-sicurezza-e-lavoro-sono-le-parole-chiave-per-gestire-questo-momento\/#breadcrumb\",\"itemListElement\":[{\"@type\":\"ListItem\",\"position\":1,\"name\":\"Home\",\"item\":\"https:\/\/www.uilscuolaemiliaromagna.it\/public\/er\/\"},{\"@type\":\"ListItem\",\"position\":2,\"name\":\"CONFERENZA SEGRETARI REGIONALI | Sicurezza e lavoro sono le parole chiave per gestire questo momento\"}]},{\"@type\":\"WebSite\",\"@id\":\"https:\/\/www.uilscuolaemiliaromagna.it\/public\/er\/#website\",\"url\":\"https:\/\/www.uilscuolaemiliaromagna.it\/public\/er\/\",\"name\":\"Uil Scuola Emilia Romagna\",\"description\":\"La voce libera della scuola\",\"publisher\":{\"@id\":\"https:\/\/www.uilscuolaemiliaromagna.it\/public\/er\/#organization\"},\"potentialAction\":[{\"@type\":\"SearchAction\",\"target\":{\"@type\":\"EntryPoint\",\"urlTemplate\":\"https:\/\/www.uilscuolaemiliaromagna.it\/public\/er\/?s={search_term_string}\"},\"query-input\":\"required name=search_term_string\"}],\"inLanguage\":\"it-IT\"},{\"@type\":\"Organization\",\"@id\":\"https:\/\/www.uilscuolaemiliaromagna.it\/public\/er\/#organization\",\"name\":\"Uil Scuola Emilia Romagna\",\"url\":\"https:\/\/www.uilscuolaemiliaromagna.it\/public\/er\/\",\"logo\":{\"@type\":\"ImageObject\",\"inLanguage\":\"it-IT\",\"@id\":\"https:\/\/www.uilscuolaemiliaromagna.it\/public\/er\/#\/schema\/logo\/image\/\",\"url\":\"https:\/\/www.uilscuolaemiliaromagna.it\/public\/er\/wp-content\/uploads\/2017\/04\/cropped-header.png\",\"contentUrl\":\"https:\/\/www.uilscuolaemiliaromagna.it\/public\/er\/wp-content\/uploads\/2017\/04\/cropped-header.png\",\"width\":1000,\"height\":150,\"caption\":\"Uil Scuola Emilia Romagna\"},\"image\":{\"@id\":\"https:\/\/www.uilscuolaemiliaromagna.it\/public\/er\/#\/schema\/logo\/image\/\"}},{\"@type\":\"Person\",\"@id\":\"https:\/\/www.uilscuolaemiliaromagna.it\/public\/er\/#\/schema\/person\/f42878fd07a4b6ba2b7153d4fad5de5e\",\"name\":\"admin\",\"image\":{\"@type\":\"ImageObject\",\"inLanguage\":\"it-IT\",\"@id\":\"https:\/\/www.uilscuolaemiliaromagna.it\/public\/er\/#\/schema\/person\/image\/\",\"url\":\"https:\/\/secure.gravatar.com\/avatar\/aebf815ae2f30ffdae8b8c247273d34c?s=96&d=mm&r=g\",\"contentUrl\":\"https:\/\/secure.gravatar.com\/avatar\/aebf815ae2f30ffdae8b8c247273d34c?s=96&d=mm&r=g\",\"caption\":\"admin\"},\"url\":\"https:\/\/www.uilscuolaemiliaromagna.it\/public\/er\/author\/admin\/\"}]}<\/script>\r\n<!-- \/ Yoast SEO plugin. -->","yoast_head_json":{"title":"CONFERENZA SEGRETARI REGIONALI | Sicurezza e lavoro sono le parole chiave per gestire questo momento - Uil Scuola Emilia Romagna","robots":{"index":"index","follow":"follow","max-snippet":"max-snippet:-1","max-image-preview":"max-image-preview:large","max-video-preview":"max-video-preview:-1"},"canonical":"https:\/\/www.uilscuolaemiliaromagna.it\/public\/er\/2020\/10\/30\/conferenza-segretari-regionali-sicurezza-e-lavoro-sono-le-parole-chiave-per-gestire-questo-momento\/","og_locale":"it_IT","og_type":"article","og_title":"CONFERENZA SEGRETARI REGIONALI | Sicurezza e lavoro sono le parole chiave per gestire questo momento - Uil Scuola Emilia Romagna","og_description":"Se non cambia il Governo, deve cambiare la politica di questo Governo che ora, per la scuola, \u00e8 fallimentare. Non solo problemi di metodo ma &hellip;","og_url":"https:\/\/www.uilscuolaemiliaromagna.it\/public\/er\/2020\/10\/30\/conferenza-segretari-regionali-sicurezza-e-lavoro-sono-le-parole-chiave-per-gestire-questo-momento\/","og_site_name":"Uil Scuola Emilia Romagna","article_published_time":"2020-10-30T10:08:29+00:00","article_modified_time":"2020-10-30T10:09:34+00:00","og_image":[{"width":800,"height":500,"url":"https:\/\/www.uilscuolaemiliaromagna.it\/public\/er\/wp-content\/uploads\/2020\/10\/ata-cs-2.jpg","type":"image\/jpeg"}],"author":"admin","twitter_card":"summary_large_image","twitter_misc":{"Scritto da":"admin","Tempo di lettura stimato":"5 minuti"},"schema":{"@context":"https:\/\/schema.org","@graph":[{"@type":"Article","@id":"https:\/\/www.uilscuolaemiliaromagna.it\/public\/er\/2020\/10\/30\/conferenza-segretari-regionali-sicurezza-e-lavoro-sono-le-parole-chiave-per-gestire-questo-momento\/#article","isPartOf":{"@id":"https:\/\/www.uilscuolaemiliaromagna.it\/public\/er\/2020\/10\/30\/conferenza-segretari-regionali-sicurezza-e-lavoro-sono-le-parole-chiave-per-gestire-questo-momento\/"},"author":{"name":"admin","@id":"https:\/\/www.uilscuolaemiliaromagna.it\/public\/er\/#\/schema\/person\/f42878fd07a4b6ba2b7153d4fad5de5e"},"headline":"CONFERENZA SEGRETARI REGIONALI | Sicurezza e lavoro sono le parole chiave per gestire questo momento","datePublished":"2020-10-30T10:08:29+00:00","dateModified":"2020-10-30T10:09:34+00:00","mainEntityOfPage":{"@id":"https:\/\/www.uilscuolaemiliaromagna.it\/public\/er\/2020\/10\/30\/conferenza-segretari-regionali-sicurezza-e-lavoro-sono-le-parole-chiave-per-gestire-questo-momento\/"},"wordCount":1037,"publisher":{"@id":"https:\/\/www.uilscuolaemiliaromagna.it\/public\/er\/#organization"},"articleSection":["ATA","Dirigenti","Notizie","Personale Docente"],"inLanguage":"it-IT"},{"@type":"WebPage","@id":"https:\/\/www.uilscuolaemiliaromagna.it\/public\/er\/2020\/10\/30\/conferenza-segretari-regionali-sicurezza-e-lavoro-sono-le-parole-chiave-per-gestire-questo-momento\/","url":"https:\/\/www.uilscuolaemiliaromagna.it\/public\/er\/2020\/10\/30\/conferenza-segretari-regionali-sicurezza-e-lavoro-sono-le-parole-chiave-per-gestire-questo-momento\/","name":"CONFERENZA SEGRETARI REGIONALI | Sicurezza e lavoro sono le parole chiave per gestire questo momento - Uil Scuola Emilia Romagna","isPartOf":{"@id":"https:\/\/www.uilscuolaemiliaromagna.it\/public\/er\/#website"},"datePublished":"2020-10-30T10:08:29+00:00","dateModified":"2020-10-30T10:09:34+00:00","breadcrumb":{"@id":"https:\/\/www.uilscuolaemiliaromagna.it\/public\/er\/2020\/10\/30\/conferenza-segretari-regionali-sicurezza-e-lavoro-sono-le-parole-chiave-per-gestire-questo-momento\/#breadcrumb"},"inLanguage":"it-IT","potentialAction":[{"@type":"ReadAction","target":["https:\/\/www.uilscuolaemiliaromagna.it\/public\/er\/2020\/10\/30\/conferenza-segretari-regionali-sicurezza-e-lavoro-sono-le-parole-chiave-per-gestire-questo-momento\/"]}]},{"@type":"BreadcrumbList","@id":"https:\/\/www.uilscuolaemiliaromagna.it\/public\/er\/2020\/10\/30\/conferenza-segretari-regionali-sicurezza-e-lavoro-sono-le-parole-chiave-per-gestire-questo-momento\/#breadcrumb","itemListElement":[{"@type":"ListItem","position":1,"name":"Home","item":"https:\/\/www.uilscuolaemiliaromagna.it\/public\/er\/"},{"@type":"ListItem","position":2,"name":"CONFERENZA SEGRETARI REGIONALI | Sicurezza e lavoro sono le parole chiave per gestire questo momento"}]},{"@type":"WebSite","@id":"https:\/\/www.uilscuolaemiliaromagna.it\/public\/er\/#website","url":"https:\/\/www.uilscuolaemiliaromagna.it\/public\/er\/","name":"Uil Scuola Emilia Romagna","description":"La voce libera della scuola","publisher":{"@id":"https:\/\/www.uilscuolaemiliaromagna.it\/public\/er\/#organization"},"potentialAction":[{"@type":"SearchAction","target":{"@type":"EntryPoint","urlTemplate":"https:\/\/www.uilscuolaemiliaromagna.it\/public\/er\/?s={search_term_string}"},"query-input":"required name=search_term_string"}],"inLanguage":"it-IT"},{"@type":"Organization","@id":"https:\/\/www.uilscuolaemiliaromagna.it\/public\/er\/#organization","name":"Uil Scuola Emilia Romagna","url":"https:\/\/www.uilscuolaemiliaromagna.it\/public\/er\/","logo":{"@type":"ImageObject","inLanguage":"it-IT","@id":"https:\/\/www.uilscuolaemiliaromagna.it\/public\/er\/#\/schema\/logo\/image\/","url":"https:\/\/www.uilscuolaemiliaromagna.it\/public\/er\/wp-content\/uploads\/2017\/04\/cropped-header.png","contentUrl":"https:\/\/www.uilscuolaemiliaromagna.it\/public\/er\/wp-content\/uploads\/2017\/04\/cropped-header.png","width":1000,"height":150,"caption":"Uil Scuola Emilia Romagna"},"image":{"@id":"https:\/\/www.uilscuolaemiliaromagna.it\/public\/er\/#\/schema\/logo\/image\/"}},{"@type":"Person","@id":"https:\/\/www.uilscuolaemiliaromagna.it\/public\/er\/#\/schema\/person\/f42878fd07a4b6ba2b7153d4fad5de5e","name":"admin","image":{"@type":"ImageObject","inLanguage":"it-IT","@id":"https:\/\/www.uilscuolaemiliaromagna.it\/public\/er\/#\/schema\/person\/image\/","url":"https:\/\/secure.gravatar.com\/avatar\/aebf815ae2f30ffdae8b8c247273d34c?s=96&d=mm&r=g","contentUrl":"https:\/\/secure.gravatar.com\/avatar\/aebf815ae2f30ffdae8b8c247273d34c?s=96&d=mm&r=g","caption":"admin"},"url":"https:\/\/www.uilscuolaemiliaromagna.it\/public\/er\/author\/admin\/"}]}},"views":781,"_links":{"self":[{"href":"https:\/\/www.uilscuolaemiliaromagna.it\/public\/er\/wp-json\/wp\/v2\/posts\/7134"}],"collection":[{"href":"https:\/\/www.uilscuolaemiliaromagna.it\/public\/er\/wp-json\/wp\/v2\/posts"}],"about":[{"href":"https:\/\/www.uilscuolaemiliaromagna.it\/public\/er\/wp-json\/wp\/v2\/types\/post"}],"author":[{"embeddable":true,"href":"https:\/\/www.uilscuolaemiliaromagna.it\/public\/er\/wp-json\/wp\/v2\/users\/1"}],"replies":[{"embeddable":true,"href":"https:\/\/www.uilscuolaemiliaromagna.it\/public\/er\/wp-json\/wp\/v2\/comments?post=7134"}],"version-history":[{"count":1,"href":"https:\/\/www.uilscuolaemiliaromagna.it\/public\/er\/wp-json\/wp\/v2\/posts\/7134\/revisions"}],"predecessor-version":[{"id":7135,"href":"https:\/\/www.uilscuolaemiliaromagna.it\/public\/er\/wp-json\/wp\/v2\/posts\/7134\/revisions\/7135"}],"wp:featuredmedia":[{"embeddable":true,"href":"https:\/\/www.uilscuolaemiliaromagna.it\/public\/er\/wp-json\/wp\/v2\/media\/6814"}],"wp:attachment":[{"href":"https:\/\/www.uilscuolaemiliaromagna.it\/public\/er\/wp-json\/wp\/v2\/media?parent=7134"}],"wp:term":[{"taxonomy":"category","embeddable":true,"href":"https:\/\/www.uilscuolaemiliaromagna.it\/public\/er\/wp-json\/wp\/v2\/categories?post=7134"},{"taxonomy":"post_tag","embeddable":true,"href":"https:\/\/www.uilscuolaemiliaromagna.it\/public\/er\/wp-json\/wp\/v2\/tags?post=7134"}],"curies":[{"name":"wp","href":"https:\/\/api.w.org\/{rel}","templated":true}]}}