{"id":7160,"date":"2020-11-09T19:52:35","date_gmt":"2020-11-09T18:52:35","guid":{"rendered":"http:\/\/www.uilscuolaemiliaromagna.it\/public\/er\/?p=7160"},"modified":"2020-11-10T09:54:47","modified_gmt":"2020-11-10T08:54:47","slug":"contratto-did-quando-la-realta-supera-limmaginazione","status":"publish","type":"post","link":"https:\/\/www.uilscuolaemiliaromagna.it\/public\/er\/2020\/11\/09\/contratto-did-quando-la-realta-supera-limmaginazione\/","title":{"rendered":"Contratto DID: quando la realt\u00e0 supera l\u2019immaginazione"},"content":{"rendered":"<blockquote>\n<p style=\"text-align: justify;\"><em>\u201cC\u2019era una volta un contratto scritto male e difficile da applicare al punto che si decise di scrivere una nota che lo migliorava. Non bast\u00f2 e si mise una toppa con un documento politico\u2026\u201d<\/em><\/p>\n<p style=\"text-align: justify;\"><strong>Uil Scuola: \u00e8 un metodo che non condividiamo, una gestione dell\u2019emergenza che non ci convince. Le scelte contrattuali restano, i governi passano.<br \/>\nIn un momento cos\u00ec complesso i riferimenti contrattuali sono la bussola dei lavoratori. Siamo convinti che la condivisione \u00e8 la scelta prioritaria.<\/strong><\/p>\n<hr \/>\n<\/blockquote>\n<p style=\"text-align: justify;\">La pandemia ha sconvolto ogni schema, \u00e8 vero, ma ci\u00f2 non ci impedisce di vedere e ritrovare il senso di una operazione che \u00e8 frutto di una politica divisiva e di contrapposizione che proviene da un ministro con scarsa cultura di governo e con forte propensione a politiche di opposizione, che l\u2019hanno portata a determinare una divisone sindacale, che non vogliamo definire di rottura, ma poco ci manca.<\/p>\n<p style=\"text-align: justify;\">La nostra azione non si limiter\u00e0 ad affermare le nostre ragioni, ma cercheremo in tutti i modi di incrociare una nuova strada unitaria, senza pregiudizi nei confronti degli altri sindacati, ma con un giudizio fortemente negativo nei confronti della politica divisiva del Ministero.\u00a0 Dalla ministra Azzolina ci dividono modi, metodi di governo e delle relazioni sindacali basati su strategie divisive invece che poggiati sul confronto e sull\u2019ascolto.<\/p>\n<blockquote>\n<hr \/>\n<\/blockquote>\n<p style=\"text-align: justify;\">La dichiarazione congiunta sottoscritta dall\u2019amministrazione e da alcuni sindacati firmatari del contratto integrativo sulla Didattica a Distanza \u00e8 stata l\u2019oggetto della convocazione da parte ministeriale di tutte le organizzazioni sindacali, anche quelle che non hanno sottoscritto il contratto integrativo.<\/p>\n<p style=\"text-align: justify;\">Per descrivere l\u2019iter di questo contratto potremmo prendere a prestito il titolo del romanzo per ragazzi di Michael Ende: La storia infinita. Un accordo a rate.<br \/>\nOggi un ulteriore passaggio per informare tutte le organizzazioni sindacali dei contenuti di un \u2018documento politico\u2019 che riguarda il ministero dell\u2019istruzione e i sindacati firmatari dell\u2019accordo.<br \/>\nUna firma a pi\u00f9 tempi, con tanto di testo contrattuale, successiva nota esplicativa e ora il documento politico.<\/p>\n<p style=\"text-align: justify;\">C\u2019\u00e8 voluto un ulteriore incontro, non contestuale alla sottoscrizione, su richiesta legittima di uno dei sindacati firmatari, per chiarire le discrasie tra il contratto e la nota.<br \/>\nSegnali chiari di una difficolt\u00e0 nella stesura del Ccni.<br \/>\nNon \u00e8 un giudizio pregiudiziale il nostro, \u00e8 volont\u00e0 di poter discutere del merito di un accordo politico sottoscritto con altri sindacati.<br \/>\nAccordo di cui non possiamo che prendere atto.<\/p>\n<p style=\"text-align: justify;\">Chiaramente la UIL scuola non intende aderire, perch\u00e9 di adesione si sarebbe trattato, ad un documento concordato da altri, un\u2019intesa politica pi\u00f9 che un contratto. Nella nostra storia di sindacato libero ed indipendente non abbiamo mai delegato nessuno a rappresentarci, n\u00e9 pensiamo di farlo ora.<\/p>\n<p style=\"text-align: justify;\">L\u2019atteggiamento dell\u2019amministrazione ci \u00e8 sembrato solo un tentativo finalizzato a dividere i sindacati, ricorrendo ad una procedura a dir poco singolare: una nota ministeriale va ad interpretare il contratto, magari anche estendendo elementi che nel testo contrattuale sono definiti come enunciazioni di principio, e poi dispone rinvii a leggi e regolamenti.<\/p>\n<p style=\"text-align: justify;\">Per la UIL i contratti devono essere chiari e intellegibili, senza elementi di ambiguit\u00e0 interpretativa; una volta firmati si applicano, non hanno bisogno di dichiarazioni o circolari esplicative. A meno che non si voglia dire qualcosa di diverso da quello sottoscritto.<\/p>\n<p style=\"text-align: justify;\">In questo caso si riapre il contratto e si adegua rispetto alle modifiche che politicamente si condividono al tavolo negoziale, unitariamente. Su questo, condizionandolo a precise garanzie di un cambio nelle relazioni sindacali, abbiamo dato anche ampia disponibilit\u00e0 nel recente incontro con il ministro.<\/p>\n<p style=\"text-align: justify;\">La UIL rispetta le scelte di tutti, sia di chi firma che di chi non firma.<br \/>\nMa la nostra posizione \u00e8 stata chiara fin dall\u2019inizio e, in questo contesto, non cambia.<\/p>\n<p style=\"text-align: justify;\">Abbiamo colto l\u2019occasione per ribadire le ragioni che hanno portato la nostra organizzazione a non firmare quel testo. I sindacati gi\u00e0 ad aprile avevano chiesto di regolamentare la materia della didattica a distanza. Dal ministro solo silenzio.<\/p>\n<p style=\"text-align: justify;\">Nella fattispecie ci sarebbe stato tutto il tempo necessario per fare un buon contratto e condividerlo unitariamente con chi la scuola la scuola la fa funzionare tutti i giorni: D.S. Docenti e personale ATA. Perch\u00e9 \u00e8 a loro che noi rispondiamo.<\/p>\n<p style=\"text-align: justify;\">Resta poi tutto il nostro giudizio negativo sulle scelte di politica scolastica del governo. O meglio sulle mancate scelte di cui la D.A.D. \u00e8 solo un esempio. Come si evince facilmente da questa vicenda i problemi non sono stati governati, vengono rincorsi.<\/p>\n<p style=\"text-align: justify;\">Il 30 ottobre scorso, all\u2019incontro con le confederazioni e i segretari generali di categoria, c\u2019\u00e8 stata la possibilit\u00e0 di dare un segnale di cambiamento, ma non \u00e8 stata colta quell\u2019occasione.<br \/>\nParadossalmente anche il COVID ha tentato di dare una mano al ministro: la sospensione del concorso straordinario poteva essere colta come un segnale per una apertura. Nulla.<\/p>\n<p style=\"text-align: justify;\">Il ministro ha subito puntualizzato che il concorso riprender\u00e0 al pi\u00f9 presto. Questo modo di procedere non ci piace. Le relazioni sindacali non possono andare a fasi alterne, o ci sono o non ci sono, e ad oggi il ministro nulla ha fatto per favorire il dialogo.<\/p>\n<p style=\"text-align: justify;\">Comunque il ministro pu\u00f2 stare tranquillo, qualcuno su cui far ricadere eventuali responsabilit\u00e0 si trova sempre. Noi rispondiamo ai nostri iscritti e a tutti i lavoratori, fermo restando che la nostra azione sar\u00e0 uniformata alla ricerca dell\u2019unit\u00e0 sindacale che in questa occasione \u00e8 venuta meno.<\/p>\n\n<div class=\"twitter-share\"><a href=\"https:\/\/twitter.com\/intent\/tweet?via=UILScuolaBO_ER\" class=\"twitter-share-button\" data-size=\"large\">Tweet<\/a><\/div>\n","protected":false},"excerpt":{"rendered":"<p>\u201cC\u2019era una volta un contratto scritto male e difficile da applicare al punto che si decise di scrivere una nota che lo migliorava. Non bast\u00f2 &hellip; <\/p>\n","protected":false},"author":1,"featured_media":6814,"comment_status":"closed","ping_status":"open","sticky":false,"template":"","format":"standard","meta":{"footnotes":""},"categories":[3,12,6],"tags":[],"yoast_head":"<!-- This site is optimized with the Yoast SEO plugin v21.7 - https:\/\/yoast.com\/wordpress\/plugins\/seo\/ -->\r\n<title>Contratto DID: quando la realt\u00e0 supera l\u2019immaginazione - Uil Scuola Emilia Romagna<\/title>\r\n<meta name=\"robots\" content=\"index, follow, max-snippet:-1, max-image-preview:large, max-video-preview:-1\" \/>\r\n<link rel=\"canonical\" href=\"https:\/\/www.uilscuolaemiliaromagna.it\/public\/er\/2020\/11\/09\/contratto-did-quando-la-realta-supera-limmaginazione\/\" \/>\r\n<meta property=\"og:locale\" content=\"it_IT\" \/>\r\n<meta property=\"og:type\" content=\"article\" \/>\r\n<meta property=\"og:title\" content=\"Contratto DID: quando la realt\u00e0 supera l\u2019immaginazione - Uil Scuola Emilia Romagna\" \/>\r\n<meta property=\"og:description\" content=\"\u201cC\u2019era una volta un contratto scritto male e difficile da applicare al punto che si decise di scrivere una nota che lo migliorava. Non bast\u00f2 &hellip;\" \/>\r\n<meta property=\"og:url\" content=\"https:\/\/www.uilscuolaemiliaromagna.it\/public\/er\/2020\/11\/09\/contratto-did-quando-la-realta-supera-limmaginazione\/\" \/>\r\n<meta property=\"og:site_name\" content=\"Uil Scuola Emilia Romagna\" \/>\r\n<meta property=\"article:published_time\" content=\"2020-11-09T18:52:35+00:00\" \/>\r\n<meta property=\"article:modified_time\" content=\"2020-11-10T08:54:47+00:00\" \/>\r\n<meta property=\"og:image\" content=\"https:\/\/www.uilscuolaemiliaromagna.it\/public\/er\/wp-content\/uploads\/2020\/10\/ata-cs-2.jpg\" \/>\r\n\t<meta property=\"og:image:width\" content=\"800\" \/>\r\n\t<meta property=\"og:image:height\" content=\"500\" \/>\r\n\t<meta property=\"og:image:type\" content=\"image\/jpeg\" \/>\r\n<meta name=\"author\" content=\"admin\" \/>\r\n<meta name=\"twitter:card\" content=\"summary_large_image\" \/>\r\n<meta name=\"twitter:label1\" content=\"Scritto da\" \/>\n\t<meta name=\"twitter:data1\" content=\"admin\" \/>\n\t<meta name=\"twitter:label2\" content=\"Tempo di lettura stimato\" \/>\n\t<meta name=\"twitter:data2\" content=\"4 minuti\" \/>\r\n<script type=\"application\/ld+json\" class=\"yoast-schema-graph\">{\"@context\":\"https:\/\/schema.org\",\"@graph\":[{\"@type\":\"Article\",\"@id\":\"https:\/\/www.uilscuolaemiliaromagna.it\/public\/er\/2020\/11\/09\/contratto-did-quando-la-realta-supera-limmaginazione\/#article\",\"isPartOf\":{\"@id\":\"https:\/\/www.uilscuolaemiliaromagna.it\/public\/er\/2020\/11\/09\/contratto-did-quando-la-realta-supera-limmaginazione\/\"},\"author\":{\"name\":\"admin\",\"@id\":\"https:\/\/www.uilscuolaemiliaromagna.it\/public\/er\/#\/schema\/person\/f42878fd07a4b6ba2b7153d4fad5de5e\"},\"headline\":\"Contratto DID: quando la realt\u00e0 supera l\u2019immaginazione\",\"datePublished\":\"2020-11-09T18:52:35+00:00\",\"dateModified\":\"2020-11-10T08:54:47+00:00\",\"mainEntityOfPage\":{\"@id\":\"https:\/\/www.uilscuolaemiliaromagna.it\/public\/er\/2020\/11\/09\/contratto-did-quando-la-realta-supera-limmaginazione\/\"},\"wordCount\":883,\"publisher\":{\"@id\":\"https:\/\/www.uilscuolaemiliaromagna.it\/public\/er\/#organization\"},\"articleSection\":[\"Dirigenti\",\"Notizie\",\"Personale Docente\"],\"inLanguage\":\"it-IT\"},{\"@type\":\"WebPage\",\"@id\":\"https:\/\/www.uilscuolaemiliaromagna.it\/public\/er\/2020\/11\/09\/contratto-did-quando-la-realta-supera-limmaginazione\/\",\"url\":\"https:\/\/www.uilscuolaemiliaromagna.it\/public\/er\/2020\/11\/09\/contratto-did-quando-la-realta-supera-limmaginazione\/\",\"name\":\"Contratto DID: quando la realt\u00e0 supera l\u2019immaginazione - Uil Scuola Emilia Romagna\",\"isPartOf\":{\"@id\":\"https:\/\/www.uilscuolaemiliaromagna.it\/public\/er\/#website\"},\"datePublished\":\"2020-11-09T18:52:35+00:00\",\"dateModified\":\"2020-11-10T08:54:47+00:00\",\"breadcrumb\":{\"@id\":\"https:\/\/www.uilscuolaemiliaromagna.it\/public\/er\/2020\/11\/09\/contratto-did-quando-la-realta-supera-limmaginazione\/#breadcrumb\"},\"inLanguage\":\"it-IT\",\"potentialAction\":[{\"@type\":\"ReadAction\",\"target\":[\"https:\/\/www.uilscuolaemiliaromagna.it\/public\/er\/2020\/11\/09\/contratto-did-quando-la-realta-supera-limmaginazione\/\"]}]},{\"@type\":\"BreadcrumbList\",\"@id\":\"https:\/\/www.uilscuolaemiliaromagna.it\/public\/er\/2020\/11\/09\/contratto-did-quando-la-realta-supera-limmaginazione\/#breadcrumb\",\"itemListElement\":[{\"@type\":\"ListItem\",\"position\":1,\"name\":\"Home\",\"item\":\"https:\/\/www.uilscuolaemiliaromagna.it\/public\/er\/\"},{\"@type\":\"ListItem\",\"position\":2,\"name\":\"Contratto DID: quando la realt\u00e0 supera l\u2019immaginazione\"}]},{\"@type\":\"WebSite\",\"@id\":\"https:\/\/www.uilscuolaemiliaromagna.it\/public\/er\/#website\",\"url\":\"https:\/\/www.uilscuolaemiliaromagna.it\/public\/er\/\",\"name\":\"Uil Scuola Emilia Romagna\",\"description\":\"La voce libera della scuola\",\"publisher\":{\"@id\":\"https:\/\/www.uilscuolaemiliaromagna.it\/public\/er\/#organization\"},\"potentialAction\":[{\"@type\":\"SearchAction\",\"target\":{\"@type\":\"EntryPoint\",\"urlTemplate\":\"https:\/\/www.uilscuolaemiliaromagna.it\/public\/er\/?s={search_term_string}\"},\"query-input\":\"required name=search_term_string\"}],\"inLanguage\":\"it-IT\"},{\"@type\":\"Organization\",\"@id\":\"https:\/\/www.uilscuolaemiliaromagna.it\/public\/er\/#organization\",\"name\":\"Uil Scuola Emilia Romagna\",\"url\":\"https:\/\/www.uilscuolaemiliaromagna.it\/public\/er\/\",\"logo\":{\"@type\":\"ImageObject\",\"inLanguage\":\"it-IT\",\"@id\":\"https:\/\/www.uilscuolaemiliaromagna.it\/public\/er\/#\/schema\/logo\/image\/\",\"url\":\"https:\/\/www.uilscuolaemiliaromagna.it\/public\/er\/wp-content\/uploads\/2017\/04\/cropped-header.png\",\"contentUrl\":\"https:\/\/www.uilscuolaemiliaromagna.it\/public\/er\/wp-content\/uploads\/2017\/04\/cropped-header.png\",\"width\":1000,\"height\":150,\"caption\":\"Uil Scuola Emilia Romagna\"},\"image\":{\"@id\":\"https:\/\/www.uilscuolaemiliaromagna.it\/public\/er\/#\/schema\/logo\/image\/\"}},{\"@type\":\"Person\",\"@id\":\"https:\/\/www.uilscuolaemiliaromagna.it\/public\/er\/#\/schema\/person\/f42878fd07a4b6ba2b7153d4fad5de5e\",\"name\":\"admin\",\"image\":{\"@type\":\"ImageObject\",\"inLanguage\":\"it-IT\",\"@id\":\"https:\/\/www.uilscuolaemiliaromagna.it\/public\/er\/#\/schema\/person\/image\/\",\"url\":\"https:\/\/secure.gravatar.com\/avatar\/aebf815ae2f30ffdae8b8c247273d34c?s=96&d=mm&r=g\",\"contentUrl\":\"https:\/\/secure.gravatar.com\/avatar\/aebf815ae2f30ffdae8b8c247273d34c?s=96&d=mm&r=g\",\"caption\":\"admin\"},\"url\":\"https:\/\/www.uilscuolaemiliaromagna.it\/public\/er\/author\/admin\/\"}]}<\/script>\r\n<!-- \/ Yoast SEO plugin. -->","yoast_head_json":{"title":"Contratto DID: quando la realt\u00e0 supera l\u2019immaginazione - Uil Scuola Emilia Romagna","robots":{"index":"index","follow":"follow","max-snippet":"max-snippet:-1","max-image-preview":"max-image-preview:large","max-video-preview":"max-video-preview:-1"},"canonical":"https:\/\/www.uilscuolaemiliaromagna.it\/public\/er\/2020\/11\/09\/contratto-did-quando-la-realta-supera-limmaginazione\/","og_locale":"it_IT","og_type":"article","og_title":"Contratto DID: quando la realt\u00e0 supera l\u2019immaginazione - Uil Scuola Emilia Romagna","og_description":"\u201cC\u2019era una volta un contratto scritto male e difficile da applicare al punto che si decise di scrivere una nota che lo migliorava. Non bast\u00f2 &hellip;","og_url":"https:\/\/www.uilscuolaemiliaromagna.it\/public\/er\/2020\/11\/09\/contratto-did-quando-la-realta-supera-limmaginazione\/","og_site_name":"Uil Scuola Emilia Romagna","article_published_time":"2020-11-09T18:52:35+00:00","article_modified_time":"2020-11-10T08:54:47+00:00","og_image":[{"width":800,"height":500,"url":"https:\/\/www.uilscuolaemiliaromagna.it\/public\/er\/wp-content\/uploads\/2020\/10\/ata-cs-2.jpg","type":"image\/jpeg"}],"author":"admin","twitter_card":"summary_large_image","twitter_misc":{"Scritto da":"admin","Tempo di lettura stimato":"4 minuti"},"schema":{"@context":"https:\/\/schema.org","@graph":[{"@type":"Article","@id":"https:\/\/www.uilscuolaemiliaromagna.it\/public\/er\/2020\/11\/09\/contratto-did-quando-la-realta-supera-limmaginazione\/#article","isPartOf":{"@id":"https:\/\/www.uilscuolaemiliaromagna.it\/public\/er\/2020\/11\/09\/contratto-did-quando-la-realta-supera-limmaginazione\/"},"author":{"name":"admin","@id":"https:\/\/www.uilscuolaemiliaromagna.it\/public\/er\/#\/schema\/person\/f42878fd07a4b6ba2b7153d4fad5de5e"},"headline":"Contratto DID: quando la realt\u00e0 supera l\u2019immaginazione","datePublished":"2020-11-09T18:52:35+00:00","dateModified":"2020-11-10T08:54:47+00:00","mainEntityOfPage":{"@id":"https:\/\/www.uilscuolaemiliaromagna.it\/public\/er\/2020\/11\/09\/contratto-did-quando-la-realta-supera-limmaginazione\/"},"wordCount":883,"publisher":{"@id":"https:\/\/www.uilscuolaemiliaromagna.it\/public\/er\/#organization"},"articleSection":["Dirigenti","Notizie","Personale Docente"],"inLanguage":"it-IT"},{"@type":"WebPage","@id":"https:\/\/www.uilscuolaemiliaromagna.it\/public\/er\/2020\/11\/09\/contratto-did-quando-la-realta-supera-limmaginazione\/","url":"https:\/\/www.uilscuolaemiliaromagna.it\/public\/er\/2020\/11\/09\/contratto-did-quando-la-realta-supera-limmaginazione\/","name":"Contratto DID: quando la realt\u00e0 supera l\u2019immaginazione - Uil Scuola Emilia Romagna","isPartOf":{"@id":"https:\/\/www.uilscuolaemiliaromagna.it\/public\/er\/#website"},"datePublished":"2020-11-09T18:52:35+00:00","dateModified":"2020-11-10T08:54:47+00:00","breadcrumb":{"@id":"https:\/\/www.uilscuolaemiliaromagna.it\/public\/er\/2020\/11\/09\/contratto-did-quando-la-realta-supera-limmaginazione\/#breadcrumb"},"inLanguage":"it-IT","potentialAction":[{"@type":"ReadAction","target":["https:\/\/www.uilscuolaemiliaromagna.it\/public\/er\/2020\/11\/09\/contratto-did-quando-la-realta-supera-limmaginazione\/"]}]},{"@type":"BreadcrumbList","@id":"https:\/\/www.uilscuolaemiliaromagna.it\/public\/er\/2020\/11\/09\/contratto-did-quando-la-realta-supera-limmaginazione\/#breadcrumb","itemListElement":[{"@type":"ListItem","position":1,"name":"Home","item":"https:\/\/www.uilscuolaemiliaromagna.it\/public\/er\/"},{"@type":"ListItem","position":2,"name":"Contratto DID: quando la realt\u00e0 supera l\u2019immaginazione"}]},{"@type":"WebSite","@id":"https:\/\/www.uilscuolaemiliaromagna.it\/public\/er\/#website","url":"https:\/\/www.uilscuolaemiliaromagna.it\/public\/er\/","name":"Uil Scuola Emilia Romagna","description":"La voce libera della scuola","publisher":{"@id":"https:\/\/www.uilscuolaemiliaromagna.it\/public\/er\/#organization"},"potentialAction":[{"@type":"SearchAction","target":{"@type":"EntryPoint","urlTemplate":"https:\/\/www.uilscuolaemiliaromagna.it\/public\/er\/?s={search_term_string}"},"query-input":"required name=search_term_string"}],"inLanguage":"it-IT"},{"@type":"Organization","@id":"https:\/\/www.uilscuolaemiliaromagna.it\/public\/er\/#organization","name":"Uil Scuola Emilia Romagna","url":"https:\/\/www.uilscuolaemiliaromagna.it\/public\/er\/","logo":{"@type":"ImageObject","inLanguage":"it-IT","@id":"https:\/\/www.uilscuolaemiliaromagna.it\/public\/er\/#\/schema\/logo\/image\/","url":"https:\/\/www.uilscuolaemiliaromagna.it\/public\/er\/wp-content\/uploads\/2017\/04\/cropped-header.png","contentUrl":"https:\/\/www.uilscuolaemiliaromagna.it\/public\/er\/wp-content\/uploads\/2017\/04\/cropped-header.png","width":1000,"height":150,"caption":"Uil Scuola Emilia Romagna"},"image":{"@id":"https:\/\/www.uilscuolaemiliaromagna.it\/public\/er\/#\/schema\/logo\/image\/"}},{"@type":"Person","@id":"https:\/\/www.uilscuolaemiliaromagna.it\/public\/er\/#\/schema\/person\/f42878fd07a4b6ba2b7153d4fad5de5e","name":"admin","image":{"@type":"ImageObject","inLanguage":"it-IT","@id":"https:\/\/www.uilscuolaemiliaromagna.it\/public\/er\/#\/schema\/person\/image\/","url":"https:\/\/secure.gravatar.com\/avatar\/aebf815ae2f30ffdae8b8c247273d34c?s=96&d=mm&r=g","contentUrl":"https:\/\/secure.gravatar.com\/avatar\/aebf815ae2f30ffdae8b8c247273d34c?s=96&d=mm&r=g","caption":"admin"},"url":"https:\/\/www.uilscuolaemiliaromagna.it\/public\/er\/author\/admin\/"}]}},"views":894,"_links":{"self":[{"href":"https:\/\/www.uilscuolaemiliaromagna.it\/public\/er\/wp-json\/wp\/v2\/posts\/7160"}],"collection":[{"href":"https:\/\/www.uilscuolaemiliaromagna.it\/public\/er\/wp-json\/wp\/v2\/posts"}],"about":[{"href":"https:\/\/www.uilscuolaemiliaromagna.it\/public\/er\/wp-json\/wp\/v2\/types\/post"}],"author":[{"embeddable":true,"href":"https:\/\/www.uilscuolaemiliaromagna.it\/public\/er\/wp-json\/wp\/v2\/users\/1"}],"replies":[{"embeddable":true,"href":"https:\/\/www.uilscuolaemiliaromagna.it\/public\/er\/wp-json\/wp\/v2\/comments?post=7160"}],"version-history":[{"count":1,"href":"https:\/\/www.uilscuolaemiliaromagna.it\/public\/er\/wp-json\/wp\/v2\/posts\/7160\/revisions"}],"predecessor-version":[{"id":7161,"href":"https:\/\/www.uilscuolaemiliaromagna.it\/public\/er\/wp-json\/wp\/v2\/posts\/7160\/revisions\/7161"}],"wp:featuredmedia":[{"embeddable":true,"href":"https:\/\/www.uilscuolaemiliaromagna.it\/public\/er\/wp-json\/wp\/v2\/media\/6814"}],"wp:attachment":[{"href":"https:\/\/www.uilscuolaemiliaromagna.it\/public\/er\/wp-json\/wp\/v2\/media?parent=7160"}],"wp:term":[{"taxonomy":"category","embeddable":true,"href":"https:\/\/www.uilscuolaemiliaromagna.it\/public\/er\/wp-json\/wp\/v2\/categories?post=7160"},{"taxonomy":"post_tag","embeddable":true,"href":"https:\/\/www.uilscuolaemiliaromagna.it\/public\/er\/wp-json\/wp\/v2\/tags?post=7160"}],"curies":[{"name":"wp","href":"https:\/\/api.w.org\/{rel}","templated":true}]}}