{"id":7230,"date":"2020-11-22T17:31:53","date_gmt":"2020-11-22T16:31:53","guid":{"rendered":"http:\/\/www.uilscuolaemiliaromagna.it\/public\/er\/?p=7230"},"modified":"2020-11-25T13:45:38","modified_gmt":"2020-11-25T12:45:38","slug":"assemblee-sindacali-del-25-novembre-netiquette-modalita-di-collegamento-ed-eventuale-diretta-facebook","status":"publish","type":"post","link":"https:\/\/www.uilscuolaemiliaromagna.it\/public\/er\/2020\/11\/22\/assemblee-sindacali-del-25-novembre-netiquette-modalita-di-collegamento-ed-eventuale-diretta-facebook\/","title":{"rendered":"Assemblee sindacali del 25 novembre | Netiquette, modalit\u00e0 di collegamento ed eventuale diretta Facebook"},"content":{"rendered":"<h2>Assemblee sindacali Uil Scuola Emilia Romagna<\/h2>\n<p style=\"text-align: justify;\">La Uil Scuola Emila Romagna ha indetto due assemblee sindacali in data 25 novembre 2020.<\/p>\n<p style=\"text-align: justify;\"><strong>Il primo<\/strong> incontro si terr\u00e0 dalle ore 8,00 alle ore 10,00 e sar\u00e0 riservato a tutto il personale docente della Scuola dell&#8217;Infanzia e del primo ciclo di istruzione.<\/p>\n<p style=\"text-align: justify;\"><strong>Il secondo<\/strong>, destinato al personale docente della Scuola Secondaria di Secondo grado, si terr\u00e0 dalle ore 11,00 alle ore 13,00.<\/p>\n<p style=\"text-align: justify;\">Gli incontri saranno organizzati in modalit\u00e0 online attraverso la piattaforma <strong>Google Meet<\/strong>.<\/p>\n<p style=\"text-align: center;\"><strong>Di seguito il link valido per accedere a entrambe le assemblee:<\/strong><\/p>\n<h2 style=\"text-align: center;\"><a href=\"https:\/\/meet.google.com\/vhz-whez-tah\">https:\/\/meet.google.com\/vhz-whez-tah<\/a><\/h2>\n<p style=\"text-align: justify;\"><em>Una volta effettuato l&#8217;accesso si \u00e8 consapevoli che \u00a0nessun dato sar\u00e0 conservato da parte della Federazione Uil Scuola RUA Emilia Romagna. Si segnala, inoltre, che in nessun caso saranno autorizzate registrazioni dell&#8217;evento senza il consenso degli interessati.<\/em><\/p>\n<p style=\"text-align: justify;\"><strong>Considerato l&#8217;elevato numero di adesioni, in caso di raggiungimento del numero massimo di partecipanti consentito dalla piattaforma Google Meet, le assemblee potranno essere seguite in diretta FB sulla nostra pagina:<\/strong><\/p>\n<h2 style=\"text-align: center;\"><a href=\"https:\/\/it-it.facebook.com\/pages\/category\/School\/UilScuola-Bologna-Emilia-Romagna-1018421174916785\/\" target=\"_blank\" rel=\"noopener noreferrer\">clicca qui per collegarti alla nostra pagina facebook<\/a><\/h2>\n<p style=\"text-align: justify;\">Laddove, per i motivi sopra esposti, la riunione dovesse essere trasmessa anche in diretta FB, la UIL SCUOLA ER precisa che i volti dei partecipanti al meet e la relativa chat non saranno resi visibili al pubblico di Facebook. Inoltre, le domande saranno lette da un moderatore che ometter\u00e0 nome e scuola dell&#8217;interessato.<\/p>\n<p style=\"text-align: justify;\"><em><strong>N.B.:<\/strong> solo i followers della pagina potranno fare domande sotto la diretta FB. <\/em><em>Essere iscritti alla pagina non costituisce garanzia che la domanda venga letta in diretta dal moderatore.\u00a0 \u00a0<\/em><\/p>\n<p><img loading=\"lazy\" decoding=\"async\" class=\"aligncenter wp-image-7197 size-large\" src=\"https:\/\/www.uilscuolaemiliaromagna.it\/public\/er\/wp-content\/uploads\/2020\/11\/Convocazione-assemlea-sindacale-personale-docente-I-ciclo-25-novembre-791x1024.jpg\" alt=\"\" width=\"791\" height=\"1024\" srcset=\"https:\/\/www.uilscuolaemiliaromagna.it\/public\/er\/wp-content\/uploads\/2020\/11\/Convocazione-assemlea-sindacale-personale-docente-I-ciclo-25-novembre-791x1024.jpg 791w, https:\/\/www.uilscuolaemiliaromagna.it\/public\/er\/wp-content\/uploads\/2020\/11\/Convocazione-assemlea-sindacale-personale-docente-I-ciclo-25-novembre-232x300.jpg 232w, https:\/\/www.uilscuolaemiliaromagna.it\/public\/er\/wp-content\/uploads\/2020\/11\/Convocazione-assemlea-sindacale-personale-docente-I-ciclo-25-novembre-768x994.jpg 768w, https:\/\/www.uilscuolaemiliaromagna.it\/public\/er\/wp-content\/uploads\/2020\/11\/Convocazione-assemlea-sindacale-personale-docente-I-ciclo-25-novembre-1187x1536.jpg 1187w, https:\/\/www.uilscuolaemiliaromagna.it\/public\/er\/wp-content\/uploads\/2020\/11\/Convocazione-assemlea-sindacale-personale-docente-I-ciclo-25-novembre-1583x2048.jpg 1583w, https:\/\/www.uilscuolaemiliaromagna.it\/public\/er\/wp-content\/uploads\/2020\/11\/Convocazione-assemlea-sindacale-personale-docente-I-ciclo-25-novembre-scaled.jpg 1978w\" sizes=\"(max-width: 791px) 100vw, 791px\" \/><\/p>\n<p><img loading=\"lazy\" decoding=\"async\" class=\"aligncenter wp-image-7201 size-large\" src=\"https:\/\/www.uilscuolaemiliaromagna.it\/public\/er\/wp-content\/uploads\/2020\/11\/Convocazione-assemblea-sindacale-personale-docente-II-ciclo-25-novembre-791x1024.jpg\" alt=\"\" width=\"791\" height=\"1024\" srcset=\"https:\/\/www.uilscuolaemiliaromagna.it\/public\/er\/wp-content\/uploads\/2020\/11\/Convocazione-assemblea-sindacale-personale-docente-II-ciclo-25-novembre-791x1024.jpg 791w, https:\/\/www.uilscuolaemiliaromagna.it\/public\/er\/wp-content\/uploads\/2020\/11\/Convocazione-assemblea-sindacale-personale-docente-II-ciclo-25-novembre-232x300.jpg 232w, https:\/\/www.uilscuolaemiliaromagna.it\/public\/er\/wp-content\/uploads\/2020\/11\/Convocazione-assemblea-sindacale-personale-docente-II-ciclo-25-novembre-768x994.jpg 768w, https:\/\/www.uilscuolaemiliaromagna.it\/public\/er\/wp-content\/uploads\/2020\/11\/Convocazione-assemblea-sindacale-personale-docente-II-ciclo-25-novembre-1187x1536.jpg 1187w, https:\/\/www.uilscuolaemiliaromagna.it\/public\/er\/wp-content\/uploads\/2020\/11\/Convocazione-assemblea-sindacale-personale-docente-II-ciclo-25-novembre-1583x2048.jpg 1583w, https:\/\/www.uilscuolaemiliaromagna.it\/public\/er\/wp-content\/uploads\/2020\/11\/Convocazione-assemblea-sindacale-personale-docente-II-ciclo-25-novembre-scaled.jpg 1978w\" sizes=\"(max-width: 791px) 100vw, 791px\" \/><\/p>\n<h1 style=\"text-align: center;\">&#8211; NETIQUETTE VIDEOCONFERENZE \u2013<\/h1>\n<p style=\"text-align: justify;\"><em>La partecipazione ottimale alle videoconferenze richiede la conoscenza, da parte di tutti i presenti alla riunione, di alcune informazioni\/regole di base per poter meglio utilizzare le potenzialit\u00e0 della piattaforma di comunicazione on line.<\/em><\/p>\n<p style=\"text-align: justify;\"><em>Ad oggi, anche se la modalit\u00e0 in &#8220;presenza continua&#8221; consente a tutti i partecipanti alla riunione di vedersi e interagire in una sorta di &#8220;sala riunioni virtuale&#8221;, la scarsa velocit\u00e0 delle linee telematiche attive sul territorio nazionale non consente di fruire agevolmente di detta possibilit\u00e0; pertanto, \u00e8 opportuno ottimizzare l\u2019utilizzo della sala riunioni virtuale contingentando l\u2019uso contemporaneo di webcam e microfoni al fine di evitare di saturare la banda a disposizione.<\/em><\/p>\n<p style=\"text-align: justify;\"><em>Per partecipare ad una videoconferenza \u00e8 opportuno collegarsi almeno cinque minuti prima dell\u2019inizio della riunione identificandosi indicando Nome e Cognome.<\/em><\/p>\n<p style=\"text-align: justify;\"><em>Effettuato il collegamento bisogner\u00e0:<\/em><\/p>\n<p style=\"text-align: justify;\"><em>&#8211; spegnere sia il microfono che la webcam, per evitare interferenze acustiche nella sala virtuale in cui si \u00e8 appena entrati;<\/em><\/p>\n<p style=\"text-align: justify;\"><em>&#8211; rimanere collegati in attesa dell\u2019avvio dei lavori.<\/em><\/p>\n<p style=\"text-align: justify;\"><em>Riguardo l\u2019audio, si consiglia di utilizzare cuffie provviste di microfono (molto valide quelle in dotazione ai telefoni cellulari), perch\u00e8 l\u2019uso contemporaneo delle casse del computer e del microfono producono ritorni di voce in grado di rendere incomprensibili i dialoghi dei presenti.<\/em><\/p>\n<p style=\"text-align: justify;\"><em>Durante la riunione, per intervenire, bisogna chiedere la parola al Presidente della riunione scrivendo sulla chat; solo dopo aver acquisito la facolt\u00e0 di parola sar\u00e0 possibile attivare webcam e microfono per tutto il tempo dell\u2019intervento personale.<\/em><\/p>\n<p style=\"text-align: justify;\"><strong><em>Privacy: Ai sensi della normativa in materia di protezione dei dati personali (privacy), nonch\u00e9 del nuovo regolamento generale sulla protezione dei dati (GDPR, General Data Protection Regulation &#8211; Regolamento UE 2016\/679), si ricorda che le videoconferenze non possono essere registrate e non possono essere effettuati screenshot della riunione virtuale senza il consenso degli interessati. Ogni violazione sar\u00e0 perseguita ai sensi di legge.<\/em><\/strong><\/p>\n<p>&nbsp;<\/p>\n\n<div class=\"twitter-share\"><a href=\"https:\/\/twitter.com\/intent\/tweet?via=UILScuolaBO_ER\" class=\"twitter-share-button\" data-size=\"large\">Tweet<\/a><\/div>\n","protected":false},"excerpt":{"rendered":"<p>Assemblee sindacali Uil Scuola Emilia Romagna La Uil Scuola Emila Romagna ha indetto due assemblee sindacali in data 25 novembre 2020. Il primo incontro si &hellip; <\/p>\n","protected":false},"author":1,"featured_media":6818,"comment_status":"closed","ping_status":"open","sticky":false,"template":"","format":"standard","meta":{"footnotes":""},"categories":[12,6],"tags":[],"yoast_head":"<!-- This site is optimized with the Yoast SEO plugin v21.7 - https:\/\/yoast.com\/wordpress\/plugins\/seo\/ -->\r\n<title>Assemblee sindacali del 25 novembre | Netiquette, modalit\u00e0 di collegamento ed eventuale diretta Facebook - Uil Scuola Emilia Romagna<\/title>\r\n<meta name=\"robots\" content=\"index, follow, max-snippet:-1, max-image-preview:large, max-video-preview:-1\" \/>\r\n<link rel=\"canonical\" href=\"https:\/\/www.uilscuolaemiliaromagna.it\/public\/er\/2020\/11\/22\/assemblee-sindacali-del-25-novembre-netiquette-modalita-di-collegamento-ed-eventuale-diretta-facebook\/\" \/>\r\n<meta property=\"og:locale\" content=\"it_IT\" \/>\r\n<meta property=\"og:type\" content=\"article\" \/>\r\n<meta property=\"og:title\" content=\"Assemblee sindacali del 25 novembre | Netiquette, modalit\u00e0 di collegamento ed eventuale diretta Facebook - Uil Scuola Emilia Romagna\" \/>\r\n<meta property=\"og:description\" content=\"Assemblee sindacali Uil Scuola Emilia Romagna La Uil Scuola Emila Romagna ha indetto due assemblee sindacali in data 25 novembre 2020. Il primo incontro si &hellip;\" \/>\r\n<meta property=\"og:url\" content=\"https:\/\/www.uilscuolaemiliaromagna.it\/public\/er\/2020\/11\/22\/assemblee-sindacali-del-25-novembre-netiquette-modalita-di-collegamento-ed-eventuale-diretta-facebook\/\" \/>\r\n<meta property=\"og:site_name\" content=\"Uil Scuola Emilia Romagna\" \/>\r\n<meta property=\"article:published_time\" content=\"2020-11-22T16:31:53+00:00\" \/>\r\n<meta property=\"article:modified_time\" content=\"2020-11-25T12:45:38+00:00\" \/>\r\n<meta property=\"og:image\" content=\"https:\/\/www.uilscuolaemiliaromagna.it\/public\/er\/wp-content\/uploads\/2020\/10\/dirigenti-3.jpg\" \/>\r\n\t<meta property=\"og:image:width\" content=\"800\" \/>\r\n\t<meta property=\"og:image:height\" content=\"500\" \/>\r\n\t<meta property=\"og:image:type\" content=\"image\/jpeg\" \/>\r\n<meta name=\"author\" content=\"admin\" \/>\r\n<meta name=\"twitter:card\" content=\"summary_large_image\" \/>\r\n<meta name=\"twitter:label1\" content=\"Scritto da\" \/>\n\t<meta name=\"twitter:data1\" content=\"admin\" \/>\n\t<meta name=\"twitter:label2\" content=\"Tempo di lettura stimato\" \/>\n\t<meta name=\"twitter:data2\" content=\"3 minuti\" \/>\r\n<script type=\"application\/ld+json\" class=\"yoast-schema-graph\">{\"@context\":\"https:\/\/schema.org\",\"@graph\":[{\"@type\":\"Article\",\"@id\":\"https:\/\/www.uilscuolaemiliaromagna.it\/public\/er\/2020\/11\/22\/assemblee-sindacali-del-25-novembre-netiquette-modalita-di-collegamento-ed-eventuale-diretta-facebook\/#article\",\"isPartOf\":{\"@id\":\"https:\/\/www.uilscuolaemiliaromagna.it\/public\/er\/2020\/11\/22\/assemblee-sindacali-del-25-novembre-netiquette-modalita-di-collegamento-ed-eventuale-diretta-facebook\/\"},\"author\":{\"name\":\"admin\",\"@id\":\"https:\/\/www.uilscuolaemiliaromagna.it\/public\/er\/#\/schema\/person\/f42878fd07a4b6ba2b7153d4fad5de5e\"},\"headline\":\"Assemblee sindacali del 25 novembre | Netiquette, modalit\u00e0 di collegamento ed eventuale diretta Facebook\",\"datePublished\":\"2020-11-22T16:31:53+00:00\",\"dateModified\":\"2020-11-25T12:45:38+00:00\",\"mainEntityOfPage\":{\"@id\":\"https:\/\/www.uilscuolaemiliaromagna.it\/public\/er\/2020\/11\/22\/assemblee-sindacali-del-25-novembre-netiquette-modalita-di-collegamento-ed-eventuale-diretta-facebook\/\"},\"wordCount\":564,\"publisher\":{\"@id\":\"https:\/\/www.uilscuolaemiliaromagna.it\/public\/er\/#organization\"},\"articleSection\":[\"Notizie\",\"Personale Docente\"],\"inLanguage\":\"it-IT\"},{\"@type\":\"WebPage\",\"@id\":\"https:\/\/www.uilscuolaemiliaromagna.it\/public\/er\/2020\/11\/22\/assemblee-sindacali-del-25-novembre-netiquette-modalita-di-collegamento-ed-eventuale-diretta-facebook\/\",\"url\":\"https:\/\/www.uilscuolaemiliaromagna.it\/public\/er\/2020\/11\/22\/assemblee-sindacali-del-25-novembre-netiquette-modalita-di-collegamento-ed-eventuale-diretta-facebook\/\",\"name\":\"Assemblee sindacali del 25 novembre | Netiquette, modalit\u00e0 di collegamento ed eventuale diretta Facebook - Uil Scuola Emilia Romagna\",\"isPartOf\":{\"@id\":\"https:\/\/www.uilscuolaemiliaromagna.it\/public\/er\/#website\"},\"datePublished\":\"2020-11-22T16:31:53+00:00\",\"dateModified\":\"2020-11-25T12:45:38+00:00\",\"breadcrumb\":{\"@id\":\"https:\/\/www.uilscuolaemiliaromagna.it\/public\/er\/2020\/11\/22\/assemblee-sindacali-del-25-novembre-netiquette-modalita-di-collegamento-ed-eventuale-diretta-facebook\/#breadcrumb\"},\"inLanguage\":\"it-IT\",\"potentialAction\":[{\"@type\":\"ReadAction\",\"target\":[\"https:\/\/www.uilscuolaemiliaromagna.it\/public\/er\/2020\/11\/22\/assemblee-sindacali-del-25-novembre-netiquette-modalita-di-collegamento-ed-eventuale-diretta-facebook\/\"]}]},{\"@type\":\"BreadcrumbList\",\"@id\":\"https:\/\/www.uilscuolaemiliaromagna.it\/public\/er\/2020\/11\/22\/assemblee-sindacali-del-25-novembre-netiquette-modalita-di-collegamento-ed-eventuale-diretta-facebook\/#breadcrumb\",\"itemListElement\":[{\"@type\":\"ListItem\",\"position\":1,\"name\":\"Home\",\"item\":\"https:\/\/www.uilscuolaemiliaromagna.it\/public\/er\/\"},{\"@type\":\"ListItem\",\"position\":2,\"name\":\"Assemblee sindacali del 25 novembre | Netiquette, modalit\u00e0 di collegamento ed eventuale diretta Facebook\"}]},{\"@type\":\"WebSite\",\"@id\":\"https:\/\/www.uilscuolaemiliaromagna.it\/public\/er\/#website\",\"url\":\"https:\/\/www.uilscuolaemiliaromagna.it\/public\/er\/\",\"name\":\"Uil Scuola Emilia Romagna\",\"description\":\"La voce libera della scuola\",\"publisher\":{\"@id\":\"https:\/\/www.uilscuolaemiliaromagna.it\/public\/er\/#organization\"},\"potentialAction\":[{\"@type\":\"SearchAction\",\"target\":{\"@type\":\"EntryPoint\",\"urlTemplate\":\"https:\/\/www.uilscuolaemiliaromagna.it\/public\/er\/?s={search_term_string}\"},\"query-input\":\"required name=search_term_string\"}],\"inLanguage\":\"it-IT\"},{\"@type\":\"Organization\",\"@id\":\"https:\/\/www.uilscuolaemiliaromagna.it\/public\/er\/#organization\",\"name\":\"Uil Scuola Emilia Romagna\",\"url\":\"https:\/\/www.uilscuolaemiliaromagna.it\/public\/er\/\",\"logo\":{\"@type\":\"ImageObject\",\"inLanguage\":\"it-IT\",\"@id\":\"https:\/\/www.uilscuolaemiliaromagna.it\/public\/er\/#\/schema\/logo\/image\/\",\"url\":\"https:\/\/www.uilscuolaemiliaromagna.it\/public\/er\/wp-content\/uploads\/2017\/04\/cropped-header.png\",\"contentUrl\":\"https:\/\/www.uilscuolaemiliaromagna.it\/public\/er\/wp-content\/uploads\/2017\/04\/cropped-header.png\",\"width\":1000,\"height\":150,\"caption\":\"Uil Scuola Emilia Romagna\"},\"image\":{\"@id\":\"https:\/\/www.uilscuolaemiliaromagna.it\/public\/er\/#\/schema\/logo\/image\/\"}},{\"@type\":\"Person\",\"@id\":\"https:\/\/www.uilscuolaemiliaromagna.it\/public\/er\/#\/schema\/person\/f42878fd07a4b6ba2b7153d4fad5de5e\",\"name\":\"admin\",\"image\":{\"@type\":\"ImageObject\",\"inLanguage\":\"it-IT\",\"@id\":\"https:\/\/www.uilscuolaemiliaromagna.it\/public\/er\/#\/schema\/person\/image\/\",\"url\":\"https:\/\/secure.gravatar.com\/avatar\/aebf815ae2f30ffdae8b8c247273d34c?s=96&d=mm&r=g\",\"contentUrl\":\"https:\/\/secure.gravatar.com\/avatar\/aebf815ae2f30ffdae8b8c247273d34c?s=96&d=mm&r=g\",\"caption\":\"admin\"},\"url\":\"https:\/\/www.uilscuolaemiliaromagna.it\/public\/er\/author\/admin\/\"}]}<\/script>\r\n<!-- \/ Yoast SEO plugin. -->","yoast_head_json":{"title":"Assemblee sindacali del 25 novembre | Netiquette, modalit\u00e0 di collegamento ed eventuale diretta Facebook - Uil Scuola Emilia Romagna","robots":{"index":"index","follow":"follow","max-snippet":"max-snippet:-1","max-image-preview":"max-image-preview:large","max-video-preview":"max-video-preview:-1"},"canonical":"https:\/\/www.uilscuolaemiliaromagna.it\/public\/er\/2020\/11\/22\/assemblee-sindacali-del-25-novembre-netiquette-modalita-di-collegamento-ed-eventuale-diretta-facebook\/","og_locale":"it_IT","og_type":"article","og_title":"Assemblee sindacali del 25 novembre | Netiquette, modalit\u00e0 di collegamento ed eventuale diretta Facebook - Uil Scuola Emilia Romagna","og_description":"Assemblee sindacali Uil Scuola Emilia Romagna La Uil Scuola Emila Romagna ha indetto due assemblee sindacali in data 25 novembre 2020. Il primo incontro si &hellip;","og_url":"https:\/\/www.uilscuolaemiliaromagna.it\/public\/er\/2020\/11\/22\/assemblee-sindacali-del-25-novembre-netiquette-modalita-di-collegamento-ed-eventuale-diretta-facebook\/","og_site_name":"Uil Scuola Emilia Romagna","article_published_time":"2020-11-22T16:31:53+00:00","article_modified_time":"2020-11-25T12:45:38+00:00","og_image":[{"width":800,"height":500,"url":"https:\/\/www.uilscuolaemiliaromagna.it\/public\/er\/wp-content\/uploads\/2020\/10\/dirigenti-3.jpg","type":"image\/jpeg"}],"author":"admin","twitter_card":"summary_large_image","twitter_misc":{"Scritto da":"admin","Tempo di lettura stimato":"3 minuti"},"schema":{"@context":"https:\/\/schema.org","@graph":[{"@type":"Article","@id":"https:\/\/www.uilscuolaemiliaromagna.it\/public\/er\/2020\/11\/22\/assemblee-sindacali-del-25-novembre-netiquette-modalita-di-collegamento-ed-eventuale-diretta-facebook\/#article","isPartOf":{"@id":"https:\/\/www.uilscuolaemiliaromagna.it\/public\/er\/2020\/11\/22\/assemblee-sindacali-del-25-novembre-netiquette-modalita-di-collegamento-ed-eventuale-diretta-facebook\/"},"author":{"name":"admin","@id":"https:\/\/www.uilscuolaemiliaromagna.it\/public\/er\/#\/schema\/person\/f42878fd07a4b6ba2b7153d4fad5de5e"},"headline":"Assemblee sindacali del 25 novembre | Netiquette, modalit\u00e0 di collegamento ed eventuale diretta Facebook","datePublished":"2020-11-22T16:31:53+00:00","dateModified":"2020-11-25T12:45:38+00:00","mainEntityOfPage":{"@id":"https:\/\/www.uilscuolaemiliaromagna.it\/public\/er\/2020\/11\/22\/assemblee-sindacali-del-25-novembre-netiquette-modalita-di-collegamento-ed-eventuale-diretta-facebook\/"},"wordCount":564,"publisher":{"@id":"https:\/\/www.uilscuolaemiliaromagna.it\/public\/er\/#organization"},"articleSection":["Notizie","Personale Docente"],"inLanguage":"it-IT"},{"@type":"WebPage","@id":"https:\/\/www.uilscuolaemiliaromagna.it\/public\/er\/2020\/11\/22\/assemblee-sindacali-del-25-novembre-netiquette-modalita-di-collegamento-ed-eventuale-diretta-facebook\/","url":"https:\/\/www.uilscuolaemiliaromagna.it\/public\/er\/2020\/11\/22\/assemblee-sindacali-del-25-novembre-netiquette-modalita-di-collegamento-ed-eventuale-diretta-facebook\/","name":"Assemblee sindacali del 25 novembre | Netiquette, modalit\u00e0 di collegamento ed eventuale diretta Facebook - Uil Scuola Emilia Romagna","isPartOf":{"@id":"https:\/\/www.uilscuolaemiliaromagna.it\/public\/er\/#website"},"datePublished":"2020-11-22T16:31:53+00:00","dateModified":"2020-11-25T12:45:38+00:00","breadcrumb":{"@id":"https:\/\/www.uilscuolaemiliaromagna.it\/public\/er\/2020\/11\/22\/assemblee-sindacali-del-25-novembre-netiquette-modalita-di-collegamento-ed-eventuale-diretta-facebook\/#breadcrumb"},"inLanguage":"it-IT","potentialAction":[{"@type":"ReadAction","target":["https:\/\/www.uilscuolaemiliaromagna.it\/public\/er\/2020\/11\/22\/assemblee-sindacali-del-25-novembre-netiquette-modalita-di-collegamento-ed-eventuale-diretta-facebook\/"]}]},{"@type":"BreadcrumbList","@id":"https:\/\/www.uilscuolaemiliaromagna.it\/public\/er\/2020\/11\/22\/assemblee-sindacali-del-25-novembre-netiquette-modalita-di-collegamento-ed-eventuale-diretta-facebook\/#breadcrumb","itemListElement":[{"@type":"ListItem","position":1,"name":"Home","item":"https:\/\/www.uilscuolaemiliaromagna.it\/public\/er\/"},{"@type":"ListItem","position":2,"name":"Assemblee sindacali del 25 novembre | Netiquette, modalit\u00e0 di collegamento ed eventuale diretta Facebook"}]},{"@type":"WebSite","@id":"https:\/\/www.uilscuolaemiliaromagna.it\/public\/er\/#website","url":"https:\/\/www.uilscuolaemiliaromagna.it\/public\/er\/","name":"Uil Scuola Emilia Romagna","description":"La voce libera della scuola","publisher":{"@id":"https:\/\/www.uilscuolaemiliaromagna.it\/public\/er\/#organization"},"potentialAction":[{"@type":"SearchAction","target":{"@type":"EntryPoint","urlTemplate":"https:\/\/www.uilscuolaemiliaromagna.it\/public\/er\/?s={search_term_string}"},"query-input":"required name=search_term_string"}],"inLanguage":"it-IT"},{"@type":"Organization","@id":"https:\/\/www.uilscuolaemiliaromagna.it\/public\/er\/#organization","name":"Uil Scuola Emilia Romagna","url":"https:\/\/www.uilscuolaemiliaromagna.it\/public\/er\/","logo":{"@type":"ImageObject","inLanguage":"it-IT","@id":"https:\/\/www.uilscuolaemiliaromagna.it\/public\/er\/#\/schema\/logo\/image\/","url":"https:\/\/www.uilscuolaemiliaromagna.it\/public\/er\/wp-content\/uploads\/2017\/04\/cropped-header.png","contentUrl":"https:\/\/www.uilscuolaemiliaromagna.it\/public\/er\/wp-content\/uploads\/2017\/04\/cropped-header.png","width":1000,"height":150,"caption":"Uil Scuola Emilia Romagna"},"image":{"@id":"https:\/\/www.uilscuolaemiliaromagna.it\/public\/er\/#\/schema\/logo\/image\/"}},{"@type":"Person","@id":"https:\/\/www.uilscuolaemiliaromagna.it\/public\/er\/#\/schema\/person\/f42878fd07a4b6ba2b7153d4fad5de5e","name":"admin","image":{"@type":"ImageObject","inLanguage":"it-IT","@id":"https:\/\/www.uilscuolaemiliaromagna.it\/public\/er\/#\/schema\/person\/image\/","url":"https:\/\/secure.gravatar.com\/avatar\/aebf815ae2f30ffdae8b8c247273d34c?s=96&d=mm&r=g","contentUrl":"https:\/\/secure.gravatar.com\/avatar\/aebf815ae2f30ffdae8b8c247273d34c?s=96&d=mm&r=g","caption":"admin"},"url":"https:\/\/www.uilscuolaemiliaromagna.it\/public\/er\/author\/admin\/"}]}},"views":1639,"_links":{"self":[{"href":"https:\/\/www.uilscuolaemiliaromagna.it\/public\/er\/wp-json\/wp\/v2\/posts\/7230"}],"collection":[{"href":"https:\/\/www.uilscuolaemiliaromagna.it\/public\/er\/wp-json\/wp\/v2\/posts"}],"about":[{"href":"https:\/\/www.uilscuolaemiliaromagna.it\/public\/er\/wp-json\/wp\/v2\/types\/post"}],"author":[{"embeddable":true,"href":"https:\/\/www.uilscuolaemiliaromagna.it\/public\/er\/wp-json\/wp\/v2\/users\/1"}],"replies":[{"embeddable":true,"href":"https:\/\/www.uilscuolaemiliaromagna.it\/public\/er\/wp-json\/wp\/v2\/comments?post=7230"}],"version-history":[{"count":10,"href":"https:\/\/www.uilscuolaemiliaromagna.it\/public\/er\/wp-json\/wp\/v2\/posts\/7230\/revisions"}],"predecessor-version":[{"id":7243,"href":"https:\/\/www.uilscuolaemiliaromagna.it\/public\/er\/wp-json\/wp\/v2\/posts\/7230\/revisions\/7243"}],"wp:featuredmedia":[{"embeddable":true,"href":"https:\/\/www.uilscuolaemiliaromagna.it\/public\/er\/wp-json\/wp\/v2\/media\/6818"}],"wp:attachment":[{"href":"https:\/\/www.uilscuolaemiliaromagna.it\/public\/er\/wp-json\/wp\/v2\/media?parent=7230"}],"wp:term":[{"taxonomy":"category","embeddable":true,"href":"https:\/\/www.uilscuolaemiliaromagna.it\/public\/er\/wp-json\/wp\/v2\/categories?post=7230"},{"taxonomy":"post_tag","embeddable":true,"href":"https:\/\/www.uilscuolaemiliaromagna.it\/public\/er\/wp-json\/wp\/v2\/tags?post=7230"}],"curies":[{"name":"wp","href":"https:\/\/api.w.org\/{rel}","templated":true}]}}