{"id":7367,"date":"2020-12-10T09:06:26","date_gmt":"2020-12-10T08:06:26","guid":{"rendered":"http:\/\/www.uilscuolaemiliaromagna.it\/public\/er\/?p=7367"},"modified":"2020-12-18T09:22:25","modified_gmt":"2020-12-18T08:22:25","slug":"corso-di-dattilografia-attivazione-convenzione","status":"publish","type":"post","link":"https:\/\/www.uilscuolaemiliaromagna.it\/public\/er\/2020\/12\/10\/corso-di-dattilografia-attivazione-convenzione\/","title":{"rendered":"Corso di dattilografia | attivazione convenzione"},"content":{"rendered":"<div>\n<p style=\"text-align: justify;\"><strong>La UIL Scuola Emilia Romagna ha attivato una convenzione con l&#8217;Associazione Polis &#8211; Asilo delle Grazie<\/strong><\/p>\n<div style=\"text-align: justify;\">La convenzione tra l&#8217;Associazione e la UIL Scuola \u00a0Emilia Romagna ha come obiettivo ottenere sia una scontistica per gli iscritti sia la sicurezza che l&#8217;associazione in questione, sia autorizzata al rilascio di attestati conformi alla normativa vigente.<\/div>\n<div style=\"text-align: justify;\"><\/div>\n<div style=\"text-align: justify;\">L&#8217;Associazione Polis -Asilo delle Grazie <u>ha attivato il corso di Dattilografia valevole punti 1 ai fini della graduatoria di 1\u00b0 e 3\u00b0 fascia ATA, profilo Assistente Amministrativo.<\/u><\/div>\n<div style=\"text-align: justify;\"><\/div>\n<p style=\"text-align: justify;\">Alla fine del percorso, con esito positivo, l&#8217;associazione rilascer\u00e0 l&#8217;attestato di &#8220;addestramento professionale della dattilografia&#8221; istituito dallo Stato\/Enti Pubblici, cos\u00ec come previsto dall&#8217;Allegato A\/1 &#8211; Lettera A &#8211; Art. 4 &#8211; DM 640 del 30\/08\/2017.<\/p>\n<div>\n<h2 style=\"text-align: justify;\">OBIETTIVI FORMATIVI:<\/h2>\n<p style=\"text-align: justify;\">Il Corso di Dattilografia con Attestato di \u201c<b>Addestramento Professionale per la Dattilografia<\/b>\u201d \u00e8 istituito dal Comune di Grazzanise (CE) con\u00a0<a href=\"https:\/\/associazionepolis.eu\/uploads\/document\/delibera-dattilografia.pdf\" target=\"_blank\" rel=\"noopener noreferrer\">deliberazione della Giunta Comunale n. 22 del 20\/11\/2020<\/a>\u00a0cos\u00ec come previsto dalle indicazioni ministeriali.<\/p>\n<p style=\"text-align: justify;\">Il corso di Dattilografia \u00e8 uno strumento strategico e compensativo pensato per:<\/p>\n<ul style=\"text-align: justify;\">\n<li><b>il personale ATA<\/b>, il corso di dattilografia \u00e8 riconosciuto e risponde ai requisiti richiesti dal\u00a0<b>M<\/b>inistero dell\u2019<b>I<\/b>struzione. L\u2019attestato che si consegue al termine della prova finale del corso di dattilografia online \u00e8 valido come punteggio nella tabella dei titoli valutati per le graduatorie del personale ATA (1 PUNTO);<\/li>\n<li><b>studenti\u00a0<\/b>che usano il proprio pc portatile per appuntare le lezioni dei loro docenti (esempio: in Universit\u00e0, Stage, ecc.);<\/li>\n<li><b>insegnanti\/docenti<\/b>\u00a0che possiedono gi\u00e0 titoli di certificazioni informatiche \u2013 per usare in modo competente e sicuro le opzioni offerte dalla tastiera ed i vantaggi di non guardare le proprie dita, svolgendo un corso di dattilografia online.<\/li>\n<\/ul>\n<p style=\"text-align: justify;\">Il Corso di Dattilografia ha come obiettivo fornire l&#8217;abilit\u00e0 e la competenza di digitare alla &#8220;<b>velocit\u00e0 di dettatura<\/b>&#8220;, con la massima precisione e senza guardare le mani sulla tastiera di notebook, desktop ed altri dispositivi informatici.<\/p>\n<p style=\"text-align: justify;\">Il programma del corso di dattilografia segue un allenamento progressivo guidato, controllato e verificato distribuito in diversi livelli della durata complessiva di 200 ore:<\/p>\n<ul style=\"text-align: justify;\">\n<li>memorizzazione e posizionamento delle dita su tutte le linee di tasti di una tastiera QWERTY;<\/li>\n<li>memorizzazione delle combinazioni tasti per i Caratteri Speciali e le Funzioni;<\/li>\n<li>esercitazioni di memorizzazione diteggiatura;<\/li>\n<li>esercizi per migliorare la precisione;<\/li>\n<li>esercitazioni per aumentare la velocit\u00e0.<\/li>\n<\/ul>\n<p style=\"text-align: justify;\"><b>Sono previste tre diverse fasi per l&#8217;apprendimento.<\/b><\/p>\n<p style=\"text-align: justify;\"><b>FASE ALLENAMENTO:<\/b><\/p>\n<ul style=\"text-align: justify;\">\n<li>memorizzazione e posizione delle dita sulla tastiera (tastiera cieca).<\/li>\n<\/ul>\n<p style=\"text-align: justify;\"><b>FASE PRECISIONE:<\/b><\/p>\n<ul style=\"text-align: justify;\">\n<li>acquisire la precisione abbassando la percentuale di errore.<\/li>\n<\/ul>\n<p style=\"text-align: justify;\"><b>FASE VELOCITA&#8217;:<\/b><\/p>\n<ul style=\"text-align: justify;\">\n<li>aumentare gradualmente la velocit\u00e0 di digitazione, il numero di battute al minuto sar\u00e0 allineato alla velocit\u00e0 standard di lettura e dettatura.<\/li>\n<\/ul>\n<\/div>\n<div style=\"text-align: justify;\"><\/div>\n<div style=\"text-align: justify;\">\n<h2>DESTINATARI:<\/h2>\n<p>Il Corso di Dattilografia \u00e8 rivolto a quanti vogliono scrivere con la tastiera in modo corretto ottimizzando i tempi e a coloro che per lavoro passano ore a scrivere alla tastiera e ancora non hanno acquisito le competenze necessarie per scrivere con le dieci dita senza guardare la tastiera.<\/p>\n<p><b><i>In particolare modo il corso di dattilografia \u00e8 utile a<\/i>:<\/b><\/p>\n<ul>\n<li>a chi \u00e8 interessato a lavorare nel Mondo Scuola come personale\u00a0<b>A<\/b>mministrativo\u00a0<b>T<\/b>ecnico\u00a0<b>A<\/b>usiliario e cerca un corso di dattilografia riconosciuto;<\/li>\n<li>studenti che hanno accesso al proprio portatile per appuntare le lezioni dei loro docenti (esempio in Universit\u00e0, Stage, ecc.);<\/li>\n<li>insegnanti\/docenti che possiedono gi\u00e0 titoli di certificazioni informatiche per usare in modo competente e sicuro le opzioni offerte dalla tastiera.<\/li>\n<li>in generale il corso di dattilografia \u00e8 consigliato chiunque lavora con un dispositivo digitale.<\/li>\n<\/ul>\n<p>Il corso \u00e8 erogato interamente online su piattaforma professionale accessibile 24\/24h.<\/p>\n<\/div>\n<div style=\"text-align: justify;\"><\/div>\n<div style=\"text-align: justify;\"><strong><em><u>Alcune FAQ:<\/u><\/em><\/strong><\/div>\n<div style=\"text-align: justify;\"><\/div>\n<div style=\"text-align: justify;\"><\/div>\n<div style=\"text-align: justify;\"><strong><u>DOVE MI COLLEGO?<\/u><\/strong><\/div>\n<div style=\"text-align: justify;\"><\/div>\n<div style=\"text-align: justify;\"><u>\u200b<a href=\"https:\/\/www.associazionepolis.eu\/\" target=\"_blank\" rel=\"nofollow noopener noreferrer\">https:\/\/www.associazionepolis.eu\/<\/a>\u200b\u200b\u200b\u200b<\/u><\/div>\n<div style=\"text-align: justify;\"><\/div>\n<div style=\"text-align: justify;\"><\/div>\n<div style=\"text-align: justify;\"><strong><u>COME FACCIO AD ISCRIVERMI AL CORSO?<\/u><\/strong><\/div>\n<div style=\"text-align: justify;\"><\/div>\n<div style=\"text-align: justify;\">\u00a0Devo registrarmi al seguente link:<\/div>\n<div style=\"text-align: justify;\"><\/div>\n<ol style=\"text-align: justify;\">\n<li>Digitare l&#8217;indirizzo web\u00a0<a href=\"https:\/\/associazionepolis.eu\/\" target=\"_blank\" rel=\"noopener noreferrer\">https:\/\/associazionepolis.eu\/<\/a>.<\/li>\n<li>Cliccare in alto a destra nel comando &#8220;Registrati&#8221;.<\/li>\n<li>Compilare CORRETTAMENTE tutti i campi obbligatori richiesti, accettare i termini, le condizioni e la privacy policy e in fondo cliccare nel comando &#8220;Registrati&#8221;.<\/li>\n<li>Inserire il &#8220;Codice di verifica&#8221; richiesto (composto da 6 numeri) inviato nella email con Oggetto: &#8220;Verifica indirizzo email&#8221; e cliccare nel comando &#8220;Continua&#8221;.<\/li>\n<li>Digitare l&#8217;indirizzo email e password indicati durante la fase di registrazione e cliccare nel comando &#8220;Accesso&#8221; per essere riconosciuti e identificati dalla piattaforma e acquistare il corso interessato.<\/li>\n<\/ol>\n<div style=\"text-align: justify;\"><\/div>\n<p style=\"text-align: justify;\"><strong><u>Come acquistare il corso?<\/u><\/strong><\/p>\n<ol style=\"text-align: justify;\">\n<li><u>Dopo aver inserito le credenziali di accesso (<em>email e password scelti durante la fase di registrazione<\/em>) cliccare nel corso da acquistare e nel comando &#8220;Acquista ora&#8221; e verr\u00e0 visualizzata una nuova finestra con il corso scelto aggiunto nel Carrello e il relativo costo.<\/u><\/li>\n<li><u>Cliccare nel comando &#8220;Checkout&#8221; per allegare il bonifico effettuato (allegato\/i ammesso\/i con estensione:\u00a0<em>jpg, pdf, txt, png, docx<\/em>) da inviare all&#8217;Associazione Polis seguendo attentamente le istruzioni riportate a video e cliccare nel comando &#8220;Invia documento&#8221;.<\/u><\/li>\n<li><u>A questo punto dopo aver allegato il bonifico e cliccato nel comando &#8220;Invia documento&#8221; verr\u00e0 visualizzata una nuova finestra con l&#8217;indicazione &#8220;Pagamenti in sospeso&#8221; e occorrer\u00e0 attendere che l&#8217;ufficio immatricolazioni provveder\u00e0 a validare i dati inseriti ed attivare il percorso formativo.<\/u><\/li>\n<li><u>Verificata la quietanza di pagamento da parte dell&#8217;Associazione Polis e comunque entro il giorno successivo, salvo imprevisti, l&#8217;iscritto ricever\u00e0 una nuova email con Oggetto: &#8220;Acquisto corso&#8221; e potr\u00e0 iniziare il corso acquistato nella piattaforma\u00a0<a href=\"https:\/\/associazionepolis.eu\/\" target=\"_blank\" rel=\"noopener noreferrer\">https:\/\/associazionepolis.eu\/<\/a>\u00a0cliccando nei comandi &#8220;I miei corsi&#8221; e &#8220;Inizio Lezione&#8221;.<\/u><\/li>\n<\/ol>\n<div style=\"text-align: justify;\"><\/div>\n<div style=\"text-align: justify;\"><strong><u>PER QUALE \u00a0GRADUATORIE E&#8217; VALIDO IL CORSO?<\/u><\/strong><\/div>\n<div style=\"text-align: justify;\"><\/div>\n<\/div>\n<div style=\"text-align: justify;\"><u>Il corso \u00e8 valido sia per la graduatoria di 1^ Fascia che di 3^ Fascia ATA<\/u><\/div>\n<div style=\"text-align: justify;\">\n<div><\/div>\n<div><u>PER QUALE PROFILO E&#8217; SPEDIBILE?\u00a0\u00a0<\/u><\/div>\n<div><\/div>\n<div><u>SOLO ASSISTENTE AMMINITRATIVO<\/u><\/div>\n<div><\/div>\n<div><u>QUANTO COSTA IL CORSO?<\/u><\/div>\n<div><\/div>\n<div><u>Il corso costa 150 Euro per gli iscritti alla UIL SCUOLA Emilia Romagna (fruiscono della scontisti anche il coniuge e figli dell&#8217;iscritto) e euro 200 per i non iscritti alla UIL Scuola ER &#8211;<\/u><\/div>\n<div><\/div>\n<div><strong><u>COSA DEVO PRESENTARE PER RICEVERE LO SCONTO SUL PREZZO DEL CORSO?<\/u><\/strong><\/div>\n<div><\/div>\n<p><u>In fase di registrazione bisogna allegare la tessera di iscrizione al sindato richiedibile via email oppure via Whats App.<\/u><\/p>\n<div><strong><u>COME SI SVOLGE IL CORSO?<\/u><\/strong><\/div>\n<div><\/div>\n<p><u>Il corso \u00e8 al 100% on Line. Massima flessibilit\u00e0.<\/u><\/p>\n<div><u>\u00a0<\/u><\/div>\n<\/div>\n<div>\n<div style=\"text-align: justify;\"><u>Per ulteriori informazioni sul corso di Dattilografia:<\/u><\/div>\n<div style=\"text-align: justify;\"><\/div>\n<div style=\"text-align: justify;\"><u>cell: 333 857 30 64 &#8211;\u00a0<a href=\"mailto:associazionepolisdellegrazie@gmail.com\" target=\"_blank\" rel=\"noopener noreferrer\">associazionepolisdellegrazie@gmail.com<\/a>\u00a0 \u00a0&#8211;\u00a0<a href=\"mailto:associazionepolisdellegrazie@pec.it\" target=\"_blank\" rel=\"noopener noreferrer\">associazionepolisdellegrazie@pec.it<\/a>\u00a0<\/u><\/div>\n<div style=\"text-align: justify;\"><\/div>\n<\/div>\n\n<div class=\"twitter-share\"><a href=\"https:\/\/twitter.com\/intent\/tweet?via=UILScuolaBO_ER\" class=\"twitter-share-button\" data-size=\"large\">Tweet<\/a><\/div>\n","protected":false},"excerpt":{"rendered":"<p>La UIL Scuola Emilia Romagna ha attivato una convenzione con l&#8217;Associazione Polis &#8211; Asilo delle Grazie La convenzione tra l&#8217;Associazione e la UIL Scuola \u00a0Emilia &hellip; <\/p>\n","protected":false},"author":1,"featured_media":6813,"comment_status":"closed","ping_status":"open","sticky":false,"template":"","format":"standard","meta":{"footnotes":""},"categories":[2,12],"tags":[],"yoast_head":"<!-- This site is optimized with the Yoast SEO plugin v21.7 - https:\/\/yoast.com\/wordpress\/plugins\/seo\/ -->\r\n<title>Corso di dattilografia | attivazione convenzione - Uil Scuola Emilia Romagna<\/title>\r\n<meta name=\"robots\" content=\"index, follow, max-snippet:-1, max-image-preview:large, max-video-preview:-1\" \/>\r\n<link rel=\"canonical\" href=\"https:\/\/www.uilscuolaemiliaromagna.it\/public\/er\/2020\/12\/10\/corso-di-dattilografia-attivazione-convenzione\/\" \/>\r\n<meta property=\"og:locale\" content=\"it_IT\" \/>\r\n<meta property=\"og:type\" content=\"article\" \/>\r\n<meta property=\"og:title\" content=\"Corso di dattilografia | attivazione convenzione - Uil Scuola Emilia Romagna\" \/>\r\n<meta property=\"og:description\" content=\"La UIL Scuola Emilia Romagna ha attivato una convenzione con l&#8217;Associazione Polis &#8211; Asilo delle Grazie La convenzione tra l&#8217;Associazione e la UIL Scuola \u00a0Emilia &hellip;\" \/>\r\n<meta property=\"og:url\" content=\"https:\/\/www.uilscuolaemiliaromagna.it\/public\/er\/2020\/12\/10\/corso-di-dattilografia-attivazione-convenzione\/\" \/>\r\n<meta property=\"og:site_name\" content=\"Uil Scuola Emilia Romagna\" \/>\r\n<meta property=\"article:published_time\" content=\"2020-12-10T08:06:26+00:00\" \/>\r\n<meta property=\"article:modified_time\" content=\"2020-12-18T08:22:25+00:00\" \/>\r\n<meta property=\"og:image\" content=\"https:\/\/www.uilscuolaemiliaromagna.it\/public\/er\/wp-content\/uploads\/2020\/10\/ata-3.jpg\" \/>\r\n\t<meta property=\"og:image:width\" content=\"799\" \/>\r\n\t<meta property=\"og:image:height\" content=\"500\" \/>\r\n\t<meta property=\"og:image:type\" content=\"image\/jpeg\" \/>\r\n<meta name=\"author\" content=\"admin\" \/>\r\n<meta name=\"twitter:card\" content=\"summary_large_image\" \/>\r\n<meta name=\"twitter:label1\" content=\"Scritto da\" \/>\n\t<meta name=\"twitter:data1\" content=\"admin\" \/>\n\t<meta name=\"twitter:label2\" content=\"Tempo di lettura stimato\" \/>\n\t<meta name=\"twitter:data2\" content=\"5 minuti\" \/>\r\n<script type=\"application\/ld+json\" class=\"yoast-schema-graph\">{\"@context\":\"https:\/\/schema.org\",\"@graph\":[{\"@type\":\"Article\",\"@id\":\"https:\/\/www.uilscuolaemiliaromagna.it\/public\/er\/2020\/12\/10\/corso-di-dattilografia-attivazione-convenzione\/#article\",\"isPartOf\":{\"@id\":\"https:\/\/www.uilscuolaemiliaromagna.it\/public\/er\/2020\/12\/10\/corso-di-dattilografia-attivazione-convenzione\/\"},\"author\":{\"name\":\"admin\",\"@id\":\"https:\/\/www.uilscuolaemiliaromagna.it\/public\/er\/#\/schema\/person\/f42878fd07a4b6ba2b7153d4fad5de5e\"},\"headline\":\"Corso di dattilografia | attivazione convenzione\",\"datePublished\":\"2020-12-10T08:06:26+00:00\",\"dateModified\":\"2020-12-18T08:22:25+00:00\",\"mainEntityOfPage\":{\"@id\":\"https:\/\/www.uilscuolaemiliaromagna.it\/public\/er\/2020\/12\/10\/corso-di-dattilografia-attivazione-convenzione\/\"},\"wordCount\":952,\"publisher\":{\"@id\":\"https:\/\/www.uilscuolaemiliaromagna.it\/public\/er\/#organization\"},\"articleSection\":[\"ATA\",\"Notizie\"],\"inLanguage\":\"it-IT\"},{\"@type\":\"WebPage\",\"@id\":\"https:\/\/www.uilscuolaemiliaromagna.it\/public\/er\/2020\/12\/10\/corso-di-dattilografia-attivazione-convenzione\/\",\"url\":\"https:\/\/www.uilscuolaemiliaromagna.it\/public\/er\/2020\/12\/10\/corso-di-dattilografia-attivazione-convenzione\/\",\"name\":\"Corso di dattilografia | attivazione convenzione - Uil Scuola Emilia Romagna\",\"isPartOf\":{\"@id\":\"https:\/\/www.uilscuolaemiliaromagna.it\/public\/er\/#website\"},\"datePublished\":\"2020-12-10T08:06:26+00:00\",\"dateModified\":\"2020-12-18T08:22:25+00:00\",\"breadcrumb\":{\"@id\":\"https:\/\/www.uilscuolaemiliaromagna.it\/public\/er\/2020\/12\/10\/corso-di-dattilografia-attivazione-convenzione\/#breadcrumb\"},\"inLanguage\":\"it-IT\",\"potentialAction\":[{\"@type\":\"ReadAction\",\"target\":[\"https:\/\/www.uilscuolaemiliaromagna.it\/public\/er\/2020\/12\/10\/corso-di-dattilografia-attivazione-convenzione\/\"]}]},{\"@type\":\"BreadcrumbList\",\"@id\":\"https:\/\/www.uilscuolaemiliaromagna.it\/public\/er\/2020\/12\/10\/corso-di-dattilografia-attivazione-convenzione\/#breadcrumb\",\"itemListElement\":[{\"@type\":\"ListItem\",\"position\":1,\"name\":\"Home\",\"item\":\"https:\/\/www.uilscuolaemiliaromagna.it\/public\/er\/\"},{\"@type\":\"ListItem\",\"position\":2,\"name\":\"Corso di dattilografia | attivazione convenzione\"}]},{\"@type\":\"WebSite\",\"@id\":\"https:\/\/www.uilscuolaemiliaromagna.it\/public\/er\/#website\",\"url\":\"https:\/\/www.uilscuolaemiliaromagna.it\/public\/er\/\",\"name\":\"Uil Scuola Emilia Romagna\",\"description\":\"La voce libera della scuola\",\"publisher\":{\"@id\":\"https:\/\/www.uilscuolaemiliaromagna.it\/public\/er\/#organization\"},\"potentialAction\":[{\"@type\":\"SearchAction\",\"target\":{\"@type\":\"EntryPoint\",\"urlTemplate\":\"https:\/\/www.uilscuolaemiliaromagna.it\/public\/er\/?s={search_term_string}\"},\"query-input\":\"required name=search_term_string\"}],\"inLanguage\":\"it-IT\"},{\"@type\":\"Organization\",\"@id\":\"https:\/\/www.uilscuolaemiliaromagna.it\/public\/er\/#organization\",\"name\":\"Uil Scuola Emilia Romagna\",\"url\":\"https:\/\/www.uilscuolaemiliaromagna.it\/public\/er\/\",\"logo\":{\"@type\":\"ImageObject\",\"inLanguage\":\"it-IT\",\"@id\":\"https:\/\/www.uilscuolaemiliaromagna.it\/public\/er\/#\/schema\/logo\/image\/\",\"url\":\"https:\/\/www.uilscuolaemiliaromagna.it\/public\/er\/wp-content\/uploads\/2017\/04\/cropped-header.png\",\"contentUrl\":\"https:\/\/www.uilscuolaemiliaromagna.it\/public\/er\/wp-content\/uploads\/2017\/04\/cropped-header.png\",\"width\":1000,\"height\":150,\"caption\":\"Uil Scuola Emilia Romagna\"},\"image\":{\"@id\":\"https:\/\/www.uilscuolaemiliaromagna.it\/public\/er\/#\/schema\/logo\/image\/\"}},{\"@type\":\"Person\",\"@id\":\"https:\/\/www.uilscuolaemiliaromagna.it\/public\/er\/#\/schema\/person\/f42878fd07a4b6ba2b7153d4fad5de5e\",\"name\":\"admin\",\"image\":{\"@type\":\"ImageObject\",\"inLanguage\":\"it-IT\",\"@id\":\"https:\/\/www.uilscuolaemiliaromagna.it\/public\/er\/#\/schema\/person\/image\/\",\"url\":\"https:\/\/secure.gravatar.com\/avatar\/aebf815ae2f30ffdae8b8c247273d34c?s=96&d=mm&r=g\",\"contentUrl\":\"https:\/\/secure.gravatar.com\/avatar\/aebf815ae2f30ffdae8b8c247273d34c?s=96&d=mm&r=g\",\"caption\":\"admin\"},\"url\":\"https:\/\/www.uilscuolaemiliaromagna.it\/public\/er\/author\/admin\/\"}]}<\/script>\r\n<!-- \/ Yoast SEO plugin. -->","yoast_head_json":{"title":"Corso di dattilografia | attivazione convenzione - Uil Scuola Emilia Romagna","robots":{"index":"index","follow":"follow","max-snippet":"max-snippet:-1","max-image-preview":"max-image-preview:large","max-video-preview":"max-video-preview:-1"},"canonical":"https:\/\/www.uilscuolaemiliaromagna.it\/public\/er\/2020\/12\/10\/corso-di-dattilografia-attivazione-convenzione\/","og_locale":"it_IT","og_type":"article","og_title":"Corso di dattilografia | attivazione convenzione - Uil Scuola Emilia Romagna","og_description":"La UIL Scuola Emilia Romagna ha attivato una convenzione con l&#8217;Associazione Polis &#8211; Asilo delle Grazie La convenzione tra l&#8217;Associazione e la UIL Scuola \u00a0Emilia &hellip;","og_url":"https:\/\/www.uilscuolaemiliaromagna.it\/public\/er\/2020\/12\/10\/corso-di-dattilografia-attivazione-convenzione\/","og_site_name":"Uil Scuola Emilia Romagna","article_published_time":"2020-12-10T08:06:26+00:00","article_modified_time":"2020-12-18T08:22:25+00:00","og_image":[{"width":799,"height":500,"url":"https:\/\/www.uilscuolaemiliaromagna.it\/public\/er\/wp-content\/uploads\/2020\/10\/ata-3.jpg","type":"image\/jpeg"}],"author":"admin","twitter_card":"summary_large_image","twitter_misc":{"Scritto da":"admin","Tempo di lettura stimato":"5 minuti"},"schema":{"@context":"https:\/\/schema.org","@graph":[{"@type":"Article","@id":"https:\/\/www.uilscuolaemiliaromagna.it\/public\/er\/2020\/12\/10\/corso-di-dattilografia-attivazione-convenzione\/#article","isPartOf":{"@id":"https:\/\/www.uilscuolaemiliaromagna.it\/public\/er\/2020\/12\/10\/corso-di-dattilografia-attivazione-convenzione\/"},"author":{"name":"admin","@id":"https:\/\/www.uilscuolaemiliaromagna.it\/public\/er\/#\/schema\/person\/f42878fd07a4b6ba2b7153d4fad5de5e"},"headline":"Corso di dattilografia | attivazione convenzione","datePublished":"2020-12-10T08:06:26+00:00","dateModified":"2020-12-18T08:22:25+00:00","mainEntityOfPage":{"@id":"https:\/\/www.uilscuolaemiliaromagna.it\/public\/er\/2020\/12\/10\/corso-di-dattilografia-attivazione-convenzione\/"},"wordCount":952,"publisher":{"@id":"https:\/\/www.uilscuolaemiliaromagna.it\/public\/er\/#organization"},"articleSection":["ATA","Notizie"],"inLanguage":"it-IT"},{"@type":"WebPage","@id":"https:\/\/www.uilscuolaemiliaromagna.it\/public\/er\/2020\/12\/10\/corso-di-dattilografia-attivazione-convenzione\/","url":"https:\/\/www.uilscuolaemiliaromagna.it\/public\/er\/2020\/12\/10\/corso-di-dattilografia-attivazione-convenzione\/","name":"Corso di dattilografia | attivazione convenzione - Uil Scuola Emilia Romagna","isPartOf":{"@id":"https:\/\/www.uilscuolaemiliaromagna.it\/public\/er\/#website"},"datePublished":"2020-12-10T08:06:26+00:00","dateModified":"2020-12-18T08:22:25+00:00","breadcrumb":{"@id":"https:\/\/www.uilscuolaemiliaromagna.it\/public\/er\/2020\/12\/10\/corso-di-dattilografia-attivazione-convenzione\/#breadcrumb"},"inLanguage":"it-IT","potentialAction":[{"@type":"ReadAction","target":["https:\/\/www.uilscuolaemiliaromagna.it\/public\/er\/2020\/12\/10\/corso-di-dattilografia-attivazione-convenzione\/"]}]},{"@type":"BreadcrumbList","@id":"https:\/\/www.uilscuolaemiliaromagna.it\/public\/er\/2020\/12\/10\/corso-di-dattilografia-attivazione-convenzione\/#breadcrumb","itemListElement":[{"@type":"ListItem","position":1,"name":"Home","item":"https:\/\/www.uilscuolaemiliaromagna.it\/public\/er\/"},{"@type":"ListItem","position":2,"name":"Corso di dattilografia | attivazione convenzione"}]},{"@type":"WebSite","@id":"https:\/\/www.uilscuolaemiliaromagna.it\/public\/er\/#website","url":"https:\/\/www.uilscuolaemiliaromagna.it\/public\/er\/","name":"Uil Scuola Emilia Romagna","description":"La voce libera della scuola","publisher":{"@id":"https:\/\/www.uilscuolaemiliaromagna.it\/public\/er\/#organization"},"potentialAction":[{"@type":"SearchAction","target":{"@type":"EntryPoint","urlTemplate":"https:\/\/www.uilscuolaemiliaromagna.it\/public\/er\/?s={search_term_string}"},"query-input":"required name=search_term_string"}],"inLanguage":"it-IT"},{"@type":"Organization","@id":"https:\/\/www.uilscuolaemiliaromagna.it\/public\/er\/#organization","name":"Uil Scuola Emilia Romagna","url":"https:\/\/www.uilscuolaemiliaromagna.it\/public\/er\/","logo":{"@type":"ImageObject","inLanguage":"it-IT","@id":"https:\/\/www.uilscuolaemiliaromagna.it\/public\/er\/#\/schema\/logo\/image\/","url":"https:\/\/www.uilscuolaemiliaromagna.it\/public\/er\/wp-content\/uploads\/2017\/04\/cropped-header.png","contentUrl":"https:\/\/www.uilscuolaemiliaromagna.it\/public\/er\/wp-content\/uploads\/2017\/04\/cropped-header.png","width":1000,"height":150,"caption":"Uil Scuola Emilia Romagna"},"image":{"@id":"https:\/\/www.uilscuolaemiliaromagna.it\/public\/er\/#\/schema\/logo\/image\/"}},{"@type":"Person","@id":"https:\/\/www.uilscuolaemiliaromagna.it\/public\/er\/#\/schema\/person\/f42878fd07a4b6ba2b7153d4fad5de5e","name":"admin","image":{"@type":"ImageObject","inLanguage":"it-IT","@id":"https:\/\/www.uilscuolaemiliaromagna.it\/public\/er\/#\/schema\/person\/image\/","url":"https:\/\/secure.gravatar.com\/avatar\/aebf815ae2f30ffdae8b8c247273d34c?s=96&d=mm&r=g","contentUrl":"https:\/\/secure.gravatar.com\/avatar\/aebf815ae2f30ffdae8b8c247273d34c?s=96&d=mm&r=g","caption":"admin"},"url":"https:\/\/www.uilscuolaemiliaromagna.it\/public\/er\/author\/admin\/"}]}},"views":2838,"_links":{"self":[{"href":"https:\/\/www.uilscuolaemiliaromagna.it\/public\/er\/wp-json\/wp\/v2\/posts\/7367"}],"collection":[{"href":"https:\/\/www.uilscuolaemiliaromagna.it\/public\/er\/wp-json\/wp\/v2\/posts"}],"about":[{"href":"https:\/\/www.uilscuolaemiliaromagna.it\/public\/er\/wp-json\/wp\/v2\/types\/post"}],"author":[{"embeddable":true,"href":"https:\/\/www.uilscuolaemiliaromagna.it\/public\/er\/wp-json\/wp\/v2\/users\/1"}],"replies":[{"embeddable":true,"href":"https:\/\/www.uilscuolaemiliaromagna.it\/public\/er\/wp-json\/wp\/v2\/comments?post=7367"}],"version-history":[{"count":3,"href":"https:\/\/www.uilscuolaemiliaromagna.it\/public\/er\/wp-json\/wp\/v2\/posts\/7367\/revisions"}],"predecessor-version":[{"id":7374,"href":"https:\/\/www.uilscuolaemiliaromagna.it\/public\/er\/wp-json\/wp\/v2\/posts\/7367\/revisions\/7374"}],"wp:featuredmedia":[{"embeddable":true,"href":"https:\/\/www.uilscuolaemiliaromagna.it\/public\/er\/wp-json\/wp\/v2\/media\/6813"}],"wp:attachment":[{"href":"https:\/\/www.uilscuolaemiliaromagna.it\/public\/er\/wp-json\/wp\/v2\/media?parent=7367"}],"wp:term":[{"taxonomy":"category","embeddable":true,"href":"https:\/\/www.uilscuolaemiliaromagna.it\/public\/er\/wp-json\/wp\/v2\/categories?post=7367"},{"taxonomy":"post_tag","embeddable":true,"href":"https:\/\/www.uilscuolaemiliaromagna.it\/public\/er\/wp-json\/wp\/v2\/tags?post=7367"}],"curies":[{"name":"wp","href":"https:\/\/api.w.org\/{rel}","templated":true}]}}