{"id":7518,"date":"2021-01-19T19:00:44","date_gmt":"2021-01-19T18:00:44","guid":{"rendered":"http:\/\/www.uilscuolaemiliaromagna.it\/public\/er\/?p=7518"},"modified":"2021-01-20T09:07:47","modified_gmt":"2021-01-20T08:07:47","slug":"rassegna-stampa-avanti-on-line-turi-se-la-scuola-riparte-riparte-anche-il-paese","status":"publish","type":"post","link":"https:\/\/www.uilscuolaemiliaromagna.it\/public\/er\/2021\/01\/19\/rassegna-stampa-avanti-on-line-turi-se-la-scuola-riparte-riparte-anche-il-paese\/","title":{"rendered":"RASSEGNA STAMPA | Avanti on line &#8211; Turi: \u201cSe la scuola riparte, riparte anche il Paese\u201d"},"content":{"rendered":"<p style=\"text-align: justify;\">(\u2026) Una democrazia \u00e8 forte se si regge sui dati scientifici e non sulle narrazioni propagandistiche. La realt\u00e0 \u00e8 pi\u00f9 complessa di come la si vuole rappresentare e per governarne gli effetti negativi, servono azioni coraggiose e condivise che si costruiscono con il confronto e con le relazioni democratiche.<\/p>\n<p style=\"text-align: justify;\">Le misure che continuiamo a rivendicare sono: riduzione degli alunni per classe; presidi sanitari per il tracciamento e per la vigilanza sanitaria; trasporti dedicati e diversificati per ambiti geografici, con le aree metropolitane distinte dalle altre; innovazione tecnologica e digitale della pubblica amministrazione<\/p>\n<p style=\"text-align: justify;\">Vanno usati i soldi del MES per i presidi sanitari nelle scuole e per i dispositivi di protezione individuale (Dpi). Priorit\u00e0 assoluta nel piano di vaccinazione del personale scolastico che \u00e8 in prima linea nel contrastare gli effetti della pandemia. In questa fase di avvio di campagna di vaccinazioni si pensi al personale della scuola. A scuole chiuse non serve.<\/p>\n<p style=\"text-align: justify;\">Guardando alle strategie di sviluppo, e per dare risposte alla piaga del precariato, bisogna agire sugli organici stabili, almeno triennali, su cui programmare e reclutare il personale anche a tempo determinato con contratti pluriennali. La scuola ha bisogno di certezze e stabilit\u00e0 che negli ultimi venticinque anni le sono state negate.<\/p>\n<p style=\"text-align: justify;\">Nel link il testo integrale dell\u2019articolo pubblicato sull\u2019Avanti on line &gt;&gt;&gt;<\/p>\n<ul>\n<li><a href=\"http:\/\/www.avantionline.it\/pino-turi-uil-se-la-scuola-riparte-riparte-anche-il-paese\/\" target=\"_blank\" rel=\"noopener noreferrer\">http:\/\/www.avantionline.it\/pino-turi-uil-se-la-scuola-riparte-riparte-anche-il-paese\/<\/a><\/li>\n<\/ul>\n\n<div class=\"twitter-share\"><a href=\"https:\/\/twitter.com\/intent\/tweet?via=UILScuolaBO_ER\" class=\"twitter-share-button\" data-size=\"large\">Tweet<\/a><\/div>\n","protected":false},"excerpt":{"rendered":"<p>(\u2026) Una democrazia \u00e8 forte se si regge sui dati scientifici e non sulle narrazioni propagandistiche. La realt\u00e0 \u00e8 pi\u00f9 complessa di come la si &hellip; <\/p>\n","protected":false},"author":1,"featured_media":7519,"comment_status":"closed","ping_status":"open","sticky":false,"template":"","format":"standard","meta":{"footnotes":""},"categories":[12],"tags":[48],"yoast_head":"<!-- This site is optimized with the Yoast SEO plugin v21.7 - https:\/\/yoast.com\/wordpress\/plugins\/seo\/ -->\r\n<title>RASSEGNA STAMPA | Avanti on line - Turi: \u201cSe la scuola riparte, riparte anche il Paese\u201d - Uil Scuola Emilia Romagna<\/title>\r\n<meta name=\"robots\" content=\"index, follow, max-snippet:-1, max-image-preview:large, max-video-preview:-1\" \/>\r\n<link rel=\"canonical\" href=\"https:\/\/www.uilscuolaemiliaromagna.it\/public\/er\/2021\/01\/19\/rassegna-stampa-avanti-on-line-turi-se-la-scuola-riparte-riparte-anche-il-paese\/\" \/>\r\n<meta property=\"og:locale\" content=\"it_IT\" \/>\r\n<meta property=\"og:type\" content=\"article\" \/>\r\n<meta property=\"og:title\" content=\"RASSEGNA STAMPA | Avanti on line - Turi: \u201cSe la scuola riparte, riparte anche il Paese\u201d - Uil Scuola Emilia Romagna\" \/>\r\n<meta property=\"og:description\" content=\"(\u2026) Una democrazia \u00e8 forte se si regge sui dati scientifici e non sulle narrazioni propagandistiche. La realt\u00e0 \u00e8 pi\u00f9 complessa di come la si &hellip;\" \/>\r\n<meta property=\"og:url\" content=\"https:\/\/www.uilscuolaemiliaromagna.it\/public\/er\/2021\/01\/19\/rassegna-stampa-avanti-on-line-turi-se-la-scuola-riparte-riparte-anche-il-paese\/\" \/>\r\n<meta property=\"og:site_name\" content=\"Uil Scuola Emilia Romagna\" \/>\r\n<meta property=\"article:published_time\" content=\"2021-01-19T18:00:44+00:00\" \/>\r\n<meta property=\"article:modified_time\" content=\"2021-01-20T08:07:47+00:00\" \/>\r\n<meta property=\"og:image\" content=\"https:\/\/www.uilscuolaemiliaromagna.it\/public\/er\/wp-content\/uploads\/2021\/01\/TURI-DATI-PANDEMIA.jpeg\" \/>\r\n\t<meta property=\"og:image:width\" content=\"835\" \/>\r\n\t<meta property=\"og:image:height\" content=\"540\" \/>\r\n\t<meta property=\"og:image:type\" content=\"image\/jpeg\" \/>\r\n<meta name=\"author\" content=\"admin\" \/>\r\n<meta name=\"twitter:card\" content=\"summary_large_image\" \/>\r\n<meta name=\"twitter:label1\" content=\"Scritto da\" \/>\n\t<meta name=\"twitter:data1\" content=\"admin\" \/>\n\t<meta name=\"twitter:label2\" content=\"Tempo di lettura stimato\" \/>\n\t<meta name=\"twitter:data2\" content=\"1 minuto\" \/>\r\n<script type=\"application\/ld+json\" class=\"yoast-schema-graph\">{\"@context\":\"https:\/\/schema.org\",\"@graph\":[{\"@type\":\"Article\",\"@id\":\"https:\/\/www.uilscuolaemiliaromagna.it\/public\/er\/2021\/01\/19\/rassegna-stampa-avanti-on-line-turi-se-la-scuola-riparte-riparte-anche-il-paese\/#article\",\"isPartOf\":{\"@id\":\"https:\/\/www.uilscuolaemiliaromagna.it\/public\/er\/2021\/01\/19\/rassegna-stampa-avanti-on-line-turi-se-la-scuola-riparte-riparte-anche-il-paese\/\"},\"author\":{\"name\":\"admin\",\"@id\":\"https:\/\/www.uilscuolaemiliaromagna.it\/public\/er\/#\/schema\/person\/f42878fd07a4b6ba2b7153d4fad5de5e\"},\"headline\":\"RASSEGNA STAMPA | Avanti on line &#8211; Turi: \u201cSe la scuola riparte, riparte anche il Paese\u201d\",\"datePublished\":\"2021-01-19T18:00:44+00:00\",\"dateModified\":\"2021-01-20T08:07:47+00:00\",\"mainEntityOfPage\":{\"@id\":\"https:\/\/www.uilscuolaemiliaromagna.it\/public\/er\/2021\/01\/19\/rassegna-stampa-avanti-on-line-turi-se-la-scuola-riparte-riparte-anche-il-paese\/\"},\"wordCount\":234,\"publisher\":{\"@id\":\"https:\/\/www.uilscuolaemiliaromagna.it\/public\/er\/#organization\"},\"keywords\":[\"pino turi\"],\"articleSection\":[\"Notizie\"],\"inLanguage\":\"it-IT\"},{\"@type\":\"WebPage\",\"@id\":\"https:\/\/www.uilscuolaemiliaromagna.it\/public\/er\/2021\/01\/19\/rassegna-stampa-avanti-on-line-turi-se-la-scuola-riparte-riparte-anche-il-paese\/\",\"url\":\"https:\/\/www.uilscuolaemiliaromagna.it\/public\/er\/2021\/01\/19\/rassegna-stampa-avanti-on-line-turi-se-la-scuola-riparte-riparte-anche-il-paese\/\",\"name\":\"RASSEGNA STAMPA | Avanti on line - Turi: \u201cSe la scuola riparte, riparte anche il Paese\u201d - Uil Scuola Emilia Romagna\",\"isPartOf\":{\"@id\":\"https:\/\/www.uilscuolaemiliaromagna.it\/public\/er\/#website\"},\"datePublished\":\"2021-01-19T18:00:44+00:00\",\"dateModified\":\"2021-01-20T08:07:47+00:00\",\"breadcrumb\":{\"@id\":\"https:\/\/www.uilscuolaemiliaromagna.it\/public\/er\/2021\/01\/19\/rassegna-stampa-avanti-on-line-turi-se-la-scuola-riparte-riparte-anche-il-paese\/#breadcrumb\"},\"inLanguage\":\"it-IT\",\"potentialAction\":[{\"@type\":\"ReadAction\",\"target\":[\"https:\/\/www.uilscuolaemiliaromagna.it\/public\/er\/2021\/01\/19\/rassegna-stampa-avanti-on-line-turi-se-la-scuola-riparte-riparte-anche-il-paese\/\"]}]},{\"@type\":\"BreadcrumbList\",\"@id\":\"https:\/\/www.uilscuolaemiliaromagna.it\/public\/er\/2021\/01\/19\/rassegna-stampa-avanti-on-line-turi-se-la-scuola-riparte-riparte-anche-il-paese\/#breadcrumb\",\"itemListElement\":[{\"@type\":\"ListItem\",\"position\":1,\"name\":\"Home\",\"item\":\"https:\/\/www.uilscuolaemiliaromagna.it\/public\/er\/\"},{\"@type\":\"ListItem\",\"position\":2,\"name\":\"RASSEGNA STAMPA | Avanti on line &#8211; Turi: \u201cSe la scuola riparte, riparte anche il Paese\u201d\"}]},{\"@type\":\"WebSite\",\"@id\":\"https:\/\/www.uilscuolaemiliaromagna.it\/public\/er\/#website\",\"url\":\"https:\/\/www.uilscuolaemiliaromagna.it\/public\/er\/\",\"name\":\"Uil Scuola Emilia Romagna\",\"description\":\"La voce libera della scuola\",\"publisher\":{\"@id\":\"https:\/\/www.uilscuolaemiliaromagna.it\/public\/er\/#organization\"},\"potentialAction\":[{\"@type\":\"SearchAction\",\"target\":{\"@type\":\"EntryPoint\",\"urlTemplate\":\"https:\/\/www.uilscuolaemiliaromagna.it\/public\/er\/?s={search_term_string}\"},\"query-input\":\"required name=search_term_string\"}],\"inLanguage\":\"it-IT\"},{\"@type\":\"Organization\",\"@id\":\"https:\/\/www.uilscuolaemiliaromagna.it\/public\/er\/#organization\",\"name\":\"Uil Scuola Emilia Romagna\",\"url\":\"https:\/\/www.uilscuolaemiliaromagna.it\/public\/er\/\",\"logo\":{\"@type\":\"ImageObject\",\"inLanguage\":\"it-IT\",\"@id\":\"https:\/\/www.uilscuolaemiliaromagna.it\/public\/er\/#\/schema\/logo\/image\/\",\"url\":\"https:\/\/www.uilscuolaemiliaromagna.it\/public\/er\/wp-content\/uploads\/2017\/04\/cropped-header.png\",\"contentUrl\":\"https:\/\/www.uilscuolaemiliaromagna.it\/public\/er\/wp-content\/uploads\/2017\/04\/cropped-header.png\",\"width\":1000,\"height\":150,\"caption\":\"Uil Scuola Emilia Romagna\"},\"image\":{\"@id\":\"https:\/\/www.uilscuolaemiliaromagna.it\/public\/er\/#\/schema\/logo\/image\/\"}},{\"@type\":\"Person\",\"@id\":\"https:\/\/www.uilscuolaemiliaromagna.it\/public\/er\/#\/schema\/person\/f42878fd07a4b6ba2b7153d4fad5de5e\",\"name\":\"admin\",\"image\":{\"@type\":\"ImageObject\",\"inLanguage\":\"it-IT\",\"@id\":\"https:\/\/www.uilscuolaemiliaromagna.it\/public\/er\/#\/schema\/person\/image\/\",\"url\":\"https:\/\/secure.gravatar.com\/avatar\/aebf815ae2f30ffdae8b8c247273d34c?s=96&d=mm&r=g\",\"contentUrl\":\"https:\/\/secure.gravatar.com\/avatar\/aebf815ae2f30ffdae8b8c247273d34c?s=96&d=mm&r=g\",\"caption\":\"admin\"},\"url\":\"https:\/\/www.uilscuolaemiliaromagna.it\/public\/er\/author\/admin\/\"}]}<\/script>\r\n<!-- \/ Yoast SEO plugin. -->","yoast_head_json":{"title":"RASSEGNA STAMPA | Avanti on line - Turi: \u201cSe la scuola riparte, riparte anche il Paese\u201d - Uil Scuola Emilia Romagna","robots":{"index":"index","follow":"follow","max-snippet":"max-snippet:-1","max-image-preview":"max-image-preview:large","max-video-preview":"max-video-preview:-1"},"canonical":"https:\/\/www.uilscuolaemiliaromagna.it\/public\/er\/2021\/01\/19\/rassegna-stampa-avanti-on-line-turi-se-la-scuola-riparte-riparte-anche-il-paese\/","og_locale":"it_IT","og_type":"article","og_title":"RASSEGNA STAMPA | Avanti on line - Turi: \u201cSe la scuola riparte, riparte anche il Paese\u201d - Uil Scuola Emilia Romagna","og_description":"(\u2026) Una democrazia \u00e8 forte se si regge sui dati scientifici e non sulle narrazioni propagandistiche. La realt\u00e0 \u00e8 pi\u00f9 complessa di come la si &hellip;","og_url":"https:\/\/www.uilscuolaemiliaromagna.it\/public\/er\/2021\/01\/19\/rassegna-stampa-avanti-on-line-turi-se-la-scuola-riparte-riparte-anche-il-paese\/","og_site_name":"Uil Scuola Emilia Romagna","article_published_time":"2021-01-19T18:00:44+00:00","article_modified_time":"2021-01-20T08:07:47+00:00","og_image":[{"width":835,"height":540,"url":"https:\/\/www.uilscuolaemiliaromagna.it\/public\/er\/wp-content\/uploads\/2021\/01\/TURI-DATI-PANDEMIA.jpeg","type":"image\/jpeg"}],"author":"admin","twitter_card":"summary_large_image","twitter_misc":{"Scritto da":"admin","Tempo di lettura stimato":"1 minuto"},"schema":{"@context":"https:\/\/schema.org","@graph":[{"@type":"Article","@id":"https:\/\/www.uilscuolaemiliaromagna.it\/public\/er\/2021\/01\/19\/rassegna-stampa-avanti-on-line-turi-se-la-scuola-riparte-riparte-anche-il-paese\/#article","isPartOf":{"@id":"https:\/\/www.uilscuolaemiliaromagna.it\/public\/er\/2021\/01\/19\/rassegna-stampa-avanti-on-line-turi-se-la-scuola-riparte-riparte-anche-il-paese\/"},"author":{"name":"admin","@id":"https:\/\/www.uilscuolaemiliaromagna.it\/public\/er\/#\/schema\/person\/f42878fd07a4b6ba2b7153d4fad5de5e"},"headline":"RASSEGNA STAMPA | Avanti on line &#8211; Turi: \u201cSe la scuola riparte, riparte anche il Paese\u201d","datePublished":"2021-01-19T18:00:44+00:00","dateModified":"2021-01-20T08:07:47+00:00","mainEntityOfPage":{"@id":"https:\/\/www.uilscuolaemiliaromagna.it\/public\/er\/2021\/01\/19\/rassegna-stampa-avanti-on-line-turi-se-la-scuola-riparte-riparte-anche-il-paese\/"},"wordCount":234,"publisher":{"@id":"https:\/\/www.uilscuolaemiliaromagna.it\/public\/er\/#organization"},"keywords":["pino turi"],"articleSection":["Notizie"],"inLanguage":"it-IT"},{"@type":"WebPage","@id":"https:\/\/www.uilscuolaemiliaromagna.it\/public\/er\/2021\/01\/19\/rassegna-stampa-avanti-on-line-turi-se-la-scuola-riparte-riparte-anche-il-paese\/","url":"https:\/\/www.uilscuolaemiliaromagna.it\/public\/er\/2021\/01\/19\/rassegna-stampa-avanti-on-line-turi-se-la-scuola-riparte-riparte-anche-il-paese\/","name":"RASSEGNA STAMPA | Avanti on line - Turi: \u201cSe la scuola riparte, riparte anche il Paese\u201d - Uil Scuola Emilia Romagna","isPartOf":{"@id":"https:\/\/www.uilscuolaemiliaromagna.it\/public\/er\/#website"},"datePublished":"2021-01-19T18:00:44+00:00","dateModified":"2021-01-20T08:07:47+00:00","breadcrumb":{"@id":"https:\/\/www.uilscuolaemiliaromagna.it\/public\/er\/2021\/01\/19\/rassegna-stampa-avanti-on-line-turi-se-la-scuola-riparte-riparte-anche-il-paese\/#breadcrumb"},"inLanguage":"it-IT","potentialAction":[{"@type":"ReadAction","target":["https:\/\/www.uilscuolaemiliaromagna.it\/public\/er\/2021\/01\/19\/rassegna-stampa-avanti-on-line-turi-se-la-scuola-riparte-riparte-anche-il-paese\/"]}]},{"@type":"BreadcrumbList","@id":"https:\/\/www.uilscuolaemiliaromagna.it\/public\/er\/2021\/01\/19\/rassegna-stampa-avanti-on-line-turi-se-la-scuola-riparte-riparte-anche-il-paese\/#breadcrumb","itemListElement":[{"@type":"ListItem","position":1,"name":"Home","item":"https:\/\/www.uilscuolaemiliaromagna.it\/public\/er\/"},{"@type":"ListItem","position":2,"name":"RASSEGNA STAMPA | Avanti on line &#8211; Turi: \u201cSe la scuola riparte, riparte anche il Paese\u201d"}]},{"@type":"WebSite","@id":"https:\/\/www.uilscuolaemiliaromagna.it\/public\/er\/#website","url":"https:\/\/www.uilscuolaemiliaromagna.it\/public\/er\/","name":"Uil Scuola Emilia Romagna","description":"La voce libera della scuola","publisher":{"@id":"https:\/\/www.uilscuolaemiliaromagna.it\/public\/er\/#organization"},"potentialAction":[{"@type":"SearchAction","target":{"@type":"EntryPoint","urlTemplate":"https:\/\/www.uilscuolaemiliaromagna.it\/public\/er\/?s={search_term_string}"},"query-input":"required name=search_term_string"}],"inLanguage":"it-IT"},{"@type":"Organization","@id":"https:\/\/www.uilscuolaemiliaromagna.it\/public\/er\/#organization","name":"Uil Scuola Emilia Romagna","url":"https:\/\/www.uilscuolaemiliaromagna.it\/public\/er\/","logo":{"@type":"ImageObject","inLanguage":"it-IT","@id":"https:\/\/www.uilscuolaemiliaromagna.it\/public\/er\/#\/schema\/logo\/image\/","url":"https:\/\/www.uilscuolaemiliaromagna.it\/public\/er\/wp-content\/uploads\/2017\/04\/cropped-header.png","contentUrl":"https:\/\/www.uilscuolaemiliaromagna.it\/public\/er\/wp-content\/uploads\/2017\/04\/cropped-header.png","width":1000,"height":150,"caption":"Uil Scuola Emilia Romagna"},"image":{"@id":"https:\/\/www.uilscuolaemiliaromagna.it\/public\/er\/#\/schema\/logo\/image\/"}},{"@type":"Person","@id":"https:\/\/www.uilscuolaemiliaromagna.it\/public\/er\/#\/schema\/person\/f42878fd07a4b6ba2b7153d4fad5de5e","name":"admin","image":{"@type":"ImageObject","inLanguage":"it-IT","@id":"https:\/\/www.uilscuolaemiliaromagna.it\/public\/er\/#\/schema\/person\/image\/","url":"https:\/\/secure.gravatar.com\/avatar\/aebf815ae2f30ffdae8b8c247273d34c?s=96&d=mm&r=g","contentUrl":"https:\/\/secure.gravatar.com\/avatar\/aebf815ae2f30ffdae8b8c247273d34c?s=96&d=mm&r=g","caption":"admin"},"url":"https:\/\/www.uilscuolaemiliaromagna.it\/public\/er\/author\/admin\/"}]}},"views":1044,"_links":{"self":[{"href":"https:\/\/www.uilscuolaemiliaromagna.it\/public\/er\/wp-json\/wp\/v2\/posts\/7518"}],"collection":[{"href":"https:\/\/www.uilscuolaemiliaromagna.it\/public\/er\/wp-json\/wp\/v2\/posts"}],"about":[{"href":"https:\/\/www.uilscuolaemiliaromagna.it\/public\/er\/wp-json\/wp\/v2\/types\/post"}],"author":[{"embeddable":true,"href":"https:\/\/www.uilscuolaemiliaromagna.it\/public\/er\/wp-json\/wp\/v2\/users\/1"}],"replies":[{"embeddable":true,"href":"https:\/\/www.uilscuolaemiliaromagna.it\/public\/er\/wp-json\/wp\/v2\/comments?post=7518"}],"version-history":[{"count":1,"href":"https:\/\/www.uilscuolaemiliaromagna.it\/public\/er\/wp-json\/wp\/v2\/posts\/7518\/revisions"}],"predecessor-version":[{"id":7520,"href":"https:\/\/www.uilscuolaemiliaromagna.it\/public\/er\/wp-json\/wp\/v2\/posts\/7518\/revisions\/7520"}],"wp:featuredmedia":[{"embeddable":true,"href":"https:\/\/www.uilscuolaemiliaromagna.it\/public\/er\/wp-json\/wp\/v2\/media\/7519"}],"wp:attachment":[{"href":"https:\/\/www.uilscuolaemiliaromagna.it\/public\/er\/wp-json\/wp\/v2\/media?parent=7518"}],"wp:term":[{"taxonomy":"category","embeddable":true,"href":"https:\/\/www.uilscuolaemiliaromagna.it\/public\/er\/wp-json\/wp\/v2\/categories?post=7518"},{"taxonomy":"post_tag","embeddable":true,"href":"https:\/\/www.uilscuolaemiliaromagna.it\/public\/er\/wp-json\/wp\/v2\/tags?post=7518"}],"curies":[{"name":"wp","href":"https:\/\/api.w.org\/{rel}","templated":true}]}}