{"id":7629,"date":"2021-02-15T11:40:49","date_gmt":"2021-02-15T10:40:49","guid":{"rendered":"http:\/\/www.uilscuolaemiliaromagna.it\/public\/er\/?p=7629"},"modified":"2021-02-26T08:54:28","modified_gmt":"2021-02-26T07:54:28","slug":"speciale-mobilita-2021-giovedi-25-febbraio-ore-17-00-incontro-a-distanza-mediante-piattaforma-zoom-e-diretta-facebook","status":"publish","type":"post","link":"https:\/\/www.uilscuolaemiliaromagna.it\/public\/er\/2021\/02\/15\/speciale-mobilita-2021-giovedi-25-febbraio-ore-17-00-incontro-a-distanza-mediante-piattaforma-zoom-e-diretta-facebook\/","title":{"rendered":"Speciale mobilit\u00e0 2021 | gioved\u00ec 25 febbraio ore 17.00 &#8211; incontro a distanza mediante piattaforma Zoom e diretta Facebook"},"content":{"rendered":"<p>&nbsp;<\/p>\n<p><img loading=\"lazy\" decoding=\"async\" class=\"aligncenter wp-image-7631 size-large\" src=\"https:\/\/www.uilscuolaemiliaromagna.it\/public\/er\/wp-content\/uploads\/2021\/02\/IMG-20210214-WA0025-1-724x1024.jpg\" alt=\"\" width=\"724\" height=\"1024\" srcset=\"https:\/\/www.uilscuolaemiliaromagna.it\/public\/er\/wp-content\/uploads\/2021\/02\/IMG-20210214-WA0025-1-724x1024.jpg 724w, https:\/\/www.uilscuolaemiliaromagna.it\/public\/er\/wp-content\/uploads\/2021\/02\/IMG-20210214-WA0025-1-212x300.jpg 212w, https:\/\/www.uilscuolaemiliaromagna.it\/public\/er\/wp-content\/uploads\/2021\/02\/IMG-20210214-WA0025-1-768x1086.jpg 768w, https:\/\/www.uilscuolaemiliaromagna.it\/public\/er\/wp-content\/uploads\/2021\/02\/IMG-20210214-WA0025-1-1086x1536.jpg 1086w, https:\/\/www.uilscuolaemiliaromagna.it\/public\/er\/wp-content\/uploads\/2021\/02\/IMG-20210214-WA0025-1.jpg 1131w\" sizes=\"(max-width: 724px) 100vw, 724px\" \/><\/p>\n<p style=\"text-align: justify;\">Si svolger\u00e0 gioved\u00ec <strong>25 febbraio,<\/strong> dalle ore 17.00 alle ore 19.30, il prossimo appuntamento con gli speciali della UIL Scuola Emilia Romagna. Tema dell&#8217;incontro: domande di mobilit\u00e0 per l&#8217;a.s. 2021\/22.<\/p>\n<p style=\"text-align: justify;\"><span style=\"font-size: 1.125rem;\">L&#8217;evento si svolger\u00e0 in modalit\u00e0 online mediante piattaforma Zoom e potr\u00e0 essere seguito in diretta anche attraverso la nostra pagina Facebook. <\/span><\/p>\n<p style=\"text-align: justify;\"><span style=\"font-size: 1.125rem;\">Le tematiche affrontate saranno le seguenti: i requisiti (chi pu\u00f2 fare domanda), le precedenze (legge 104&#8230;), i vincoli per i neo immessi in ruolo, preferenze fasi e punteggi. <\/span><\/p>\n<p style=\"text-align: justify;\"><span style=\"font-size: 1.125rem;\">Come di consueto, l&#8217;evento sar\u00e0 molto interattivo lasciando spazio anche alle domande poste dagli interessati.\u00a0<\/span><\/p>\n<h3 style=\"text-align: center;\"><strong>All&#8217;incontro interverr\u00e0 Paolo Pizzo UIL Scuola Nazionale e Segretario Generale UIL Scuola RUA Calabria.<\/strong><\/h3>\n<h3 style=\"text-align: center;\">Per partecipare \u00e8 sufficiente cliccare sul seguente link alla piattaforma Zoom:<\/h3>\n<h3 style=\"text-align: center;\"><a href=\"https:\/\/zoom.us\/j\/95893957197\">https:\/\/zoom.us\/j\/95893957197<\/a><\/h3>\n<h3 style=\"text-align: center;\">oppure seguire la diretta sulla nostra pagina Facebook al seguente link:<\/h3>\n<h3 style=\"text-align: center;\"><a href=\"https:\/\/it-it.facebook.com\/pages\/category\/School\/UilScuola-Bologna-Emilia-Romagna-1018421174916785\/\" target=\"_blank\" rel=\"noopener noreferrer\">Clicca qui per la pagina Facebook di UIL Scuola Emilia Romagna<\/a><\/h3>\n<p>&nbsp;<\/p>\n<p>&nbsp;<\/p>\n<ul>\n<li><a href=\"https:\/\/www.uilscuolaemiliaromagna.it\/public\/er\/wp-content\/uploads\/2021\/02\/WEBINAR_FEBBRAIO-2021.pdf\">la locandina in formato pdf con link cliccabili<\/a><\/li>\n<\/ul>\n\n<div class=\"twitter-share\"><a href=\"https:\/\/twitter.com\/intent\/tweet?via=UILScuolaBO_ER\" class=\"twitter-share-button\" data-size=\"large\">Tweet<\/a><\/div>\n","protected":false},"excerpt":{"rendered":"<p>&nbsp; Si svolger\u00e0 gioved\u00ec 25 febbraio, dalle ore 17.00 alle ore 19.30, il prossimo appuntamento con gli speciali della UIL Scuola Emilia Romagna. Tema dell&#8217;incontro: &hellip; <\/p>\n","protected":false},"author":1,"featured_media":7628,"comment_status":"closed","ping_status":"open","sticky":false,"template":"","format":"standard","meta":{"footnotes":""},"categories":[2,5,12,6],"tags":[81,80,40],"yoast_head":"<!-- This site is optimized with the Yoast SEO plugin v21.7 - https:\/\/yoast.com\/wordpress\/plugins\/seo\/ -->\r\n<title>Speciale mobilit\u00e0 2021 | gioved\u00ec 25 febbraio ore 17.00 - incontro a distanza mediante piattaforma Zoom e diretta Facebook - Uil Scuola Emilia Romagna<\/title>\r\n<meta name=\"robots\" content=\"index, follow, max-snippet:-1, max-image-preview:large, max-video-preview:-1\" \/>\r\n<link rel=\"canonical\" href=\"https:\/\/www.uilscuolaemiliaromagna.it\/public\/er\/2021\/02\/15\/speciale-mobilita-2021-giovedi-25-febbraio-ore-17-00-incontro-a-distanza-mediante-piattaforma-zoom-e-diretta-facebook\/\" \/>\r\n<meta property=\"og:locale\" content=\"it_IT\" \/>\r\n<meta property=\"og:type\" content=\"article\" \/>\r\n<meta property=\"og:title\" content=\"Speciale mobilit\u00e0 2021 | gioved\u00ec 25 febbraio ore 17.00 - incontro a distanza mediante piattaforma Zoom e diretta Facebook - Uil Scuola Emilia Romagna\" \/>\r\n<meta property=\"og:description\" content=\"&nbsp; Si svolger\u00e0 gioved\u00ec 25 febbraio, dalle ore 17.00 alle ore 19.30, il prossimo appuntamento con gli speciali della UIL Scuola Emilia Romagna. Tema dell&#8217;incontro: &hellip;\" \/>\r\n<meta property=\"og:url\" content=\"https:\/\/www.uilscuolaemiliaromagna.it\/public\/er\/2021\/02\/15\/speciale-mobilita-2021-giovedi-25-febbraio-ore-17-00-incontro-a-distanza-mediante-piattaforma-zoom-e-diretta-facebook\/\" \/>\r\n<meta property=\"og:site_name\" content=\"Uil Scuola Emilia Romagna\" \/>\r\n<meta property=\"article:published_time\" content=\"2021-02-15T10:40:49+00:00\" \/>\r\n<meta property=\"article:modified_time\" content=\"2021-02-26T07:54:28+00:00\" \/>\r\n<meta property=\"og:image\" content=\"https:\/\/www.uilscuolaemiliaromagna.it\/public\/er\/wp-content\/uploads\/2021\/02\/Paolo-Pizzo-Mobilita-2021.jpg\" \/>\r\n\t<meta property=\"og:image:width\" content=\"1920\" \/>\r\n\t<meta property=\"og:image:height\" content=\"1080\" \/>\r\n\t<meta property=\"og:image:type\" content=\"image\/jpeg\" \/>\r\n<meta name=\"author\" content=\"admin\" \/>\r\n<meta name=\"twitter:card\" content=\"summary_large_image\" \/>\r\n<meta name=\"twitter:label1\" content=\"Scritto da\" \/>\n\t<meta name=\"twitter:data1\" content=\"admin\" \/>\n\t<meta name=\"twitter:label2\" content=\"Tempo di lettura stimato\" \/>\n\t<meta name=\"twitter:data2\" content=\"1 minuto\" \/>\r\n<script type=\"application\/ld+json\" class=\"yoast-schema-graph\">{\"@context\":\"https:\/\/schema.org\",\"@graph\":[{\"@type\":\"Article\",\"@id\":\"https:\/\/www.uilscuolaemiliaromagna.it\/public\/er\/2021\/02\/15\/speciale-mobilita-2021-giovedi-25-febbraio-ore-17-00-incontro-a-distanza-mediante-piattaforma-zoom-e-diretta-facebook\/#article\",\"isPartOf\":{\"@id\":\"https:\/\/www.uilscuolaemiliaromagna.it\/public\/er\/2021\/02\/15\/speciale-mobilita-2021-giovedi-25-febbraio-ore-17-00-incontro-a-distanza-mediante-piattaforma-zoom-e-diretta-facebook\/\"},\"author\":{\"name\":\"admin\",\"@id\":\"https:\/\/www.uilscuolaemiliaromagna.it\/public\/er\/#\/schema\/person\/f42878fd07a4b6ba2b7153d4fad5de5e\"},\"headline\":\"Speciale mobilit\u00e0 2021 | gioved\u00ec 25 febbraio ore 17.00 &#8211; incontro a distanza mediante piattaforma Zoom e diretta Facebook\",\"datePublished\":\"2021-02-15T10:40:49+00:00\",\"dateModified\":\"2021-02-26T07:54:28+00:00\",\"mainEntityOfPage\":{\"@id\":\"https:\/\/www.uilscuolaemiliaromagna.it\/public\/er\/2021\/02\/15\/speciale-mobilita-2021-giovedi-25-febbraio-ore-17-00-incontro-a-distanza-mediante-piattaforma-zoom-e-diretta-facebook\/\"},\"wordCount\":166,\"publisher\":{\"@id\":\"https:\/\/www.uilscuolaemiliaromagna.it\/public\/er\/#organization\"},\"keywords\":[\"mobilit\u00e0 dicenti 2021\",\"mobilit\u00e0 scuola\",\"paolo pizzo\"],\"articleSection\":[\"ATA\",\"Mobilit\u00e0\",\"Notizie\",\"Personale Docente\"],\"inLanguage\":\"it-IT\"},{\"@type\":\"WebPage\",\"@id\":\"https:\/\/www.uilscuolaemiliaromagna.it\/public\/er\/2021\/02\/15\/speciale-mobilita-2021-giovedi-25-febbraio-ore-17-00-incontro-a-distanza-mediante-piattaforma-zoom-e-diretta-facebook\/\",\"url\":\"https:\/\/www.uilscuolaemiliaromagna.it\/public\/er\/2021\/02\/15\/speciale-mobilita-2021-giovedi-25-febbraio-ore-17-00-incontro-a-distanza-mediante-piattaforma-zoom-e-diretta-facebook\/\",\"name\":\"Speciale mobilit\u00e0 2021 | gioved\u00ec 25 febbraio ore 17.00 - incontro a distanza mediante piattaforma Zoom e diretta Facebook - Uil Scuola Emilia Romagna\",\"isPartOf\":{\"@id\":\"https:\/\/www.uilscuolaemiliaromagna.it\/public\/er\/#website\"},\"datePublished\":\"2021-02-15T10:40:49+00:00\",\"dateModified\":\"2021-02-26T07:54:28+00:00\",\"breadcrumb\":{\"@id\":\"https:\/\/www.uilscuolaemiliaromagna.it\/public\/er\/2021\/02\/15\/speciale-mobilita-2021-giovedi-25-febbraio-ore-17-00-incontro-a-distanza-mediante-piattaforma-zoom-e-diretta-facebook\/#breadcrumb\"},\"inLanguage\":\"it-IT\",\"potentialAction\":[{\"@type\":\"ReadAction\",\"target\":[\"https:\/\/www.uilscuolaemiliaromagna.it\/public\/er\/2021\/02\/15\/speciale-mobilita-2021-giovedi-25-febbraio-ore-17-00-incontro-a-distanza-mediante-piattaforma-zoom-e-diretta-facebook\/\"]}]},{\"@type\":\"BreadcrumbList\",\"@id\":\"https:\/\/www.uilscuolaemiliaromagna.it\/public\/er\/2021\/02\/15\/speciale-mobilita-2021-giovedi-25-febbraio-ore-17-00-incontro-a-distanza-mediante-piattaforma-zoom-e-diretta-facebook\/#breadcrumb\",\"itemListElement\":[{\"@type\":\"ListItem\",\"position\":1,\"name\":\"Home\",\"item\":\"https:\/\/www.uilscuolaemiliaromagna.it\/public\/er\/\"},{\"@type\":\"ListItem\",\"position\":2,\"name\":\"Speciale mobilit\u00e0 2021 | gioved\u00ec 25 febbraio ore 17.00 &#8211; incontro a distanza mediante piattaforma Zoom e diretta Facebook\"}]},{\"@type\":\"WebSite\",\"@id\":\"https:\/\/www.uilscuolaemiliaromagna.it\/public\/er\/#website\",\"url\":\"https:\/\/www.uilscuolaemiliaromagna.it\/public\/er\/\",\"name\":\"Uil Scuola Emilia Romagna\",\"description\":\"La voce libera della scuola\",\"publisher\":{\"@id\":\"https:\/\/www.uilscuolaemiliaromagna.it\/public\/er\/#organization\"},\"potentialAction\":[{\"@type\":\"SearchAction\",\"target\":{\"@type\":\"EntryPoint\",\"urlTemplate\":\"https:\/\/www.uilscuolaemiliaromagna.it\/public\/er\/?s={search_term_string}\"},\"query-input\":\"required name=search_term_string\"}],\"inLanguage\":\"it-IT\"},{\"@type\":\"Organization\",\"@id\":\"https:\/\/www.uilscuolaemiliaromagna.it\/public\/er\/#organization\",\"name\":\"Uil Scuola Emilia Romagna\",\"url\":\"https:\/\/www.uilscuolaemiliaromagna.it\/public\/er\/\",\"logo\":{\"@type\":\"ImageObject\",\"inLanguage\":\"it-IT\",\"@id\":\"https:\/\/www.uilscuolaemiliaromagna.it\/public\/er\/#\/schema\/logo\/image\/\",\"url\":\"https:\/\/www.uilscuolaemiliaromagna.it\/public\/er\/wp-content\/uploads\/2017\/04\/cropped-header.png\",\"contentUrl\":\"https:\/\/www.uilscuolaemiliaromagna.it\/public\/er\/wp-content\/uploads\/2017\/04\/cropped-header.png\",\"width\":1000,\"height\":150,\"caption\":\"Uil Scuola Emilia Romagna\"},\"image\":{\"@id\":\"https:\/\/www.uilscuolaemiliaromagna.it\/public\/er\/#\/schema\/logo\/image\/\"}},{\"@type\":\"Person\",\"@id\":\"https:\/\/www.uilscuolaemiliaromagna.it\/public\/er\/#\/schema\/person\/f42878fd07a4b6ba2b7153d4fad5de5e\",\"name\":\"admin\",\"image\":{\"@type\":\"ImageObject\",\"inLanguage\":\"it-IT\",\"@id\":\"https:\/\/www.uilscuolaemiliaromagna.it\/public\/er\/#\/schema\/person\/image\/\",\"url\":\"https:\/\/secure.gravatar.com\/avatar\/aebf815ae2f30ffdae8b8c247273d34c?s=96&d=mm&r=g\",\"contentUrl\":\"https:\/\/secure.gravatar.com\/avatar\/aebf815ae2f30ffdae8b8c247273d34c?s=96&d=mm&r=g\",\"caption\":\"admin\"},\"url\":\"https:\/\/www.uilscuolaemiliaromagna.it\/public\/er\/author\/admin\/\"}]}<\/script>\r\n<!-- \/ Yoast SEO plugin. -->","yoast_head_json":{"title":"Speciale mobilit\u00e0 2021 | gioved\u00ec 25 febbraio ore 17.00 - incontro a distanza mediante piattaforma Zoom e diretta Facebook - Uil Scuola Emilia Romagna","robots":{"index":"index","follow":"follow","max-snippet":"max-snippet:-1","max-image-preview":"max-image-preview:large","max-video-preview":"max-video-preview:-1"},"canonical":"https:\/\/www.uilscuolaemiliaromagna.it\/public\/er\/2021\/02\/15\/speciale-mobilita-2021-giovedi-25-febbraio-ore-17-00-incontro-a-distanza-mediante-piattaforma-zoom-e-diretta-facebook\/","og_locale":"it_IT","og_type":"article","og_title":"Speciale mobilit\u00e0 2021 | gioved\u00ec 25 febbraio ore 17.00 - incontro a distanza mediante piattaforma Zoom e diretta Facebook - Uil Scuola Emilia Romagna","og_description":"&nbsp; Si svolger\u00e0 gioved\u00ec 25 febbraio, dalle ore 17.00 alle ore 19.30, il prossimo appuntamento con gli speciali della UIL Scuola Emilia Romagna. Tema dell&#8217;incontro: &hellip;","og_url":"https:\/\/www.uilscuolaemiliaromagna.it\/public\/er\/2021\/02\/15\/speciale-mobilita-2021-giovedi-25-febbraio-ore-17-00-incontro-a-distanza-mediante-piattaforma-zoom-e-diretta-facebook\/","og_site_name":"Uil Scuola Emilia Romagna","article_published_time":"2021-02-15T10:40:49+00:00","article_modified_time":"2021-02-26T07:54:28+00:00","og_image":[{"width":1920,"height":1080,"url":"https:\/\/www.uilscuolaemiliaromagna.it\/public\/er\/wp-content\/uploads\/2021\/02\/Paolo-Pizzo-Mobilita-2021.jpg","type":"image\/jpeg"}],"author":"admin","twitter_card":"summary_large_image","twitter_misc":{"Scritto da":"admin","Tempo di lettura stimato":"1 minuto"},"schema":{"@context":"https:\/\/schema.org","@graph":[{"@type":"Article","@id":"https:\/\/www.uilscuolaemiliaromagna.it\/public\/er\/2021\/02\/15\/speciale-mobilita-2021-giovedi-25-febbraio-ore-17-00-incontro-a-distanza-mediante-piattaforma-zoom-e-diretta-facebook\/#article","isPartOf":{"@id":"https:\/\/www.uilscuolaemiliaromagna.it\/public\/er\/2021\/02\/15\/speciale-mobilita-2021-giovedi-25-febbraio-ore-17-00-incontro-a-distanza-mediante-piattaforma-zoom-e-diretta-facebook\/"},"author":{"name":"admin","@id":"https:\/\/www.uilscuolaemiliaromagna.it\/public\/er\/#\/schema\/person\/f42878fd07a4b6ba2b7153d4fad5de5e"},"headline":"Speciale mobilit\u00e0 2021 | gioved\u00ec 25 febbraio ore 17.00 &#8211; incontro a distanza mediante piattaforma Zoom e diretta Facebook","datePublished":"2021-02-15T10:40:49+00:00","dateModified":"2021-02-26T07:54:28+00:00","mainEntityOfPage":{"@id":"https:\/\/www.uilscuolaemiliaromagna.it\/public\/er\/2021\/02\/15\/speciale-mobilita-2021-giovedi-25-febbraio-ore-17-00-incontro-a-distanza-mediante-piattaforma-zoom-e-diretta-facebook\/"},"wordCount":166,"publisher":{"@id":"https:\/\/www.uilscuolaemiliaromagna.it\/public\/er\/#organization"},"keywords":["mobilit\u00e0 dicenti 2021","mobilit\u00e0 scuola","paolo pizzo"],"articleSection":["ATA","Mobilit\u00e0","Notizie","Personale Docente"],"inLanguage":"it-IT"},{"@type":"WebPage","@id":"https:\/\/www.uilscuolaemiliaromagna.it\/public\/er\/2021\/02\/15\/speciale-mobilita-2021-giovedi-25-febbraio-ore-17-00-incontro-a-distanza-mediante-piattaforma-zoom-e-diretta-facebook\/","url":"https:\/\/www.uilscuolaemiliaromagna.it\/public\/er\/2021\/02\/15\/speciale-mobilita-2021-giovedi-25-febbraio-ore-17-00-incontro-a-distanza-mediante-piattaforma-zoom-e-diretta-facebook\/","name":"Speciale mobilit\u00e0 2021 | gioved\u00ec 25 febbraio ore 17.00 - incontro a distanza mediante piattaforma Zoom e diretta Facebook - Uil Scuola Emilia Romagna","isPartOf":{"@id":"https:\/\/www.uilscuolaemiliaromagna.it\/public\/er\/#website"},"datePublished":"2021-02-15T10:40:49+00:00","dateModified":"2021-02-26T07:54:28+00:00","breadcrumb":{"@id":"https:\/\/www.uilscuolaemiliaromagna.it\/public\/er\/2021\/02\/15\/speciale-mobilita-2021-giovedi-25-febbraio-ore-17-00-incontro-a-distanza-mediante-piattaforma-zoom-e-diretta-facebook\/#breadcrumb"},"inLanguage":"it-IT","potentialAction":[{"@type":"ReadAction","target":["https:\/\/www.uilscuolaemiliaromagna.it\/public\/er\/2021\/02\/15\/speciale-mobilita-2021-giovedi-25-febbraio-ore-17-00-incontro-a-distanza-mediante-piattaforma-zoom-e-diretta-facebook\/"]}]},{"@type":"BreadcrumbList","@id":"https:\/\/www.uilscuolaemiliaromagna.it\/public\/er\/2021\/02\/15\/speciale-mobilita-2021-giovedi-25-febbraio-ore-17-00-incontro-a-distanza-mediante-piattaforma-zoom-e-diretta-facebook\/#breadcrumb","itemListElement":[{"@type":"ListItem","position":1,"name":"Home","item":"https:\/\/www.uilscuolaemiliaromagna.it\/public\/er\/"},{"@type":"ListItem","position":2,"name":"Speciale mobilit\u00e0 2021 | gioved\u00ec 25 febbraio ore 17.00 &#8211; incontro a distanza mediante piattaforma Zoom e diretta Facebook"}]},{"@type":"WebSite","@id":"https:\/\/www.uilscuolaemiliaromagna.it\/public\/er\/#website","url":"https:\/\/www.uilscuolaemiliaromagna.it\/public\/er\/","name":"Uil Scuola Emilia Romagna","description":"La voce libera della scuola","publisher":{"@id":"https:\/\/www.uilscuolaemiliaromagna.it\/public\/er\/#organization"},"potentialAction":[{"@type":"SearchAction","target":{"@type":"EntryPoint","urlTemplate":"https:\/\/www.uilscuolaemiliaromagna.it\/public\/er\/?s={search_term_string}"},"query-input":"required name=search_term_string"}],"inLanguage":"it-IT"},{"@type":"Organization","@id":"https:\/\/www.uilscuolaemiliaromagna.it\/public\/er\/#organization","name":"Uil Scuola Emilia Romagna","url":"https:\/\/www.uilscuolaemiliaromagna.it\/public\/er\/","logo":{"@type":"ImageObject","inLanguage":"it-IT","@id":"https:\/\/www.uilscuolaemiliaromagna.it\/public\/er\/#\/schema\/logo\/image\/","url":"https:\/\/www.uilscuolaemiliaromagna.it\/public\/er\/wp-content\/uploads\/2017\/04\/cropped-header.png","contentUrl":"https:\/\/www.uilscuolaemiliaromagna.it\/public\/er\/wp-content\/uploads\/2017\/04\/cropped-header.png","width":1000,"height":150,"caption":"Uil Scuola Emilia Romagna"},"image":{"@id":"https:\/\/www.uilscuolaemiliaromagna.it\/public\/er\/#\/schema\/logo\/image\/"}},{"@type":"Person","@id":"https:\/\/www.uilscuolaemiliaromagna.it\/public\/er\/#\/schema\/person\/f42878fd07a4b6ba2b7153d4fad5de5e","name":"admin","image":{"@type":"ImageObject","inLanguage":"it-IT","@id":"https:\/\/www.uilscuolaemiliaromagna.it\/public\/er\/#\/schema\/person\/image\/","url":"https:\/\/secure.gravatar.com\/avatar\/aebf815ae2f30ffdae8b8c247273d34c?s=96&d=mm&r=g","contentUrl":"https:\/\/secure.gravatar.com\/avatar\/aebf815ae2f30ffdae8b8c247273d34c?s=96&d=mm&r=g","caption":"admin"},"url":"https:\/\/www.uilscuolaemiliaromagna.it\/public\/er\/author\/admin\/"}]}},"views":3155,"_links":{"self":[{"href":"https:\/\/www.uilscuolaemiliaromagna.it\/public\/er\/wp-json\/wp\/v2\/posts\/7629"}],"collection":[{"href":"https:\/\/www.uilscuolaemiliaromagna.it\/public\/er\/wp-json\/wp\/v2\/posts"}],"about":[{"href":"https:\/\/www.uilscuolaemiliaromagna.it\/public\/er\/wp-json\/wp\/v2\/types\/post"}],"author":[{"embeddable":true,"href":"https:\/\/www.uilscuolaemiliaromagna.it\/public\/er\/wp-json\/wp\/v2\/users\/1"}],"replies":[{"embeddable":true,"href":"https:\/\/www.uilscuolaemiliaromagna.it\/public\/er\/wp-json\/wp\/v2\/comments?post=7629"}],"version-history":[{"count":5,"href":"https:\/\/www.uilscuolaemiliaromagna.it\/public\/er\/wp-json\/wp\/v2\/posts\/7629\/revisions"}],"predecessor-version":[{"id":7637,"href":"https:\/\/www.uilscuolaemiliaromagna.it\/public\/er\/wp-json\/wp\/v2\/posts\/7629\/revisions\/7637"}],"wp:featuredmedia":[{"embeddable":true,"href":"https:\/\/www.uilscuolaemiliaromagna.it\/public\/er\/wp-json\/wp\/v2\/media\/7628"}],"wp:attachment":[{"href":"https:\/\/www.uilscuolaemiliaromagna.it\/public\/er\/wp-json\/wp\/v2\/media?parent=7629"}],"wp:term":[{"taxonomy":"category","embeddable":true,"href":"https:\/\/www.uilscuolaemiliaromagna.it\/public\/er\/wp-json\/wp\/v2\/categories?post=7629"},{"taxonomy":"post_tag","embeddable":true,"href":"https:\/\/www.uilscuolaemiliaromagna.it\/public\/er\/wp-json\/wp\/v2\/tags?post=7629"}],"curies":[{"name":"wp","href":"https:\/\/api.w.org\/{rel}","templated":true}]}}