{"id":7732,"date":"2021-03-01T23:39:00","date_gmt":"2021-03-01T22:39:00","guid":{"rendered":"http:\/\/www.uilscuolaemiliaromagna.it\/public\/er\/?p=7732"},"modified":"2021-03-01T23:42:47","modified_gmt":"2021-03-01T22:42:47","slug":"mobilita-la-uil-ha-apprezzato-la-volonta-dellamministrazione-di-aprire-un-dialogo","status":"publish","type":"post","link":"https:\/\/www.uilscuolaemiliaromagna.it\/public\/er\/2021\/03\/01\/mobilita-la-uil-ha-apprezzato-la-volonta-dellamministrazione-di-aprire-un-dialogo\/","title":{"rendered":"Mobilit\u00e0: la UIL ha apprezzato la volont\u00e0 dell&#8217;amministrazione di aprire un dialogo"},"content":{"rendered":"<h2>Confronto sulla mobilit\u00e0 tra amministrazione e sindacati<\/h2>\n<p style=\"text-align: justify;\"><em>\u00c8 proseguito, in un clima positivo, il confronto tra l\u2019amministrazione e le organizzazioni sindacali sul tema della mobilit\u00e0. Per il ministero erano presenti il Capo di Gabinetto Dr. Vincenzo Fiorentino e il Direttore generale Dr. Filippo Serra. Per la Uil Scuola <a href=\"https:\/\/www.uilscuolaemiliaromagna.it\/public\/er\/2021\/02\/24\/turi-cambio-di-passo-e-cambio-di-tendenza-non-solo-velocita-ma-diversa-direzione\/\">Pino Turi<\/a>, Pasquale Proietti e Paolo Pizzo.<\/em><\/p>\n<p style=\"text-align: justify;\">Per la Uil Scuola la riapertura del contratto integrativo sulla mobilit\u00e0 resta l\u2019occasione per eliminare il vincolo quinquennale di divieto di spostamento. Misura che finora ha impedito di coprire i posti disponibili (vacanti) nei territori diversi da quello di attuale titolarit\u00e0 e di quelli in cui si \u00e8 in condizione di essere stabilizzati con le graduatorie esistenti che altro non sono che concorsi per titoli e servizio.<\/p>\n<p style=\"text-align: justify;\">La Uil ha apprezzato la volont\u00e0 di apertura di un dialogo da parte dell\u2019amministrazione. Ora servono i risultati. Se c\u2019\u00e8 la volont\u00e0 politica si pu\u00f2 chiudere rapidamente. Ma per la Uil prima del merito \u00e8 importante la forma: c\u2019\u00e8 una scuola sulla crisi di nervi, va dato un segnale positivo ad un milione di persone.<\/p>\n<p style=\"text-align: justify;\">Pertanto, per la Uil scuola resta urgente:<\/p>\n<ul style=\"text-align: justify;\">\n<li>rimuovere i due <a href=\"https:\/\/www.orizzontescuola.it\/mobilita-la-uil-si-deve-eliminare-il-vincolo-quinquennale-serve-una-vera-discontinuita-con-il-passato-ministeriale\/\">vincoli quinquennali<\/a> non previsti dall\u2019attuale contratto, quello per i docenti della scuola secondaria\u00a0vincitori del concorso riservato (FIT) del 2018 le cui graduatorie sono state pubblicate dopo il 31 dicembre 2019, e quello relativo a tutti i docenti neo immessi in ruolo l\u20191\/9\/2020. La materia della mobilit\u00e0 delle persone deve restare nell\u2019alveo della contrattazione e non pu\u00f2 essere stravolta da atti di legge ostili\u00a0verso il personale la cui gestione in termini di mobilit\u00e0 \u00e8 sancita contrattualmente.<\/li>\n<li>dare risposte concrete ai c.d. docenti \u2018ingabbiati\u2019 aprendo un confronto, anche in relazione alle aliquote destinate ai trasferimenti. Anche questo personale merita piena attenzione.<\/li>\n<li>eliminare il blocco quinquennale per i DSGA vincitori di concorso.<\/li>\n<\/ul>\n<p style=\"text-align: justify;\">Sulla base delle richieste sindacali l\u2019amministrazione si \u00e8 riservata di fare una valutazione di percorso in tempi rapidi, con l\u2019impegno a riconvocare i sindacati in tempi rapidi. Probabilmente per domani pomeriggio (oggi, <em>ndr<\/em>).<\/p>\n\n<div class=\"twitter-share\"><a href=\"https:\/\/twitter.com\/intent\/tweet?via=UILScuolaBO_ER\" class=\"twitter-share-button\" data-size=\"large\">Tweet<\/a><\/div>\n","protected":false},"excerpt":{"rendered":"<p>Confronto sulla mobilit\u00e0 tra amministrazione e sindacati \u00c8 proseguito, in un clima positivo, il confronto tra l\u2019amministrazione e le organizzazioni sindacali sul tema della mobilit\u00e0. &hellip; <\/p>\n","protected":false},"author":2,"featured_media":6817,"comment_status":"closed","ping_status":"open","sticky":false,"template":"","format":"standard","meta":{"footnotes":""},"categories":[12],"tags":[90,91,62,88,18,92],"yoast_head":"<!-- This site is optimized with the Yoast SEO plugin v21.7 - https:\/\/yoast.com\/wordpress\/plugins\/seo\/ -->\r\n<title>Mobilit\u00e0: la UIL ha apprezzato la volont\u00e0 dell&#039;amministrazione di aprire un dialogo - Uil Scuola Emilia Romagna<\/title>\r\n<meta name=\"robots\" content=\"index, follow, max-snippet:-1, max-image-preview:large, max-video-preview:-1\" \/>\r\n<link rel=\"canonical\" href=\"https:\/\/www.uilscuolaemiliaromagna.it\/public\/er\/2021\/03\/01\/mobilita-la-uil-ha-apprezzato-la-volonta-dellamministrazione-di-aprire-un-dialogo\/\" \/>\r\n<meta property=\"og:locale\" content=\"it_IT\" \/>\r\n<meta property=\"og:type\" content=\"article\" \/>\r\n<meta property=\"og:title\" content=\"Mobilit\u00e0: la UIL ha apprezzato la volont\u00e0 dell&#039;amministrazione di aprire un dialogo - Uil Scuola Emilia Romagna\" \/>\r\n<meta property=\"og:description\" content=\"Confronto sulla mobilit\u00e0 tra amministrazione e sindacati \u00c8 proseguito, in un clima positivo, il confronto tra l\u2019amministrazione e le organizzazioni sindacali sul tema della mobilit\u00e0. &hellip;\" \/>\r\n<meta property=\"og:url\" content=\"https:\/\/www.uilscuolaemiliaromagna.it\/public\/er\/2021\/03\/01\/mobilita-la-uil-ha-apprezzato-la-volonta-dellamministrazione-di-aprire-un-dialogo\/\" \/>\r\n<meta property=\"og:site_name\" content=\"Uil Scuola Emilia Romagna\" \/>\r\n<meta property=\"article:published_time\" content=\"2021-03-01T22:39:00+00:00\" \/>\r\n<meta property=\"article:modified_time\" content=\"2021-03-01T22:42:47+00:00\" \/>\r\n<meta property=\"og:image\" content=\"https:\/\/www.uilscuolaemiliaromagna.it\/public\/er\/wp-content\/uploads\/2020\/10\/dirigenti-2.jpg\" \/>\r\n\t<meta property=\"og:image:width\" content=\"800\" \/>\r\n\t<meta property=\"og:image:height\" content=\"499\" \/>\r\n\t<meta property=\"og:image:type\" content=\"image\/jpeg\" \/>\r\n<meta name=\"author\" content=\"Dario Catapano\" \/>\r\n<meta name=\"twitter:card\" content=\"summary_large_image\" \/>\r\n<meta name=\"twitter:label1\" content=\"Scritto da\" \/>\n\t<meta name=\"twitter:data1\" content=\"Dario Catapano\" \/>\n\t<meta name=\"twitter:label2\" content=\"Tempo di lettura stimato\" \/>\n\t<meta name=\"twitter:data2\" content=\"2 minuti\" \/>\r\n<script type=\"application\/ld+json\" class=\"yoast-schema-graph\">{\"@context\":\"https:\/\/schema.org\",\"@graph\":[{\"@type\":\"Article\",\"@id\":\"https:\/\/www.uilscuolaemiliaromagna.it\/public\/er\/2021\/03\/01\/mobilita-la-uil-ha-apprezzato-la-volonta-dellamministrazione-di-aprire-un-dialogo\/#article\",\"isPartOf\":{\"@id\":\"https:\/\/www.uilscuolaemiliaromagna.it\/public\/er\/2021\/03\/01\/mobilita-la-uil-ha-apprezzato-la-volonta-dellamministrazione-di-aprire-un-dialogo\/\"},\"author\":{\"name\":\"Dario Catapano\",\"@id\":\"https:\/\/www.uilscuolaemiliaromagna.it\/public\/er\/#\/schema\/person\/e7f561c7d3b0696670328745ed3d5ffb\"},\"headline\":\"Mobilit\u00e0: la UIL ha apprezzato la volont\u00e0 dell&#8217;amministrazione di aprire un dialogo\",\"datePublished\":\"2021-03-01T22:39:00+00:00\",\"dateModified\":\"2021-03-01T22:42:47+00:00\",\"mainEntityOfPage\":{\"@id\":\"https:\/\/www.uilscuolaemiliaromagna.it\/public\/er\/2021\/03\/01\/mobilita-la-uil-ha-apprezzato-la-volonta-dellamministrazione-di-aprire-un-dialogo\/\"},\"wordCount\":343,\"publisher\":{\"@id\":\"https:\/\/www.uilscuolaemiliaromagna.it\/public\/er\/#organization\"},\"keywords\":[\"docenti ingabbiati\",\"dsga\",\"miur\",\"mobilit\u00e0 docenti\",\"uil scuola\",\"vincolo quinquennale\"],\"articleSection\":[\"Notizie\"],\"inLanguage\":\"it-IT\"},{\"@type\":\"WebPage\",\"@id\":\"https:\/\/www.uilscuolaemiliaromagna.it\/public\/er\/2021\/03\/01\/mobilita-la-uil-ha-apprezzato-la-volonta-dellamministrazione-di-aprire-un-dialogo\/\",\"url\":\"https:\/\/www.uilscuolaemiliaromagna.it\/public\/er\/2021\/03\/01\/mobilita-la-uil-ha-apprezzato-la-volonta-dellamministrazione-di-aprire-un-dialogo\/\",\"name\":\"Mobilit\u00e0: la UIL ha apprezzato la volont\u00e0 dell'amministrazione di aprire un dialogo - Uil Scuola Emilia Romagna\",\"isPartOf\":{\"@id\":\"https:\/\/www.uilscuolaemiliaromagna.it\/public\/er\/#website\"},\"datePublished\":\"2021-03-01T22:39:00+00:00\",\"dateModified\":\"2021-03-01T22:42:47+00:00\",\"breadcrumb\":{\"@id\":\"https:\/\/www.uilscuolaemiliaromagna.it\/public\/er\/2021\/03\/01\/mobilita-la-uil-ha-apprezzato-la-volonta-dellamministrazione-di-aprire-un-dialogo\/#breadcrumb\"},\"inLanguage\":\"it-IT\",\"potentialAction\":[{\"@type\":\"ReadAction\",\"target\":[\"https:\/\/www.uilscuolaemiliaromagna.it\/public\/er\/2021\/03\/01\/mobilita-la-uil-ha-apprezzato-la-volonta-dellamministrazione-di-aprire-un-dialogo\/\"]}]},{\"@type\":\"BreadcrumbList\",\"@id\":\"https:\/\/www.uilscuolaemiliaromagna.it\/public\/er\/2021\/03\/01\/mobilita-la-uil-ha-apprezzato-la-volonta-dellamministrazione-di-aprire-un-dialogo\/#breadcrumb\",\"itemListElement\":[{\"@type\":\"ListItem\",\"position\":1,\"name\":\"Home\",\"item\":\"https:\/\/www.uilscuolaemiliaromagna.it\/public\/er\/\"},{\"@type\":\"ListItem\",\"position\":2,\"name\":\"Mobilit\u00e0: la UIL ha apprezzato la volont\u00e0 dell&#8217;amministrazione di aprire un dialogo\"}]},{\"@type\":\"WebSite\",\"@id\":\"https:\/\/www.uilscuolaemiliaromagna.it\/public\/er\/#website\",\"url\":\"https:\/\/www.uilscuolaemiliaromagna.it\/public\/er\/\",\"name\":\"Uil Scuola Emilia Romagna\",\"description\":\"La voce libera della scuola\",\"publisher\":{\"@id\":\"https:\/\/www.uilscuolaemiliaromagna.it\/public\/er\/#organization\"},\"potentialAction\":[{\"@type\":\"SearchAction\",\"target\":{\"@type\":\"EntryPoint\",\"urlTemplate\":\"https:\/\/www.uilscuolaemiliaromagna.it\/public\/er\/?s={search_term_string}\"},\"query-input\":\"required name=search_term_string\"}],\"inLanguage\":\"it-IT\"},{\"@type\":\"Organization\",\"@id\":\"https:\/\/www.uilscuolaemiliaromagna.it\/public\/er\/#organization\",\"name\":\"Uil Scuola Emilia Romagna\",\"url\":\"https:\/\/www.uilscuolaemiliaromagna.it\/public\/er\/\",\"logo\":{\"@type\":\"ImageObject\",\"inLanguage\":\"it-IT\",\"@id\":\"https:\/\/www.uilscuolaemiliaromagna.it\/public\/er\/#\/schema\/logo\/image\/\",\"url\":\"https:\/\/www.uilscuolaemiliaromagna.it\/public\/er\/wp-content\/uploads\/2017\/04\/cropped-header.png\",\"contentUrl\":\"https:\/\/www.uilscuolaemiliaromagna.it\/public\/er\/wp-content\/uploads\/2017\/04\/cropped-header.png\",\"width\":1000,\"height\":150,\"caption\":\"Uil Scuola Emilia Romagna\"},\"image\":{\"@id\":\"https:\/\/www.uilscuolaemiliaromagna.it\/public\/er\/#\/schema\/logo\/image\/\"}},{\"@type\":\"Person\",\"@id\":\"https:\/\/www.uilscuolaemiliaromagna.it\/public\/er\/#\/schema\/person\/e7f561c7d3b0696670328745ed3d5ffb\",\"name\":\"Dario Catapano\",\"image\":{\"@type\":\"ImageObject\",\"inLanguage\":\"it-IT\",\"@id\":\"https:\/\/www.uilscuolaemiliaromagna.it\/public\/er\/#\/schema\/person\/image\/\",\"url\":\"https:\/\/secure.gravatar.com\/avatar\/1ba10744a3398dc39809e480a86280de?s=96&d=mm&r=g\",\"contentUrl\":\"https:\/\/secure.gravatar.com\/avatar\/1ba10744a3398dc39809e480a86280de?s=96&d=mm&r=g\",\"caption\":\"Dario Catapano\"},\"url\":\"https:\/\/www.uilscuolaemiliaromagna.it\/public\/er\/author\/dario\/\"}]}<\/script>\r\n<!-- \/ Yoast SEO plugin. -->","yoast_head_json":{"title":"Mobilit\u00e0: la UIL ha apprezzato la volont\u00e0 dell'amministrazione di aprire un dialogo - Uil Scuola Emilia Romagna","robots":{"index":"index","follow":"follow","max-snippet":"max-snippet:-1","max-image-preview":"max-image-preview:large","max-video-preview":"max-video-preview:-1"},"canonical":"https:\/\/www.uilscuolaemiliaromagna.it\/public\/er\/2021\/03\/01\/mobilita-la-uil-ha-apprezzato-la-volonta-dellamministrazione-di-aprire-un-dialogo\/","og_locale":"it_IT","og_type":"article","og_title":"Mobilit\u00e0: la UIL ha apprezzato la volont\u00e0 dell'amministrazione di aprire un dialogo - Uil Scuola Emilia Romagna","og_description":"Confronto sulla mobilit\u00e0 tra amministrazione e sindacati \u00c8 proseguito, in un clima positivo, il confronto tra l\u2019amministrazione e le organizzazioni sindacali sul tema della mobilit\u00e0. &hellip;","og_url":"https:\/\/www.uilscuolaemiliaromagna.it\/public\/er\/2021\/03\/01\/mobilita-la-uil-ha-apprezzato-la-volonta-dellamministrazione-di-aprire-un-dialogo\/","og_site_name":"Uil Scuola Emilia Romagna","article_published_time":"2021-03-01T22:39:00+00:00","article_modified_time":"2021-03-01T22:42:47+00:00","og_image":[{"width":800,"height":499,"url":"https:\/\/www.uilscuolaemiliaromagna.it\/public\/er\/wp-content\/uploads\/2020\/10\/dirigenti-2.jpg","type":"image\/jpeg"}],"author":"Dario Catapano","twitter_card":"summary_large_image","twitter_misc":{"Scritto da":"Dario Catapano","Tempo di lettura stimato":"2 minuti"},"schema":{"@context":"https:\/\/schema.org","@graph":[{"@type":"Article","@id":"https:\/\/www.uilscuolaemiliaromagna.it\/public\/er\/2021\/03\/01\/mobilita-la-uil-ha-apprezzato-la-volonta-dellamministrazione-di-aprire-un-dialogo\/#article","isPartOf":{"@id":"https:\/\/www.uilscuolaemiliaromagna.it\/public\/er\/2021\/03\/01\/mobilita-la-uil-ha-apprezzato-la-volonta-dellamministrazione-di-aprire-un-dialogo\/"},"author":{"name":"Dario Catapano","@id":"https:\/\/www.uilscuolaemiliaromagna.it\/public\/er\/#\/schema\/person\/e7f561c7d3b0696670328745ed3d5ffb"},"headline":"Mobilit\u00e0: la UIL ha apprezzato la volont\u00e0 dell&#8217;amministrazione di aprire un dialogo","datePublished":"2021-03-01T22:39:00+00:00","dateModified":"2021-03-01T22:42:47+00:00","mainEntityOfPage":{"@id":"https:\/\/www.uilscuolaemiliaromagna.it\/public\/er\/2021\/03\/01\/mobilita-la-uil-ha-apprezzato-la-volonta-dellamministrazione-di-aprire-un-dialogo\/"},"wordCount":343,"publisher":{"@id":"https:\/\/www.uilscuolaemiliaromagna.it\/public\/er\/#organization"},"keywords":["docenti ingabbiati","dsga","miur","mobilit\u00e0 docenti","uil scuola","vincolo quinquennale"],"articleSection":["Notizie"],"inLanguage":"it-IT"},{"@type":"WebPage","@id":"https:\/\/www.uilscuolaemiliaromagna.it\/public\/er\/2021\/03\/01\/mobilita-la-uil-ha-apprezzato-la-volonta-dellamministrazione-di-aprire-un-dialogo\/","url":"https:\/\/www.uilscuolaemiliaromagna.it\/public\/er\/2021\/03\/01\/mobilita-la-uil-ha-apprezzato-la-volonta-dellamministrazione-di-aprire-un-dialogo\/","name":"Mobilit\u00e0: la UIL ha apprezzato la volont\u00e0 dell'amministrazione di aprire un dialogo - Uil Scuola Emilia Romagna","isPartOf":{"@id":"https:\/\/www.uilscuolaemiliaromagna.it\/public\/er\/#website"},"datePublished":"2021-03-01T22:39:00+00:00","dateModified":"2021-03-01T22:42:47+00:00","breadcrumb":{"@id":"https:\/\/www.uilscuolaemiliaromagna.it\/public\/er\/2021\/03\/01\/mobilita-la-uil-ha-apprezzato-la-volonta-dellamministrazione-di-aprire-un-dialogo\/#breadcrumb"},"inLanguage":"it-IT","potentialAction":[{"@type":"ReadAction","target":["https:\/\/www.uilscuolaemiliaromagna.it\/public\/er\/2021\/03\/01\/mobilita-la-uil-ha-apprezzato-la-volonta-dellamministrazione-di-aprire-un-dialogo\/"]}]},{"@type":"BreadcrumbList","@id":"https:\/\/www.uilscuolaemiliaromagna.it\/public\/er\/2021\/03\/01\/mobilita-la-uil-ha-apprezzato-la-volonta-dellamministrazione-di-aprire-un-dialogo\/#breadcrumb","itemListElement":[{"@type":"ListItem","position":1,"name":"Home","item":"https:\/\/www.uilscuolaemiliaromagna.it\/public\/er\/"},{"@type":"ListItem","position":2,"name":"Mobilit\u00e0: la UIL ha apprezzato la volont\u00e0 dell&#8217;amministrazione di aprire un dialogo"}]},{"@type":"WebSite","@id":"https:\/\/www.uilscuolaemiliaromagna.it\/public\/er\/#website","url":"https:\/\/www.uilscuolaemiliaromagna.it\/public\/er\/","name":"Uil Scuola Emilia Romagna","description":"La voce libera della scuola","publisher":{"@id":"https:\/\/www.uilscuolaemiliaromagna.it\/public\/er\/#organization"},"potentialAction":[{"@type":"SearchAction","target":{"@type":"EntryPoint","urlTemplate":"https:\/\/www.uilscuolaemiliaromagna.it\/public\/er\/?s={search_term_string}"},"query-input":"required name=search_term_string"}],"inLanguage":"it-IT"},{"@type":"Organization","@id":"https:\/\/www.uilscuolaemiliaromagna.it\/public\/er\/#organization","name":"Uil Scuola Emilia Romagna","url":"https:\/\/www.uilscuolaemiliaromagna.it\/public\/er\/","logo":{"@type":"ImageObject","inLanguage":"it-IT","@id":"https:\/\/www.uilscuolaemiliaromagna.it\/public\/er\/#\/schema\/logo\/image\/","url":"https:\/\/www.uilscuolaemiliaromagna.it\/public\/er\/wp-content\/uploads\/2017\/04\/cropped-header.png","contentUrl":"https:\/\/www.uilscuolaemiliaromagna.it\/public\/er\/wp-content\/uploads\/2017\/04\/cropped-header.png","width":1000,"height":150,"caption":"Uil Scuola Emilia Romagna"},"image":{"@id":"https:\/\/www.uilscuolaemiliaromagna.it\/public\/er\/#\/schema\/logo\/image\/"}},{"@type":"Person","@id":"https:\/\/www.uilscuolaemiliaromagna.it\/public\/er\/#\/schema\/person\/e7f561c7d3b0696670328745ed3d5ffb","name":"Dario Catapano","image":{"@type":"ImageObject","inLanguage":"it-IT","@id":"https:\/\/www.uilscuolaemiliaromagna.it\/public\/er\/#\/schema\/person\/image\/","url":"https:\/\/secure.gravatar.com\/avatar\/1ba10744a3398dc39809e480a86280de?s=96&d=mm&r=g","contentUrl":"https:\/\/secure.gravatar.com\/avatar\/1ba10744a3398dc39809e480a86280de?s=96&d=mm&r=g","caption":"Dario Catapano"},"url":"https:\/\/www.uilscuolaemiliaromagna.it\/public\/er\/author\/dario\/"}]}},"views":1396,"_links":{"self":[{"href":"https:\/\/www.uilscuolaemiliaromagna.it\/public\/er\/wp-json\/wp\/v2\/posts\/7732"}],"collection":[{"href":"https:\/\/www.uilscuolaemiliaromagna.it\/public\/er\/wp-json\/wp\/v2\/posts"}],"about":[{"href":"https:\/\/www.uilscuolaemiliaromagna.it\/public\/er\/wp-json\/wp\/v2\/types\/post"}],"author":[{"embeddable":true,"href":"https:\/\/www.uilscuolaemiliaromagna.it\/public\/er\/wp-json\/wp\/v2\/users\/2"}],"replies":[{"embeddable":true,"href":"https:\/\/www.uilscuolaemiliaromagna.it\/public\/er\/wp-json\/wp\/v2\/comments?post=7732"}],"version-history":[{"count":4,"href":"https:\/\/www.uilscuolaemiliaromagna.it\/public\/er\/wp-json\/wp\/v2\/posts\/7732\/revisions"}],"predecessor-version":[{"id":7736,"href":"https:\/\/www.uilscuolaemiliaromagna.it\/public\/er\/wp-json\/wp\/v2\/posts\/7732\/revisions\/7736"}],"wp:featuredmedia":[{"embeddable":true,"href":"https:\/\/www.uilscuolaemiliaromagna.it\/public\/er\/wp-json\/wp\/v2\/media\/6817"}],"wp:attachment":[{"href":"https:\/\/www.uilscuolaemiliaromagna.it\/public\/er\/wp-json\/wp\/v2\/media?parent=7732"}],"wp:term":[{"taxonomy":"category","embeddable":true,"href":"https:\/\/www.uilscuolaemiliaromagna.it\/public\/er\/wp-json\/wp\/v2\/categories?post=7732"},{"taxonomy":"post_tag","embeddable":true,"href":"https:\/\/www.uilscuolaemiliaromagna.it\/public\/er\/wp-json\/wp\/v2\/tags?post=7732"}],"curies":[{"name":"wp","href":"https:\/\/api.w.org\/{rel}","templated":true}]}}