{"id":7888,"date":"2021-03-16T23:55:15","date_gmt":"2021-03-16T22:55:15","guid":{"rendered":"http:\/\/www.uilscuolaemiliaromagna.it\/public\/er\/?p=7888"},"modified":"2021-03-17T10:13:07","modified_gmt":"2021-03-17T09:13:07","slug":"incontri-al-ministero-organici-docenti-2021-22-per-la-uil-mancano-risposte-concrete-alle-scuole","status":"publish","type":"post","link":"https:\/\/www.uilscuolaemiliaromagna.it\/public\/er\/2021\/03\/16\/incontri-al-ministero-organici-docenti-2021-22-per-la-uil-mancano-risposte-concrete-alle-scuole\/","title":{"rendered":"INCONTRI AL MINISTERO | Organici docenti 2021\/22: per la Uil mancano risposte concrete alle scuole"},"content":{"rendered":"<p style=\"text-align: justify;\">Oggi pomeriggio si \u00e8 svolto l\u2019incontro tra l\u2019Amministrazione e le Organizzazioni Sindacali che ha avuto come oggetto l\u2019organico dei docenti per l\u2019anno scolastico 21\/22.<\/p>\n<p style=\"text-align: justify;\">La bozza di decreto proposta dall\u2019amministrazione, con l\u2019eccezione dell\u2019incremento dei 5000 posti di sostegno e dei 1000 posti per l\u2019infanzia previsti dalla legge di Bilancio, \u00e8 la fotocopia di quella dello scorso anno. Inadeguata gi\u00e0 allora, inaccettabile quest\u2019anno.<\/p>\n<p style=\"text-align: justify;\">Da questo, per effetto dell\u2019art. 12 del DL 61\/2017, sono tagliati 486 posti di ITP e 164 posti di docenti laureati, per un totale di 650 posti.<\/p>\n<p style=\"text-align: justify;\">L\u2019organico presentato dall\u2019amministrazione \u00e8 un organico pensato con modalit\u00e0 pre-Covid.<\/p>\n<p style=\"text-align: justify;\">Per la UIL, oggi non \u00e8 tempo di politiche di contenimento ma di politiche espansive. I contingenti proposti, infatti, non rispondono alla necessit\u00e0 di ridurre il numero degli alunni per classe, condizione necessaria per riportarli in presenza e in sicurezza.<\/p>\n<p style=\"text-align: justify;\">A margine dell\u2019incontro \u00e8 stato comunicato che la presentazione delle domande per il personale ATA di terza fascia, che avverr\u00e0 in modalit\u00e0 telematica attraverso la piattaforma Istanze on Line, dovrebbe essere possibile a partire dal 22 marzo con scadenza il 22 aprile.<\/p>\n<ul>\n<li><a href=\"https:\/\/www.uilscuolaemiliaromagna.it\/public\/er\/wp-content\/uploads\/2021\/03\/Report-riunione-organici-160321.pdf\" target=\"_blank\" rel=\"noopener noreferrer\">Report-riunione-organici-160321<\/a><\/li>\n<\/ul>\n\n<div class=\"twitter-share\"><a href=\"https:\/\/twitter.com\/intent\/tweet?via=UILScuolaBO_ER\" class=\"twitter-share-button\" data-size=\"large\">Tweet<\/a><\/div>\n","protected":false},"excerpt":{"rendered":"<p>Oggi pomeriggio si \u00e8 svolto l\u2019incontro tra l\u2019Amministrazione e le Organizzazioni Sindacali che ha avuto come oggetto l\u2019organico dei docenti per l\u2019anno scolastico 21\/22. La &hellip; <\/p>\n","protected":false},"author":1,"featured_media":7491,"comment_status":"closed","ping_status":"open","sticky":false,"template":"","format":"standard","meta":{"footnotes":""},"categories":[2,12,6],"tags":[],"yoast_head":"<!-- This site is optimized with the Yoast SEO plugin v21.7 - https:\/\/yoast.com\/wordpress\/plugins\/seo\/ -->\r\n<title>INCONTRI AL MINISTERO | Organici docenti 2021\/22: per la Uil mancano risposte concrete alle scuole - Uil Scuola Emilia Romagna<\/title>\r\n<meta name=\"robots\" content=\"index, follow, max-snippet:-1, max-image-preview:large, max-video-preview:-1\" \/>\r\n<link rel=\"canonical\" href=\"https:\/\/www.uilscuolaemiliaromagna.it\/public\/er\/2021\/03\/16\/incontri-al-ministero-organici-docenti-2021-22-per-la-uil-mancano-risposte-concrete-alle-scuole\/\" \/>\r\n<meta property=\"og:locale\" content=\"it_IT\" \/>\r\n<meta property=\"og:type\" content=\"article\" \/>\r\n<meta property=\"og:title\" content=\"INCONTRI AL MINISTERO | Organici docenti 2021\/22: per la Uil mancano risposte concrete alle scuole - Uil Scuola Emilia Romagna\" \/>\r\n<meta property=\"og:description\" content=\"Oggi pomeriggio si \u00e8 svolto l\u2019incontro tra l\u2019Amministrazione e le Organizzazioni Sindacali che ha avuto come oggetto l\u2019organico dei docenti per l\u2019anno scolastico 21\/22. La &hellip;\" \/>\r\n<meta property=\"og:url\" content=\"https:\/\/www.uilscuolaemiliaromagna.it\/public\/er\/2021\/03\/16\/incontri-al-ministero-organici-docenti-2021-22-per-la-uil-mancano-risposte-concrete-alle-scuole\/\" \/>\r\n<meta property=\"og:site_name\" content=\"Uil Scuola Emilia Romagna\" \/>\r\n<meta property=\"article:published_time\" content=\"2021-03-16T22:55:15+00:00\" \/>\r\n<meta property=\"article:modified_time\" content=\"2021-03-17T09:13:07+00:00\" \/>\r\n<meta property=\"og:image\" content=\"https:\/\/www.uilscuolaemiliaromagna.it\/public\/er\/wp-content\/uploads\/2021\/01\/index.jpg\" \/>\r\n\t<meta property=\"og:image:width\" content=\"303\" \/>\r\n\t<meta property=\"og:image:height\" content=\"166\" \/>\r\n\t<meta property=\"og:image:type\" content=\"image\/jpeg\" \/>\r\n<meta name=\"author\" content=\"admin\" \/>\r\n<meta name=\"twitter:card\" content=\"summary_large_image\" \/>\r\n<meta name=\"twitter:label1\" content=\"Scritto da\" \/>\n\t<meta name=\"twitter:data1\" content=\"admin\" \/>\n\t<meta name=\"twitter:label2\" content=\"Tempo di lettura stimato\" \/>\n\t<meta name=\"twitter:data2\" content=\"1 minuto\" \/>\r\n<script type=\"application\/ld+json\" class=\"yoast-schema-graph\">{\"@context\":\"https:\/\/schema.org\",\"@graph\":[{\"@type\":\"Article\",\"@id\":\"https:\/\/www.uilscuolaemiliaromagna.it\/public\/er\/2021\/03\/16\/incontri-al-ministero-organici-docenti-2021-22-per-la-uil-mancano-risposte-concrete-alle-scuole\/#article\",\"isPartOf\":{\"@id\":\"https:\/\/www.uilscuolaemiliaromagna.it\/public\/er\/2021\/03\/16\/incontri-al-ministero-organici-docenti-2021-22-per-la-uil-mancano-risposte-concrete-alle-scuole\/\"},\"author\":{\"name\":\"admin\",\"@id\":\"https:\/\/www.uilscuolaemiliaromagna.it\/public\/er\/#\/schema\/person\/f42878fd07a4b6ba2b7153d4fad5de5e\"},\"headline\":\"INCONTRI AL MINISTERO | Organici docenti 2021\/22: per la Uil mancano risposte concrete alle scuole\",\"datePublished\":\"2021-03-16T22:55:15+00:00\",\"dateModified\":\"2021-03-17T09:13:07+00:00\",\"mainEntityOfPage\":{\"@id\":\"https:\/\/www.uilscuolaemiliaromagna.it\/public\/er\/2021\/03\/16\/incontri-al-ministero-organici-docenti-2021-22-per-la-uil-mancano-risposte-concrete-alle-scuole\/\"},\"wordCount\":193,\"publisher\":{\"@id\":\"https:\/\/www.uilscuolaemiliaromagna.it\/public\/er\/#organization\"},\"articleSection\":[\"ATA\",\"Notizie\",\"Personale Docente\"],\"inLanguage\":\"it-IT\"},{\"@type\":\"WebPage\",\"@id\":\"https:\/\/www.uilscuolaemiliaromagna.it\/public\/er\/2021\/03\/16\/incontri-al-ministero-organici-docenti-2021-22-per-la-uil-mancano-risposte-concrete-alle-scuole\/\",\"url\":\"https:\/\/www.uilscuolaemiliaromagna.it\/public\/er\/2021\/03\/16\/incontri-al-ministero-organici-docenti-2021-22-per-la-uil-mancano-risposte-concrete-alle-scuole\/\",\"name\":\"INCONTRI AL MINISTERO | Organici docenti 2021\/22: per la Uil mancano risposte concrete alle scuole - Uil Scuola Emilia Romagna\",\"isPartOf\":{\"@id\":\"https:\/\/www.uilscuolaemiliaromagna.it\/public\/er\/#website\"},\"datePublished\":\"2021-03-16T22:55:15+00:00\",\"dateModified\":\"2021-03-17T09:13:07+00:00\",\"breadcrumb\":{\"@id\":\"https:\/\/www.uilscuolaemiliaromagna.it\/public\/er\/2021\/03\/16\/incontri-al-ministero-organici-docenti-2021-22-per-la-uil-mancano-risposte-concrete-alle-scuole\/#breadcrumb\"},\"inLanguage\":\"it-IT\",\"potentialAction\":[{\"@type\":\"ReadAction\",\"target\":[\"https:\/\/www.uilscuolaemiliaromagna.it\/public\/er\/2021\/03\/16\/incontri-al-ministero-organici-docenti-2021-22-per-la-uil-mancano-risposte-concrete-alle-scuole\/\"]}]},{\"@type\":\"BreadcrumbList\",\"@id\":\"https:\/\/www.uilscuolaemiliaromagna.it\/public\/er\/2021\/03\/16\/incontri-al-ministero-organici-docenti-2021-22-per-la-uil-mancano-risposte-concrete-alle-scuole\/#breadcrumb\",\"itemListElement\":[{\"@type\":\"ListItem\",\"position\":1,\"name\":\"Home\",\"item\":\"https:\/\/www.uilscuolaemiliaromagna.it\/public\/er\/\"},{\"@type\":\"ListItem\",\"position\":2,\"name\":\"INCONTRI AL MINISTERO | Organici docenti 2021\/22: per la Uil mancano risposte concrete alle scuole\"}]},{\"@type\":\"WebSite\",\"@id\":\"https:\/\/www.uilscuolaemiliaromagna.it\/public\/er\/#website\",\"url\":\"https:\/\/www.uilscuolaemiliaromagna.it\/public\/er\/\",\"name\":\"Uil Scuola Emilia Romagna\",\"description\":\"La voce libera della scuola\",\"publisher\":{\"@id\":\"https:\/\/www.uilscuolaemiliaromagna.it\/public\/er\/#organization\"},\"potentialAction\":[{\"@type\":\"SearchAction\",\"target\":{\"@type\":\"EntryPoint\",\"urlTemplate\":\"https:\/\/www.uilscuolaemiliaromagna.it\/public\/er\/?s={search_term_string}\"},\"query-input\":\"required name=search_term_string\"}],\"inLanguage\":\"it-IT\"},{\"@type\":\"Organization\",\"@id\":\"https:\/\/www.uilscuolaemiliaromagna.it\/public\/er\/#organization\",\"name\":\"Uil Scuola Emilia Romagna\",\"url\":\"https:\/\/www.uilscuolaemiliaromagna.it\/public\/er\/\",\"logo\":{\"@type\":\"ImageObject\",\"inLanguage\":\"it-IT\",\"@id\":\"https:\/\/www.uilscuolaemiliaromagna.it\/public\/er\/#\/schema\/logo\/image\/\",\"url\":\"https:\/\/www.uilscuolaemiliaromagna.it\/public\/er\/wp-content\/uploads\/2017\/04\/cropped-header.png\",\"contentUrl\":\"https:\/\/www.uilscuolaemiliaromagna.it\/public\/er\/wp-content\/uploads\/2017\/04\/cropped-header.png\",\"width\":1000,\"height\":150,\"caption\":\"Uil Scuola Emilia Romagna\"},\"image\":{\"@id\":\"https:\/\/www.uilscuolaemiliaromagna.it\/public\/er\/#\/schema\/logo\/image\/\"}},{\"@type\":\"Person\",\"@id\":\"https:\/\/www.uilscuolaemiliaromagna.it\/public\/er\/#\/schema\/person\/f42878fd07a4b6ba2b7153d4fad5de5e\",\"name\":\"admin\",\"image\":{\"@type\":\"ImageObject\",\"inLanguage\":\"it-IT\",\"@id\":\"https:\/\/www.uilscuolaemiliaromagna.it\/public\/er\/#\/schema\/person\/image\/\",\"url\":\"https:\/\/secure.gravatar.com\/avatar\/aebf815ae2f30ffdae8b8c247273d34c?s=96&d=mm&r=g\",\"contentUrl\":\"https:\/\/secure.gravatar.com\/avatar\/aebf815ae2f30ffdae8b8c247273d34c?s=96&d=mm&r=g\",\"caption\":\"admin\"},\"url\":\"https:\/\/www.uilscuolaemiliaromagna.it\/public\/er\/author\/admin\/\"}]}<\/script>\r\n<!-- \/ Yoast SEO plugin. -->","yoast_head_json":{"title":"INCONTRI AL MINISTERO | Organici docenti 2021\/22: per la Uil mancano risposte concrete alle scuole - Uil Scuola Emilia Romagna","robots":{"index":"index","follow":"follow","max-snippet":"max-snippet:-1","max-image-preview":"max-image-preview:large","max-video-preview":"max-video-preview:-1"},"canonical":"https:\/\/www.uilscuolaemiliaromagna.it\/public\/er\/2021\/03\/16\/incontri-al-ministero-organici-docenti-2021-22-per-la-uil-mancano-risposte-concrete-alle-scuole\/","og_locale":"it_IT","og_type":"article","og_title":"INCONTRI AL MINISTERO | Organici docenti 2021\/22: per la Uil mancano risposte concrete alle scuole - Uil Scuola Emilia Romagna","og_description":"Oggi pomeriggio si \u00e8 svolto l\u2019incontro tra l\u2019Amministrazione e le Organizzazioni Sindacali che ha avuto come oggetto l\u2019organico dei docenti per l\u2019anno scolastico 21\/22. La &hellip;","og_url":"https:\/\/www.uilscuolaemiliaromagna.it\/public\/er\/2021\/03\/16\/incontri-al-ministero-organici-docenti-2021-22-per-la-uil-mancano-risposte-concrete-alle-scuole\/","og_site_name":"Uil Scuola Emilia Romagna","article_published_time":"2021-03-16T22:55:15+00:00","article_modified_time":"2021-03-17T09:13:07+00:00","og_image":[{"width":303,"height":166,"url":"https:\/\/www.uilscuolaemiliaromagna.it\/public\/er\/wp-content\/uploads\/2021\/01\/index.jpg","type":"image\/jpeg"}],"author":"admin","twitter_card":"summary_large_image","twitter_misc":{"Scritto da":"admin","Tempo di lettura stimato":"1 minuto"},"schema":{"@context":"https:\/\/schema.org","@graph":[{"@type":"Article","@id":"https:\/\/www.uilscuolaemiliaromagna.it\/public\/er\/2021\/03\/16\/incontri-al-ministero-organici-docenti-2021-22-per-la-uil-mancano-risposte-concrete-alle-scuole\/#article","isPartOf":{"@id":"https:\/\/www.uilscuolaemiliaromagna.it\/public\/er\/2021\/03\/16\/incontri-al-ministero-organici-docenti-2021-22-per-la-uil-mancano-risposte-concrete-alle-scuole\/"},"author":{"name":"admin","@id":"https:\/\/www.uilscuolaemiliaromagna.it\/public\/er\/#\/schema\/person\/f42878fd07a4b6ba2b7153d4fad5de5e"},"headline":"INCONTRI AL MINISTERO | Organici docenti 2021\/22: per la Uil mancano risposte concrete alle scuole","datePublished":"2021-03-16T22:55:15+00:00","dateModified":"2021-03-17T09:13:07+00:00","mainEntityOfPage":{"@id":"https:\/\/www.uilscuolaemiliaromagna.it\/public\/er\/2021\/03\/16\/incontri-al-ministero-organici-docenti-2021-22-per-la-uil-mancano-risposte-concrete-alle-scuole\/"},"wordCount":193,"publisher":{"@id":"https:\/\/www.uilscuolaemiliaromagna.it\/public\/er\/#organization"},"articleSection":["ATA","Notizie","Personale Docente"],"inLanguage":"it-IT"},{"@type":"WebPage","@id":"https:\/\/www.uilscuolaemiliaromagna.it\/public\/er\/2021\/03\/16\/incontri-al-ministero-organici-docenti-2021-22-per-la-uil-mancano-risposte-concrete-alle-scuole\/","url":"https:\/\/www.uilscuolaemiliaromagna.it\/public\/er\/2021\/03\/16\/incontri-al-ministero-organici-docenti-2021-22-per-la-uil-mancano-risposte-concrete-alle-scuole\/","name":"INCONTRI AL MINISTERO | Organici docenti 2021\/22: per la Uil mancano risposte concrete alle scuole - Uil Scuola Emilia Romagna","isPartOf":{"@id":"https:\/\/www.uilscuolaemiliaromagna.it\/public\/er\/#website"},"datePublished":"2021-03-16T22:55:15+00:00","dateModified":"2021-03-17T09:13:07+00:00","breadcrumb":{"@id":"https:\/\/www.uilscuolaemiliaromagna.it\/public\/er\/2021\/03\/16\/incontri-al-ministero-organici-docenti-2021-22-per-la-uil-mancano-risposte-concrete-alle-scuole\/#breadcrumb"},"inLanguage":"it-IT","potentialAction":[{"@type":"ReadAction","target":["https:\/\/www.uilscuolaemiliaromagna.it\/public\/er\/2021\/03\/16\/incontri-al-ministero-organici-docenti-2021-22-per-la-uil-mancano-risposte-concrete-alle-scuole\/"]}]},{"@type":"BreadcrumbList","@id":"https:\/\/www.uilscuolaemiliaromagna.it\/public\/er\/2021\/03\/16\/incontri-al-ministero-organici-docenti-2021-22-per-la-uil-mancano-risposte-concrete-alle-scuole\/#breadcrumb","itemListElement":[{"@type":"ListItem","position":1,"name":"Home","item":"https:\/\/www.uilscuolaemiliaromagna.it\/public\/er\/"},{"@type":"ListItem","position":2,"name":"INCONTRI AL MINISTERO | Organici docenti 2021\/22: per la Uil mancano risposte concrete alle scuole"}]},{"@type":"WebSite","@id":"https:\/\/www.uilscuolaemiliaromagna.it\/public\/er\/#website","url":"https:\/\/www.uilscuolaemiliaromagna.it\/public\/er\/","name":"Uil Scuola Emilia Romagna","description":"La voce libera della scuola","publisher":{"@id":"https:\/\/www.uilscuolaemiliaromagna.it\/public\/er\/#organization"},"potentialAction":[{"@type":"SearchAction","target":{"@type":"EntryPoint","urlTemplate":"https:\/\/www.uilscuolaemiliaromagna.it\/public\/er\/?s={search_term_string}"},"query-input":"required name=search_term_string"}],"inLanguage":"it-IT"},{"@type":"Organization","@id":"https:\/\/www.uilscuolaemiliaromagna.it\/public\/er\/#organization","name":"Uil Scuola Emilia Romagna","url":"https:\/\/www.uilscuolaemiliaromagna.it\/public\/er\/","logo":{"@type":"ImageObject","inLanguage":"it-IT","@id":"https:\/\/www.uilscuolaemiliaromagna.it\/public\/er\/#\/schema\/logo\/image\/","url":"https:\/\/www.uilscuolaemiliaromagna.it\/public\/er\/wp-content\/uploads\/2017\/04\/cropped-header.png","contentUrl":"https:\/\/www.uilscuolaemiliaromagna.it\/public\/er\/wp-content\/uploads\/2017\/04\/cropped-header.png","width":1000,"height":150,"caption":"Uil Scuola Emilia Romagna"},"image":{"@id":"https:\/\/www.uilscuolaemiliaromagna.it\/public\/er\/#\/schema\/logo\/image\/"}},{"@type":"Person","@id":"https:\/\/www.uilscuolaemiliaromagna.it\/public\/er\/#\/schema\/person\/f42878fd07a4b6ba2b7153d4fad5de5e","name":"admin","image":{"@type":"ImageObject","inLanguage":"it-IT","@id":"https:\/\/www.uilscuolaemiliaromagna.it\/public\/er\/#\/schema\/person\/image\/","url":"https:\/\/secure.gravatar.com\/avatar\/aebf815ae2f30ffdae8b8c247273d34c?s=96&d=mm&r=g","contentUrl":"https:\/\/secure.gravatar.com\/avatar\/aebf815ae2f30ffdae8b8c247273d34c?s=96&d=mm&r=g","caption":"admin"},"url":"https:\/\/www.uilscuolaemiliaromagna.it\/public\/er\/author\/admin\/"}]}},"views":1320,"_links":{"self":[{"href":"https:\/\/www.uilscuolaemiliaromagna.it\/public\/er\/wp-json\/wp\/v2\/posts\/7888"}],"collection":[{"href":"https:\/\/www.uilscuolaemiliaromagna.it\/public\/er\/wp-json\/wp\/v2\/posts"}],"about":[{"href":"https:\/\/www.uilscuolaemiliaromagna.it\/public\/er\/wp-json\/wp\/v2\/types\/post"}],"author":[{"embeddable":true,"href":"https:\/\/www.uilscuolaemiliaromagna.it\/public\/er\/wp-json\/wp\/v2\/users\/1"}],"replies":[{"embeddable":true,"href":"https:\/\/www.uilscuolaemiliaromagna.it\/public\/er\/wp-json\/wp\/v2\/comments?post=7888"}],"version-history":[{"count":2,"href":"https:\/\/www.uilscuolaemiliaromagna.it\/public\/er\/wp-json\/wp\/v2\/posts\/7888\/revisions"}],"predecessor-version":[{"id":7891,"href":"https:\/\/www.uilscuolaemiliaromagna.it\/public\/er\/wp-json\/wp\/v2\/posts\/7888\/revisions\/7891"}],"wp:featuredmedia":[{"embeddable":true,"href":"https:\/\/www.uilscuolaemiliaromagna.it\/public\/er\/wp-json\/wp\/v2\/media\/7491"}],"wp:attachment":[{"href":"https:\/\/www.uilscuolaemiliaromagna.it\/public\/er\/wp-json\/wp\/v2\/media?parent=7888"}],"wp:term":[{"taxonomy":"category","embeddable":true,"href":"https:\/\/www.uilscuolaemiliaromagna.it\/public\/er\/wp-json\/wp\/v2\/categories?post=7888"},{"taxonomy":"post_tag","embeddable":true,"href":"https:\/\/www.uilscuolaemiliaromagna.it\/public\/er\/wp-json\/wp\/v2\/tags?post=7888"}],"curies":[{"name":"wp","href":"https:\/\/api.w.org\/{rel}","templated":true}]}}