{"id":7928,"date":"2021-03-20T11:20:04","date_gmt":"2021-03-20T10:20:04","guid":{"rendered":"http:\/\/www.uilscuolaemiliaromagna.it\/public\/er\/?p=7928"},"modified":"2021-03-20T11:20:04","modified_gmt":"2021-03-20T10:20:04","slug":"decreto-legge-sostegni-e-assenza-per-sottoporsi-alla-vaccinazione","status":"publish","type":"post","link":"https:\/\/www.uilscuolaemiliaromagna.it\/public\/er\/2021\/03\/20\/decreto-legge-sostegni-e-assenza-per-sottoporsi-alla-vaccinazione\/","title":{"rendered":"Decreto Legge Sostegni e assenza per sottoporsi alla vaccinazione"},"content":{"rendered":"<p style=\"font-weight: 400;\">Decreto Legge Sostegni e assenza per sottoporsi alla vaccinazione<\/p>\n<p style=\"font-weight: 400;\">Tutelati pienamente i diritti dei lavoratori come richiesto dalla UIL scuola.<\/p>\n<p style=\"font-weight: 400;\">\n<p style=\"font-weight: 400;\">Il Decreto &#8220;Sostegni&#8221; appena licenziato dal consiglio dei Ministri prevede che l&#8217;assenza da lavoro del personale docente, educativo, amministrativo, tecnico e ausiliario per la somministrazione del vaccino contro il Covid-19 \u00e8 da ritenersi giustificata.<\/p>\n<p style=\"font-weight: 400;\">L&#8217;assenza non determina alcuna decurtazione del trattamento economico n\u00e9 fondamentale n\u00e9 accessorio.<\/p>\n<p style=\"font-weight: 400;\">\n<p style=\"font-weight: 400; text-align: justify;\">La UIL Scuola, in data 3 marzo, aveva inviato al MI una specifica richiesta in cui rivendicava una soluzione onde evitare, ancora una volta, di scaricare le responsabilit\u00e0 sul personale della scuola tutto che, a seguito dell&#8217;emergenza COVID, vive gi\u00e0 di per s\u00e9 una situazione di difficolt\u00e0 e che per sottoporsi al vaccino in orario di servizio \u00e8 costretto ad imputare l&#8217;assenza a ferie, permessi o malattia (con relativa trattenuta).<\/p>\n<p style=\"font-weight: 400; text-align: justify;\">Seppur con un certo ritardo, considerando che la vaccinazione per tanti docenti e personale ATA \u00e8 stata gi\u00e0 avviata, con la prima somministrazione del vaccino, la questione ha trovato una soluzione positiva come da noi auspicata nell&#8217;approvazione del Decreto &#8220;Sostegni&#8221;.<\/p>\n<p style=\"font-weight: 400; text-align: justify;\">La UIL Scuola rivendicher\u00e0 parit\u00e0 di trattamento tra il personale, chiedendo all&#8217;Amministrazione che quanto previsto dal Decreto valga anche per chi si \u00e8 gi\u00e0 sottoposto alla somministrazione del vaccino in orario di servizio e che il permesso o la giornata di ferie eventualmente utilizzata, sia modificata in assenza giustificata.<\/p>\n<ul>\n<li><a href=\"https:\/\/www.uilscuolaemiliaromagna.it\/public\/er\/wp-content\/uploads\/2021\/03\/Somministrazione-vaccini-anti-COVID-personale-della-scuola-1.pdf\" target=\"_blank\" rel=\"noopener noreferrer\">la lettera inviata al MI il 3 marzo 2021<\/a><\/li>\n<\/ul>\n\n<div class=\"twitter-share\"><a href=\"https:\/\/twitter.com\/intent\/tweet?via=UILScuolaBO_ER\" class=\"twitter-share-button\" data-size=\"large\">Tweet<\/a><\/div>\n","protected":false},"excerpt":{"rendered":"<p>Decreto Legge Sostegni e assenza per sottoporsi alla vaccinazione Tutelati pienamente i diritti dei lavoratori come richiesto dalla UIL scuola. Il Decreto &#8220;Sostegni&#8221; appena licenziato &hellip; <\/p>\n","protected":false},"author":1,"featured_media":7740,"comment_status":"closed","ping_status":"open","sticky":false,"template":"","format":"standard","meta":{"footnotes":""},"categories":[12],"tags":[],"yoast_head":"<!-- This site is optimized with the Yoast SEO plugin v21.7 - https:\/\/yoast.com\/wordpress\/plugins\/seo\/ -->\r\n<title>Decreto Legge Sostegni e assenza per sottoporsi alla vaccinazione - Uil Scuola Emilia Romagna<\/title>\r\n<meta name=\"robots\" content=\"index, follow, max-snippet:-1, max-image-preview:large, max-video-preview:-1\" \/>\r\n<link rel=\"canonical\" href=\"https:\/\/www.uilscuolaemiliaromagna.it\/public\/er\/2021\/03\/20\/decreto-legge-sostegni-e-assenza-per-sottoporsi-alla-vaccinazione\/\" \/>\r\n<meta property=\"og:locale\" content=\"it_IT\" \/>\r\n<meta property=\"og:type\" content=\"article\" \/>\r\n<meta property=\"og:title\" content=\"Decreto Legge Sostegni e assenza per sottoporsi alla vaccinazione - Uil Scuola Emilia Romagna\" \/>\r\n<meta property=\"og:description\" content=\"Decreto Legge Sostegni e assenza per sottoporsi alla vaccinazione Tutelati pienamente i diritti dei lavoratori come richiesto dalla UIL scuola. Il Decreto &#8220;Sostegni&#8221; appena licenziato &hellip;\" \/>\r\n<meta property=\"og:url\" content=\"https:\/\/www.uilscuolaemiliaromagna.it\/public\/er\/2021\/03\/20\/decreto-legge-sostegni-e-assenza-per-sottoporsi-alla-vaccinazione\/\" \/>\r\n<meta property=\"og:site_name\" content=\"Uil Scuola Emilia Romagna\" \/>\r\n<meta property=\"article:published_time\" content=\"2021-03-20T10:20:04+00:00\" \/>\r\n<meta property=\"og:image\" content=\"https:\/\/www.uilscuolaemiliaromagna.it\/public\/er\/wp-content\/uploads\/2021\/03\/AdobeStock_199783080-718x523-1-e1614705898713.jpeg\" \/>\r\n\t<meta property=\"og:image:width\" content=\"200\" \/>\r\n\t<meta property=\"og:image:height\" content=\"146\" \/>\r\n\t<meta property=\"og:image:type\" content=\"image\/jpeg\" \/>\r\n<meta name=\"author\" content=\"admin\" \/>\r\n<meta name=\"twitter:card\" content=\"summary_large_image\" \/>\r\n<meta name=\"twitter:label1\" content=\"Scritto da\" \/>\n\t<meta name=\"twitter:data1\" content=\"admin\" \/>\n\t<meta name=\"twitter:label2\" content=\"Tempo di lettura stimato\" \/>\n\t<meta name=\"twitter:data2\" content=\"2 minuti\" \/>\r\n<script type=\"application\/ld+json\" class=\"yoast-schema-graph\">{\"@context\":\"https:\/\/schema.org\",\"@graph\":[{\"@type\":\"Article\",\"@id\":\"https:\/\/www.uilscuolaemiliaromagna.it\/public\/er\/2021\/03\/20\/decreto-legge-sostegni-e-assenza-per-sottoporsi-alla-vaccinazione\/#article\",\"isPartOf\":{\"@id\":\"https:\/\/www.uilscuolaemiliaromagna.it\/public\/er\/2021\/03\/20\/decreto-legge-sostegni-e-assenza-per-sottoporsi-alla-vaccinazione\/\"},\"author\":{\"name\":\"admin\",\"@id\":\"https:\/\/www.uilscuolaemiliaromagna.it\/public\/er\/#\/schema\/person\/f42878fd07a4b6ba2b7153d4fad5de5e\"},\"headline\":\"Decreto Legge Sostegni e assenza per sottoporsi alla vaccinazione\",\"datePublished\":\"2021-03-20T10:20:04+00:00\",\"dateModified\":\"2021-03-20T10:20:04+00:00\",\"mainEntityOfPage\":{\"@id\":\"https:\/\/www.uilscuolaemiliaromagna.it\/public\/er\/2021\/03\/20\/decreto-legge-sostegni-e-assenza-per-sottoporsi-alla-vaccinazione\/\"},\"wordCount\":236,\"publisher\":{\"@id\":\"https:\/\/www.uilscuolaemiliaromagna.it\/public\/er\/#organization\"},\"articleSection\":[\"Notizie\"],\"inLanguage\":\"it-IT\"},{\"@type\":\"WebPage\",\"@id\":\"https:\/\/www.uilscuolaemiliaromagna.it\/public\/er\/2021\/03\/20\/decreto-legge-sostegni-e-assenza-per-sottoporsi-alla-vaccinazione\/\",\"url\":\"https:\/\/www.uilscuolaemiliaromagna.it\/public\/er\/2021\/03\/20\/decreto-legge-sostegni-e-assenza-per-sottoporsi-alla-vaccinazione\/\",\"name\":\"Decreto Legge Sostegni e assenza per sottoporsi alla vaccinazione - Uil Scuola Emilia Romagna\",\"isPartOf\":{\"@id\":\"https:\/\/www.uilscuolaemiliaromagna.it\/public\/er\/#website\"},\"datePublished\":\"2021-03-20T10:20:04+00:00\",\"dateModified\":\"2021-03-20T10:20:04+00:00\",\"breadcrumb\":{\"@id\":\"https:\/\/www.uilscuolaemiliaromagna.it\/public\/er\/2021\/03\/20\/decreto-legge-sostegni-e-assenza-per-sottoporsi-alla-vaccinazione\/#breadcrumb\"},\"inLanguage\":\"it-IT\",\"potentialAction\":[{\"@type\":\"ReadAction\",\"target\":[\"https:\/\/www.uilscuolaemiliaromagna.it\/public\/er\/2021\/03\/20\/decreto-legge-sostegni-e-assenza-per-sottoporsi-alla-vaccinazione\/\"]}]},{\"@type\":\"BreadcrumbList\",\"@id\":\"https:\/\/www.uilscuolaemiliaromagna.it\/public\/er\/2021\/03\/20\/decreto-legge-sostegni-e-assenza-per-sottoporsi-alla-vaccinazione\/#breadcrumb\",\"itemListElement\":[{\"@type\":\"ListItem\",\"position\":1,\"name\":\"Home\",\"item\":\"https:\/\/www.uilscuolaemiliaromagna.it\/public\/er\/\"},{\"@type\":\"ListItem\",\"position\":2,\"name\":\"Decreto Legge Sostegni e assenza per sottoporsi alla vaccinazione\"}]},{\"@type\":\"WebSite\",\"@id\":\"https:\/\/www.uilscuolaemiliaromagna.it\/public\/er\/#website\",\"url\":\"https:\/\/www.uilscuolaemiliaromagna.it\/public\/er\/\",\"name\":\"Uil Scuola Emilia Romagna\",\"description\":\"La voce libera della scuola\",\"publisher\":{\"@id\":\"https:\/\/www.uilscuolaemiliaromagna.it\/public\/er\/#organization\"},\"potentialAction\":[{\"@type\":\"SearchAction\",\"target\":{\"@type\":\"EntryPoint\",\"urlTemplate\":\"https:\/\/www.uilscuolaemiliaromagna.it\/public\/er\/?s={search_term_string}\"},\"query-input\":\"required name=search_term_string\"}],\"inLanguage\":\"it-IT\"},{\"@type\":\"Organization\",\"@id\":\"https:\/\/www.uilscuolaemiliaromagna.it\/public\/er\/#organization\",\"name\":\"Uil Scuola Emilia Romagna\",\"url\":\"https:\/\/www.uilscuolaemiliaromagna.it\/public\/er\/\",\"logo\":{\"@type\":\"ImageObject\",\"inLanguage\":\"it-IT\",\"@id\":\"https:\/\/www.uilscuolaemiliaromagna.it\/public\/er\/#\/schema\/logo\/image\/\",\"url\":\"https:\/\/www.uilscuolaemiliaromagna.it\/public\/er\/wp-content\/uploads\/2017\/04\/cropped-header.png\",\"contentUrl\":\"https:\/\/www.uilscuolaemiliaromagna.it\/public\/er\/wp-content\/uploads\/2017\/04\/cropped-header.png\",\"width\":1000,\"height\":150,\"caption\":\"Uil Scuola Emilia Romagna\"},\"image\":{\"@id\":\"https:\/\/www.uilscuolaemiliaromagna.it\/public\/er\/#\/schema\/logo\/image\/\"}},{\"@type\":\"Person\",\"@id\":\"https:\/\/www.uilscuolaemiliaromagna.it\/public\/er\/#\/schema\/person\/f42878fd07a4b6ba2b7153d4fad5de5e\",\"name\":\"admin\",\"image\":{\"@type\":\"ImageObject\",\"inLanguage\":\"it-IT\",\"@id\":\"https:\/\/www.uilscuolaemiliaromagna.it\/public\/er\/#\/schema\/person\/image\/\",\"url\":\"https:\/\/secure.gravatar.com\/avatar\/aebf815ae2f30ffdae8b8c247273d34c?s=96&d=mm&r=g\",\"contentUrl\":\"https:\/\/secure.gravatar.com\/avatar\/aebf815ae2f30ffdae8b8c247273d34c?s=96&d=mm&r=g\",\"caption\":\"admin\"},\"url\":\"https:\/\/www.uilscuolaemiliaromagna.it\/public\/er\/author\/admin\/\"}]}<\/script>\r\n<!-- \/ Yoast SEO plugin. -->","yoast_head_json":{"title":"Decreto Legge Sostegni e assenza per sottoporsi alla vaccinazione - Uil Scuola Emilia Romagna","robots":{"index":"index","follow":"follow","max-snippet":"max-snippet:-1","max-image-preview":"max-image-preview:large","max-video-preview":"max-video-preview:-1"},"canonical":"https:\/\/www.uilscuolaemiliaromagna.it\/public\/er\/2021\/03\/20\/decreto-legge-sostegni-e-assenza-per-sottoporsi-alla-vaccinazione\/","og_locale":"it_IT","og_type":"article","og_title":"Decreto Legge Sostegni e assenza per sottoporsi alla vaccinazione - Uil Scuola Emilia Romagna","og_description":"Decreto Legge Sostegni e assenza per sottoporsi alla vaccinazione Tutelati pienamente i diritti dei lavoratori come richiesto dalla UIL scuola. Il Decreto &#8220;Sostegni&#8221; appena licenziato &hellip;","og_url":"https:\/\/www.uilscuolaemiliaromagna.it\/public\/er\/2021\/03\/20\/decreto-legge-sostegni-e-assenza-per-sottoporsi-alla-vaccinazione\/","og_site_name":"Uil Scuola Emilia Romagna","article_published_time":"2021-03-20T10:20:04+00:00","og_image":[{"width":200,"height":146,"url":"https:\/\/www.uilscuolaemiliaromagna.it\/public\/er\/wp-content\/uploads\/2021\/03\/AdobeStock_199783080-718x523-1-e1614705898713.jpeg","type":"image\/jpeg"}],"author":"admin","twitter_card":"summary_large_image","twitter_misc":{"Scritto da":"admin","Tempo di lettura stimato":"2 minuti"},"schema":{"@context":"https:\/\/schema.org","@graph":[{"@type":"Article","@id":"https:\/\/www.uilscuolaemiliaromagna.it\/public\/er\/2021\/03\/20\/decreto-legge-sostegni-e-assenza-per-sottoporsi-alla-vaccinazione\/#article","isPartOf":{"@id":"https:\/\/www.uilscuolaemiliaromagna.it\/public\/er\/2021\/03\/20\/decreto-legge-sostegni-e-assenza-per-sottoporsi-alla-vaccinazione\/"},"author":{"name":"admin","@id":"https:\/\/www.uilscuolaemiliaromagna.it\/public\/er\/#\/schema\/person\/f42878fd07a4b6ba2b7153d4fad5de5e"},"headline":"Decreto Legge Sostegni e assenza per sottoporsi alla vaccinazione","datePublished":"2021-03-20T10:20:04+00:00","dateModified":"2021-03-20T10:20:04+00:00","mainEntityOfPage":{"@id":"https:\/\/www.uilscuolaemiliaromagna.it\/public\/er\/2021\/03\/20\/decreto-legge-sostegni-e-assenza-per-sottoporsi-alla-vaccinazione\/"},"wordCount":236,"publisher":{"@id":"https:\/\/www.uilscuolaemiliaromagna.it\/public\/er\/#organization"},"articleSection":["Notizie"],"inLanguage":"it-IT"},{"@type":"WebPage","@id":"https:\/\/www.uilscuolaemiliaromagna.it\/public\/er\/2021\/03\/20\/decreto-legge-sostegni-e-assenza-per-sottoporsi-alla-vaccinazione\/","url":"https:\/\/www.uilscuolaemiliaromagna.it\/public\/er\/2021\/03\/20\/decreto-legge-sostegni-e-assenza-per-sottoporsi-alla-vaccinazione\/","name":"Decreto Legge Sostegni e assenza per sottoporsi alla vaccinazione - Uil Scuola Emilia Romagna","isPartOf":{"@id":"https:\/\/www.uilscuolaemiliaromagna.it\/public\/er\/#website"},"datePublished":"2021-03-20T10:20:04+00:00","dateModified":"2021-03-20T10:20:04+00:00","breadcrumb":{"@id":"https:\/\/www.uilscuolaemiliaromagna.it\/public\/er\/2021\/03\/20\/decreto-legge-sostegni-e-assenza-per-sottoporsi-alla-vaccinazione\/#breadcrumb"},"inLanguage":"it-IT","potentialAction":[{"@type":"ReadAction","target":["https:\/\/www.uilscuolaemiliaromagna.it\/public\/er\/2021\/03\/20\/decreto-legge-sostegni-e-assenza-per-sottoporsi-alla-vaccinazione\/"]}]},{"@type":"BreadcrumbList","@id":"https:\/\/www.uilscuolaemiliaromagna.it\/public\/er\/2021\/03\/20\/decreto-legge-sostegni-e-assenza-per-sottoporsi-alla-vaccinazione\/#breadcrumb","itemListElement":[{"@type":"ListItem","position":1,"name":"Home","item":"https:\/\/www.uilscuolaemiliaromagna.it\/public\/er\/"},{"@type":"ListItem","position":2,"name":"Decreto Legge Sostegni e assenza per sottoporsi alla vaccinazione"}]},{"@type":"WebSite","@id":"https:\/\/www.uilscuolaemiliaromagna.it\/public\/er\/#website","url":"https:\/\/www.uilscuolaemiliaromagna.it\/public\/er\/","name":"Uil Scuola Emilia Romagna","description":"La voce libera della scuola","publisher":{"@id":"https:\/\/www.uilscuolaemiliaromagna.it\/public\/er\/#organization"},"potentialAction":[{"@type":"SearchAction","target":{"@type":"EntryPoint","urlTemplate":"https:\/\/www.uilscuolaemiliaromagna.it\/public\/er\/?s={search_term_string}"},"query-input":"required name=search_term_string"}],"inLanguage":"it-IT"},{"@type":"Organization","@id":"https:\/\/www.uilscuolaemiliaromagna.it\/public\/er\/#organization","name":"Uil Scuola Emilia Romagna","url":"https:\/\/www.uilscuolaemiliaromagna.it\/public\/er\/","logo":{"@type":"ImageObject","inLanguage":"it-IT","@id":"https:\/\/www.uilscuolaemiliaromagna.it\/public\/er\/#\/schema\/logo\/image\/","url":"https:\/\/www.uilscuolaemiliaromagna.it\/public\/er\/wp-content\/uploads\/2017\/04\/cropped-header.png","contentUrl":"https:\/\/www.uilscuolaemiliaromagna.it\/public\/er\/wp-content\/uploads\/2017\/04\/cropped-header.png","width":1000,"height":150,"caption":"Uil Scuola Emilia Romagna"},"image":{"@id":"https:\/\/www.uilscuolaemiliaromagna.it\/public\/er\/#\/schema\/logo\/image\/"}},{"@type":"Person","@id":"https:\/\/www.uilscuolaemiliaromagna.it\/public\/er\/#\/schema\/person\/f42878fd07a4b6ba2b7153d4fad5de5e","name":"admin","image":{"@type":"ImageObject","inLanguage":"it-IT","@id":"https:\/\/www.uilscuolaemiliaromagna.it\/public\/er\/#\/schema\/person\/image\/","url":"https:\/\/secure.gravatar.com\/avatar\/aebf815ae2f30ffdae8b8c247273d34c?s=96&d=mm&r=g","contentUrl":"https:\/\/secure.gravatar.com\/avatar\/aebf815ae2f30ffdae8b8c247273d34c?s=96&d=mm&r=g","caption":"admin"},"url":"https:\/\/www.uilscuolaemiliaromagna.it\/public\/er\/author\/admin\/"}]}},"views":1520,"_links":{"self":[{"href":"https:\/\/www.uilscuolaemiliaromagna.it\/public\/er\/wp-json\/wp\/v2\/posts\/7928"}],"collection":[{"href":"https:\/\/www.uilscuolaemiliaromagna.it\/public\/er\/wp-json\/wp\/v2\/posts"}],"about":[{"href":"https:\/\/www.uilscuolaemiliaromagna.it\/public\/er\/wp-json\/wp\/v2\/types\/post"}],"author":[{"embeddable":true,"href":"https:\/\/www.uilscuolaemiliaromagna.it\/public\/er\/wp-json\/wp\/v2\/users\/1"}],"replies":[{"embeddable":true,"href":"https:\/\/www.uilscuolaemiliaromagna.it\/public\/er\/wp-json\/wp\/v2\/comments?post=7928"}],"version-history":[{"count":1,"href":"https:\/\/www.uilscuolaemiliaromagna.it\/public\/er\/wp-json\/wp\/v2\/posts\/7928\/revisions"}],"predecessor-version":[{"id":7930,"href":"https:\/\/www.uilscuolaemiliaromagna.it\/public\/er\/wp-json\/wp\/v2\/posts\/7928\/revisions\/7930"}],"wp:featuredmedia":[{"embeddable":true,"href":"https:\/\/www.uilscuolaemiliaromagna.it\/public\/er\/wp-json\/wp\/v2\/media\/7740"}],"wp:attachment":[{"href":"https:\/\/www.uilscuolaemiliaromagna.it\/public\/er\/wp-json\/wp\/v2\/media?parent=7928"}],"wp:term":[{"taxonomy":"category","embeddable":true,"href":"https:\/\/www.uilscuolaemiliaromagna.it\/public\/er\/wp-json\/wp\/v2\/categories?post=7928"},{"taxonomy":"post_tag","embeddable":true,"href":"https:\/\/www.uilscuolaemiliaromagna.it\/public\/er\/wp-json\/wp\/v2\/tags?post=7928"}],"curies":[{"name":"wp","href":"https:\/\/api.w.org\/{rel}","templated":true}]}}