{"id":7931,"date":"2021-03-20T11:25:21","date_gmt":"2021-03-20T10:25:21","guid":{"rendered":"http:\/\/www.uilscuolaemiliaromagna.it\/public\/er\/?p=7931"},"modified":"2021-03-20T11:25:21","modified_gmt":"2021-03-20T10:25:21","slug":"rassegna-stampa-orizzontescuola-it-daprile-dopo-decreto-sostegni-rivendichiamo-parita-di-trattamento-anche-per-chi-si-e-gia-vaccinato","status":"publish","type":"post","link":"https:\/\/www.uilscuolaemiliaromagna.it\/public\/er\/2021\/03\/20\/rassegna-stampa-orizzontescuola-it-daprile-dopo-decreto-sostegni-rivendichiamo-parita-di-trattamento-anche-per-chi-si-e-gia-vaccinato\/","title":{"rendered":"RASSEGNA STAMPA | Orizzontescuola.it: D\u2019Aprile: \u201cDopo decreto \u201cSostegni\u201d rivendichiamo parit\u00e0 di trattamento anche per chi si \u00e8 gi\u00e0 vaccinato!\u201d"},"content":{"rendered":"<p style=\"text-align: justify;\">DL Sostegni, approvata la norma che considerer\u00e0 assenza giustificata la giornata richiesta per sottoporsi alla vaccinazione antiCovid in orario di servizio, secondo le prenotazioni a livello regionale. La campagna di vaccinazione per il personale scolastico \u00e8 gi\u00e0 stata avviata a fine febbraio ma la norma arriva solo adesso. La richiesta era stata avanzata dalla UIL Scuola con una lettera trasmessa il 3 marzo.<\/p>\n<p style=\"text-align: justify;\">Il\u00a0<a href=\"https:\/\/www.uilscuolamodena.it\/decreto-legge-sostegni-assenza-sottoporsi-alla-vaccinazione-tutelati-pienamente-diritti-dei-lavoratori\/\">Decreto \u201cSostegni\u201d<\/a>\u00a0appena licenziato dal consiglio dei Ministri prevede che l\u2019assenza da lavoro del personale docente, educativo, amministrativo, tecnico e ausiliario per la somministrazione del vaccino contro il Covid-19 \u00e8 da ritenersi giustificata.<\/p>\n<p style=\"text-align: justify;\">L\u2019assenza non determina alcuna decurtazione del trattamento economico n\u00e9 fondamentale n\u00e9 accessorio.<\/p>\n<p style=\"text-align: justify;\">La UIL Scuola \u2013 afferma il segretario nazionale Giuseppe D\u2019Aprile \u2013 in data 3 marzo,\u00a0aveva inviato al MI una specifica richiesta in cui rivendicava una soluzione\u00a0onde evitare, ancora una volta, di scaricare le responsabilit\u00e0 sul personale della scuola tutto che, a seguito dell\u2019emergenza COVID, vive gi\u00e0 di per s\u00e9 una situazione di difficolt\u00e0 e che per sottoporsi al vaccino in orario di servizio \u00e8 costretto ad imputare l\u2019assenza a ferie, permessi o malattia (con relativa trattenuta).\u201d<\/p>\n<p style=\"text-align: justify;\">\u201cSeppur con un certo ritardo \u2013 prosegue il segretario \u2013 considerando che la vaccinazione per tanti docenti e personale ATA \u00e8 stata gi\u00e0 avviata, con la prima somministrazione del vaccino, la questione ha trovato una soluzione positiva come da noi auspicata nell\u2019approvazione del Decreto \u201cSostegni\u201d.\u201d<\/p>\n<p style=\"text-align: justify;\">\u201cLa UIL Scuola \u2013 conclude D\u2019Aprile \u2013\u00a0 rivendicher\u00e0 parit\u00e0 di trattamento tra il personale, chiedendo all\u2019Amministrazione che quanto previsto dal Decreto valga anche per chi si \u00e8 gi\u00e0 sottoposto alla somministrazione del vaccino in orario di servizio e che il permesso o la giornata di ferie eventualmente utilizzata, sia modificata in assenza giustificata.\u201d<\/p>\n<h6>fonte:\u00a0<a href=\"https:\/\/www.orizzontescuola.it\/dl-sostegni-daprile-uil-assenza-giustificata-per-vaccino-deve-valere-anche-per-chi-ha-gia-usufruito-di-permesso-o-ferie\/\" target=\"_blank\" rel=\"noopener noreferrer\">Orizzontescuola.it<\/a><\/h6>\n\n<div class=\"twitter-share\"><a href=\"https:\/\/twitter.com\/intent\/tweet?via=UILScuolaBO_ER\" class=\"twitter-share-button\" data-size=\"large\">Tweet<\/a><\/div>\n","protected":false},"excerpt":{"rendered":"<p>DL Sostegni, approvata la norma che considerer\u00e0 assenza giustificata la giornata richiesta per sottoporsi alla vaccinazione antiCovid in orario di servizio, secondo le prenotazioni a &hellip; <\/p>\n","protected":false},"author":1,"featured_media":7713,"comment_status":"closed","ping_status":"open","sticky":false,"template":"","format":"standard","meta":{"footnotes":""},"categories":[2,3,12,6],"tags":[45],"yoast_head":"<!-- This site is optimized with the Yoast SEO plugin v21.7 - https:\/\/yoast.com\/wordpress\/plugins\/seo\/ -->\r\n<title>RASSEGNA STAMPA | Orizzontescuola.it: D\u2019Aprile: \u201cDopo decreto \u201cSostegni\u201d rivendichiamo parit\u00e0 di trattamento anche per chi si \u00e8 gi\u00e0 vaccinato!\u201d - Uil Scuola Emilia Romagna<\/title>\r\n<meta name=\"robots\" content=\"index, follow, max-snippet:-1, max-image-preview:large, max-video-preview:-1\" \/>\r\n<link rel=\"canonical\" href=\"https:\/\/www.uilscuolaemiliaromagna.it\/public\/er\/2021\/03\/20\/rassegna-stampa-orizzontescuola-it-daprile-dopo-decreto-sostegni-rivendichiamo-parita-di-trattamento-anche-per-chi-si-e-gia-vaccinato\/\" \/>\r\n<meta property=\"og:locale\" content=\"it_IT\" \/>\r\n<meta property=\"og:type\" content=\"article\" \/>\r\n<meta property=\"og:title\" content=\"RASSEGNA STAMPA | Orizzontescuola.it: D\u2019Aprile: \u201cDopo decreto \u201cSostegni\u201d rivendichiamo parit\u00e0 di trattamento anche per chi si \u00e8 gi\u00e0 vaccinato!\u201d - Uil Scuola Emilia Romagna\" \/>\r\n<meta property=\"og:description\" content=\"DL Sostegni, approvata la norma che considerer\u00e0 assenza giustificata la giornata richiesta per sottoporsi alla vaccinazione antiCovid in orario di servizio, secondo le prenotazioni a &hellip;\" \/>\r\n<meta property=\"og:url\" content=\"https:\/\/www.uilscuolaemiliaromagna.it\/public\/er\/2021\/03\/20\/rassegna-stampa-orizzontescuola-it-daprile-dopo-decreto-sostegni-rivendichiamo-parita-di-trattamento-anche-per-chi-si-e-gia-vaccinato\/\" \/>\r\n<meta property=\"og:site_name\" content=\"Uil Scuola Emilia Romagna\" \/>\r\n<meta property=\"article:published_time\" content=\"2021-03-20T10:25:21+00:00\" \/>\r\n<meta property=\"og:image\" content=\"https:\/\/www.uilscuolaemiliaromagna.it\/public\/er\/wp-content\/uploads\/2021\/02\/Giuseppe-DAprile.jpeg\" \/>\r\n\t<meta property=\"og:image:width\" content=\"1000\" \/>\r\n\t<meta property=\"og:image:height\" content=\"647\" \/>\r\n\t<meta property=\"og:image:type\" content=\"image\/jpeg\" \/>\r\n<meta name=\"author\" content=\"admin\" \/>\r\n<meta name=\"twitter:card\" content=\"summary_large_image\" \/>\r\n<meta name=\"twitter:label1\" content=\"Scritto da\" \/>\n\t<meta name=\"twitter:data1\" content=\"admin\" \/>\n\t<meta name=\"twitter:label2\" content=\"Tempo di lettura stimato\" \/>\n\t<meta name=\"twitter:data2\" content=\"2 minuti\" \/>\r\n<script type=\"application\/ld+json\" class=\"yoast-schema-graph\">{\"@context\":\"https:\/\/schema.org\",\"@graph\":[{\"@type\":\"Article\",\"@id\":\"https:\/\/www.uilscuolaemiliaromagna.it\/public\/er\/2021\/03\/20\/rassegna-stampa-orizzontescuola-it-daprile-dopo-decreto-sostegni-rivendichiamo-parita-di-trattamento-anche-per-chi-si-e-gia-vaccinato\/#article\",\"isPartOf\":{\"@id\":\"https:\/\/www.uilscuolaemiliaromagna.it\/public\/er\/2021\/03\/20\/rassegna-stampa-orizzontescuola-it-daprile-dopo-decreto-sostegni-rivendichiamo-parita-di-trattamento-anche-per-chi-si-e-gia-vaccinato\/\"},\"author\":{\"name\":\"admin\",\"@id\":\"https:\/\/www.uilscuolaemiliaromagna.it\/public\/er\/#\/schema\/person\/f42878fd07a4b6ba2b7153d4fad5de5e\"},\"headline\":\"RASSEGNA STAMPA | Orizzontescuola.it: D\u2019Aprile: \u201cDopo decreto \u201cSostegni\u201d rivendichiamo parit\u00e0 di trattamento anche per chi si \u00e8 gi\u00e0 vaccinato!\u201d\",\"datePublished\":\"2021-03-20T10:25:21+00:00\",\"dateModified\":\"2021-03-20T10:25:21+00:00\",\"mainEntityOfPage\":{\"@id\":\"https:\/\/www.uilscuolaemiliaromagna.it\/public\/er\/2021\/03\/20\/rassegna-stampa-orizzontescuola-it-daprile-dopo-decreto-sostegni-rivendichiamo-parita-di-trattamento-anche-per-chi-si-e-gia-vaccinato\/\"},\"wordCount\":302,\"publisher\":{\"@id\":\"https:\/\/www.uilscuolaemiliaromagna.it\/public\/er\/#organization\"},\"keywords\":[\"giuseppe d'aprile\"],\"articleSection\":[\"ATA\",\"Dirigenti\",\"Notizie\",\"Personale Docente\"],\"inLanguage\":\"it-IT\"},{\"@type\":\"WebPage\",\"@id\":\"https:\/\/www.uilscuolaemiliaromagna.it\/public\/er\/2021\/03\/20\/rassegna-stampa-orizzontescuola-it-daprile-dopo-decreto-sostegni-rivendichiamo-parita-di-trattamento-anche-per-chi-si-e-gia-vaccinato\/\",\"url\":\"https:\/\/www.uilscuolaemiliaromagna.it\/public\/er\/2021\/03\/20\/rassegna-stampa-orizzontescuola-it-daprile-dopo-decreto-sostegni-rivendichiamo-parita-di-trattamento-anche-per-chi-si-e-gia-vaccinato\/\",\"name\":\"RASSEGNA STAMPA | Orizzontescuola.it: D\u2019Aprile: \u201cDopo decreto \u201cSostegni\u201d rivendichiamo parit\u00e0 di trattamento anche per chi si \u00e8 gi\u00e0 vaccinato!\u201d - Uil Scuola Emilia Romagna\",\"isPartOf\":{\"@id\":\"https:\/\/www.uilscuolaemiliaromagna.it\/public\/er\/#website\"},\"datePublished\":\"2021-03-20T10:25:21+00:00\",\"dateModified\":\"2021-03-20T10:25:21+00:00\",\"breadcrumb\":{\"@id\":\"https:\/\/www.uilscuolaemiliaromagna.it\/public\/er\/2021\/03\/20\/rassegna-stampa-orizzontescuola-it-daprile-dopo-decreto-sostegni-rivendichiamo-parita-di-trattamento-anche-per-chi-si-e-gia-vaccinato\/#breadcrumb\"},\"inLanguage\":\"it-IT\",\"potentialAction\":[{\"@type\":\"ReadAction\",\"target\":[\"https:\/\/www.uilscuolaemiliaromagna.it\/public\/er\/2021\/03\/20\/rassegna-stampa-orizzontescuola-it-daprile-dopo-decreto-sostegni-rivendichiamo-parita-di-trattamento-anche-per-chi-si-e-gia-vaccinato\/\"]}]},{\"@type\":\"BreadcrumbList\",\"@id\":\"https:\/\/www.uilscuolaemiliaromagna.it\/public\/er\/2021\/03\/20\/rassegna-stampa-orizzontescuola-it-daprile-dopo-decreto-sostegni-rivendichiamo-parita-di-trattamento-anche-per-chi-si-e-gia-vaccinato\/#breadcrumb\",\"itemListElement\":[{\"@type\":\"ListItem\",\"position\":1,\"name\":\"Home\",\"item\":\"https:\/\/www.uilscuolaemiliaromagna.it\/public\/er\/\"},{\"@type\":\"ListItem\",\"position\":2,\"name\":\"RASSEGNA STAMPA | Orizzontescuola.it: D\u2019Aprile: \u201cDopo decreto \u201cSostegni\u201d rivendichiamo parit\u00e0 di trattamento anche per chi si \u00e8 gi\u00e0 vaccinato!\u201d\"}]},{\"@type\":\"WebSite\",\"@id\":\"https:\/\/www.uilscuolaemiliaromagna.it\/public\/er\/#website\",\"url\":\"https:\/\/www.uilscuolaemiliaromagna.it\/public\/er\/\",\"name\":\"Uil Scuola Emilia Romagna\",\"description\":\"La voce libera della scuola\",\"publisher\":{\"@id\":\"https:\/\/www.uilscuolaemiliaromagna.it\/public\/er\/#organization\"},\"potentialAction\":[{\"@type\":\"SearchAction\",\"target\":{\"@type\":\"EntryPoint\",\"urlTemplate\":\"https:\/\/www.uilscuolaemiliaromagna.it\/public\/er\/?s={search_term_string}\"},\"query-input\":\"required name=search_term_string\"}],\"inLanguage\":\"it-IT\"},{\"@type\":\"Organization\",\"@id\":\"https:\/\/www.uilscuolaemiliaromagna.it\/public\/er\/#organization\",\"name\":\"Uil Scuola Emilia Romagna\",\"url\":\"https:\/\/www.uilscuolaemiliaromagna.it\/public\/er\/\",\"logo\":{\"@type\":\"ImageObject\",\"inLanguage\":\"it-IT\",\"@id\":\"https:\/\/www.uilscuolaemiliaromagna.it\/public\/er\/#\/schema\/logo\/image\/\",\"url\":\"https:\/\/www.uilscuolaemiliaromagna.it\/public\/er\/wp-content\/uploads\/2017\/04\/cropped-header.png\",\"contentUrl\":\"https:\/\/www.uilscuolaemiliaromagna.it\/public\/er\/wp-content\/uploads\/2017\/04\/cropped-header.png\",\"width\":1000,\"height\":150,\"caption\":\"Uil Scuola Emilia Romagna\"},\"image\":{\"@id\":\"https:\/\/www.uilscuolaemiliaromagna.it\/public\/er\/#\/schema\/logo\/image\/\"}},{\"@type\":\"Person\",\"@id\":\"https:\/\/www.uilscuolaemiliaromagna.it\/public\/er\/#\/schema\/person\/f42878fd07a4b6ba2b7153d4fad5de5e\",\"name\":\"admin\",\"image\":{\"@type\":\"ImageObject\",\"inLanguage\":\"it-IT\",\"@id\":\"https:\/\/www.uilscuolaemiliaromagna.it\/public\/er\/#\/schema\/person\/image\/\",\"url\":\"https:\/\/secure.gravatar.com\/avatar\/aebf815ae2f30ffdae8b8c247273d34c?s=96&d=mm&r=g\",\"contentUrl\":\"https:\/\/secure.gravatar.com\/avatar\/aebf815ae2f30ffdae8b8c247273d34c?s=96&d=mm&r=g\",\"caption\":\"admin\"},\"url\":\"https:\/\/www.uilscuolaemiliaromagna.it\/public\/er\/author\/admin\/\"}]}<\/script>\r\n<!-- \/ Yoast SEO plugin. -->","yoast_head_json":{"title":"RASSEGNA STAMPA | Orizzontescuola.it: D\u2019Aprile: \u201cDopo decreto \u201cSostegni\u201d rivendichiamo parit\u00e0 di trattamento anche per chi si \u00e8 gi\u00e0 vaccinato!\u201d - Uil Scuola Emilia Romagna","robots":{"index":"index","follow":"follow","max-snippet":"max-snippet:-1","max-image-preview":"max-image-preview:large","max-video-preview":"max-video-preview:-1"},"canonical":"https:\/\/www.uilscuolaemiliaromagna.it\/public\/er\/2021\/03\/20\/rassegna-stampa-orizzontescuola-it-daprile-dopo-decreto-sostegni-rivendichiamo-parita-di-trattamento-anche-per-chi-si-e-gia-vaccinato\/","og_locale":"it_IT","og_type":"article","og_title":"RASSEGNA STAMPA | Orizzontescuola.it: D\u2019Aprile: \u201cDopo decreto \u201cSostegni\u201d rivendichiamo parit\u00e0 di trattamento anche per chi si \u00e8 gi\u00e0 vaccinato!\u201d - Uil Scuola Emilia Romagna","og_description":"DL Sostegni, approvata la norma che considerer\u00e0 assenza giustificata la giornata richiesta per sottoporsi alla vaccinazione antiCovid in orario di servizio, secondo le prenotazioni a &hellip;","og_url":"https:\/\/www.uilscuolaemiliaromagna.it\/public\/er\/2021\/03\/20\/rassegna-stampa-orizzontescuola-it-daprile-dopo-decreto-sostegni-rivendichiamo-parita-di-trattamento-anche-per-chi-si-e-gia-vaccinato\/","og_site_name":"Uil Scuola Emilia Romagna","article_published_time":"2021-03-20T10:25:21+00:00","og_image":[{"width":1000,"height":647,"url":"https:\/\/www.uilscuolaemiliaromagna.it\/public\/er\/wp-content\/uploads\/2021\/02\/Giuseppe-DAprile.jpeg","type":"image\/jpeg"}],"author":"admin","twitter_card":"summary_large_image","twitter_misc":{"Scritto da":"admin","Tempo di lettura stimato":"2 minuti"},"schema":{"@context":"https:\/\/schema.org","@graph":[{"@type":"Article","@id":"https:\/\/www.uilscuolaemiliaromagna.it\/public\/er\/2021\/03\/20\/rassegna-stampa-orizzontescuola-it-daprile-dopo-decreto-sostegni-rivendichiamo-parita-di-trattamento-anche-per-chi-si-e-gia-vaccinato\/#article","isPartOf":{"@id":"https:\/\/www.uilscuolaemiliaromagna.it\/public\/er\/2021\/03\/20\/rassegna-stampa-orizzontescuola-it-daprile-dopo-decreto-sostegni-rivendichiamo-parita-di-trattamento-anche-per-chi-si-e-gia-vaccinato\/"},"author":{"name":"admin","@id":"https:\/\/www.uilscuolaemiliaromagna.it\/public\/er\/#\/schema\/person\/f42878fd07a4b6ba2b7153d4fad5de5e"},"headline":"RASSEGNA STAMPA | Orizzontescuola.it: D\u2019Aprile: \u201cDopo decreto \u201cSostegni\u201d rivendichiamo parit\u00e0 di trattamento anche per chi si \u00e8 gi\u00e0 vaccinato!\u201d","datePublished":"2021-03-20T10:25:21+00:00","dateModified":"2021-03-20T10:25:21+00:00","mainEntityOfPage":{"@id":"https:\/\/www.uilscuolaemiliaromagna.it\/public\/er\/2021\/03\/20\/rassegna-stampa-orizzontescuola-it-daprile-dopo-decreto-sostegni-rivendichiamo-parita-di-trattamento-anche-per-chi-si-e-gia-vaccinato\/"},"wordCount":302,"publisher":{"@id":"https:\/\/www.uilscuolaemiliaromagna.it\/public\/er\/#organization"},"keywords":["giuseppe d'aprile"],"articleSection":["ATA","Dirigenti","Notizie","Personale Docente"],"inLanguage":"it-IT"},{"@type":"WebPage","@id":"https:\/\/www.uilscuolaemiliaromagna.it\/public\/er\/2021\/03\/20\/rassegna-stampa-orizzontescuola-it-daprile-dopo-decreto-sostegni-rivendichiamo-parita-di-trattamento-anche-per-chi-si-e-gia-vaccinato\/","url":"https:\/\/www.uilscuolaemiliaromagna.it\/public\/er\/2021\/03\/20\/rassegna-stampa-orizzontescuola-it-daprile-dopo-decreto-sostegni-rivendichiamo-parita-di-trattamento-anche-per-chi-si-e-gia-vaccinato\/","name":"RASSEGNA STAMPA | Orizzontescuola.it: D\u2019Aprile: \u201cDopo decreto \u201cSostegni\u201d rivendichiamo parit\u00e0 di trattamento anche per chi si \u00e8 gi\u00e0 vaccinato!\u201d - Uil Scuola Emilia Romagna","isPartOf":{"@id":"https:\/\/www.uilscuolaemiliaromagna.it\/public\/er\/#website"},"datePublished":"2021-03-20T10:25:21+00:00","dateModified":"2021-03-20T10:25:21+00:00","breadcrumb":{"@id":"https:\/\/www.uilscuolaemiliaromagna.it\/public\/er\/2021\/03\/20\/rassegna-stampa-orizzontescuola-it-daprile-dopo-decreto-sostegni-rivendichiamo-parita-di-trattamento-anche-per-chi-si-e-gia-vaccinato\/#breadcrumb"},"inLanguage":"it-IT","potentialAction":[{"@type":"ReadAction","target":["https:\/\/www.uilscuolaemiliaromagna.it\/public\/er\/2021\/03\/20\/rassegna-stampa-orizzontescuola-it-daprile-dopo-decreto-sostegni-rivendichiamo-parita-di-trattamento-anche-per-chi-si-e-gia-vaccinato\/"]}]},{"@type":"BreadcrumbList","@id":"https:\/\/www.uilscuolaemiliaromagna.it\/public\/er\/2021\/03\/20\/rassegna-stampa-orizzontescuola-it-daprile-dopo-decreto-sostegni-rivendichiamo-parita-di-trattamento-anche-per-chi-si-e-gia-vaccinato\/#breadcrumb","itemListElement":[{"@type":"ListItem","position":1,"name":"Home","item":"https:\/\/www.uilscuolaemiliaromagna.it\/public\/er\/"},{"@type":"ListItem","position":2,"name":"RASSEGNA STAMPA | Orizzontescuola.it: D\u2019Aprile: \u201cDopo decreto \u201cSostegni\u201d rivendichiamo parit\u00e0 di trattamento anche per chi si \u00e8 gi\u00e0 vaccinato!\u201d"}]},{"@type":"WebSite","@id":"https:\/\/www.uilscuolaemiliaromagna.it\/public\/er\/#website","url":"https:\/\/www.uilscuolaemiliaromagna.it\/public\/er\/","name":"Uil Scuola Emilia Romagna","description":"La voce libera della scuola","publisher":{"@id":"https:\/\/www.uilscuolaemiliaromagna.it\/public\/er\/#organization"},"potentialAction":[{"@type":"SearchAction","target":{"@type":"EntryPoint","urlTemplate":"https:\/\/www.uilscuolaemiliaromagna.it\/public\/er\/?s={search_term_string}"},"query-input":"required name=search_term_string"}],"inLanguage":"it-IT"},{"@type":"Organization","@id":"https:\/\/www.uilscuolaemiliaromagna.it\/public\/er\/#organization","name":"Uil Scuola Emilia Romagna","url":"https:\/\/www.uilscuolaemiliaromagna.it\/public\/er\/","logo":{"@type":"ImageObject","inLanguage":"it-IT","@id":"https:\/\/www.uilscuolaemiliaromagna.it\/public\/er\/#\/schema\/logo\/image\/","url":"https:\/\/www.uilscuolaemiliaromagna.it\/public\/er\/wp-content\/uploads\/2017\/04\/cropped-header.png","contentUrl":"https:\/\/www.uilscuolaemiliaromagna.it\/public\/er\/wp-content\/uploads\/2017\/04\/cropped-header.png","width":1000,"height":150,"caption":"Uil Scuola Emilia Romagna"},"image":{"@id":"https:\/\/www.uilscuolaemiliaromagna.it\/public\/er\/#\/schema\/logo\/image\/"}},{"@type":"Person","@id":"https:\/\/www.uilscuolaemiliaromagna.it\/public\/er\/#\/schema\/person\/f42878fd07a4b6ba2b7153d4fad5de5e","name":"admin","image":{"@type":"ImageObject","inLanguage":"it-IT","@id":"https:\/\/www.uilscuolaemiliaromagna.it\/public\/er\/#\/schema\/person\/image\/","url":"https:\/\/secure.gravatar.com\/avatar\/aebf815ae2f30ffdae8b8c247273d34c?s=96&d=mm&r=g","contentUrl":"https:\/\/secure.gravatar.com\/avatar\/aebf815ae2f30ffdae8b8c247273d34c?s=96&d=mm&r=g","caption":"admin"},"url":"https:\/\/www.uilscuolaemiliaromagna.it\/public\/er\/author\/admin\/"}]}},"views":889,"_links":{"self":[{"href":"https:\/\/www.uilscuolaemiliaromagna.it\/public\/er\/wp-json\/wp\/v2\/posts\/7931"}],"collection":[{"href":"https:\/\/www.uilscuolaemiliaromagna.it\/public\/er\/wp-json\/wp\/v2\/posts"}],"about":[{"href":"https:\/\/www.uilscuolaemiliaromagna.it\/public\/er\/wp-json\/wp\/v2\/types\/post"}],"author":[{"embeddable":true,"href":"https:\/\/www.uilscuolaemiliaromagna.it\/public\/er\/wp-json\/wp\/v2\/users\/1"}],"replies":[{"embeddable":true,"href":"https:\/\/www.uilscuolaemiliaromagna.it\/public\/er\/wp-json\/wp\/v2\/comments?post=7931"}],"version-history":[{"count":1,"href":"https:\/\/www.uilscuolaemiliaromagna.it\/public\/er\/wp-json\/wp\/v2\/posts\/7931\/revisions"}],"predecessor-version":[{"id":7932,"href":"https:\/\/www.uilscuolaemiliaromagna.it\/public\/er\/wp-json\/wp\/v2\/posts\/7931\/revisions\/7932"}],"wp:featuredmedia":[{"embeddable":true,"href":"https:\/\/www.uilscuolaemiliaromagna.it\/public\/er\/wp-json\/wp\/v2\/media\/7713"}],"wp:attachment":[{"href":"https:\/\/www.uilscuolaemiliaromagna.it\/public\/er\/wp-json\/wp\/v2\/media?parent=7931"}],"wp:term":[{"taxonomy":"category","embeddable":true,"href":"https:\/\/www.uilscuolaemiliaromagna.it\/public\/er\/wp-json\/wp\/v2\/categories?post=7931"},{"taxonomy":"post_tag","embeddable":true,"href":"https:\/\/www.uilscuolaemiliaromagna.it\/public\/er\/wp-json\/wp\/v2\/tags?post=7931"}],"curies":[{"name":"wp","href":"https:\/\/api.w.org\/{rel}","templated":true}]}}