{"id":8057,"date":"2021-04-22T17:59:45","date_gmt":"2021-04-22T15:59:45","guid":{"rendered":"http:\/\/www.uilscuolaemiliaromagna.it\/public\/er\/?p=8057"},"modified":"2021-04-22T17:59:45","modified_gmt":"2021-04-22T15:59:45","slug":"fis-e-trasparenza-il-parere-del-garante-della-privacy-su-compensi-fondo-di-istituto-daprile-privacy-o-segreto-di-stato","status":"publish","type":"post","link":"https:\/\/www.uilscuolaemiliaromagna.it\/public\/er\/2021\/04\/22\/fis-e-trasparenza-il-parere-del-garante-della-privacy-su-compensi-fondo-di-istituto-daprile-privacy-o-segreto-di-stato\/","title":{"rendered":"FIS E TRASPARENZA | Il parere del Garante della Privacy su compensi fondo di istituto \/ D\u2019Aprile: Privacy o Segreto di Stato?"},"content":{"rendered":"<p style=\"text-align: justify;\">Il Garante per la protezione dei dati personali, con la nota 49472 del 28 dicembre 2021, ha fornito il proprio parere in merito alla legittimit\u00e0 o meno di rilasciare dati personali dei dipendenti alle organizzazioni sindacali, in particolare con riferimento alla richiesta, avanzata da queste ultime, di nominativi e compensi del personale docente e ATA relativi alle attivit\u00e0 finanziate con il fondo d\u2019istituto.<\/p>\n<p style=\"text-align: justify;\">Una storia infinita \u2013 dichiara D\u2019Aprile \u2013 che nasconde chiaramente l\u2019attacco alla\u00a0<em>libera<\/em>\u00a0contrattazione dietro le cavillose e burocratiche esposizioni che dicono tutto ed il contrario di tutto e dove ognuno tira le proprie conseguenze.<\/p>\n<p style=\"text-align: justify;\">Il quadro normativo vigente applicabile al c.d. \u201ccomparto scuola\u201d- secondo il parere del Granate \u2013 non consente agli istituti scolastici di comunicare alle organizzazioni sindacali i nominativi dei docenti o di altro personale e le somme liquidate a ciascuno per lo svolgimento di attivit\u00e0 finanziate con il c.d. fondo d\u2019istituto. Pertanto \u2013 continua il parere \u2013 \u00e8 possibile rendere disponibile alle parti sindacali, ad esempio, il solo ammontare complessivo del trattamento accessorio effettivamente distribuito, eventualmente ripartito \u201cper fasce\u201d o \u201cqualifiche\u201d, senza comunicare i nominativi e le somme erogate individualmente a titolo di compenso accessorio, anche se nel parere stesso riconosce il diritto delle organizzazioni sindacali a conoscere i nominativi per verificare se il contratto \u00e8 stato o meno rispettato: \u00absi possono comunicare dati personali ai rappresentanti dei dipendenti esclusivamente nella misura in cui tali dati siano necessari per permettere a questi ultimi di rappresentare adeguatamente gli interessi dei dipendenti ovvero qualora i dati in questione siano necessari per l\u00b4adempimento ed il controllo degli obblighi fissati in contratti collettivi\u00bb<\/p>\n<p style=\"text-align: justify;\"><em>\u00abQui non c\u2019\u00e8 nessuna privacy che tenga, a meno di invocare il\u00a0<strong>\u201csegreto di stato\u201d<\/strong>\u00a0su atti e\u00a0<strong>risorse pubbliche<\/strong>\u00a0che, invece, devono essere trasparenti per una pubblica amministrazione\u00bb.<\/em><\/p>\n<p style=\"text-align: justify;\">Il parere cos\u00ec articolato conclude ricordando, con una vasta esposizione sulla conoscibilit\u00e0 degli atti amministrativi, nei limiti e con le modalit\u00e0 stabilite dalla disciplina di settore (artt. 22 ss. della l. n. 241 del 7\/8\/1990 e art. 5 d.lgs. 33\/2013), i cui presupposti saranno valutati dall\u2019amministrazione al fine di consentire o meno l\u2019ostensione della documentazione richiesta, che l\u2019organizzazione sindacale pu\u00f2 essere legittimata all\u2019esercizio del diritto di accesso documentale limitatamente alla \u00abcognizione di documenti che possono coinvolgere le prerogative del sindacato quale istituzione esponenziale di categoria, [e alle] posizioni di lavoro di singoli iscritti nel cui interesse opera l\u2019associazione [sindacale]\u00bb<\/p>\n<p style=\"text-align: justify;\">Il Ministero con nota 2165 del 18 gennaio 2021 e con nota 594 del 20 aprile 2021, ha invitato tutti i Direttori Regionali di informare le istituzioni scolastiche rispetto ai chiarimenti espressi dall\u2019Autorit\u00e0 in merito al trattamento di dati personali in esame ed assicurare loro supporto nell\u2019applicazione degli indirizzi forniti dal Garante.<\/p>\n<p style=\"text-align: justify;\"><strong>Un attacco alla libera contrattazione<\/strong>\u00a0che sottende il suggerimento non tanto esplicito di non fornire i nominativi alle organizzazioni sindacali e per il quale comportamento chiederemo al nostro Ufficio legale se ci sono gli estremi per un\u2019azione giudiziaria.<\/p>\n<p style=\"text-align: justify;\">Tutto ci\u00f2 premesso, nel prendere atto del parere, rileviamo i seguenti punti e invitiamo ad inserire nel corpo del contratto gli elementi conoscitivi per verificare l\u2019adempienza contrattuale, considerando che:<\/p>\n<p style=\"text-align: justify;\">1)\u00a0\u00a0<strong>Relazioni sindacali<\/strong>: per l\u2019ennesima volta, sia l\u2019Aran, che ha inoltrato la richiesta di parere, che il Garante, che ha dato il proprio parere, non hanno ritenuto di coinvolgere le organizzazioni sindacali firmatarie del contratto collettivo nazionale di lavoro nonostante l\u2019argomento attenga alle relazioni sindacali. Si tratta sempre di un parere che non fa \u2018giurisprudenza\u2019 tra le parti, ma offre indicazioni per garantire come \u00e8 giusto che sia la privacy dei lavoratori che delegano tra l\u2019altro, i sindacati a tutelare i loro interessi.<\/p>\n<p style=\"text-align: justify;\">2)\u00a0<strong>Fonte normativa<\/strong>: come noto, un parere non rappresenta una fonte normativa ma assume un carattere ausiliario consistente in una semplice manifestazione di giudizio la cui finalit\u00e0 \u00e8 quella di consigliare gli organi dell\u2019amministrazione. Ciononostante, non si potr\u00e0 evitare un utilizzo strumentale del parere del Garante creando ulteriori fonti di tensione e di conflittualit\u00e0 di cui la scuola non ha bisogno non permettendo un sereno svolgimento delle relazioni sindacali.<\/p>\n<p style=\"text-align: justify;\">3)\u00a0<strong>Trasparenza e controllo<\/strong>: rendere disponibile alle parti sindacali il solo ammontare complessivo del trattamento accessorio effettivamente distribuito, eventualmente ripartito \u201cper fasce\u201d o \u201cqualifiche\u201d, senza comunicare i nominativi e le somme erogate individualmente a titolo di compenso accessorio, non garantisce il principio di trasparenza e il principio del controllo sul corretto utilizzo delle risorse pubbliche da adottare attraverso la puntuale verifica di quanto concordato in sede di contrattazione integrativa di istituto per la ripartizione delle risorse del fondo e per l\u2019attribuzione dei compensi accessori.<\/p>\n<p style=\"text-align: justify;\">4<strong>) Consiglio di Stato<\/strong>: nella sentenza del luglio 2018 \u00a0[n. 04417\/2018 REG.PROV.COLL. \u2013 N. 08649\/2017 REG. RIC. Del 20\/07\/2018] \u00a0<strong>ripresa successivamente anche in diverse altre sentenze positive dei GDL<\/strong>,\u00a0 il Consiglio di Stato ha ritenuto legittima la comunicazione alla RSU ed alle organizzazioni sindacali provinciali di tutti i prospetti analitici indicanti le attivit\u00e0, gli impegni orari e gli importi liquidati ai singoli lavoratori oggetto della contrattazione, in quanto previsti da precise norme contrattuali in materia di lavoro, non costituendo violazione della riservatezza, purch\u00e9 sia rispettato l\u2019obbligo di non divulgazione e pubblicizzazione dei documenti forniti.<\/p>\n<p style=\"text-align: justify;\">Alla luce di tali considerazioni \u2013 continua D\u2019Aprile \u2013 riteniamo che la posizione espressa dall\u2019Autorit\u00e0 Garante non sia condivisibile e non esclude la possibilit\u00e0 di un ricorso all\u2019Autorit\u00e0 Giudiziaria in caso di diniego.<br \/>\nLo stesso parere appare creare una palese contraddizione in quanto se da un lato non precluderebbe alle organizzazioni sindacali di acquisire dei dati disaggregati dall\u2019altro prevede l\u2019ipotesi per i diretti interessati di utilizzare gli ordinari strumenti di accesso agli atti per l\u2019acquisizione degli stessi dati preclusi ai soggetti portatori di interessi diffusi. Ci\u00f2 appare quasi anacronistico rispetto invece ad una normativa che ha esteso e ampliato la procedura dell\u2019accesso agli atti rafforzato rispetto alle norme contenute nella legge 241\/90, attraverso la procedura dell\u2019accesso civico generalizzato.<\/p>\n<p style=\"text-align: justify;\">Pertanto, la UIL Scuola, attraverso i propri Segretari Regionali interverr\u00e0 sui singoli Direttori degli uffici scolastici regionali per aprire un confronto sulla vicenda e, dal momento che si vuole \u201cregolamentare\u201d la contrattazione, chieder\u00e0 l\u2019estensione concordata ad ogni elemento di conflitto e non solo quello di interesse datoriale.<\/p>\n<p style=\"text-align: justify;\">In ultimo, ma non per ultimo, \u00e8 utile ricordare che \u00e8 la contrattazione di scuola che deve definire procedure e azioni sindacali senza condizionamenti. La contrattazione \u00e8 per la scuola non per i lavoratori e si chiude solo se si raggiunge l\u2019accordo. Considerando l\u2019estensione del parere e la nota ai Direttori Regionali, bisogna fare riferimento a tutte le sentenze che devono far preoccupare anche il dirigente scolastico di fronte ad una nota burocratica che invece di tutelarli li lascia allo sbaraglio.<\/p>\n<p style=\"text-align: justify;\">Oltre a valutare, come segreteria nazionale, di intraprendere un\u2019azione giudiziaria, provvederemo in ogni caso a chiedere \u2013 conclude D\u2019Aprile \u2013 una interlocuzione o un confronto con l\u2019Autorit\u00e0 garante al fine di poter meglio chiarire le richieste delle organizzazioni sindacali a tutela del personale della scuola cos\u00ec da rimuovere i limiti indicati dall\u2019Autorit\u00e0 nel proprio parere.<\/p>\n<ul>\n<li><a href=\"https:\/\/www.orizzontescuola.it\/fis-scuole-non-possono-fornire-ai-sindacati-i-nomi-dei-docenti-daprile-uil-scuola-privacy-o-segreto-di-stato\/\" target=\"_blank\" rel=\"noopener noreferrer\">l&#8217;articolo pubblicato su Orizzontescuola<\/a><\/li>\n<\/ul>\n\n<div class=\"twitter-share\"><a href=\"https:\/\/twitter.com\/intent\/tweet?via=UILScuolaBO_ER\" class=\"twitter-share-button\" data-size=\"large\">Tweet<\/a><\/div>\n","protected":false},"excerpt":{"rendered":"<p>Il Garante per la protezione dei dati personali, con la nota 49472 del 28 dicembre 2021, ha fornito il proprio parere in merito alla legittimit\u00e0 &hellip; <\/p>\n","protected":false},"author":1,"featured_media":7313,"comment_status":"closed","ping_status":"open","sticky":false,"template":"","format":"standard","meta":{"footnotes":""},"categories":[12],"tags":[45],"yoast_head":"<!-- This site is optimized with the Yoast SEO plugin v21.7 - https:\/\/yoast.com\/wordpress\/plugins\/seo\/ -->\r\n<title>FIS E TRASPARENZA | Il parere del Garante della Privacy su compensi fondo di istituto \/ D\u2019Aprile: Privacy o Segreto di Stato? - Uil Scuola Emilia Romagna<\/title>\r\n<meta name=\"robots\" content=\"index, follow, max-snippet:-1, max-image-preview:large, max-video-preview:-1\" \/>\r\n<link rel=\"canonical\" href=\"https:\/\/www.uilscuolaemiliaromagna.it\/public\/er\/2021\/04\/22\/fis-e-trasparenza-il-parere-del-garante-della-privacy-su-compensi-fondo-di-istituto-daprile-privacy-o-segreto-di-stato\/\" \/>\r\n<meta property=\"og:locale\" content=\"it_IT\" \/>\r\n<meta property=\"og:type\" content=\"article\" \/>\r\n<meta property=\"og:title\" content=\"FIS E TRASPARENZA | Il parere del Garante della Privacy su compensi fondo di istituto \/ D\u2019Aprile: Privacy o Segreto di Stato? - Uil Scuola Emilia Romagna\" \/>\r\n<meta property=\"og:description\" content=\"Il Garante per la protezione dei dati personali, con la nota 49472 del 28 dicembre 2021, ha fornito il proprio parere in merito alla legittimit\u00e0 &hellip;\" \/>\r\n<meta property=\"og:url\" content=\"https:\/\/www.uilscuolaemiliaromagna.it\/public\/er\/2021\/04\/22\/fis-e-trasparenza-il-parere-del-garante-della-privacy-su-compensi-fondo-di-istituto-daprile-privacy-o-segreto-di-stato\/\" \/>\r\n<meta property=\"og:site_name\" content=\"Uil Scuola Emilia Romagna\" \/>\r\n<meta property=\"article:published_time\" content=\"2021-04-22T15:59:45+00:00\" \/>\r\n<meta property=\"og:image\" content=\"https:\/\/www.uilscuolaemiliaromagna.it\/public\/er\/wp-content\/uploads\/2020\/12\/Giuseppe-DAprile-e1615659495466.jpg\" \/>\r\n\t<meta property=\"og:image:width\" content=\"800\" \/>\r\n\t<meta property=\"og:image:height\" content=\"533\" \/>\r\n\t<meta property=\"og:image:type\" content=\"image\/jpeg\" \/>\r\n<meta name=\"author\" content=\"admin\" \/>\r\n<meta name=\"twitter:card\" content=\"summary_large_image\" \/>\r\n<meta name=\"twitter:label1\" content=\"Scritto da\" \/>\n\t<meta name=\"twitter:data1\" content=\"admin\" \/>\n\t<meta name=\"twitter:label2\" content=\"Tempo di lettura stimato\" \/>\n\t<meta name=\"twitter:data2\" content=\"5 minuti\" \/>\r\n<script type=\"application\/ld+json\" class=\"yoast-schema-graph\">{\"@context\":\"https:\/\/schema.org\",\"@graph\":[{\"@type\":\"Article\",\"@id\":\"https:\/\/www.uilscuolaemiliaromagna.it\/public\/er\/2021\/04\/22\/fis-e-trasparenza-il-parere-del-garante-della-privacy-su-compensi-fondo-di-istituto-daprile-privacy-o-segreto-di-stato\/#article\",\"isPartOf\":{\"@id\":\"https:\/\/www.uilscuolaemiliaromagna.it\/public\/er\/2021\/04\/22\/fis-e-trasparenza-il-parere-del-garante-della-privacy-su-compensi-fondo-di-istituto-daprile-privacy-o-segreto-di-stato\/\"},\"author\":{\"name\":\"admin\",\"@id\":\"https:\/\/www.uilscuolaemiliaromagna.it\/public\/er\/#\/schema\/person\/f42878fd07a4b6ba2b7153d4fad5de5e\"},\"headline\":\"FIS E TRASPARENZA | Il parere del Garante della Privacy su compensi fondo di istituto \/ D\u2019Aprile: Privacy o Segreto di Stato?\",\"datePublished\":\"2021-04-22T15:59:45+00:00\",\"dateModified\":\"2021-04-22T15:59:45+00:00\",\"mainEntityOfPage\":{\"@id\":\"https:\/\/www.uilscuolaemiliaromagna.it\/public\/er\/2021\/04\/22\/fis-e-trasparenza-il-parere-del-garante-della-privacy-su-compensi-fondo-di-istituto-daprile-privacy-o-segreto-di-stato\/\"},\"wordCount\":1171,\"publisher\":{\"@id\":\"https:\/\/www.uilscuolaemiliaromagna.it\/public\/er\/#organization\"},\"keywords\":[\"giuseppe d'aprile\"],\"articleSection\":[\"Notizie\"],\"inLanguage\":\"it-IT\"},{\"@type\":\"WebPage\",\"@id\":\"https:\/\/www.uilscuolaemiliaromagna.it\/public\/er\/2021\/04\/22\/fis-e-trasparenza-il-parere-del-garante-della-privacy-su-compensi-fondo-di-istituto-daprile-privacy-o-segreto-di-stato\/\",\"url\":\"https:\/\/www.uilscuolaemiliaromagna.it\/public\/er\/2021\/04\/22\/fis-e-trasparenza-il-parere-del-garante-della-privacy-su-compensi-fondo-di-istituto-daprile-privacy-o-segreto-di-stato\/\",\"name\":\"FIS E TRASPARENZA | Il parere del Garante della Privacy su compensi fondo di istituto \/ D\u2019Aprile: Privacy o Segreto di Stato? - Uil Scuola Emilia Romagna\",\"isPartOf\":{\"@id\":\"https:\/\/www.uilscuolaemiliaromagna.it\/public\/er\/#website\"},\"datePublished\":\"2021-04-22T15:59:45+00:00\",\"dateModified\":\"2021-04-22T15:59:45+00:00\",\"breadcrumb\":{\"@id\":\"https:\/\/www.uilscuolaemiliaromagna.it\/public\/er\/2021\/04\/22\/fis-e-trasparenza-il-parere-del-garante-della-privacy-su-compensi-fondo-di-istituto-daprile-privacy-o-segreto-di-stato\/#breadcrumb\"},\"inLanguage\":\"it-IT\",\"potentialAction\":[{\"@type\":\"ReadAction\",\"target\":[\"https:\/\/www.uilscuolaemiliaromagna.it\/public\/er\/2021\/04\/22\/fis-e-trasparenza-il-parere-del-garante-della-privacy-su-compensi-fondo-di-istituto-daprile-privacy-o-segreto-di-stato\/\"]}]},{\"@type\":\"BreadcrumbList\",\"@id\":\"https:\/\/www.uilscuolaemiliaromagna.it\/public\/er\/2021\/04\/22\/fis-e-trasparenza-il-parere-del-garante-della-privacy-su-compensi-fondo-di-istituto-daprile-privacy-o-segreto-di-stato\/#breadcrumb\",\"itemListElement\":[{\"@type\":\"ListItem\",\"position\":1,\"name\":\"Home\",\"item\":\"https:\/\/www.uilscuolaemiliaromagna.it\/public\/er\/\"},{\"@type\":\"ListItem\",\"position\":2,\"name\":\"FIS E TRASPARENZA | Il parere del Garante della Privacy su compensi fondo di istituto \/ D\u2019Aprile: Privacy o Segreto di Stato?\"}]},{\"@type\":\"WebSite\",\"@id\":\"https:\/\/www.uilscuolaemiliaromagna.it\/public\/er\/#website\",\"url\":\"https:\/\/www.uilscuolaemiliaromagna.it\/public\/er\/\",\"name\":\"Uil Scuola Emilia Romagna\",\"description\":\"La voce libera della scuola\",\"publisher\":{\"@id\":\"https:\/\/www.uilscuolaemiliaromagna.it\/public\/er\/#organization\"},\"potentialAction\":[{\"@type\":\"SearchAction\",\"target\":{\"@type\":\"EntryPoint\",\"urlTemplate\":\"https:\/\/www.uilscuolaemiliaromagna.it\/public\/er\/?s={search_term_string}\"},\"query-input\":\"required name=search_term_string\"}],\"inLanguage\":\"it-IT\"},{\"@type\":\"Organization\",\"@id\":\"https:\/\/www.uilscuolaemiliaromagna.it\/public\/er\/#organization\",\"name\":\"Uil Scuola Emilia Romagna\",\"url\":\"https:\/\/www.uilscuolaemiliaromagna.it\/public\/er\/\",\"logo\":{\"@type\":\"ImageObject\",\"inLanguage\":\"it-IT\",\"@id\":\"https:\/\/www.uilscuolaemiliaromagna.it\/public\/er\/#\/schema\/logo\/image\/\",\"url\":\"https:\/\/www.uilscuolaemiliaromagna.it\/public\/er\/wp-content\/uploads\/2017\/04\/cropped-header.png\",\"contentUrl\":\"https:\/\/www.uilscuolaemiliaromagna.it\/public\/er\/wp-content\/uploads\/2017\/04\/cropped-header.png\",\"width\":1000,\"height\":150,\"caption\":\"Uil Scuola Emilia Romagna\"},\"image\":{\"@id\":\"https:\/\/www.uilscuolaemiliaromagna.it\/public\/er\/#\/schema\/logo\/image\/\"}},{\"@type\":\"Person\",\"@id\":\"https:\/\/www.uilscuolaemiliaromagna.it\/public\/er\/#\/schema\/person\/f42878fd07a4b6ba2b7153d4fad5de5e\",\"name\":\"admin\",\"image\":{\"@type\":\"ImageObject\",\"inLanguage\":\"it-IT\",\"@id\":\"https:\/\/www.uilscuolaemiliaromagna.it\/public\/er\/#\/schema\/person\/image\/\",\"url\":\"https:\/\/secure.gravatar.com\/avatar\/aebf815ae2f30ffdae8b8c247273d34c?s=96&d=mm&r=g\",\"contentUrl\":\"https:\/\/secure.gravatar.com\/avatar\/aebf815ae2f30ffdae8b8c247273d34c?s=96&d=mm&r=g\",\"caption\":\"admin\"},\"url\":\"https:\/\/www.uilscuolaemiliaromagna.it\/public\/er\/author\/admin\/\"}]}<\/script>\r\n<!-- \/ Yoast SEO plugin. -->","yoast_head_json":{"title":"FIS E TRASPARENZA | Il parere del Garante della Privacy su compensi fondo di istituto \/ D\u2019Aprile: Privacy o Segreto di Stato? - Uil Scuola Emilia Romagna","robots":{"index":"index","follow":"follow","max-snippet":"max-snippet:-1","max-image-preview":"max-image-preview:large","max-video-preview":"max-video-preview:-1"},"canonical":"https:\/\/www.uilscuolaemiliaromagna.it\/public\/er\/2021\/04\/22\/fis-e-trasparenza-il-parere-del-garante-della-privacy-su-compensi-fondo-di-istituto-daprile-privacy-o-segreto-di-stato\/","og_locale":"it_IT","og_type":"article","og_title":"FIS E TRASPARENZA | Il parere del Garante della Privacy su compensi fondo di istituto \/ D\u2019Aprile: Privacy o Segreto di Stato? - Uil Scuola Emilia Romagna","og_description":"Il Garante per la protezione dei dati personali, con la nota 49472 del 28 dicembre 2021, ha fornito il proprio parere in merito alla legittimit\u00e0 &hellip;","og_url":"https:\/\/www.uilscuolaemiliaromagna.it\/public\/er\/2021\/04\/22\/fis-e-trasparenza-il-parere-del-garante-della-privacy-su-compensi-fondo-di-istituto-daprile-privacy-o-segreto-di-stato\/","og_site_name":"Uil Scuola Emilia Romagna","article_published_time":"2021-04-22T15:59:45+00:00","og_image":[{"width":800,"height":533,"url":"https:\/\/www.uilscuolaemiliaromagna.it\/public\/er\/wp-content\/uploads\/2020\/12\/Giuseppe-DAprile-e1615659495466.jpg","type":"image\/jpeg"}],"author":"admin","twitter_card":"summary_large_image","twitter_misc":{"Scritto da":"admin","Tempo di lettura stimato":"5 minuti"},"schema":{"@context":"https:\/\/schema.org","@graph":[{"@type":"Article","@id":"https:\/\/www.uilscuolaemiliaromagna.it\/public\/er\/2021\/04\/22\/fis-e-trasparenza-il-parere-del-garante-della-privacy-su-compensi-fondo-di-istituto-daprile-privacy-o-segreto-di-stato\/#article","isPartOf":{"@id":"https:\/\/www.uilscuolaemiliaromagna.it\/public\/er\/2021\/04\/22\/fis-e-trasparenza-il-parere-del-garante-della-privacy-su-compensi-fondo-di-istituto-daprile-privacy-o-segreto-di-stato\/"},"author":{"name":"admin","@id":"https:\/\/www.uilscuolaemiliaromagna.it\/public\/er\/#\/schema\/person\/f42878fd07a4b6ba2b7153d4fad5de5e"},"headline":"FIS E TRASPARENZA | Il parere del Garante della Privacy su compensi fondo di istituto \/ D\u2019Aprile: Privacy o Segreto di Stato?","datePublished":"2021-04-22T15:59:45+00:00","dateModified":"2021-04-22T15:59:45+00:00","mainEntityOfPage":{"@id":"https:\/\/www.uilscuolaemiliaromagna.it\/public\/er\/2021\/04\/22\/fis-e-trasparenza-il-parere-del-garante-della-privacy-su-compensi-fondo-di-istituto-daprile-privacy-o-segreto-di-stato\/"},"wordCount":1171,"publisher":{"@id":"https:\/\/www.uilscuolaemiliaromagna.it\/public\/er\/#organization"},"keywords":["giuseppe d'aprile"],"articleSection":["Notizie"],"inLanguage":"it-IT"},{"@type":"WebPage","@id":"https:\/\/www.uilscuolaemiliaromagna.it\/public\/er\/2021\/04\/22\/fis-e-trasparenza-il-parere-del-garante-della-privacy-su-compensi-fondo-di-istituto-daprile-privacy-o-segreto-di-stato\/","url":"https:\/\/www.uilscuolaemiliaromagna.it\/public\/er\/2021\/04\/22\/fis-e-trasparenza-il-parere-del-garante-della-privacy-su-compensi-fondo-di-istituto-daprile-privacy-o-segreto-di-stato\/","name":"FIS E TRASPARENZA | Il parere del Garante della Privacy su compensi fondo di istituto \/ D\u2019Aprile: Privacy o Segreto di Stato? - Uil Scuola Emilia Romagna","isPartOf":{"@id":"https:\/\/www.uilscuolaemiliaromagna.it\/public\/er\/#website"},"datePublished":"2021-04-22T15:59:45+00:00","dateModified":"2021-04-22T15:59:45+00:00","breadcrumb":{"@id":"https:\/\/www.uilscuolaemiliaromagna.it\/public\/er\/2021\/04\/22\/fis-e-trasparenza-il-parere-del-garante-della-privacy-su-compensi-fondo-di-istituto-daprile-privacy-o-segreto-di-stato\/#breadcrumb"},"inLanguage":"it-IT","potentialAction":[{"@type":"ReadAction","target":["https:\/\/www.uilscuolaemiliaromagna.it\/public\/er\/2021\/04\/22\/fis-e-trasparenza-il-parere-del-garante-della-privacy-su-compensi-fondo-di-istituto-daprile-privacy-o-segreto-di-stato\/"]}]},{"@type":"BreadcrumbList","@id":"https:\/\/www.uilscuolaemiliaromagna.it\/public\/er\/2021\/04\/22\/fis-e-trasparenza-il-parere-del-garante-della-privacy-su-compensi-fondo-di-istituto-daprile-privacy-o-segreto-di-stato\/#breadcrumb","itemListElement":[{"@type":"ListItem","position":1,"name":"Home","item":"https:\/\/www.uilscuolaemiliaromagna.it\/public\/er\/"},{"@type":"ListItem","position":2,"name":"FIS E TRASPARENZA | Il parere del Garante della Privacy su compensi fondo di istituto \/ D\u2019Aprile: Privacy o Segreto di Stato?"}]},{"@type":"WebSite","@id":"https:\/\/www.uilscuolaemiliaromagna.it\/public\/er\/#website","url":"https:\/\/www.uilscuolaemiliaromagna.it\/public\/er\/","name":"Uil Scuola Emilia Romagna","description":"La voce libera della scuola","publisher":{"@id":"https:\/\/www.uilscuolaemiliaromagna.it\/public\/er\/#organization"},"potentialAction":[{"@type":"SearchAction","target":{"@type":"EntryPoint","urlTemplate":"https:\/\/www.uilscuolaemiliaromagna.it\/public\/er\/?s={search_term_string}"},"query-input":"required name=search_term_string"}],"inLanguage":"it-IT"},{"@type":"Organization","@id":"https:\/\/www.uilscuolaemiliaromagna.it\/public\/er\/#organization","name":"Uil Scuola Emilia Romagna","url":"https:\/\/www.uilscuolaemiliaromagna.it\/public\/er\/","logo":{"@type":"ImageObject","inLanguage":"it-IT","@id":"https:\/\/www.uilscuolaemiliaromagna.it\/public\/er\/#\/schema\/logo\/image\/","url":"https:\/\/www.uilscuolaemiliaromagna.it\/public\/er\/wp-content\/uploads\/2017\/04\/cropped-header.png","contentUrl":"https:\/\/www.uilscuolaemiliaromagna.it\/public\/er\/wp-content\/uploads\/2017\/04\/cropped-header.png","width":1000,"height":150,"caption":"Uil Scuola Emilia Romagna"},"image":{"@id":"https:\/\/www.uilscuolaemiliaromagna.it\/public\/er\/#\/schema\/logo\/image\/"}},{"@type":"Person","@id":"https:\/\/www.uilscuolaemiliaromagna.it\/public\/er\/#\/schema\/person\/f42878fd07a4b6ba2b7153d4fad5de5e","name":"admin","image":{"@type":"ImageObject","inLanguage":"it-IT","@id":"https:\/\/www.uilscuolaemiliaromagna.it\/public\/er\/#\/schema\/person\/image\/","url":"https:\/\/secure.gravatar.com\/avatar\/aebf815ae2f30ffdae8b8c247273d34c?s=96&d=mm&r=g","contentUrl":"https:\/\/secure.gravatar.com\/avatar\/aebf815ae2f30ffdae8b8c247273d34c?s=96&d=mm&r=g","caption":"admin"},"url":"https:\/\/www.uilscuolaemiliaromagna.it\/public\/er\/author\/admin\/"}]}},"views":2877,"_links":{"self":[{"href":"https:\/\/www.uilscuolaemiliaromagna.it\/public\/er\/wp-json\/wp\/v2\/posts\/8057"}],"collection":[{"href":"https:\/\/www.uilscuolaemiliaromagna.it\/public\/er\/wp-json\/wp\/v2\/posts"}],"about":[{"href":"https:\/\/www.uilscuolaemiliaromagna.it\/public\/er\/wp-json\/wp\/v2\/types\/post"}],"author":[{"embeddable":true,"href":"https:\/\/www.uilscuolaemiliaromagna.it\/public\/er\/wp-json\/wp\/v2\/users\/1"}],"replies":[{"embeddable":true,"href":"https:\/\/www.uilscuolaemiliaromagna.it\/public\/er\/wp-json\/wp\/v2\/comments?post=8057"}],"version-history":[{"count":1,"href":"https:\/\/www.uilscuolaemiliaromagna.it\/public\/er\/wp-json\/wp\/v2\/posts\/8057\/revisions"}],"predecessor-version":[{"id":8058,"href":"https:\/\/www.uilscuolaemiliaromagna.it\/public\/er\/wp-json\/wp\/v2\/posts\/8057\/revisions\/8058"}],"wp:featuredmedia":[{"embeddable":true,"href":"https:\/\/www.uilscuolaemiliaromagna.it\/public\/er\/wp-json\/wp\/v2\/media\/7313"}],"wp:attachment":[{"href":"https:\/\/www.uilscuolaemiliaromagna.it\/public\/er\/wp-json\/wp\/v2\/media?parent=8057"}],"wp:term":[{"taxonomy":"category","embeddable":true,"href":"https:\/\/www.uilscuolaemiliaromagna.it\/public\/er\/wp-json\/wp\/v2\/categories?post=8057"},{"taxonomy":"post_tag","embeddable":true,"href":"https:\/\/www.uilscuolaemiliaromagna.it\/public\/er\/wp-json\/wp\/v2\/tags?post=8057"}],"curies":[{"name":"wp","href":"https:\/\/api.w.org\/{rel}","templated":true}]}}