{"id":8095,"date":"2021-04-27T23:49:28","date_gmt":"2021-04-27T21:49:28","guid":{"rendered":"http:\/\/www.uilscuolaemiliaromagna.it\/public\/er\/?p=8095"},"modified":"2021-04-28T08:52:27","modified_gmt":"2021-04-28T06:52:27","slug":"piano-estivo-e-scuola-turi-adesso-si-prendano-le-decisioni-per-la-scuola","status":"publish","type":"post","link":"https:\/\/www.uilscuolaemiliaromagna.it\/public\/er\/2021\/04\/27\/piano-estivo-e-scuola-turi-adesso-si-prendano-le-decisioni-per-la-scuola\/","title":{"rendered":"PIANO ESTIVO E SCUOLA | Turi: adesso si prendano le decisioni per la scuola"},"content":{"rendered":"<p style=\"text-align: justify;\">Una scuola che viaggia ad una velocit\u00e0 ridotta, cercando equilibri che possono essere trovati solo attraverso decisioni politiche \u2013 osserva il segretario generale della Uil Scuola Pino Turi, a seguito delle indicazioni sul cosiddetto Piano estivo.<\/p>\n<p style=\"text-align: justify;\">Il punto non \u00e8 quello della definizione delle attivit\u00e0 di luglio-agosto \u2013 aggiunge Turi \u2013 che hanno una forte connotazione socioassistenziale.\u00a0 Vorremmo che si parlasse della scuola di questo Paese.<\/p>\n<p style=\"text-align: justify;\">Siamo alla vigilia di un grande impegno progettuale del Paese e di scuola si parla per segmenti \u2013 in funzione del rafforzamento dell\u2019impegno lavorativo delle donne, in relazione alle nuove tecnologie o agli sbocchi professionali \u2013 ma della natura stessa della scuola non se ne parla e la si infila come un francobollo in una lettera per il futuro tutta tecnocratica e poco affettuosa.<\/p>\n<p style=\"text-align: justify;\">Abbiamo un corpo docente dove un insegnante su quattro \u00e8 precario, aule troppo piccole per garantire la sicurezza e la qualit\u00e0 della didattica, concorsi che hanno mostrato tutta la loro inefficacia nel reclutamento tra ritardi, errori, contenzioso e si continua a lavorare per \u2018pezzi di scuola\u2019.<\/p>\n<p style=\"text-align: justify;\">La costruzione di un ponte tra due anni scolastici pu\u00f2 anche andare bene ma evitiamo le commistioni e le pastoie narrative. Distinguiamo gli aspetti socioassistenziali da quelli prettamente didattici che si riferiscono al fare scuola in senso formale. In quest\u2019ultimo caso gi\u00e0 ci sono le procedure e mancherebbero solo i finanziamenti relativi al recupero degli apprendimenti che non sono delegabili ad altre istanze che bene svolgono attivit\u00e0 complementari, musica arte sport.<\/p>\n<p style=\"text-align: justify;\">Il ministro ha garantito la disponibilit\u00e0 ad un anno costituente per la scuola, pu\u00f2 anche partire da un ponte, ma le due sponde devono essere in grado di potere sostenere del transito. Una di queste, quella di settembre \u00e8 rimasta nelle nebbie delle decisioni politiche.<br \/>\nE\u2019 difficile pensare che con oltre 200mila precari si possa fare scuola anche il prossimo anno scolastico.<\/p>\n<p style=\"text-align: justify;\">L\u2019eccezionalit\u00e0 del momento richiede massima attenzione ma offre anche grandi opportunit\u00e0: il lavoro delle persone, la stabilit\u00e0 del loro lavoro \u00e8 il punto che ci sta pi\u00f9 a cuore \u2013 aggiunge Turi \u2013 siamo pronti al confronto e a soluzioni condivise. Investire 500 milioni su attivit\u00e0 che possono dare aiuto alle famiglie e compensare il vuoto di socialit\u00e0, non deve, a nostro parere, surrogare l\u2019istituzione scolastica confondendola con altre attivit\u00e0.<\/p>\n<p style=\"text-align: justify;\">Non possiamo pensare di iniziare un altro anno scolastico con le stesse classi numeri, con le stesse inadeguatezze strutturali, con le stesse incongruenze amministrative di questo che si sta appena concludendo. La scuola non sopporterebbe in nessun modo il bis.<\/p>\n<p style=\"text-align: justify;\">Il Piano estivo \u00e8 solo una pagina di un libro molto pi\u00f9 grande da leggere. Il PNRR \u00e8 il contesto a cui vogliamo guardare, anche se \u00e8 il caso di considerare che senza la condivisione e coinvolgimento delle persone diventer\u00e0 l\u2019ennesima scommessa per rinnovare il paese, ma nella tradizione di ci\u00f2 che si \u00e8 fatto e che va considerato. Vogliamo lavorare considerando la scuola come un insieme, una comunit\u00e0 che ha fondamenta nei valori della costituzione che nessuna tecnocrazia ha il diritto di disapplicare.<br \/>\nServe un progetto culturale e tanti pezzetti che si incollano a piacere, come un francobollo.<\/p>\n<ul>\n<li><a href=\"https:\/\/www.uilscuolaemiliaromagna.it\/public\/er\/wp-content\/uploads\/2021\/04\/Circolare-Piano-scuola-estate-2021.pdf\" target=\"_blank\" rel=\"noopener noreferrer\">la circolare del MI<\/a><\/li>\n<\/ul>\n\n<div class=\"twitter-share\"><a href=\"https:\/\/twitter.com\/intent\/tweet?via=UILScuolaBO_ER\" class=\"twitter-share-button\" data-size=\"large\">Tweet<\/a><\/div>\n","protected":false},"excerpt":{"rendered":"<p>Una scuola che viaggia ad una velocit\u00e0 ridotta, cercando equilibri che possono essere trovati solo attraverso decisioni politiche \u2013 osserva il segretario generale della Uil &hellip; <\/p>\n","protected":false},"author":1,"featured_media":7535,"comment_status":"closed","ping_status":"open","sticky":false,"template":"","format":"standard","meta":{"footnotes":""},"categories":[12],"tags":[],"yoast_head":"<!-- This site is optimized with the Yoast SEO plugin v21.7 - https:\/\/yoast.com\/wordpress\/plugins\/seo\/ -->\r\n<title>PIANO ESTIVO E SCUOLA | Turi: adesso si prendano le decisioni per la scuola - Uil Scuola Emilia Romagna<\/title>\r\n<meta name=\"robots\" content=\"index, follow, max-snippet:-1, max-image-preview:large, max-video-preview:-1\" \/>\r\n<link rel=\"canonical\" href=\"https:\/\/www.uilscuolaemiliaromagna.it\/public\/er\/2021\/04\/27\/piano-estivo-e-scuola-turi-adesso-si-prendano-le-decisioni-per-la-scuola\/\" \/>\r\n<meta property=\"og:locale\" content=\"it_IT\" \/>\r\n<meta property=\"og:type\" content=\"article\" \/>\r\n<meta property=\"og:title\" content=\"PIANO ESTIVO E SCUOLA | Turi: adesso si prendano le decisioni per la scuola - Uil Scuola Emilia Romagna\" \/>\r\n<meta property=\"og:description\" content=\"Una scuola che viaggia ad una velocit\u00e0 ridotta, cercando equilibri che possono essere trovati solo attraverso decisioni politiche \u2013 osserva il segretario generale della Uil &hellip;\" \/>\r\n<meta property=\"og:url\" content=\"https:\/\/www.uilscuolaemiliaromagna.it\/public\/er\/2021\/04\/27\/piano-estivo-e-scuola-turi-adesso-si-prendano-le-decisioni-per-la-scuola\/\" \/>\r\n<meta property=\"og:site_name\" content=\"Uil Scuola Emilia Romagna\" \/>\r\n<meta property=\"article:published_time\" content=\"2021-04-27T21:49:28+00:00\" \/>\r\n<meta property=\"article:modified_time\" content=\"2021-04-28T06:52:27+00:00\" \/>\r\n<meta property=\"og:image\" content=\"https:\/\/www.uilscuolaemiliaromagna.it\/public\/er\/wp-content\/uploads\/2021\/01\/scuola-esterno.jpg\" \/>\r\n\t<meta property=\"og:image:width\" content=\"800\" \/>\r\n\t<meta property=\"og:image:height\" content=\"500\" \/>\r\n\t<meta property=\"og:image:type\" content=\"image\/jpeg\" \/>\r\n<meta name=\"author\" content=\"admin\" \/>\r\n<meta name=\"twitter:card\" content=\"summary_large_image\" \/>\r\n<meta name=\"twitter:label1\" content=\"Scritto da\" \/>\n\t<meta name=\"twitter:data1\" content=\"admin\" \/>\n\t<meta name=\"twitter:label2\" content=\"Tempo di lettura stimato\" \/>\n\t<meta name=\"twitter:data2\" content=\"3 minuti\" \/>\r\n<script type=\"application\/ld+json\" class=\"yoast-schema-graph\">{\"@context\":\"https:\/\/schema.org\",\"@graph\":[{\"@type\":\"Article\",\"@id\":\"https:\/\/www.uilscuolaemiliaromagna.it\/public\/er\/2021\/04\/27\/piano-estivo-e-scuola-turi-adesso-si-prendano-le-decisioni-per-la-scuola\/#article\",\"isPartOf\":{\"@id\":\"https:\/\/www.uilscuolaemiliaromagna.it\/public\/er\/2021\/04\/27\/piano-estivo-e-scuola-turi-adesso-si-prendano-le-decisioni-per-la-scuola\/\"},\"author\":{\"name\":\"admin\",\"@id\":\"https:\/\/www.uilscuolaemiliaromagna.it\/public\/er\/#\/schema\/person\/f42878fd07a4b6ba2b7153d4fad5de5e\"},\"headline\":\"PIANO ESTIVO E SCUOLA | Turi: adesso si prendano le decisioni per la scuola\",\"datePublished\":\"2021-04-27T21:49:28+00:00\",\"dateModified\":\"2021-04-28T06:52:27+00:00\",\"mainEntityOfPage\":{\"@id\":\"https:\/\/www.uilscuolaemiliaromagna.it\/public\/er\/2021\/04\/27\/piano-estivo-e-scuola-turi-adesso-si-prendano-le-decisioni-per-la-scuola\/\"},\"wordCount\":524,\"publisher\":{\"@id\":\"https:\/\/www.uilscuolaemiliaromagna.it\/public\/er\/#organization\"},\"articleSection\":[\"Notizie\"],\"inLanguage\":\"it-IT\"},{\"@type\":\"WebPage\",\"@id\":\"https:\/\/www.uilscuolaemiliaromagna.it\/public\/er\/2021\/04\/27\/piano-estivo-e-scuola-turi-adesso-si-prendano-le-decisioni-per-la-scuola\/\",\"url\":\"https:\/\/www.uilscuolaemiliaromagna.it\/public\/er\/2021\/04\/27\/piano-estivo-e-scuola-turi-adesso-si-prendano-le-decisioni-per-la-scuola\/\",\"name\":\"PIANO ESTIVO E SCUOLA | Turi: adesso si prendano le decisioni per la scuola - Uil Scuola Emilia Romagna\",\"isPartOf\":{\"@id\":\"https:\/\/www.uilscuolaemiliaromagna.it\/public\/er\/#website\"},\"datePublished\":\"2021-04-27T21:49:28+00:00\",\"dateModified\":\"2021-04-28T06:52:27+00:00\",\"breadcrumb\":{\"@id\":\"https:\/\/www.uilscuolaemiliaromagna.it\/public\/er\/2021\/04\/27\/piano-estivo-e-scuola-turi-adesso-si-prendano-le-decisioni-per-la-scuola\/#breadcrumb\"},\"inLanguage\":\"it-IT\",\"potentialAction\":[{\"@type\":\"ReadAction\",\"target\":[\"https:\/\/www.uilscuolaemiliaromagna.it\/public\/er\/2021\/04\/27\/piano-estivo-e-scuola-turi-adesso-si-prendano-le-decisioni-per-la-scuola\/\"]}]},{\"@type\":\"BreadcrumbList\",\"@id\":\"https:\/\/www.uilscuolaemiliaromagna.it\/public\/er\/2021\/04\/27\/piano-estivo-e-scuola-turi-adesso-si-prendano-le-decisioni-per-la-scuola\/#breadcrumb\",\"itemListElement\":[{\"@type\":\"ListItem\",\"position\":1,\"name\":\"Home\",\"item\":\"https:\/\/www.uilscuolaemiliaromagna.it\/public\/er\/\"},{\"@type\":\"ListItem\",\"position\":2,\"name\":\"PIANO ESTIVO E SCUOLA | Turi: adesso si prendano le decisioni per la scuola\"}]},{\"@type\":\"WebSite\",\"@id\":\"https:\/\/www.uilscuolaemiliaromagna.it\/public\/er\/#website\",\"url\":\"https:\/\/www.uilscuolaemiliaromagna.it\/public\/er\/\",\"name\":\"Uil Scuola Emilia Romagna\",\"description\":\"La voce libera della scuola\",\"publisher\":{\"@id\":\"https:\/\/www.uilscuolaemiliaromagna.it\/public\/er\/#organization\"},\"potentialAction\":[{\"@type\":\"SearchAction\",\"target\":{\"@type\":\"EntryPoint\",\"urlTemplate\":\"https:\/\/www.uilscuolaemiliaromagna.it\/public\/er\/?s={search_term_string}\"},\"query-input\":\"required name=search_term_string\"}],\"inLanguage\":\"it-IT\"},{\"@type\":\"Organization\",\"@id\":\"https:\/\/www.uilscuolaemiliaromagna.it\/public\/er\/#organization\",\"name\":\"Uil Scuola Emilia Romagna\",\"url\":\"https:\/\/www.uilscuolaemiliaromagna.it\/public\/er\/\",\"logo\":{\"@type\":\"ImageObject\",\"inLanguage\":\"it-IT\",\"@id\":\"https:\/\/www.uilscuolaemiliaromagna.it\/public\/er\/#\/schema\/logo\/image\/\",\"url\":\"https:\/\/www.uilscuolaemiliaromagna.it\/public\/er\/wp-content\/uploads\/2017\/04\/cropped-header.png\",\"contentUrl\":\"https:\/\/www.uilscuolaemiliaromagna.it\/public\/er\/wp-content\/uploads\/2017\/04\/cropped-header.png\",\"width\":1000,\"height\":150,\"caption\":\"Uil Scuola Emilia Romagna\"},\"image\":{\"@id\":\"https:\/\/www.uilscuolaemiliaromagna.it\/public\/er\/#\/schema\/logo\/image\/\"}},{\"@type\":\"Person\",\"@id\":\"https:\/\/www.uilscuolaemiliaromagna.it\/public\/er\/#\/schema\/person\/f42878fd07a4b6ba2b7153d4fad5de5e\",\"name\":\"admin\",\"image\":{\"@type\":\"ImageObject\",\"inLanguage\":\"it-IT\",\"@id\":\"https:\/\/www.uilscuolaemiliaromagna.it\/public\/er\/#\/schema\/person\/image\/\",\"url\":\"https:\/\/secure.gravatar.com\/avatar\/aebf815ae2f30ffdae8b8c247273d34c?s=96&d=mm&r=g\",\"contentUrl\":\"https:\/\/secure.gravatar.com\/avatar\/aebf815ae2f30ffdae8b8c247273d34c?s=96&d=mm&r=g\",\"caption\":\"admin\"},\"url\":\"https:\/\/www.uilscuolaemiliaromagna.it\/public\/er\/author\/admin\/\"}]}<\/script>\r\n<!-- \/ Yoast SEO plugin. -->","yoast_head_json":{"title":"PIANO ESTIVO E SCUOLA | Turi: adesso si prendano le decisioni per la scuola - Uil Scuola Emilia Romagna","robots":{"index":"index","follow":"follow","max-snippet":"max-snippet:-1","max-image-preview":"max-image-preview:large","max-video-preview":"max-video-preview:-1"},"canonical":"https:\/\/www.uilscuolaemiliaromagna.it\/public\/er\/2021\/04\/27\/piano-estivo-e-scuola-turi-adesso-si-prendano-le-decisioni-per-la-scuola\/","og_locale":"it_IT","og_type":"article","og_title":"PIANO ESTIVO E SCUOLA | Turi: adesso si prendano le decisioni per la scuola - Uil Scuola Emilia Romagna","og_description":"Una scuola che viaggia ad una velocit\u00e0 ridotta, cercando equilibri che possono essere trovati solo attraverso decisioni politiche \u2013 osserva il segretario generale della Uil &hellip;","og_url":"https:\/\/www.uilscuolaemiliaromagna.it\/public\/er\/2021\/04\/27\/piano-estivo-e-scuola-turi-adesso-si-prendano-le-decisioni-per-la-scuola\/","og_site_name":"Uil Scuola Emilia Romagna","article_published_time":"2021-04-27T21:49:28+00:00","article_modified_time":"2021-04-28T06:52:27+00:00","og_image":[{"width":800,"height":500,"url":"https:\/\/www.uilscuolaemiliaromagna.it\/public\/er\/wp-content\/uploads\/2021\/01\/scuola-esterno.jpg","type":"image\/jpeg"}],"author":"admin","twitter_card":"summary_large_image","twitter_misc":{"Scritto da":"admin","Tempo di lettura stimato":"3 minuti"},"schema":{"@context":"https:\/\/schema.org","@graph":[{"@type":"Article","@id":"https:\/\/www.uilscuolaemiliaromagna.it\/public\/er\/2021\/04\/27\/piano-estivo-e-scuola-turi-adesso-si-prendano-le-decisioni-per-la-scuola\/#article","isPartOf":{"@id":"https:\/\/www.uilscuolaemiliaromagna.it\/public\/er\/2021\/04\/27\/piano-estivo-e-scuola-turi-adesso-si-prendano-le-decisioni-per-la-scuola\/"},"author":{"name":"admin","@id":"https:\/\/www.uilscuolaemiliaromagna.it\/public\/er\/#\/schema\/person\/f42878fd07a4b6ba2b7153d4fad5de5e"},"headline":"PIANO ESTIVO E SCUOLA | Turi: adesso si prendano le decisioni per la scuola","datePublished":"2021-04-27T21:49:28+00:00","dateModified":"2021-04-28T06:52:27+00:00","mainEntityOfPage":{"@id":"https:\/\/www.uilscuolaemiliaromagna.it\/public\/er\/2021\/04\/27\/piano-estivo-e-scuola-turi-adesso-si-prendano-le-decisioni-per-la-scuola\/"},"wordCount":524,"publisher":{"@id":"https:\/\/www.uilscuolaemiliaromagna.it\/public\/er\/#organization"},"articleSection":["Notizie"],"inLanguage":"it-IT"},{"@type":"WebPage","@id":"https:\/\/www.uilscuolaemiliaromagna.it\/public\/er\/2021\/04\/27\/piano-estivo-e-scuola-turi-adesso-si-prendano-le-decisioni-per-la-scuola\/","url":"https:\/\/www.uilscuolaemiliaromagna.it\/public\/er\/2021\/04\/27\/piano-estivo-e-scuola-turi-adesso-si-prendano-le-decisioni-per-la-scuola\/","name":"PIANO ESTIVO E SCUOLA | Turi: adesso si prendano le decisioni per la scuola - Uil Scuola Emilia Romagna","isPartOf":{"@id":"https:\/\/www.uilscuolaemiliaromagna.it\/public\/er\/#website"},"datePublished":"2021-04-27T21:49:28+00:00","dateModified":"2021-04-28T06:52:27+00:00","breadcrumb":{"@id":"https:\/\/www.uilscuolaemiliaromagna.it\/public\/er\/2021\/04\/27\/piano-estivo-e-scuola-turi-adesso-si-prendano-le-decisioni-per-la-scuola\/#breadcrumb"},"inLanguage":"it-IT","potentialAction":[{"@type":"ReadAction","target":["https:\/\/www.uilscuolaemiliaromagna.it\/public\/er\/2021\/04\/27\/piano-estivo-e-scuola-turi-adesso-si-prendano-le-decisioni-per-la-scuola\/"]}]},{"@type":"BreadcrumbList","@id":"https:\/\/www.uilscuolaemiliaromagna.it\/public\/er\/2021\/04\/27\/piano-estivo-e-scuola-turi-adesso-si-prendano-le-decisioni-per-la-scuola\/#breadcrumb","itemListElement":[{"@type":"ListItem","position":1,"name":"Home","item":"https:\/\/www.uilscuolaemiliaromagna.it\/public\/er\/"},{"@type":"ListItem","position":2,"name":"PIANO ESTIVO E SCUOLA | Turi: adesso si prendano le decisioni per la scuola"}]},{"@type":"WebSite","@id":"https:\/\/www.uilscuolaemiliaromagna.it\/public\/er\/#website","url":"https:\/\/www.uilscuolaemiliaromagna.it\/public\/er\/","name":"Uil Scuola Emilia Romagna","description":"La voce libera della scuola","publisher":{"@id":"https:\/\/www.uilscuolaemiliaromagna.it\/public\/er\/#organization"},"potentialAction":[{"@type":"SearchAction","target":{"@type":"EntryPoint","urlTemplate":"https:\/\/www.uilscuolaemiliaromagna.it\/public\/er\/?s={search_term_string}"},"query-input":"required name=search_term_string"}],"inLanguage":"it-IT"},{"@type":"Organization","@id":"https:\/\/www.uilscuolaemiliaromagna.it\/public\/er\/#organization","name":"Uil Scuola Emilia Romagna","url":"https:\/\/www.uilscuolaemiliaromagna.it\/public\/er\/","logo":{"@type":"ImageObject","inLanguage":"it-IT","@id":"https:\/\/www.uilscuolaemiliaromagna.it\/public\/er\/#\/schema\/logo\/image\/","url":"https:\/\/www.uilscuolaemiliaromagna.it\/public\/er\/wp-content\/uploads\/2017\/04\/cropped-header.png","contentUrl":"https:\/\/www.uilscuolaemiliaromagna.it\/public\/er\/wp-content\/uploads\/2017\/04\/cropped-header.png","width":1000,"height":150,"caption":"Uil Scuola Emilia Romagna"},"image":{"@id":"https:\/\/www.uilscuolaemiliaromagna.it\/public\/er\/#\/schema\/logo\/image\/"}},{"@type":"Person","@id":"https:\/\/www.uilscuolaemiliaromagna.it\/public\/er\/#\/schema\/person\/f42878fd07a4b6ba2b7153d4fad5de5e","name":"admin","image":{"@type":"ImageObject","inLanguage":"it-IT","@id":"https:\/\/www.uilscuolaemiliaromagna.it\/public\/er\/#\/schema\/person\/image\/","url":"https:\/\/secure.gravatar.com\/avatar\/aebf815ae2f30ffdae8b8c247273d34c?s=96&d=mm&r=g","contentUrl":"https:\/\/secure.gravatar.com\/avatar\/aebf815ae2f30ffdae8b8c247273d34c?s=96&d=mm&r=g","caption":"admin"},"url":"https:\/\/www.uilscuolaemiliaromagna.it\/public\/er\/author\/admin\/"}]}},"views":646,"_links":{"self":[{"href":"https:\/\/www.uilscuolaemiliaromagna.it\/public\/er\/wp-json\/wp\/v2\/posts\/8095"}],"collection":[{"href":"https:\/\/www.uilscuolaemiliaromagna.it\/public\/er\/wp-json\/wp\/v2\/posts"}],"about":[{"href":"https:\/\/www.uilscuolaemiliaromagna.it\/public\/er\/wp-json\/wp\/v2\/types\/post"}],"author":[{"embeddable":true,"href":"https:\/\/www.uilscuolaemiliaromagna.it\/public\/er\/wp-json\/wp\/v2\/users\/1"}],"replies":[{"embeddable":true,"href":"https:\/\/www.uilscuolaemiliaromagna.it\/public\/er\/wp-json\/wp\/v2\/comments?post=8095"}],"version-history":[{"count":1,"href":"https:\/\/www.uilscuolaemiliaromagna.it\/public\/er\/wp-json\/wp\/v2\/posts\/8095\/revisions"}],"predecessor-version":[{"id":8097,"href":"https:\/\/www.uilscuolaemiliaromagna.it\/public\/er\/wp-json\/wp\/v2\/posts\/8095\/revisions\/8097"}],"wp:featuredmedia":[{"embeddable":true,"href":"https:\/\/www.uilscuolaemiliaromagna.it\/public\/er\/wp-json\/wp\/v2\/media\/7535"}],"wp:attachment":[{"href":"https:\/\/www.uilscuolaemiliaromagna.it\/public\/er\/wp-json\/wp\/v2\/media?parent=8095"}],"wp:term":[{"taxonomy":"category","embeddable":true,"href":"https:\/\/www.uilscuolaemiliaromagna.it\/public\/er\/wp-json\/wp\/v2\/categories?post=8095"},{"taxonomy":"post_tag","embeddable":true,"href":"https:\/\/www.uilscuolaemiliaromagna.it\/public\/er\/wp-json\/wp\/v2\/tags?post=8095"}],"curies":[{"name":"wp","href":"https:\/\/api.w.org\/{rel}","templated":true}]}}