{"id":810,"date":"2016-08-17T22:25:30","date_gmt":"2016-08-17T20:25:30","guid":{"rendered":"http:\/\/www.uilscuolaemiliaromagna.it\/public\/er\/?p=810"},"modified":"2016-08-18T09:27:36","modified_gmt":"2016-08-18T07:27:36","slug":"mobilita-docenti-una-matassa-intricata-difficile-da-sciogliere","status":"publish","type":"post","link":"https:\/\/www.uilscuolaemiliaromagna.it\/public\/er\/2016\/08\/17\/mobilita-docenti-una-matassa-intricata-difficile-da-sciogliere\/","title":{"rendered":"MOBILITA&#8217; DOCENTI | Una matassa intricata, difficile da sciogliere"},"content":{"rendered":"<p>MOBILITA&#8217; DOCENTI<\/p>\n<p>Una matassa intricata, difficile da sciogliere<\/p>\n<p>Riscontrati migliaia di errori ed omissioni che meritano il rifacimento delle operazioni.<\/p>\n<p style=\"text-align: justify;\"><em>La Uil rivendica trasparenza, uniformit\u00e0, velocit\u00e0 sulle procedure di conciliazione per evitare che il rimedio sia peggiore del danno, gli errori vanno tutti sanati.<\/em><\/p>\n<p style=\"text-align: justify;\">Il 17 agosto 2016, dietro esplicita richiesta della Uil e delle altre organizzazioni rappresentative del comparto scuola, si \u00e8 tenuta, presso il MIUR, una informativa sindacale sulle procedure e sulla gestione dei tentativi di conciliazione per la mobilit\u00e0 dei docenti, sia dal punto di vista quantitativo che qualitativo. Per la Uil Scuola ha partecipato Mauro Panzieri.<\/p>\n<p style=\"text-align: justify;\">La richiesta si \u00e8 resa necessaria alla luce delle segnalazioni delle strutture territoriali in relazione alle difformit\u00e0 di comportamento degli Uffici periferici del Ministero.<\/p>\n<p style=\"text-align: justify;\">I rappresentanti del MIUR, presenti con il vicecapo di Gabinetto, dott. Pinneri, con il capo Dipartimento Istruzione, dott.ssa De Pasquale e il dott. Bonelli per la Direzione Generale del Personale scolastico,\u00a0 hanno informato le organizzazioni sindacali che \u00e8 stato costituito un gruppo di lavoro che si occuper\u00e0 della raccolta dei dati e di gestire e coordinare le conciliazioni con gli USR.<\/p>\n<p style=\"text-align: justify;\">Pur non avendo un piano d&#8217;azione definito per la difficolt\u00e0 di una quantificazione esatta del livello del contenzioso, \u00e8 intenzione dell&#8217;amministrazione soddisfare le ragioni dei ricorrenti, ma limitando gli interventi.<\/p>\n<p style=\"text-align: justify;\">Hanno confermato che rimarranno di competenza degli USR tutte le richieste di conciliazione per errori da correggere entro il livello regionale, mentre le conciliazioni interregionali verranno gestite dal MIUR.<\/p>\n<p style=\"text-align: justify;\">Le richieste di conciliazione interregionale ricevute dagli Uffici scolastici\u00a0 riguardano la scuola primaria e sono, attualmente, oltre 600,mentre si\u00a0 prevede che il numero potrebbe salire a oltre 1.500. Hanno inoltre informato che delle domande esaminate fino ad ora quasi la totalit\u00e0 hanno i requisiti per essere accolte e che se correttamente trattate, questi docenti avrebbero potuto essere soddisfatti entro il 5\u00b0\/6\u00b0 ambito richiesto;\u00a0 un dato questo sicuramente da evidenziare, che conferma le anomalie dell&#8217;algoritmo.<\/p>\n<p style=\"text-align: justify;\">Per le conciliazioni l&#8217;Amministrazione utilizzer\u00e0 tutti i posti disponibili in organico di diritto.<\/p>\n<p style=\"text-align: justify;\">Ovviamente, Il dato si riferisce solo alla scuola primaria, mentre per il primo grado il termine ultimo per presentare la richiesta di conciliazione \u00e8 il 19,\u00a0 mentre per il secondo grado,\u00a0 \u00e8 il 28 agosto.<\/p>\n<p style=\"text-align: justify;\">La Uil Scuola, ha evidenziato le difformit\u00e0 di procedura tra i vari USR e richiesto che vengano date indicazioni precise e tempestive, non solo con le video conferenze come si sta facendo, ma anche in forma scritta, per garantire uniformit\u00e0 di comportamento dei diversi uffici.<\/p>\n<p style=\"text-align: justify;\">La Uil Scuola ha chiesto di dare la possibilit\u00e0 ai docenti, che hanno inoltrato domanda di assegnazione provvisoria, di ritardare la presa di servizio nell&#8217;ambito assegnato per evitare inutili e costosi spostamenti, fino al momento in cui conosceranno l&#8217;esito dell&#8217;istanza di assegnazione provvisoria.<\/p>\n<p>&nbsp;<\/p>\n<p style=\"text-align: justify;\">La Uil, ha inoltre chiesto di dare la possibilit\u00e0 ai docenti, vista la straordinariet\u00e0 della mobilit\u00e0, di richiedere il part time al momento della presa di servizio nella provincia di nuova titolarit\u00e0. L&#8217;Amministrazione ha risposto che potr\u00e0 essere inviata richiesta tardiva di part time entro il 31 agosto agli Uffici scolastici regionali che potranno concederla nel limite dell&#8217;aliquota prevista.<\/p>\n<p style=\"text-align: justify;\">L&#8217;altra problematica\u00a0 sollevata, relativa al funzionamento sbagliato della procedura di mobilit\u00e0, riguarda i docenti che non hanno avuto l&#8217;assegnazione di una nuova sede e, pertanto, risultano in soprannumero, come anche i casi di docenti che non compaiono nei tabulati, per questi il problema verr\u00e0 affrontato direttamente con gli ATP di competenza.<\/p>\n<p style=\"text-align: justify;\">Abbiamo anche messo in evidenza che, in alcuni casi segnalati, sono stati trasferiti docenti in numero maggiore rispetto a quelli del relativo ambito; anche questi saranno, per cos\u00ec dire, sistemati a cura dell&#8217; ATP di competenza recuperando o trasformando posti di altra classe di concorso. Questa anomalia, spiegano i rappresentanti del MIUR, \u00e8 stata causata da un&#8217;errata comunicazione dei posti disponibili da parte degli USR.<\/p>\n<p style=\"text-align: justify;\">Secondo il MIUR,\u00a0 attraverso i\u00a0 controlli effettuati, in Calabria e Sicilia non si sono riscontrate anomalie mentre in puglia sono rimaste poche questioni\u00a0 da sanare.<\/p>\n<p style=\"text-align: justify;\">Insomma come gi\u00e0 detto precedentemente, si &#8220;naviga a vista&#8221; con la speranza di risolvere\u00a0 le conciliazioni senza toccare il grosso dei movimenti .<\/p>\n<p style=\"text-align: justify;\">Per gli errori che riguardano i docenti che sono stati trasferiti con punteggi inferiori a quelli spettanti l&#8217;amministrazione non prevede la conciliazione,ma solo la possibilit\u00e0 per i singoli APT di agire in autotutela.<\/p>\n<p style=\"text-align: justify;\">Come \u00e8 facile constatare, sulla mobilita si addensano e si sommano le scelte politiche e\u00a0 tecniche che hanno segnato fin dall&#8217;inizio, l&#8217;attuazione di una legge, la 107\/2015, segnata da errori ed incongruenze che vanno corretti .<\/p>\n<p style=\"text-align: justify;\">La UIL Scuola per restituire serenit\u00e0 e cognizione dei diritti di ognuno, ha confermato la richiesta di rifacimento delle operazioni, adeguando l&#8217;algoritmo.<\/p>\n<p style=\"text-align: justify;\">Ostinarsi, invece a \u2018puntuali rettifiche\u2019 significa disconoscere i diritti di coloro che sono stati danneggiati dagli errori seriali presenti nella procedura, con il rischio di estendere il contenzioso anche oltre i docenti interessati alla mobilit\u00e0, andando ad intaccare gli interessi legittimi di coloro che attendono l&#8217;immissione in ruolo da GAE e\/o da concorso.<\/p>\n<p style=\"text-align: justify;\">Sarebbe una circostanza che potrebbe aggiungere caos a caos,\u00a0 tale da ripercuotersi sull&#8217;intero sistema scolastico, circostanza assolutamente da evitare.<\/p>\n\n<div class=\"twitter-share\"><a href=\"https:\/\/twitter.com\/intent\/tweet?via=UILScuolaBO_ER\" class=\"twitter-share-button\" data-size=\"large\">Tweet<\/a><\/div>\n","protected":false},"excerpt":{"rendered":"<p>MOBILITA&#8217; DOCENTI Una matassa intricata, difficile da sciogliere Riscontrati migliaia di errori ed omissioni che meritano il rifacimento delle operazioni. La Uil rivendica trasparenza, uniformit\u00e0, &hellip; <\/p>\n","protected":false},"author":1,"featured_media":0,"comment_status":"closed","ping_status":"open","sticky":false,"template":"","format":"standard","meta":{"footnotes":""},"categories":[5,12,6],"tags":[],"yoast_head":"<!-- This site is optimized with the Yoast SEO plugin v21.7 - https:\/\/yoast.com\/wordpress\/plugins\/seo\/ -->\r\n<title>MOBILITA&#039; DOCENTI | Una matassa intricata, difficile da sciogliere - Uil Scuola Emilia Romagna<\/title>\r\n<meta name=\"robots\" content=\"index, follow, max-snippet:-1, max-image-preview:large, max-video-preview:-1\" \/>\r\n<link rel=\"canonical\" href=\"https:\/\/www.uilscuolaemiliaromagna.it\/public\/er\/2016\/08\/17\/mobilita-docenti-una-matassa-intricata-difficile-da-sciogliere\/\" \/>\r\n<meta property=\"og:locale\" content=\"it_IT\" \/>\r\n<meta property=\"og:type\" content=\"article\" \/>\r\n<meta property=\"og:title\" content=\"MOBILITA&#039; DOCENTI | Una matassa intricata, difficile da sciogliere - Uil Scuola Emilia Romagna\" \/>\r\n<meta property=\"og:description\" content=\"MOBILITA&#8217; DOCENTI Una matassa intricata, difficile da sciogliere Riscontrati migliaia di errori ed omissioni che meritano il rifacimento delle operazioni. La Uil rivendica trasparenza, uniformit\u00e0, &hellip;\" \/>\r\n<meta property=\"og:url\" content=\"https:\/\/www.uilscuolaemiliaromagna.it\/public\/er\/2016\/08\/17\/mobilita-docenti-una-matassa-intricata-difficile-da-sciogliere\/\" \/>\r\n<meta property=\"og:site_name\" content=\"Uil Scuola Emilia Romagna\" \/>\r\n<meta property=\"article:published_time\" content=\"2016-08-17T20:25:30+00:00\" \/>\r\n<meta property=\"article:modified_time\" content=\"2016-08-18T07:27:36+00:00\" \/>\r\n<meta name=\"author\" content=\"admin\" \/>\r\n<meta name=\"twitter:card\" content=\"summary_large_image\" \/>\r\n<meta name=\"twitter:label1\" content=\"Scritto da\" \/>\n\t<meta name=\"twitter:data1\" content=\"admin\" \/>\n\t<meta name=\"twitter:label2\" content=\"Tempo di lettura stimato\" \/>\n\t<meta name=\"twitter:data2\" content=\"4 minuti\" \/>\r\n<script type=\"application\/ld+json\" class=\"yoast-schema-graph\">{\"@context\":\"https:\/\/schema.org\",\"@graph\":[{\"@type\":\"Article\",\"@id\":\"https:\/\/www.uilscuolaemiliaromagna.it\/public\/er\/2016\/08\/17\/mobilita-docenti-una-matassa-intricata-difficile-da-sciogliere\/#article\",\"isPartOf\":{\"@id\":\"https:\/\/www.uilscuolaemiliaromagna.it\/public\/er\/2016\/08\/17\/mobilita-docenti-una-matassa-intricata-difficile-da-sciogliere\/\"},\"author\":{\"name\":\"admin\",\"@id\":\"https:\/\/www.uilscuolaemiliaromagna.it\/public\/er\/#\/schema\/person\/f42878fd07a4b6ba2b7153d4fad5de5e\"},\"headline\":\"MOBILITA&#8217; DOCENTI | Una matassa intricata, difficile da sciogliere\",\"datePublished\":\"2016-08-17T20:25:30+00:00\",\"dateModified\":\"2016-08-18T07:27:36+00:00\",\"mainEntityOfPage\":{\"@id\":\"https:\/\/www.uilscuolaemiliaromagna.it\/public\/er\/2016\/08\/17\/mobilita-docenti-una-matassa-intricata-difficile-da-sciogliere\/\"},\"wordCount\":834,\"publisher\":{\"@id\":\"https:\/\/www.uilscuolaemiliaromagna.it\/public\/er\/#organization\"},\"articleSection\":[\"Mobilit\u00e0\",\"Notizie\",\"Personale Docente\"],\"inLanguage\":\"it-IT\"},{\"@type\":\"WebPage\",\"@id\":\"https:\/\/www.uilscuolaemiliaromagna.it\/public\/er\/2016\/08\/17\/mobilita-docenti-una-matassa-intricata-difficile-da-sciogliere\/\",\"url\":\"https:\/\/www.uilscuolaemiliaromagna.it\/public\/er\/2016\/08\/17\/mobilita-docenti-una-matassa-intricata-difficile-da-sciogliere\/\",\"name\":\"MOBILITA' DOCENTI | Una matassa intricata, difficile da sciogliere - Uil Scuola Emilia Romagna\",\"isPartOf\":{\"@id\":\"https:\/\/www.uilscuolaemiliaromagna.it\/public\/er\/#website\"},\"datePublished\":\"2016-08-17T20:25:30+00:00\",\"dateModified\":\"2016-08-18T07:27:36+00:00\",\"breadcrumb\":{\"@id\":\"https:\/\/www.uilscuolaemiliaromagna.it\/public\/er\/2016\/08\/17\/mobilita-docenti-una-matassa-intricata-difficile-da-sciogliere\/#breadcrumb\"},\"inLanguage\":\"it-IT\",\"potentialAction\":[{\"@type\":\"ReadAction\",\"target\":[\"https:\/\/www.uilscuolaemiliaromagna.it\/public\/er\/2016\/08\/17\/mobilita-docenti-una-matassa-intricata-difficile-da-sciogliere\/\"]}]},{\"@type\":\"BreadcrumbList\",\"@id\":\"https:\/\/www.uilscuolaemiliaromagna.it\/public\/er\/2016\/08\/17\/mobilita-docenti-una-matassa-intricata-difficile-da-sciogliere\/#breadcrumb\",\"itemListElement\":[{\"@type\":\"ListItem\",\"position\":1,\"name\":\"Home\",\"item\":\"https:\/\/www.uilscuolaemiliaromagna.it\/public\/er\/\"},{\"@type\":\"ListItem\",\"position\":2,\"name\":\"MOBILITA&#8217; DOCENTI | Una matassa intricata, difficile da sciogliere\"}]},{\"@type\":\"WebSite\",\"@id\":\"https:\/\/www.uilscuolaemiliaromagna.it\/public\/er\/#website\",\"url\":\"https:\/\/www.uilscuolaemiliaromagna.it\/public\/er\/\",\"name\":\"Uil Scuola Emilia Romagna\",\"description\":\"La voce libera della scuola\",\"publisher\":{\"@id\":\"https:\/\/www.uilscuolaemiliaromagna.it\/public\/er\/#organization\"},\"potentialAction\":[{\"@type\":\"SearchAction\",\"target\":{\"@type\":\"EntryPoint\",\"urlTemplate\":\"https:\/\/www.uilscuolaemiliaromagna.it\/public\/er\/?s={search_term_string}\"},\"query-input\":\"required name=search_term_string\"}],\"inLanguage\":\"it-IT\"},{\"@type\":\"Organization\",\"@id\":\"https:\/\/www.uilscuolaemiliaromagna.it\/public\/er\/#organization\",\"name\":\"Uil Scuola Emilia Romagna\",\"url\":\"https:\/\/www.uilscuolaemiliaromagna.it\/public\/er\/\",\"logo\":{\"@type\":\"ImageObject\",\"inLanguage\":\"it-IT\",\"@id\":\"https:\/\/www.uilscuolaemiliaromagna.it\/public\/er\/#\/schema\/logo\/image\/\",\"url\":\"https:\/\/www.uilscuolaemiliaromagna.it\/public\/er\/wp-content\/uploads\/2017\/04\/cropped-header.png\",\"contentUrl\":\"https:\/\/www.uilscuolaemiliaromagna.it\/public\/er\/wp-content\/uploads\/2017\/04\/cropped-header.png\",\"width\":1000,\"height\":150,\"caption\":\"Uil Scuola Emilia Romagna\"},\"image\":{\"@id\":\"https:\/\/www.uilscuolaemiliaromagna.it\/public\/er\/#\/schema\/logo\/image\/\"}},{\"@type\":\"Person\",\"@id\":\"https:\/\/www.uilscuolaemiliaromagna.it\/public\/er\/#\/schema\/person\/f42878fd07a4b6ba2b7153d4fad5de5e\",\"name\":\"admin\",\"image\":{\"@type\":\"ImageObject\",\"inLanguage\":\"it-IT\",\"@id\":\"https:\/\/www.uilscuolaemiliaromagna.it\/public\/er\/#\/schema\/person\/image\/\",\"url\":\"https:\/\/secure.gravatar.com\/avatar\/aebf815ae2f30ffdae8b8c247273d34c?s=96&d=mm&r=g\",\"contentUrl\":\"https:\/\/secure.gravatar.com\/avatar\/aebf815ae2f30ffdae8b8c247273d34c?s=96&d=mm&r=g\",\"caption\":\"admin\"},\"url\":\"https:\/\/www.uilscuolaemiliaromagna.it\/public\/er\/author\/admin\/\"}]}<\/script>\r\n<!-- \/ Yoast SEO plugin. -->","yoast_head_json":{"title":"MOBILITA' DOCENTI | Una matassa intricata, difficile da sciogliere - Uil Scuola Emilia Romagna","robots":{"index":"index","follow":"follow","max-snippet":"max-snippet:-1","max-image-preview":"max-image-preview:large","max-video-preview":"max-video-preview:-1"},"canonical":"https:\/\/www.uilscuolaemiliaromagna.it\/public\/er\/2016\/08\/17\/mobilita-docenti-una-matassa-intricata-difficile-da-sciogliere\/","og_locale":"it_IT","og_type":"article","og_title":"MOBILITA' DOCENTI | Una matassa intricata, difficile da sciogliere - Uil Scuola Emilia Romagna","og_description":"MOBILITA&#8217; DOCENTI Una matassa intricata, difficile da sciogliere Riscontrati migliaia di errori ed omissioni che meritano il rifacimento delle operazioni. La Uil rivendica trasparenza, uniformit\u00e0, &hellip;","og_url":"https:\/\/www.uilscuolaemiliaromagna.it\/public\/er\/2016\/08\/17\/mobilita-docenti-una-matassa-intricata-difficile-da-sciogliere\/","og_site_name":"Uil Scuola Emilia Romagna","article_published_time":"2016-08-17T20:25:30+00:00","article_modified_time":"2016-08-18T07:27:36+00:00","author":"admin","twitter_card":"summary_large_image","twitter_misc":{"Scritto da":"admin","Tempo di lettura stimato":"4 minuti"},"schema":{"@context":"https:\/\/schema.org","@graph":[{"@type":"Article","@id":"https:\/\/www.uilscuolaemiliaromagna.it\/public\/er\/2016\/08\/17\/mobilita-docenti-una-matassa-intricata-difficile-da-sciogliere\/#article","isPartOf":{"@id":"https:\/\/www.uilscuolaemiliaromagna.it\/public\/er\/2016\/08\/17\/mobilita-docenti-una-matassa-intricata-difficile-da-sciogliere\/"},"author":{"name":"admin","@id":"https:\/\/www.uilscuolaemiliaromagna.it\/public\/er\/#\/schema\/person\/f42878fd07a4b6ba2b7153d4fad5de5e"},"headline":"MOBILITA&#8217; DOCENTI | Una matassa intricata, difficile da sciogliere","datePublished":"2016-08-17T20:25:30+00:00","dateModified":"2016-08-18T07:27:36+00:00","mainEntityOfPage":{"@id":"https:\/\/www.uilscuolaemiliaromagna.it\/public\/er\/2016\/08\/17\/mobilita-docenti-una-matassa-intricata-difficile-da-sciogliere\/"},"wordCount":834,"publisher":{"@id":"https:\/\/www.uilscuolaemiliaromagna.it\/public\/er\/#organization"},"articleSection":["Mobilit\u00e0","Notizie","Personale Docente"],"inLanguage":"it-IT"},{"@type":"WebPage","@id":"https:\/\/www.uilscuolaemiliaromagna.it\/public\/er\/2016\/08\/17\/mobilita-docenti-una-matassa-intricata-difficile-da-sciogliere\/","url":"https:\/\/www.uilscuolaemiliaromagna.it\/public\/er\/2016\/08\/17\/mobilita-docenti-una-matassa-intricata-difficile-da-sciogliere\/","name":"MOBILITA' DOCENTI | Una matassa intricata, difficile da sciogliere - Uil Scuola Emilia Romagna","isPartOf":{"@id":"https:\/\/www.uilscuolaemiliaromagna.it\/public\/er\/#website"},"datePublished":"2016-08-17T20:25:30+00:00","dateModified":"2016-08-18T07:27:36+00:00","breadcrumb":{"@id":"https:\/\/www.uilscuolaemiliaromagna.it\/public\/er\/2016\/08\/17\/mobilita-docenti-una-matassa-intricata-difficile-da-sciogliere\/#breadcrumb"},"inLanguage":"it-IT","potentialAction":[{"@type":"ReadAction","target":["https:\/\/www.uilscuolaemiliaromagna.it\/public\/er\/2016\/08\/17\/mobilita-docenti-una-matassa-intricata-difficile-da-sciogliere\/"]}]},{"@type":"BreadcrumbList","@id":"https:\/\/www.uilscuolaemiliaromagna.it\/public\/er\/2016\/08\/17\/mobilita-docenti-una-matassa-intricata-difficile-da-sciogliere\/#breadcrumb","itemListElement":[{"@type":"ListItem","position":1,"name":"Home","item":"https:\/\/www.uilscuolaemiliaromagna.it\/public\/er\/"},{"@type":"ListItem","position":2,"name":"MOBILITA&#8217; DOCENTI | Una matassa intricata, difficile da sciogliere"}]},{"@type":"WebSite","@id":"https:\/\/www.uilscuolaemiliaromagna.it\/public\/er\/#website","url":"https:\/\/www.uilscuolaemiliaromagna.it\/public\/er\/","name":"Uil Scuola Emilia Romagna","description":"La voce libera della scuola","publisher":{"@id":"https:\/\/www.uilscuolaemiliaromagna.it\/public\/er\/#organization"},"potentialAction":[{"@type":"SearchAction","target":{"@type":"EntryPoint","urlTemplate":"https:\/\/www.uilscuolaemiliaromagna.it\/public\/er\/?s={search_term_string}"},"query-input":"required name=search_term_string"}],"inLanguage":"it-IT"},{"@type":"Organization","@id":"https:\/\/www.uilscuolaemiliaromagna.it\/public\/er\/#organization","name":"Uil Scuola Emilia Romagna","url":"https:\/\/www.uilscuolaemiliaromagna.it\/public\/er\/","logo":{"@type":"ImageObject","inLanguage":"it-IT","@id":"https:\/\/www.uilscuolaemiliaromagna.it\/public\/er\/#\/schema\/logo\/image\/","url":"https:\/\/www.uilscuolaemiliaromagna.it\/public\/er\/wp-content\/uploads\/2017\/04\/cropped-header.png","contentUrl":"https:\/\/www.uilscuolaemiliaromagna.it\/public\/er\/wp-content\/uploads\/2017\/04\/cropped-header.png","width":1000,"height":150,"caption":"Uil Scuola Emilia Romagna"},"image":{"@id":"https:\/\/www.uilscuolaemiliaromagna.it\/public\/er\/#\/schema\/logo\/image\/"}},{"@type":"Person","@id":"https:\/\/www.uilscuolaemiliaromagna.it\/public\/er\/#\/schema\/person\/f42878fd07a4b6ba2b7153d4fad5de5e","name":"admin","image":{"@type":"ImageObject","inLanguage":"it-IT","@id":"https:\/\/www.uilscuolaemiliaromagna.it\/public\/er\/#\/schema\/person\/image\/","url":"https:\/\/secure.gravatar.com\/avatar\/aebf815ae2f30ffdae8b8c247273d34c?s=96&d=mm&r=g","contentUrl":"https:\/\/secure.gravatar.com\/avatar\/aebf815ae2f30ffdae8b8c247273d34c?s=96&d=mm&r=g","caption":"admin"},"url":"https:\/\/www.uilscuolaemiliaromagna.it\/public\/er\/author\/admin\/"}]}},"views":1662,"_links":{"self":[{"href":"https:\/\/www.uilscuolaemiliaromagna.it\/public\/er\/wp-json\/wp\/v2\/posts\/810"}],"collection":[{"href":"https:\/\/www.uilscuolaemiliaromagna.it\/public\/er\/wp-json\/wp\/v2\/posts"}],"about":[{"href":"https:\/\/www.uilscuolaemiliaromagna.it\/public\/er\/wp-json\/wp\/v2\/types\/post"}],"author":[{"embeddable":true,"href":"https:\/\/www.uilscuolaemiliaromagna.it\/public\/er\/wp-json\/wp\/v2\/users\/1"}],"replies":[{"embeddable":true,"href":"https:\/\/www.uilscuolaemiliaromagna.it\/public\/er\/wp-json\/wp\/v2\/comments?post=810"}],"version-history":[{"count":1,"href":"https:\/\/www.uilscuolaemiliaromagna.it\/public\/er\/wp-json\/wp\/v2\/posts\/810\/revisions"}],"predecessor-version":[{"id":811,"href":"https:\/\/www.uilscuolaemiliaromagna.it\/public\/er\/wp-json\/wp\/v2\/posts\/810\/revisions\/811"}],"wp:attachment":[{"href":"https:\/\/www.uilscuolaemiliaromagna.it\/public\/er\/wp-json\/wp\/v2\/media?parent=810"}],"wp:term":[{"taxonomy":"category","embeddable":true,"href":"https:\/\/www.uilscuolaemiliaromagna.it\/public\/er\/wp-json\/wp\/v2\/categories?post=810"},{"taxonomy":"post_tag","embeddable":true,"href":"https:\/\/www.uilscuolaemiliaromagna.it\/public\/er\/wp-json\/wp\/v2\/tags?post=810"}],"curies":[{"name":"wp","href":"https:\/\/api.w.org\/{rel}","templated":true}]}}