{"id":812,"date":"2016-08-22T09:00:58","date_gmt":"2016-08-22T07:00:58","guid":{"rendered":"http:\/\/www.uilscuolaemiliaromagna.it\/public\/er\/?p=812"},"modified":"2016-08-23T09:01:32","modified_gmt":"2016-08-23T07:01:32","slug":"turi-nella-legge-di-stabilita-le-risorse-necessarie-per-il-rinnovo-dei-contratti","status":"publish","type":"post","link":"https:\/\/www.uilscuolaemiliaromagna.it\/public\/er\/2016\/08\/22\/turi-nella-legge-di-stabilita-le-risorse-necessarie-per-il-rinnovo-dei-contratti\/","title":{"rendered":"Turi: nella legge di Stabilit\u00e0 le risorse necessarie per il rinnovo dei contratti"},"content":{"rendered":"<p><span class=\"temaNotiziaSinistra\">Allarmante la posizione di Confindustria al meeting di Rimini: austerit\u00e0 e imprese <\/span><\/p>\n<div class=\"abstractNotiziaSinistra\">\n<p><em>I sacrifici per il risanamento dei conti pubblici hanno nomi e cognomi: i pensionati e i dipendenti pubblici. Per i rinnovi dei contratti del pubblico impiego e della scuola servono 7 miliardi ed \u00e8 solo una parte di ci\u00f2 che \u00e8 stato preso e spostato sull\u2019offerta.<\/em><\/p>\n<\/div>\n<p>&nbsp;<\/p>\n<div class=\"testoNotiziaInterna\">\n<p>Dopo il check-up alla nostra economia effettuato dall\u2019Istat alla vigilia di Ferragosto, che certifica lo stop del PIL (risultato a \u201czero\u201d nel secondo trimestre) siamo alla vigilia della Legge Stabilit\u00e0 2017 che dovr\u00e0 occuparsi di reperire i fondi per effettuare quella manovra espansiva a cui ha fatto ripetutamente riferimento il Premier per rilanciare il ciclo economico.<\/p>\n<p>Le misure macro economiche di giugno sono esemplificative: produzione -1%, esportazioni -0,4%, consumi -1,3%, preannunciano il peggio.<\/p>\n<p>La ripresa del confronto tra Governo e parti sociali ha evidenziato come siano necessarie politiche di investimento (rinnovo dei contratti del pubblico impiego) per supportare la crescita economica e ridare fiato allo stato sociale (interventi sulle pensioni), pesantemente compromesso da oltre un ventennio di misure ultraliberiste, ed agire per ridare fiato alla ripresa dei consumi.<\/p>\n<p>La storia ce lo insegna, se si vuole uscire dalla stagnazione, bisogna agire su lato della domanda con la leva della politica fiscale, visto che quella monetaria, abbondantemente utilizzata dalla BCE, non ha funzionato; gli investimenti privati sono stati pressoch\u00e9 inesistenti.<\/p>\n<p>E&#8217; dalla domanda aggregata che bisogna ripartire. Ci\u00f2 in assoluta controtendenza \u2013 fa notare il segretario generale della Uil Scuola, Pino Turi \u2013 rispetto alle prescrizioni di Confindustria che, ancora una volta, chiede interventi sull\u2019offerta: una ricetta che ha gi\u00e0 fallito. Stucchevole la ricetta economica degli industriali: poco mercato, pi\u00f9 protezionismo, pi\u00f9 assistenza alle imprese con l\u2019aspettativa, mai realizzata, dell\u2019aumento dell\u2019occupazione.<br \/>\nNulla di nuovo: stessi metodi e la pretesa di dettare regole e modelli di sviluppo che ci stanno condannando all&#8217;austerit\u00e0 che a parole si vuole superare.<\/p>\n<p>E\u2019 dalle persone che bisogna ripartire azionando comportamenti economici positivi per l\u2019economia del Paese che lascino intravvedere un futuro positivo per loro e le loro famiglie, farle sentire parte attiva di una comunit\u00e0.<\/p>\n<p>E\u2019 quanto ci dice continuamente il Presidente della Repubblica che rilancia l\u2019Unit\u00e0 del Paese, contro la sua inaccettabile divisione e frammentazione.<\/p>\n<p>I sacrifici per il risanamento dei conti pubblici hanno nomi e cognomi: i pensionati e i dipendenti pubblici. Per i rinnovi dei contratti del pubblico impiego servono 7 miliardi ed \u00e8 solo una parte di ci\u00f2 che \u00e8 stato preso e spostato sull\u2019offerta. Di questi circa la met\u00e0 vanno al personale della scuola , dell&#8217;universit\u00e0 , della ricerca e dell&#8217;alta formazione, di recente accorpato, in un nuovo comparto che rappresenta l\u2019investimento per il futuro.<\/p>\n<p>Attenzione a non commettere sempre gli stessi errori, proprio la scuola lo testimonia. Anche l\u00ec, con la 107 si \u00e8 adottato uno schema mercatista mutuato da modelli di tipo confindustriale, che scimmiottano esperienze di altri paesi molto diversi dal nostro, molto al di fuori della nostra tradizione: i risultati (negativi) sono sotto gli occhi di tutti. Una legge divisiva che sta erodendo un patrimonio che recenti ricerche hanno confermato: la scuola \u00e8 al terzo posto per la fiducia degli italiani dietro la magistratura e le forze dell\u2019ordine.<\/p>\n<p>Ci auguriamo che evocare l&#8217;assalto alla diligenza non sia l&#8217;ennesimo alibi per fare ricadere l&#8217;onere del risanamento dei conti sui lavoratori e pensionati e dividere ulteriormente il paese.<\/p>\n<div><\/div>\n<\/div>\n<div class=\"elencoAllegatiSinistra\">\n<ul class=\"elencoAllegati\">\n<li><a title=\"il testo integrale dell\u2019editoriale di Pino Turi \" href=\"http:\/\/www.uil.it\/uilscuola\/sites\/default\/files\/pino_turi_su_confindustria_-_attacco_ai_contratti_pubblici_220816.doc\">il testo integrale dell\u2019editoriale di Pino Turi <\/a><\/li>\n<\/ul>\n<\/div>\n\n<div class=\"twitter-share\"><a href=\"https:\/\/twitter.com\/intent\/tweet?via=UILScuolaBO_ER\" class=\"twitter-share-button\" data-size=\"large\">Tweet<\/a><\/div>\n","protected":false},"excerpt":{"rendered":"<p>Allarmante la posizione di Confindustria al meeting di Rimini: austerit\u00e0 e imprese I sacrifici per il risanamento dei conti pubblici hanno nomi e cognomi: i &hellip; <\/p>\n","protected":false},"author":1,"featured_media":0,"comment_status":"closed","ping_status":"open","sticky":false,"template":"","format":"standard","meta":{"footnotes":""},"categories":[12],"tags":[],"yoast_head":"<!-- This site is optimized with the Yoast SEO plugin v21.7 - https:\/\/yoast.com\/wordpress\/plugins\/seo\/ -->\r\n<title>Turi: nella legge di Stabilit\u00e0 le risorse necessarie per il rinnovo dei contratti - Uil Scuola Emilia Romagna<\/title>\r\n<meta name=\"robots\" content=\"index, follow, max-snippet:-1, max-image-preview:large, max-video-preview:-1\" \/>\r\n<link rel=\"canonical\" href=\"https:\/\/www.uilscuolaemiliaromagna.it\/public\/er\/2016\/08\/22\/turi-nella-legge-di-stabilita-le-risorse-necessarie-per-il-rinnovo-dei-contratti\/\" \/>\r\n<meta property=\"og:locale\" content=\"it_IT\" \/>\r\n<meta property=\"og:type\" content=\"article\" \/>\r\n<meta property=\"og:title\" content=\"Turi: nella legge di Stabilit\u00e0 le risorse necessarie per il rinnovo dei contratti - Uil Scuola Emilia Romagna\" \/>\r\n<meta property=\"og:description\" content=\"Allarmante la posizione di Confindustria al meeting di Rimini: austerit\u00e0 e imprese I sacrifici per il risanamento dei conti pubblici hanno nomi e cognomi: i &hellip;\" \/>\r\n<meta property=\"og:url\" content=\"https:\/\/www.uilscuolaemiliaromagna.it\/public\/er\/2016\/08\/22\/turi-nella-legge-di-stabilita-le-risorse-necessarie-per-il-rinnovo-dei-contratti\/\" \/>\r\n<meta property=\"og:site_name\" content=\"Uil Scuola Emilia Romagna\" \/>\r\n<meta property=\"article:published_time\" content=\"2016-08-22T07:00:58+00:00\" \/>\r\n<meta property=\"article:modified_time\" content=\"2016-08-23T07:01:32+00:00\" \/>\r\n<meta name=\"author\" content=\"admin\" \/>\r\n<meta name=\"twitter:card\" content=\"summary_large_image\" \/>\r\n<meta name=\"twitter:label1\" content=\"Scritto da\" \/>\n\t<meta name=\"twitter:data1\" content=\"admin\" \/>\n\t<meta name=\"twitter:label2\" content=\"Tempo di lettura stimato\" \/>\n\t<meta name=\"twitter:data2\" content=\"3 minuti\" \/>\r\n<script type=\"application\/ld+json\" class=\"yoast-schema-graph\">{\"@context\":\"https:\/\/schema.org\",\"@graph\":[{\"@type\":\"Article\",\"@id\":\"https:\/\/www.uilscuolaemiliaromagna.it\/public\/er\/2016\/08\/22\/turi-nella-legge-di-stabilita-le-risorse-necessarie-per-il-rinnovo-dei-contratti\/#article\",\"isPartOf\":{\"@id\":\"https:\/\/www.uilscuolaemiliaromagna.it\/public\/er\/2016\/08\/22\/turi-nella-legge-di-stabilita-le-risorse-necessarie-per-il-rinnovo-dei-contratti\/\"},\"author\":{\"name\":\"admin\",\"@id\":\"https:\/\/www.uilscuolaemiliaromagna.it\/public\/er\/#\/schema\/person\/f42878fd07a4b6ba2b7153d4fad5de5e\"},\"headline\":\"Turi: nella legge di Stabilit\u00e0 le risorse necessarie per il rinnovo dei contratti\",\"datePublished\":\"2016-08-22T07:00:58+00:00\",\"dateModified\":\"2016-08-23T07:01:32+00:00\",\"mainEntityOfPage\":{\"@id\":\"https:\/\/www.uilscuolaemiliaromagna.it\/public\/er\/2016\/08\/22\/turi-nella-legge-di-stabilita-le-risorse-necessarie-per-il-rinnovo-dei-contratti\/\"},\"wordCount\":576,\"publisher\":{\"@id\":\"https:\/\/www.uilscuolaemiliaromagna.it\/public\/er\/#organization\"},\"articleSection\":[\"Notizie\"],\"inLanguage\":\"it-IT\"},{\"@type\":\"WebPage\",\"@id\":\"https:\/\/www.uilscuolaemiliaromagna.it\/public\/er\/2016\/08\/22\/turi-nella-legge-di-stabilita-le-risorse-necessarie-per-il-rinnovo-dei-contratti\/\",\"url\":\"https:\/\/www.uilscuolaemiliaromagna.it\/public\/er\/2016\/08\/22\/turi-nella-legge-di-stabilita-le-risorse-necessarie-per-il-rinnovo-dei-contratti\/\",\"name\":\"Turi: nella legge di Stabilit\u00e0 le risorse necessarie per il rinnovo dei contratti - Uil Scuola Emilia Romagna\",\"isPartOf\":{\"@id\":\"https:\/\/www.uilscuolaemiliaromagna.it\/public\/er\/#website\"},\"datePublished\":\"2016-08-22T07:00:58+00:00\",\"dateModified\":\"2016-08-23T07:01:32+00:00\",\"breadcrumb\":{\"@id\":\"https:\/\/www.uilscuolaemiliaromagna.it\/public\/er\/2016\/08\/22\/turi-nella-legge-di-stabilita-le-risorse-necessarie-per-il-rinnovo-dei-contratti\/#breadcrumb\"},\"inLanguage\":\"it-IT\",\"potentialAction\":[{\"@type\":\"ReadAction\",\"target\":[\"https:\/\/www.uilscuolaemiliaromagna.it\/public\/er\/2016\/08\/22\/turi-nella-legge-di-stabilita-le-risorse-necessarie-per-il-rinnovo-dei-contratti\/\"]}]},{\"@type\":\"BreadcrumbList\",\"@id\":\"https:\/\/www.uilscuolaemiliaromagna.it\/public\/er\/2016\/08\/22\/turi-nella-legge-di-stabilita-le-risorse-necessarie-per-il-rinnovo-dei-contratti\/#breadcrumb\",\"itemListElement\":[{\"@type\":\"ListItem\",\"position\":1,\"name\":\"Home\",\"item\":\"https:\/\/www.uilscuolaemiliaromagna.it\/public\/er\/\"},{\"@type\":\"ListItem\",\"position\":2,\"name\":\"Turi: nella legge di Stabilit\u00e0 le risorse necessarie per il rinnovo dei contratti\"}]},{\"@type\":\"WebSite\",\"@id\":\"https:\/\/www.uilscuolaemiliaromagna.it\/public\/er\/#website\",\"url\":\"https:\/\/www.uilscuolaemiliaromagna.it\/public\/er\/\",\"name\":\"Uil Scuola Emilia Romagna\",\"description\":\"La voce libera della scuola\",\"publisher\":{\"@id\":\"https:\/\/www.uilscuolaemiliaromagna.it\/public\/er\/#organization\"},\"potentialAction\":[{\"@type\":\"SearchAction\",\"target\":{\"@type\":\"EntryPoint\",\"urlTemplate\":\"https:\/\/www.uilscuolaemiliaromagna.it\/public\/er\/?s={search_term_string}\"},\"query-input\":\"required name=search_term_string\"}],\"inLanguage\":\"it-IT\"},{\"@type\":\"Organization\",\"@id\":\"https:\/\/www.uilscuolaemiliaromagna.it\/public\/er\/#organization\",\"name\":\"Uil Scuola Emilia Romagna\",\"url\":\"https:\/\/www.uilscuolaemiliaromagna.it\/public\/er\/\",\"logo\":{\"@type\":\"ImageObject\",\"inLanguage\":\"it-IT\",\"@id\":\"https:\/\/www.uilscuolaemiliaromagna.it\/public\/er\/#\/schema\/logo\/image\/\",\"url\":\"https:\/\/www.uilscuolaemiliaromagna.it\/public\/er\/wp-content\/uploads\/2017\/04\/cropped-header.png\",\"contentUrl\":\"https:\/\/www.uilscuolaemiliaromagna.it\/public\/er\/wp-content\/uploads\/2017\/04\/cropped-header.png\",\"width\":1000,\"height\":150,\"caption\":\"Uil Scuola Emilia Romagna\"},\"image\":{\"@id\":\"https:\/\/www.uilscuolaemiliaromagna.it\/public\/er\/#\/schema\/logo\/image\/\"}},{\"@type\":\"Person\",\"@id\":\"https:\/\/www.uilscuolaemiliaromagna.it\/public\/er\/#\/schema\/person\/f42878fd07a4b6ba2b7153d4fad5de5e\",\"name\":\"admin\",\"image\":{\"@type\":\"ImageObject\",\"inLanguage\":\"it-IT\",\"@id\":\"https:\/\/www.uilscuolaemiliaromagna.it\/public\/er\/#\/schema\/person\/image\/\",\"url\":\"https:\/\/secure.gravatar.com\/avatar\/aebf815ae2f30ffdae8b8c247273d34c?s=96&d=mm&r=g\",\"contentUrl\":\"https:\/\/secure.gravatar.com\/avatar\/aebf815ae2f30ffdae8b8c247273d34c?s=96&d=mm&r=g\",\"caption\":\"admin\"},\"url\":\"https:\/\/www.uilscuolaemiliaromagna.it\/public\/er\/author\/admin\/\"}]}<\/script>\r\n<!-- \/ Yoast SEO plugin. -->","yoast_head_json":{"title":"Turi: nella legge di Stabilit\u00e0 le risorse necessarie per il rinnovo dei contratti - Uil Scuola Emilia Romagna","robots":{"index":"index","follow":"follow","max-snippet":"max-snippet:-1","max-image-preview":"max-image-preview:large","max-video-preview":"max-video-preview:-1"},"canonical":"https:\/\/www.uilscuolaemiliaromagna.it\/public\/er\/2016\/08\/22\/turi-nella-legge-di-stabilita-le-risorse-necessarie-per-il-rinnovo-dei-contratti\/","og_locale":"it_IT","og_type":"article","og_title":"Turi: nella legge di Stabilit\u00e0 le risorse necessarie per il rinnovo dei contratti - Uil Scuola Emilia Romagna","og_description":"Allarmante la posizione di Confindustria al meeting di Rimini: austerit\u00e0 e imprese I sacrifici per il risanamento dei conti pubblici hanno nomi e cognomi: i &hellip;","og_url":"https:\/\/www.uilscuolaemiliaromagna.it\/public\/er\/2016\/08\/22\/turi-nella-legge-di-stabilita-le-risorse-necessarie-per-il-rinnovo-dei-contratti\/","og_site_name":"Uil Scuola Emilia Romagna","article_published_time":"2016-08-22T07:00:58+00:00","article_modified_time":"2016-08-23T07:01:32+00:00","author":"admin","twitter_card":"summary_large_image","twitter_misc":{"Scritto da":"admin","Tempo di lettura stimato":"3 minuti"},"schema":{"@context":"https:\/\/schema.org","@graph":[{"@type":"Article","@id":"https:\/\/www.uilscuolaemiliaromagna.it\/public\/er\/2016\/08\/22\/turi-nella-legge-di-stabilita-le-risorse-necessarie-per-il-rinnovo-dei-contratti\/#article","isPartOf":{"@id":"https:\/\/www.uilscuolaemiliaromagna.it\/public\/er\/2016\/08\/22\/turi-nella-legge-di-stabilita-le-risorse-necessarie-per-il-rinnovo-dei-contratti\/"},"author":{"name":"admin","@id":"https:\/\/www.uilscuolaemiliaromagna.it\/public\/er\/#\/schema\/person\/f42878fd07a4b6ba2b7153d4fad5de5e"},"headline":"Turi: nella legge di Stabilit\u00e0 le risorse necessarie per il rinnovo dei contratti","datePublished":"2016-08-22T07:00:58+00:00","dateModified":"2016-08-23T07:01:32+00:00","mainEntityOfPage":{"@id":"https:\/\/www.uilscuolaemiliaromagna.it\/public\/er\/2016\/08\/22\/turi-nella-legge-di-stabilita-le-risorse-necessarie-per-il-rinnovo-dei-contratti\/"},"wordCount":576,"publisher":{"@id":"https:\/\/www.uilscuolaemiliaromagna.it\/public\/er\/#organization"},"articleSection":["Notizie"],"inLanguage":"it-IT"},{"@type":"WebPage","@id":"https:\/\/www.uilscuolaemiliaromagna.it\/public\/er\/2016\/08\/22\/turi-nella-legge-di-stabilita-le-risorse-necessarie-per-il-rinnovo-dei-contratti\/","url":"https:\/\/www.uilscuolaemiliaromagna.it\/public\/er\/2016\/08\/22\/turi-nella-legge-di-stabilita-le-risorse-necessarie-per-il-rinnovo-dei-contratti\/","name":"Turi: nella legge di Stabilit\u00e0 le risorse necessarie per il rinnovo dei contratti - Uil Scuola Emilia Romagna","isPartOf":{"@id":"https:\/\/www.uilscuolaemiliaromagna.it\/public\/er\/#website"},"datePublished":"2016-08-22T07:00:58+00:00","dateModified":"2016-08-23T07:01:32+00:00","breadcrumb":{"@id":"https:\/\/www.uilscuolaemiliaromagna.it\/public\/er\/2016\/08\/22\/turi-nella-legge-di-stabilita-le-risorse-necessarie-per-il-rinnovo-dei-contratti\/#breadcrumb"},"inLanguage":"it-IT","potentialAction":[{"@type":"ReadAction","target":["https:\/\/www.uilscuolaemiliaromagna.it\/public\/er\/2016\/08\/22\/turi-nella-legge-di-stabilita-le-risorse-necessarie-per-il-rinnovo-dei-contratti\/"]}]},{"@type":"BreadcrumbList","@id":"https:\/\/www.uilscuolaemiliaromagna.it\/public\/er\/2016\/08\/22\/turi-nella-legge-di-stabilita-le-risorse-necessarie-per-il-rinnovo-dei-contratti\/#breadcrumb","itemListElement":[{"@type":"ListItem","position":1,"name":"Home","item":"https:\/\/www.uilscuolaemiliaromagna.it\/public\/er\/"},{"@type":"ListItem","position":2,"name":"Turi: nella legge di Stabilit\u00e0 le risorse necessarie per il rinnovo dei contratti"}]},{"@type":"WebSite","@id":"https:\/\/www.uilscuolaemiliaromagna.it\/public\/er\/#website","url":"https:\/\/www.uilscuolaemiliaromagna.it\/public\/er\/","name":"Uil Scuola Emilia Romagna","description":"La voce libera della scuola","publisher":{"@id":"https:\/\/www.uilscuolaemiliaromagna.it\/public\/er\/#organization"},"potentialAction":[{"@type":"SearchAction","target":{"@type":"EntryPoint","urlTemplate":"https:\/\/www.uilscuolaemiliaromagna.it\/public\/er\/?s={search_term_string}"},"query-input":"required name=search_term_string"}],"inLanguage":"it-IT"},{"@type":"Organization","@id":"https:\/\/www.uilscuolaemiliaromagna.it\/public\/er\/#organization","name":"Uil Scuola Emilia Romagna","url":"https:\/\/www.uilscuolaemiliaromagna.it\/public\/er\/","logo":{"@type":"ImageObject","inLanguage":"it-IT","@id":"https:\/\/www.uilscuolaemiliaromagna.it\/public\/er\/#\/schema\/logo\/image\/","url":"https:\/\/www.uilscuolaemiliaromagna.it\/public\/er\/wp-content\/uploads\/2017\/04\/cropped-header.png","contentUrl":"https:\/\/www.uilscuolaemiliaromagna.it\/public\/er\/wp-content\/uploads\/2017\/04\/cropped-header.png","width":1000,"height":150,"caption":"Uil Scuola Emilia Romagna"},"image":{"@id":"https:\/\/www.uilscuolaemiliaromagna.it\/public\/er\/#\/schema\/logo\/image\/"}},{"@type":"Person","@id":"https:\/\/www.uilscuolaemiliaromagna.it\/public\/er\/#\/schema\/person\/f42878fd07a4b6ba2b7153d4fad5de5e","name":"admin","image":{"@type":"ImageObject","inLanguage":"it-IT","@id":"https:\/\/www.uilscuolaemiliaromagna.it\/public\/er\/#\/schema\/person\/image\/","url":"https:\/\/secure.gravatar.com\/avatar\/aebf815ae2f30ffdae8b8c247273d34c?s=96&d=mm&r=g","contentUrl":"https:\/\/secure.gravatar.com\/avatar\/aebf815ae2f30ffdae8b8c247273d34c?s=96&d=mm&r=g","caption":"admin"},"url":"https:\/\/www.uilscuolaemiliaromagna.it\/public\/er\/author\/admin\/"}]}},"views":1061,"_links":{"self":[{"href":"https:\/\/www.uilscuolaemiliaromagna.it\/public\/er\/wp-json\/wp\/v2\/posts\/812"}],"collection":[{"href":"https:\/\/www.uilscuolaemiliaromagna.it\/public\/er\/wp-json\/wp\/v2\/posts"}],"about":[{"href":"https:\/\/www.uilscuolaemiliaromagna.it\/public\/er\/wp-json\/wp\/v2\/types\/post"}],"author":[{"embeddable":true,"href":"https:\/\/www.uilscuolaemiliaromagna.it\/public\/er\/wp-json\/wp\/v2\/users\/1"}],"replies":[{"embeddable":true,"href":"https:\/\/www.uilscuolaemiliaromagna.it\/public\/er\/wp-json\/wp\/v2\/comments?post=812"}],"version-history":[{"count":1,"href":"https:\/\/www.uilscuolaemiliaromagna.it\/public\/er\/wp-json\/wp\/v2\/posts\/812\/revisions"}],"predecessor-version":[{"id":813,"href":"https:\/\/www.uilscuolaemiliaromagna.it\/public\/er\/wp-json\/wp\/v2\/posts\/812\/revisions\/813"}],"wp:attachment":[{"href":"https:\/\/www.uilscuolaemiliaromagna.it\/public\/er\/wp-json\/wp\/v2\/media?parent=812"}],"wp:term":[{"taxonomy":"category","embeddable":true,"href":"https:\/\/www.uilscuolaemiliaromagna.it\/public\/er\/wp-json\/wp\/v2\/categories?post=812"},{"taxonomy":"post_tag","embeddable":true,"href":"https:\/\/www.uilscuolaemiliaromagna.it\/public\/er\/wp-json\/wp\/v2\/tags?post=812"}],"curies":[{"name":"wp","href":"https:\/\/api.w.org\/{rel}","templated":true}]}}