{"id":8186,"date":"2021-05-20T22:29:08","date_gmt":"2021-05-20T20:29:08","guid":{"rendered":"http:\/\/www.uilscuolaemiliaromagna.it\/public\/er\/?p=8186"},"modified":"2021-05-21T08:31:52","modified_gmt":"2021-05-21T06:31:52","slug":"decreto-ristori-e-patto-per-la-scuola-turi-firmiamo-il-patto-per-cambiare-il-decreto","status":"publish","type":"post","link":"https:\/\/www.uilscuolaemiliaromagna.it\/public\/er\/2021\/05\/20\/decreto-ristori-e-patto-per-la-scuola-turi-firmiamo-il-patto-per-cambiare-il-decreto\/","title":{"rendered":"DECRETO RISTORI E PATTO PER LA SCUOLA \/ Turi: firmiamo il patto per cambiare il decreto"},"content":{"rendered":"<p style=\"text-align: justify;\"><strong><em>C\u2019\u00e8 un decreto omnibus che agisce anche sulla scuola e c\u2019\u00e8 un patto per l\u2019Istruzione che definisce l\u2019impianto programmatico dell\u2019azione di Governo in tema di scuola. Dicono cose diverse.<\/em><\/strong><\/p>\n<hr \/>\n<p style=\"text-align: justify;\">In queste ore il ministro Bianchi convoca i sindacati a Palazzo Chigi per firmare un impegno congiunto, quello del Patto per l\u2019istruzione. Sempre oggi, lo stesso governo vara un decreto legge (il Ristori-Bis) che dovrebbe procedere in coerenza con il Patto. Non \u00e8 cos\u00ec perch\u00e9 i contenuti del decreto sono altro. Vediamo perch\u00e9.<\/p>\n<p style=\"text-align: justify;\">Il decreto ristori \u00e8 un provvedimento omnibus, quelli che andiamo a segnalare sono i punti critici negli articoli 58 e 59 del decreto:<\/p>\n<ol style=\"text-align: justify;\">\n<li><strong>non c\u2019\u00e8 un solo posto aggiunto<\/strong>, n\u00e9 per il sostegno, n\u00e9 di tipologia comune.<br \/>\nIn pratica non \u00e8 prevista nessuna nuova procedura di assunzione in ruolo al 1 settembre;<\/li>\n<li>c\u2019\u00e8 solo lo\u00a0<strong>scorrimento delle graduatorie provinciali delle supplenze<\/strong>\u00a0(GPS) di prima fascia,\u00a0<strong>del personale gi\u00e0 abilitato<\/strong>\u00a0con una stravagante assunzione a tempo determinato che potrebbe arrivare sino a configurare un contratto a tempo indeterminato, ma solo dopo aver superato una specifica prova selettiva da tenere con una commissione esterna.<\/li>\n<li>Si arriva ad un brutto paradosso: da un lato si riconosce il peso dell\u2019<strong>abilitazione<\/strong>, comunque ottenuta, anche all\u2019estero, non fidandosi dello Stato, e dall\u2019altro mantenendo nell\u2019incertezza e nel precariato il maggior numero di precari che nello stato hanno sempre creduto.<\/li>\n<li>Per i concorsi si adotta una versione alternativa del concorso straordinario, come in un \u2018gioco di societ\u00e0\u2019, si passa dalle domande chiuse a quelle aperte e viceversa. Il\u00a0<strong>nuovo concorso ordinario<\/strong>\u00a0trasforma lo scritto da quesiti a risposta aperta a risposta multipla chiusa (50 domande in 60 minuti, comprese domande di inglese e di informatica) il contrario di quello del concorso straordinario caratterizzato da quesiti a risposta chiusa multipla a quesiti a risposta aperta. Uno schema di concorso ordinario che \u00e8 pratica nozionistica che, addirittura conferisce ruolo e abilitazione. Altro che merito ci sembra una forma concorsuale da operetta.<\/li>\n<li>Si prevede un\u00a0<strong>concorso dedicato \u2018last minute<\/strong>\u2019. Resa difficile comprenderne la ratio, forse per un problema ideologico di inseguire le mode o magari per indurle. A che pro fare una gerarchizzazione delle discipline se poi le operazioni di avvio del nuovo anno scolastico saranno bloccate. Un\u2019apertura ideologica che piace all\u2019industria con un concorsino veloce a Ferragosto, mentre si lasciano nel precariato<strong>\u00a0docenti-gi\u00e0-stem<\/strong>, qualificati da anni di esperienza.<\/li>\n<li>Il\u00a0<strong>blocco della mobilit\u00e0<\/strong>\u00a0passa da 5 a 3 anni, insieme alle assegnazioni provvisorie. Questo in un momento in cui la pandemia indicherebbe il contrario, il ricongiungimento con le famiglie.<\/li>\n<\/ol>\n<p style=\"text-align: justify;\">Ci sembra che la mano destra non sappia cosa fa la mano sinistra.\u00a0<strong>C\u2019\u00e8 un decreto<\/strong>\u00a0che agisce anche sulla scuola e\u00a0<strong>c\u2019\u00e8 un patto<\/strong>\u00a0che ne definisce l\u2019impianto programmatico. I contenuti del Patto dovrebbero essere propedeutici alle scelte di governo. Firmiamo il patto per cambiare il decreto. I ristori sembrano destinati a tutti ma non ai precari della scuola.<\/p>\n<ul>\n<li><a href=\"https:\/\/www.uilscuolaemiliaromagna.it\/public\/er\/wp-content\/uploads\/2021\/05\/PATTO-SCUOLA-CHIGI-200521.pdf\" target=\"_blank\" rel=\"noopener noreferrer\">PATTO PER LA SCUOLA<\/a><\/li>\n<\/ul>\n\n<div class=\"twitter-share\"><a href=\"https:\/\/twitter.com\/intent\/tweet?via=UILScuolaBO_ER\" class=\"twitter-share-button\" data-size=\"large\">Tweet<\/a><\/div>\n","protected":false},"excerpt":{"rendered":"<p>C\u2019\u00e8 un decreto omnibus che agisce anche sulla scuola e c\u2019\u00e8 un patto per l\u2019Istruzione che definisce l\u2019impianto programmatico dell\u2019azione di Governo in tema di &hellip; <\/p>\n","protected":false},"author":1,"featured_media":8187,"comment_status":"closed","ping_status":"open","sticky":false,"template":"","format":"standard","meta":{"footnotes":""},"categories":[12],"tags":[],"yoast_head":"<!-- This site is optimized with the Yoast SEO plugin v21.7 - https:\/\/yoast.com\/wordpress\/plugins\/seo\/ -->\r\n<title>DECRETO RISTORI E PATTO PER LA SCUOLA \/ Turi: firmiamo il patto per cambiare il decreto - Uil Scuola Emilia Romagna<\/title>\r\n<meta name=\"robots\" content=\"index, follow, max-snippet:-1, max-image-preview:large, max-video-preview:-1\" \/>\r\n<link rel=\"canonical\" href=\"https:\/\/www.uilscuolaemiliaromagna.it\/public\/er\/2021\/05\/20\/decreto-ristori-e-patto-per-la-scuola-turi-firmiamo-il-patto-per-cambiare-il-decreto\/\" \/>\r\n<meta property=\"og:locale\" content=\"it_IT\" \/>\r\n<meta property=\"og:type\" content=\"article\" \/>\r\n<meta property=\"og:title\" content=\"DECRETO RISTORI E PATTO PER LA SCUOLA \/ Turi: firmiamo il patto per cambiare il decreto - Uil Scuola Emilia Romagna\" \/>\r\n<meta property=\"og:description\" content=\"C\u2019\u00e8 un decreto omnibus che agisce anche sulla scuola e c\u2019\u00e8 un patto per l\u2019Istruzione che definisce l\u2019impianto programmatico dell\u2019azione di Governo in tema di &hellip;\" \/>\r\n<meta property=\"og:url\" content=\"https:\/\/www.uilscuolaemiliaromagna.it\/public\/er\/2021\/05\/20\/decreto-ristori-e-patto-per-la-scuola-turi-firmiamo-il-patto-per-cambiare-il-decreto\/\" \/>\r\n<meta property=\"og:site_name\" content=\"Uil Scuola Emilia Romagna\" \/>\r\n<meta property=\"article:published_time\" content=\"2021-05-20T20:29:08+00:00\" \/>\r\n<meta property=\"article:modified_time\" content=\"2021-05-21T06:31:52+00:00\" \/>\r\n<meta property=\"og:image\" content=\"https:\/\/www.uilscuolaemiliaromagna.it\/public\/er\/wp-content\/uploads\/2021\/05\/Patto-per-lIstruzione-Bianchi-Bombardieri-Turi.jpeg\" \/>\r\n\t<meta property=\"og:image:width\" content=\"800\" \/>\r\n\t<meta property=\"og:image:height\" content=\"483\" \/>\r\n\t<meta property=\"og:image:type\" content=\"image\/jpeg\" \/>\r\n<meta name=\"author\" content=\"admin\" \/>\r\n<meta name=\"twitter:card\" content=\"summary_large_image\" \/>\r\n<meta name=\"twitter:label1\" content=\"Scritto da\" \/>\n\t<meta name=\"twitter:data1\" content=\"admin\" \/>\n\t<meta name=\"twitter:label2\" content=\"Tempo di lettura stimato\" \/>\n\t<meta name=\"twitter:data2\" content=\"3 minuti\" \/>\r\n<script type=\"application\/ld+json\" class=\"yoast-schema-graph\">{\"@context\":\"https:\/\/schema.org\",\"@graph\":[{\"@type\":\"Article\",\"@id\":\"https:\/\/www.uilscuolaemiliaromagna.it\/public\/er\/2021\/05\/20\/decreto-ristori-e-patto-per-la-scuola-turi-firmiamo-il-patto-per-cambiare-il-decreto\/#article\",\"isPartOf\":{\"@id\":\"https:\/\/www.uilscuolaemiliaromagna.it\/public\/er\/2021\/05\/20\/decreto-ristori-e-patto-per-la-scuola-turi-firmiamo-il-patto-per-cambiare-il-decreto\/\"},\"author\":{\"name\":\"admin\",\"@id\":\"https:\/\/www.uilscuolaemiliaromagna.it\/public\/er\/#\/schema\/person\/f42878fd07a4b6ba2b7153d4fad5de5e\"},\"headline\":\"DECRETO RISTORI E PATTO PER LA SCUOLA \/ Turi: firmiamo il patto per cambiare il decreto\",\"datePublished\":\"2021-05-20T20:29:08+00:00\",\"dateModified\":\"2021-05-21T06:31:52+00:00\",\"mainEntityOfPage\":{\"@id\":\"https:\/\/www.uilscuolaemiliaromagna.it\/public\/er\/2021\/05\/20\/decreto-ristori-e-patto-per-la-scuola-turi-firmiamo-il-patto-per-cambiare-il-decreto\/\"},\"wordCount\":500,\"publisher\":{\"@id\":\"https:\/\/www.uilscuolaemiliaromagna.it\/public\/er\/#organization\"},\"articleSection\":[\"Notizie\"],\"inLanguage\":\"it-IT\"},{\"@type\":\"WebPage\",\"@id\":\"https:\/\/www.uilscuolaemiliaromagna.it\/public\/er\/2021\/05\/20\/decreto-ristori-e-patto-per-la-scuola-turi-firmiamo-il-patto-per-cambiare-il-decreto\/\",\"url\":\"https:\/\/www.uilscuolaemiliaromagna.it\/public\/er\/2021\/05\/20\/decreto-ristori-e-patto-per-la-scuola-turi-firmiamo-il-patto-per-cambiare-il-decreto\/\",\"name\":\"DECRETO RISTORI E PATTO PER LA SCUOLA \/ Turi: firmiamo il patto per cambiare il decreto - Uil Scuola Emilia Romagna\",\"isPartOf\":{\"@id\":\"https:\/\/www.uilscuolaemiliaromagna.it\/public\/er\/#website\"},\"datePublished\":\"2021-05-20T20:29:08+00:00\",\"dateModified\":\"2021-05-21T06:31:52+00:00\",\"breadcrumb\":{\"@id\":\"https:\/\/www.uilscuolaemiliaromagna.it\/public\/er\/2021\/05\/20\/decreto-ristori-e-patto-per-la-scuola-turi-firmiamo-il-patto-per-cambiare-il-decreto\/#breadcrumb\"},\"inLanguage\":\"it-IT\",\"potentialAction\":[{\"@type\":\"ReadAction\",\"target\":[\"https:\/\/www.uilscuolaemiliaromagna.it\/public\/er\/2021\/05\/20\/decreto-ristori-e-patto-per-la-scuola-turi-firmiamo-il-patto-per-cambiare-il-decreto\/\"]}]},{\"@type\":\"BreadcrumbList\",\"@id\":\"https:\/\/www.uilscuolaemiliaromagna.it\/public\/er\/2021\/05\/20\/decreto-ristori-e-patto-per-la-scuola-turi-firmiamo-il-patto-per-cambiare-il-decreto\/#breadcrumb\",\"itemListElement\":[{\"@type\":\"ListItem\",\"position\":1,\"name\":\"Home\",\"item\":\"https:\/\/www.uilscuolaemiliaromagna.it\/public\/er\/\"},{\"@type\":\"ListItem\",\"position\":2,\"name\":\"DECRETO RISTORI E PATTO PER LA SCUOLA \/ Turi: firmiamo il patto per cambiare il decreto\"}]},{\"@type\":\"WebSite\",\"@id\":\"https:\/\/www.uilscuolaemiliaromagna.it\/public\/er\/#website\",\"url\":\"https:\/\/www.uilscuolaemiliaromagna.it\/public\/er\/\",\"name\":\"Uil Scuola Emilia Romagna\",\"description\":\"La voce libera della scuola\",\"publisher\":{\"@id\":\"https:\/\/www.uilscuolaemiliaromagna.it\/public\/er\/#organization\"},\"potentialAction\":[{\"@type\":\"SearchAction\",\"target\":{\"@type\":\"EntryPoint\",\"urlTemplate\":\"https:\/\/www.uilscuolaemiliaromagna.it\/public\/er\/?s={search_term_string}\"},\"query-input\":\"required name=search_term_string\"}],\"inLanguage\":\"it-IT\"},{\"@type\":\"Organization\",\"@id\":\"https:\/\/www.uilscuolaemiliaromagna.it\/public\/er\/#organization\",\"name\":\"Uil Scuola Emilia Romagna\",\"url\":\"https:\/\/www.uilscuolaemiliaromagna.it\/public\/er\/\",\"logo\":{\"@type\":\"ImageObject\",\"inLanguage\":\"it-IT\",\"@id\":\"https:\/\/www.uilscuolaemiliaromagna.it\/public\/er\/#\/schema\/logo\/image\/\",\"url\":\"https:\/\/www.uilscuolaemiliaromagna.it\/public\/er\/wp-content\/uploads\/2017\/04\/cropped-header.png\",\"contentUrl\":\"https:\/\/www.uilscuolaemiliaromagna.it\/public\/er\/wp-content\/uploads\/2017\/04\/cropped-header.png\",\"width\":1000,\"height\":150,\"caption\":\"Uil Scuola Emilia Romagna\"},\"image\":{\"@id\":\"https:\/\/www.uilscuolaemiliaromagna.it\/public\/er\/#\/schema\/logo\/image\/\"}},{\"@type\":\"Person\",\"@id\":\"https:\/\/www.uilscuolaemiliaromagna.it\/public\/er\/#\/schema\/person\/f42878fd07a4b6ba2b7153d4fad5de5e\",\"name\":\"admin\",\"image\":{\"@type\":\"ImageObject\",\"inLanguage\":\"it-IT\",\"@id\":\"https:\/\/www.uilscuolaemiliaromagna.it\/public\/er\/#\/schema\/person\/image\/\",\"url\":\"https:\/\/secure.gravatar.com\/avatar\/aebf815ae2f30ffdae8b8c247273d34c?s=96&d=mm&r=g\",\"contentUrl\":\"https:\/\/secure.gravatar.com\/avatar\/aebf815ae2f30ffdae8b8c247273d34c?s=96&d=mm&r=g\",\"caption\":\"admin\"},\"url\":\"https:\/\/www.uilscuolaemiliaromagna.it\/public\/er\/author\/admin\/\"}]}<\/script>\r\n<!-- \/ Yoast SEO plugin. -->","yoast_head_json":{"title":"DECRETO RISTORI E PATTO PER LA SCUOLA \/ Turi: firmiamo il patto per cambiare il decreto - Uil Scuola Emilia Romagna","robots":{"index":"index","follow":"follow","max-snippet":"max-snippet:-1","max-image-preview":"max-image-preview:large","max-video-preview":"max-video-preview:-1"},"canonical":"https:\/\/www.uilscuolaemiliaromagna.it\/public\/er\/2021\/05\/20\/decreto-ristori-e-patto-per-la-scuola-turi-firmiamo-il-patto-per-cambiare-il-decreto\/","og_locale":"it_IT","og_type":"article","og_title":"DECRETO RISTORI E PATTO PER LA SCUOLA \/ Turi: firmiamo il patto per cambiare il decreto - Uil Scuola Emilia Romagna","og_description":"C\u2019\u00e8 un decreto omnibus che agisce anche sulla scuola e c\u2019\u00e8 un patto per l\u2019Istruzione che definisce l\u2019impianto programmatico dell\u2019azione di Governo in tema di &hellip;","og_url":"https:\/\/www.uilscuolaemiliaromagna.it\/public\/er\/2021\/05\/20\/decreto-ristori-e-patto-per-la-scuola-turi-firmiamo-il-patto-per-cambiare-il-decreto\/","og_site_name":"Uil Scuola Emilia Romagna","article_published_time":"2021-05-20T20:29:08+00:00","article_modified_time":"2021-05-21T06:31:52+00:00","og_image":[{"width":800,"height":483,"url":"https:\/\/www.uilscuolaemiliaromagna.it\/public\/er\/wp-content\/uploads\/2021\/05\/Patto-per-lIstruzione-Bianchi-Bombardieri-Turi.jpeg","type":"image\/jpeg"}],"author":"admin","twitter_card":"summary_large_image","twitter_misc":{"Scritto da":"admin","Tempo di lettura stimato":"3 minuti"},"schema":{"@context":"https:\/\/schema.org","@graph":[{"@type":"Article","@id":"https:\/\/www.uilscuolaemiliaromagna.it\/public\/er\/2021\/05\/20\/decreto-ristori-e-patto-per-la-scuola-turi-firmiamo-il-patto-per-cambiare-il-decreto\/#article","isPartOf":{"@id":"https:\/\/www.uilscuolaemiliaromagna.it\/public\/er\/2021\/05\/20\/decreto-ristori-e-patto-per-la-scuola-turi-firmiamo-il-patto-per-cambiare-il-decreto\/"},"author":{"name":"admin","@id":"https:\/\/www.uilscuolaemiliaromagna.it\/public\/er\/#\/schema\/person\/f42878fd07a4b6ba2b7153d4fad5de5e"},"headline":"DECRETO RISTORI E PATTO PER LA SCUOLA \/ Turi: firmiamo il patto per cambiare il decreto","datePublished":"2021-05-20T20:29:08+00:00","dateModified":"2021-05-21T06:31:52+00:00","mainEntityOfPage":{"@id":"https:\/\/www.uilscuolaemiliaromagna.it\/public\/er\/2021\/05\/20\/decreto-ristori-e-patto-per-la-scuola-turi-firmiamo-il-patto-per-cambiare-il-decreto\/"},"wordCount":500,"publisher":{"@id":"https:\/\/www.uilscuolaemiliaromagna.it\/public\/er\/#organization"},"articleSection":["Notizie"],"inLanguage":"it-IT"},{"@type":"WebPage","@id":"https:\/\/www.uilscuolaemiliaromagna.it\/public\/er\/2021\/05\/20\/decreto-ristori-e-patto-per-la-scuola-turi-firmiamo-il-patto-per-cambiare-il-decreto\/","url":"https:\/\/www.uilscuolaemiliaromagna.it\/public\/er\/2021\/05\/20\/decreto-ristori-e-patto-per-la-scuola-turi-firmiamo-il-patto-per-cambiare-il-decreto\/","name":"DECRETO RISTORI E PATTO PER LA SCUOLA \/ Turi: firmiamo il patto per cambiare il decreto - Uil Scuola Emilia Romagna","isPartOf":{"@id":"https:\/\/www.uilscuolaemiliaromagna.it\/public\/er\/#website"},"datePublished":"2021-05-20T20:29:08+00:00","dateModified":"2021-05-21T06:31:52+00:00","breadcrumb":{"@id":"https:\/\/www.uilscuolaemiliaromagna.it\/public\/er\/2021\/05\/20\/decreto-ristori-e-patto-per-la-scuola-turi-firmiamo-il-patto-per-cambiare-il-decreto\/#breadcrumb"},"inLanguage":"it-IT","potentialAction":[{"@type":"ReadAction","target":["https:\/\/www.uilscuolaemiliaromagna.it\/public\/er\/2021\/05\/20\/decreto-ristori-e-patto-per-la-scuola-turi-firmiamo-il-patto-per-cambiare-il-decreto\/"]}]},{"@type":"BreadcrumbList","@id":"https:\/\/www.uilscuolaemiliaromagna.it\/public\/er\/2021\/05\/20\/decreto-ristori-e-patto-per-la-scuola-turi-firmiamo-il-patto-per-cambiare-il-decreto\/#breadcrumb","itemListElement":[{"@type":"ListItem","position":1,"name":"Home","item":"https:\/\/www.uilscuolaemiliaromagna.it\/public\/er\/"},{"@type":"ListItem","position":2,"name":"DECRETO RISTORI E PATTO PER LA SCUOLA \/ Turi: firmiamo il patto per cambiare il decreto"}]},{"@type":"WebSite","@id":"https:\/\/www.uilscuolaemiliaromagna.it\/public\/er\/#website","url":"https:\/\/www.uilscuolaemiliaromagna.it\/public\/er\/","name":"Uil Scuola Emilia Romagna","description":"La voce libera della scuola","publisher":{"@id":"https:\/\/www.uilscuolaemiliaromagna.it\/public\/er\/#organization"},"potentialAction":[{"@type":"SearchAction","target":{"@type":"EntryPoint","urlTemplate":"https:\/\/www.uilscuolaemiliaromagna.it\/public\/er\/?s={search_term_string}"},"query-input":"required name=search_term_string"}],"inLanguage":"it-IT"},{"@type":"Organization","@id":"https:\/\/www.uilscuolaemiliaromagna.it\/public\/er\/#organization","name":"Uil Scuola Emilia Romagna","url":"https:\/\/www.uilscuolaemiliaromagna.it\/public\/er\/","logo":{"@type":"ImageObject","inLanguage":"it-IT","@id":"https:\/\/www.uilscuolaemiliaromagna.it\/public\/er\/#\/schema\/logo\/image\/","url":"https:\/\/www.uilscuolaemiliaromagna.it\/public\/er\/wp-content\/uploads\/2017\/04\/cropped-header.png","contentUrl":"https:\/\/www.uilscuolaemiliaromagna.it\/public\/er\/wp-content\/uploads\/2017\/04\/cropped-header.png","width":1000,"height":150,"caption":"Uil Scuola Emilia Romagna"},"image":{"@id":"https:\/\/www.uilscuolaemiliaromagna.it\/public\/er\/#\/schema\/logo\/image\/"}},{"@type":"Person","@id":"https:\/\/www.uilscuolaemiliaromagna.it\/public\/er\/#\/schema\/person\/f42878fd07a4b6ba2b7153d4fad5de5e","name":"admin","image":{"@type":"ImageObject","inLanguage":"it-IT","@id":"https:\/\/www.uilscuolaemiliaromagna.it\/public\/er\/#\/schema\/person\/image\/","url":"https:\/\/secure.gravatar.com\/avatar\/aebf815ae2f30ffdae8b8c247273d34c?s=96&d=mm&r=g","contentUrl":"https:\/\/secure.gravatar.com\/avatar\/aebf815ae2f30ffdae8b8c247273d34c?s=96&d=mm&r=g","caption":"admin"},"url":"https:\/\/www.uilscuolaemiliaromagna.it\/public\/er\/author\/admin\/"}]}},"views":734,"_links":{"self":[{"href":"https:\/\/www.uilscuolaemiliaromagna.it\/public\/er\/wp-json\/wp\/v2\/posts\/8186"}],"collection":[{"href":"https:\/\/www.uilscuolaemiliaromagna.it\/public\/er\/wp-json\/wp\/v2\/posts"}],"about":[{"href":"https:\/\/www.uilscuolaemiliaromagna.it\/public\/er\/wp-json\/wp\/v2\/types\/post"}],"author":[{"embeddable":true,"href":"https:\/\/www.uilscuolaemiliaromagna.it\/public\/er\/wp-json\/wp\/v2\/users\/1"}],"replies":[{"embeddable":true,"href":"https:\/\/www.uilscuolaemiliaromagna.it\/public\/er\/wp-json\/wp\/v2\/comments?post=8186"}],"version-history":[{"count":1,"href":"https:\/\/www.uilscuolaemiliaromagna.it\/public\/er\/wp-json\/wp\/v2\/posts\/8186\/revisions"}],"predecessor-version":[{"id":8189,"href":"https:\/\/www.uilscuolaemiliaromagna.it\/public\/er\/wp-json\/wp\/v2\/posts\/8186\/revisions\/8189"}],"wp:featuredmedia":[{"embeddable":true,"href":"https:\/\/www.uilscuolaemiliaromagna.it\/public\/er\/wp-json\/wp\/v2\/media\/8187"}],"wp:attachment":[{"href":"https:\/\/www.uilscuolaemiliaromagna.it\/public\/er\/wp-json\/wp\/v2\/media?parent=8186"}],"wp:term":[{"taxonomy":"category","embeddable":true,"href":"https:\/\/www.uilscuolaemiliaromagna.it\/public\/er\/wp-json\/wp\/v2\/categories?post=8186"},{"taxonomy":"post_tag","embeddable":true,"href":"https:\/\/www.uilscuolaemiliaromagna.it\/public\/er\/wp-json\/wp\/v2\/tags?post=8186"}],"curies":[{"name":"wp","href":"https:\/\/api.w.org\/{rel}","templated":true}]}}