{"id":821,"date":"2016-08-25T21:44:44","date_gmt":"2016-08-25T19:44:44","guid":{"rendered":"http:\/\/www.uilscuolaemiliaromagna.it\/public\/er\/?p=821"},"modified":"2016-08-30T21:45:54","modified_gmt":"2016-08-30T19:45:54","slug":"concorso-scuola-organizzato-male-e-gestito-peggio","status":"publish","type":"post","link":"https:\/\/www.uilscuolaemiliaromagna.it\/public\/er\/2016\/08\/25\/concorso-scuola-organizzato-male-e-gestito-peggio\/","title":{"rendered":"CONCORSO SCUOLA | Organizzato male e gestito peggio"},"content":{"rendered":"<h2 class=\"pane-title\">Turi: fretta politica e mancanza di confronto alla base del flop<\/h2>\n<p><span class=\"temaNotiziaSinistra\">CONCORSO SCUOLA | Organizzato male e gestito peggio <\/span><\/p>\n<p><span class=\"sottotitoloNotiziaSinistra\"> Uil: ora la colpa \u00e8 di chi \u00e8 venuto a farlo? <\/span><\/p>\n<div class=\"testoNotiziaInterna\">\n<p><img decoding=\"async\" src=\"http:\/\/www.uil.it\/uilscuola\/sites\/default\/files\/images\/img_dati_concorsone.png\" alt=\"img_dati_concorsone.png\" \/><\/p>\n<p style=\"text-align: justify;\">L\u2019impostazione che \u00e8 stata data al concorsone \u00e8 viziata da una serie di elementi tutti negativi: la fretta politica, la sottovalutazione della complessit\u00e0 della \u00a0procedura, la mancanza di un progetto di fattibilit\u00e0, la mancanza di confronto e dialogo e la predisposizione, in risposta, di una procedura tutta burocratica con \u00a0la pretesa dell\u2019innovazione (computer based, lingua straniera, ecc).<\/p>\n<p style=\"text-align: justify;\">Con questo insieme di dati e con queste premesse\u2013 fa notare Pino Turi, segretario generale della Uil Scuola &#8211;\u00a0 partendo da una fotografia\u00a0 reale delle diverse situazioni professionali si sarebbe potuta prevedere una prova di accesso per i diplomati magistrali in possesso dell\u2019abilitazione, acquisita prima del 2000.<br \/>\nDopo il 2000 \u2013 precisa Turi \u2013 quel titolo non \u00e8 pi\u00f9 abilitante ed\u00a0 ha perso la validit\u00e0 giuridica.<br \/>\nOggi occorre una formazione universitaria e l\u2019acquisizione di specifica abilitazione<strong>. <\/strong><\/p>\n<p style=\"text-align: justify;\">C\u2019\u00e8 poco da stupirsi quindi, se si valutano i dati in modo obiettivo: la scuola dell\u2019infanzia e la scuola primaria raccolgono la maggior parte dei candidati di questo concorso. E\u2019 dunque\u00a0 presumibile una forte presenza di candidati che ancorch\u00e9 forniti di abilitazione (quella del vecchio istituto magistrale) o non aveva mai insegnato o ha cercato di cambiare lavoro o ancora se era inattiva con un titolo di studio valido, ha partecipato al concorso con la speranza di un posto nella scuola.<\/p>\n<p style=\"text-align: justify;\">Vale la pena di sottolineare che le commissioni sono costituite da docenti \u2013 e pur nell\u2019assurdo paradosso, mette in evidenza Turi, che li vede al top della stima delle persone e in coda ai livelli retributivi nelle categorie professionali \u2013 che hanno mostrato seriet\u00e0, rigore, coerenza,\u00a0vitalit\u00e0 del sistema, svolgendo un lavoro selettivo in favore della scuola pubblica che ha bisogno di docenti preparati ed anche motivati.<\/p>\n<p style=\"text-align: justify;\">Quindi non \u00e8 la scuola che \u00e8 mancata, n\u00e9 i candidati ma, forse, qualche responsabilit\u00e0 se la prenda chi ritiene di essere autosufficiente, di non parlare con nessuno e di nascondersi dietro la propaganda del tutto va bene, salvo ribaltare le responsabilit\u00e0 sul personale che amministra.<\/p>\n<p style=\"text-align: justify;\">Ci auguriamo \u00a0&#8211; sottolinea il segretario della\u00a0 Uil Scuola &#8211; che si inauguri una nuova stagione in cui il confronto pubblico e trasparente possa favorire le scelte migliori e contribuire a fare il minor numero di errori.<\/p>\n<p style=\"text-align: justify;\">Ed infine \u2013 puntualizza Turi &#8211; non \u00e8 possibile parlare di scuole e di personale, traendo giudizi del tutto gratuiti, focalizzando il dibattito su situazioni del tutto marginali come quelle che stanno animando il dibattito di questi giorni: 100 mila docenti, peraltro aspiranti al ruolo, rappresentano il 10% del personale docente della scuola che, ricordiamo, riceve il gradimente del 70% delle famiglie\u00a0italiane che in una graduatoria di gradimento li mette al terzo posto dopo magistrati e Forze dell\u2019Ordine.<\/p>\n<\/div>\n\n<div class=\"twitter-share\"><a href=\"https:\/\/twitter.com\/intent\/tweet?via=UILScuolaBO_ER\" class=\"twitter-share-button\" data-size=\"large\">Tweet<\/a><\/div>\n","protected":false},"excerpt":{"rendered":"<p>Turi: fretta politica e mancanza di confronto alla base del flop CONCORSO SCUOLA | Organizzato male e gestito peggio Uil: ora la colpa \u00e8 di &hellip; <\/p>\n","protected":false},"author":1,"featured_media":0,"comment_status":"closed","ping_status":"open","sticky":false,"template":"","format":"standard","meta":{"footnotes":""},"categories":[12,6],"tags":[],"yoast_head":"<!-- This site is optimized with the Yoast SEO plugin v21.7 - https:\/\/yoast.com\/wordpress\/plugins\/seo\/ -->\r\n<title>CONCORSO SCUOLA | Organizzato male e gestito peggio - Uil Scuola Emilia Romagna<\/title>\r\n<meta name=\"robots\" content=\"index, follow, max-snippet:-1, max-image-preview:large, max-video-preview:-1\" \/>\r\n<link rel=\"canonical\" href=\"https:\/\/www.uilscuolaemiliaromagna.it\/public\/er\/2016\/08\/25\/concorso-scuola-organizzato-male-e-gestito-peggio\/\" \/>\r\n<meta property=\"og:locale\" content=\"it_IT\" \/>\r\n<meta property=\"og:type\" content=\"article\" \/>\r\n<meta property=\"og:title\" content=\"CONCORSO SCUOLA | Organizzato male e gestito peggio - Uil Scuola Emilia Romagna\" \/>\r\n<meta property=\"og:description\" content=\"Turi: fretta politica e mancanza di confronto alla base del flop CONCORSO SCUOLA | Organizzato male e gestito peggio Uil: ora la colpa \u00e8 di &hellip;\" \/>\r\n<meta property=\"og:url\" content=\"https:\/\/www.uilscuolaemiliaromagna.it\/public\/er\/2016\/08\/25\/concorso-scuola-organizzato-male-e-gestito-peggio\/\" \/>\r\n<meta property=\"og:site_name\" content=\"Uil Scuola Emilia Romagna\" \/>\r\n<meta property=\"article:published_time\" content=\"2016-08-25T19:44:44+00:00\" \/>\r\n<meta property=\"article:modified_time\" content=\"2016-08-30T19:45:54+00:00\" \/>\r\n<meta property=\"og:image\" content=\"http:\/\/www.uil.it\/uilscuola\/sites\/default\/files\/images\/img_dati_concorsone.png\" \/>\r\n<meta name=\"author\" content=\"admin\" \/>\r\n<meta name=\"twitter:card\" content=\"summary_large_image\" \/>\r\n<meta name=\"twitter:label1\" content=\"Scritto da\" \/>\n\t<meta name=\"twitter:data1\" content=\"admin\" \/>\n\t<meta name=\"twitter:label2\" content=\"Tempo di lettura stimato\" \/>\n\t<meta name=\"twitter:data2\" content=\"2 minuti\" \/>\r\n<script type=\"application\/ld+json\" class=\"yoast-schema-graph\">{\"@context\":\"https:\/\/schema.org\",\"@graph\":[{\"@type\":\"Article\",\"@id\":\"https:\/\/www.uilscuolaemiliaromagna.it\/public\/er\/2016\/08\/25\/concorso-scuola-organizzato-male-e-gestito-peggio\/#article\",\"isPartOf\":{\"@id\":\"https:\/\/www.uilscuolaemiliaromagna.it\/public\/er\/2016\/08\/25\/concorso-scuola-organizzato-male-e-gestito-peggio\/\"},\"author\":{\"name\":\"admin\",\"@id\":\"https:\/\/www.uilscuolaemiliaromagna.it\/public\/er\/#\/schema\/person\/f42878fd07a4b6ba2b7153d4fad5de5e\"},\"headline\":\"CONCORSO SCUOLA | Organizzato male e gestito peggio\",\"datePublished\":\"2016-08-25T19:44:44+00:00\",\"dateModified\":\"2016-08-30T19:45:54+00:00\",\"mainEntityOfPage\":{\"@id\":\"https:\/\/www.uilscuolaemiliaromagna.it\/public\/er\/2016\/08\/25\/concorso-scuola-organizzato-male-e-gestito-peggio\/\"},\"wordCount\":468,\"publisher\":{\"@id\":\"https:\/\/www.uilscuolaemiliaromagna.it\/public\/er\/#organization\"},\"articleSection\":[\"Notizie\",\"Personale Docente\"],\"inLanguage\":\"it-IT\"},{\"@type\":\"WebPage\",\"@id\":\"https:\/\/www.uilscuolaemiliaromagna.it\/public\/er\/2016\/08\/25\/concorso-scuola-organizzato-male-e-gestito-peggio\/\",\"url\":\"https:\/\/www.uilscuolaemiliaromagna.it\/public\/er\/2016\/08\/25\/concorso-scuola-organizzato-male-e-gestito-peggio\/\",\"name\":\"CONCORSO SCUOLA | Organizzato male e gestito peggio - Uil Scuola Emilia Romagna\",\"isPartOf\":{\"@id\":\"https:\/\/www.uilscuolaemiliaromagna.it\/public\/er\/#website\"},\"datePublished\":\"2016-08-25T19:44:44+00:00\",\"dateModified\":\"2016-08-30T19:45:54+00:00\",\"breadcrumb\":{\"@id\":\"https:\/\/www.uilscuolaemiliaromagna.it\/public\/er\/2016\/08\/25\/concorso-scuola-organizzato-male-e-gestito-peggio\/#breadcrumb\"},\"inLanguage\":\"it-IT\",\"potentialAction\":[{\"@type\":\"ReadAction\",\"target\":[\"https:\/\/www.uilscuolaemiliaromagna.it\/public\/er\/2016\/08\/25\/concorso-scuola-organizzato-male-e-gestito-peggio\/\"]}]},{\"@type\":\"BreadcrumbList\",\"@id\":\"https:\/\/www.uilscuolaemiliaromagna.it\/public\/er\/2016\/08\/25\/concorso-scuola-organizzato-male-e-gestito-peggio\/#breadcrumb\",\"itemListElement\":[{\"@type\":\"ListItem\",\"position\":1,\"name\":\"Home\",\"item\":\"https:\/\/www.uilscuolaemiliaromagna.it\/public\/er\/\"},{\"@type\":\"ListItem\",\"position\":2,\"name\":\"CONCORSO SCUOLA | Organizzato male e gestito peggio\"}]},{\"@type\":\"WebSite\",\"@id\":\"https:\/\/www.uilscuolaemiliaromagna.it\/public\/er\/#website\",\"url\":\"https:\/\/www.uilscuolaemiliaromagna.it\/public\/er\/\",\"name\":\"Uil Scuola Emilia Romagna\",\"description\":\"La voce libera della scuola\",\"publisher\":{\"@id\":\"https:\/\/www.uilscuolaemiliaromagna.it\/public\/er\/#organization\"},\"potentialAction\":[{\"@type\":\"SearchAction\",\"target\":{\"@type\":\"EntryPoint\",\"urlTemplate\":\"https:\/\/www.uilscuolaemiliaromagna.it\/public\/er\/?s={search_term_string}\"},\"query-input\":\"required name=search_term_string\"}],\"inLanguage\":\"it-IT\"},{\"@type\":\"Organization\",\"@id\":\"https:\/\/www.uilscuolaemiliaromagna.it\/public\/er\/#organization\",\"name\":\"Uil Scuola Emilia Romagna\",\"url\":\"https:\/\/www.uilscuolaemiliaromagna.it\/public\/er\/\",\"logo\":{\"@type\":\"ImageObject\",\"inLanguage\":\"it-IT\",\"@id\":\"https:\/\/www.uilscuolaemiliaromagna.it\/public\/er\/#\/schema\/logo\/image\/\",\"url\":\"https:\/\/www.uilscuolaemiliaromagna.it\/public\/er\/wp-content\/uploads\/2017\/04\/cropped-header.png\",\"contentUrl\":\"https:\/\/www.uilscuolaemiliaromagna.it\/public\/er\/wp-content\/uploads\/2017\/04\/cropped-header.png\",\"width\":1000,\"height\":150,\"caption\":\"Uil Scuola Emilia Romagna\"},\"image\":{\"@id\":\"https:\/\/www.uilscuolaemiliaromagna.it\/public\/er\/#\/schema\/logo\/image\/\"}},{\"@type\":\"Person\",\"@id\":\"https:\/\/www.uilscuolaemiliaromagna.it\/public\/er\/#\/schema\/person\/f42878fd07a4b6ba2b7153d4fad5de5e\",\"name\":\"admin\",\"image\":{\"@type\":\"ImageObject\",\"inLanguage\":\"it-IT\",\"@id\":\"https:\/\/www.uilscuolaemiliaromagna.it\/public\/er\/#\/schema\/person\/image\/\",\"url\":\"https:\/\/secure.gravatar.com\/avatar\/aebf815ae2f30ffdae8b8c247273d34c?s=96&d=mm&r=g\",\"contentUrl\":\"https:\/\/secure.gravatar.com\/avatar\/aebf815ae2f30ffdae8b8c247273d34c?s=96&d=mm&r=g\",\"caption\":\"admin\"},\"url\":\"https:\/\/www.uilscuolaemiliaromagna.it\/public\/er\/author\/admin\/\"}]}<\/script>\r\n<!-- \/ Yoast SEO plugin. -->","yoast_head_json":{"title":"CONCORSO SCUOLA | Organizzato male e gestito peggio - Uil Scuola Emilia Romagna","robots":{"index":"index","follow":"follow","max-snippet":"max-snippet:-1","max-image-preview":"max-image-preview:large","max-video-preview":"max-video-preview:-1"},"canonical":"https:\/\/www.uilscuolaemiliaromagna.it\/public\/er\/2016\/08\/25\/concorso-scuola-organizzato-male-e-gestito-peggio\/","og_locale":"it_IT","og_type":"article","og_title":"CONCORSO SCUOLA | Organizzato male e gestito peggio - Uil Scuola Emilia Romagna","og_description":"Turi: fretta politica e mancanza di confronto alla base del flop CONCORSO SCUOLA | Organizzato male e gestito peggio Uil: ora la colpa \u00e8 di &hellip;","og_url":"https:\/\/www.uilscuolaemiliaromagna.it\/public\/er\/2016\/08\/25\/concorso-scuola-organizzato-male-e-gestito-peggio\/","og_site_name":"Uil Scuola Emilia Romagna","article_published_time":"2016-08-25T19:44:44+00:00","article_modified_time":"2016-08-30T19:45:54+00:00","og_image":[{"url":"http:\/\/www.uil.it\/uilscuola\/sites\/default\/files\/images\/img_dati_concorsone.png"}],"author":"admin","twitter_card":"summary_large_image","twitter_misc":{"Scritto da":"admin","Tempo di lettura stimato":"2 minuti"},"schema":{"@context":"https:\/\/schema.org","@graph":[{"@type":"Article","@id":"https:\/\/www.uilscuolaemiliaromagna.it\/public\/er\/2016\/08\/25\/concorso-scuola-organizzato-male-e-gestito-peggio\/#article","isPartOf":{"@id":"https:\/\/www.uilscuolaemiliaromagna.it\/public\/er\/2016\/08\/25\/concorso-scuola-organizzato-male-e-gestito-peggio\/"},"author":{"name":"admin","@id":"https:\/\/www.uilscuolaemiliaromagna.it\/public\/er\/#\/schema\/person\/f42878fd07a4b6ba2b7153d4fad5de5e"},"headline":"CONCORSO SCUOLA | Organizzato male e gestito peggio","datePublished":"2016-08-25T19:44:44+00:00","dateModified":"2016-08-30T19:45:54+00:00","mainEntityOfPage":{"@id":"https:\/\/www.uilscuolaemiliaromagna.it\/public\/er\/2016\/08\/25\/concorso-scuola-organizzato-male-e-gestito-peggio\/"},"wordCount":468,"publisher":{"@id":"https:\/\/www.uilscuolaemiliaromagna.it\/public\/er\/#organization"},"articleSection":["Notizie","Personale Docente"],"inLanguage":"it-IT"},{"@type":"WebPage","@id":"https:\/\/www.uilscuolaemiliaromagna.it\/public\/er\/2016\/08\/25\/concorso-scuola-organizzato-male-e-gestito-peggio\/","url":"https:\/\/www.uilscuolaemiliaromagna.it\/public\/er\/2016\/08\/25\/concorso-scuola-organizzato-male-e-gestito-peggio\/","name":"CONCORSO SCUOLA | Organizzato male e gestito peggio - Uil Scuola Emilia Romagna","isPartOf":{"@id":"https:\/\/www.uilscuolaemiliaromagna.it\/public\/er\/#website"},"datePublished":"2016-08-25T19:44:44+00:00","dateModified":"2016-08-30T19:45:54+00:00","breadcrumb":{"@id":"https:\/\/www.uilscuolaemiliaromagna.it\/public\/er\/2016\/08\/25\/concorso-scuola-organizzato-male-e-gestito-peggio\/#breadcrumb"},"inLanguage":"it-IT","potentialAction":[{"@type":"ReadAction","target":["https:\/\/www.uilscuolaemiliaromagna.it\/public\/er\/2016\/08\/25\/concorso-scuola-organizzato-male-e-gestito-peggio\/"]}]},{"@type":"BreadcrumbList","@id":"https:\/\/www.uilscuolaemiliaromagna.it\/public\/er\/2016\/08\/25\/concorso-scuola-organizzato-male-e-gestito-peggio\/#breadcrumb","itemListElement":[{"@type":"ListItem","position":1,"name":"Home","item":"https:\/\/www.uilscuolaemiliaromagna.it\/public\/er\/"},{"@type":"ListItem","position":2,"name":"CONCORSO SCUOLA | Organizzato male e gestito peggio"}]},{"@type":"WebSite","@id":"https:\/\/www.uilscuolaemiliaromagna.it\/public\/er\/#website","url":"https:\/\/www.uilscuolaemiliaromagna.it\/public\/er\/","name":"Uil Scuola Emilia Romagna","description":"La voce libera della scuola","publisher":{"@id":"https:\/\/www.uilscuolaemiliaromagna.it\/public\/er\/#organization"},"potentialAction":[{"@type":"SearchAction","target":{"@type":"EntryPoint","urlTemplate":"https:\/\/www.uilscuolaemiliaromagna.it\/public\/er\/?s={search_term_string}"},"query-input":"required name=search_term_string"}],"inLanguage":"it-IT"},{"@type":"Organization","@id":"https:\/\/www.uilscuolaemiliaromagna.it\/public\/er\/#organization","name":"Uil Scuola Emilia Romagna","url":"https:\/\/www.uilscuolaemiliaromagna.it\/public\/er\/","logo":{"@type":"ImageObject","inLanguage":"it-IT","@id":"https:\/\/www.uilscuolaemiliaromagna.it\/public\/er\/#\/schema\/logo\/image\/","url":"https:\/\/www.uilscuolaemiliaromagna.it\/public\/er\/wp-content\/uploads\/2017\/04\/cropped-header.png","contentUrl":"https:\/\/www.uilscuolaemiliaromagna.it\/public\/er\/wp-content\/uploads\/2017\/04\/cropped-header.png","width":1000,"height":150,"caption":"Uil Scuola Emilia Romagna"},"image":{"@id":"https:\/\/www.uilscuolaemiliaromagna.it\/public\/er\/#\/schema\/logo\/image\/"}},{"@type":"Person","@id":"https:\/\/www.uilscuolaemiliaromagna.it\/public\/er\/#\/schema\/person\/f42878fd07a4b6ba2b7153d4fad5de5e","name":"admin","image":{"@type":"ImageObject","inLanguage":"it-IT","@id":"https:\/\/www.uilscuolaemiliaromagna.it\/public\/er\/#\/schema\/person\/image\/","url":"https:\/\/secure.gravatar.com\/avatar\/aebf815ae2f30ffdae8b8c247273d34c?s=96&d=mm&r=g","contentUrl":"https:\/\/secure.gravatar.com\/avatar\/aebf815ae2f30ffdae8b8c247273d34c?s=96&d=mm&r=g","caption":"admin"},"url":"https:\/\/www.uilscuolaemiliaromagna.it\/public\/er\/author\/admin\/"}]}},"views":1046,"_links":{"self":[{"href":"https:\/\/www.uilscuolaemiliaromagna.it\/public\/er\/wp-json\/wp\/v2\/posts\/821"}],"collection":[{"href":"https:\/\/www.uilscuolaemiliaromagna.it\/public\/er\/wp-json\/wp\/v2\/posts"}],"about":[{"href":"https:\/\/www.uilscuolaemiliaromagna.it\/public\/er\/wp-json\/wp\/v2\/types\/post"}],"author":[{"embeddable":true,"href":"https:\/\/www.uilscuolaemiliaromagna.it\/public\/er\/wp-json\/wp\/v2\/users\/1"}],"replies":[{"embeddable":true,"href":"https:\/\/www.uilscuolaemiliaromagna.it\/public\/er\/wp-json\/wp\/v2\/comments?post=821"}],"version-history":[{"count":1,"href":"https:\/\/www.uilscuolaemiliaromagna.it\/public\/er\/wp-json\/wp\/v2\/posts\/821\/revisions"}],"predecessor-version":[{"id":822,"href":"https:\/\/www.uilscuolaemiliaromagna.it\/public\/er\/wp-json\/wp\/v2\/posts\/821\/revisions\/822"}],"wp:attachment":[{"href":"https:\/\/www.uilscuolaemiliaromagna.it\/public\/er\/wp-json\/wp\/v2\/media?parent=821"}],"wp:term":[{"taxonomy":"category","embeddable":true,"href":"https:\/\/www.uilscuolaemiliaromagna.it\/public\/er\/wp-json\/wp\/v2\/categories?post=821"},{"taxonomy":"post_tag","embeddable":true,"href":"https:\/\/www.uilscuolaemiliaromagna.it\/public\/er\/wp-json\/wp\/v2\/tags?post=821"}],"curies":[{"name":"wp","href":"https:\/\/api.w.org\/{rel}","templated":true}]}}